{"id":112936,"date":"2024-05-15T17:05:16","date_gmt":"2024-05-15T15:05:16","guid":{"rendered":"http:\/\/www.reunion68.se\/?p=112936"},"modified":"2024-05-15T10:26:58","modified_gmt":"2024-05-15T08:26:58","slug":"21-05-101","status":"publish","type":"post","link":"https:\/\/www.reunion68.se\/?p=112936","title":{"rendered":"B&#8217;nai Brith Polin: Obro\u0144my wsp\u00f3\u0142prac\u0119 naukow\u0105 Polski i Izraela przed radykalizmem politycznym"},"content":{"rendered":"<h5 style=\"text-align: center;\"><a href=\"https:\/\/wyborcza.pl\/7\" target=\"_blank\" rel=\"noopener noreferrer\"><img decoding=\"async\" class=\"center alignleft\" src=\"http:\/\/www.reunion68.com\/Biuletyn\/img\/wyborcza.png\" alt=\"\" width=\"35%\" \/><\/a><span style=\"text-decoration: underline; color: #000080;\"><span style=\"text-decoration: underline;\"><strong><a style=\"color: #000080; text-decoration: underline;\" href=\"https:\/\/wyborcza.pl\/7,162657,30970936,b-nai-brith-polin-obronmy-wspolprace-naukowa-polski-i-izraela.html\" target=\"_blank\" rel=\"noopener noreferrer\">B&#8217;nai Brith Polin: Obro\u0144my wsp\u00f3\u0142prac\u0119 naukow\u0105 Polski i Izraela przed radykalizmem politycznym<\/a><\/strong><\/span><\/span><\/h5>\n<p style=\"text-align: center;\"><span style=\"color: #000000;\"><strong>B\u2019nai Brith Polin<\/strong><\/span><\/p>\n<hr style=\"height: 15px; background: #d0e6fa; width: 100%;\" \/>\n<p style=\"text-align: center;\"><img decoding=\"async\" class=\"aligncenter\" src=\"https:\/\/bi.im-g.pl\/im\/76\/47\/17\/z24408950AMP,Antynaziolska-kontrmanifestacja-wobec-skrajnego-pr.jpg\" width=\"100%\" \/><span style=\"color: #808080;\"><em>Anty-nazistowska kontrmanifestacja wobec skrajnego prawicowca Piotra Rybaka, kt\u00f3ry z kolegami wykrzykiwa\u0142 antysemickie has\u0142a pod bram\u0105 muzeum Auschwitz-Birkenau. O\u015bwi\u0119cim, 27 stycznia 2018 (Fot. Jakub Porzycki \/ Agencja Wyborcza.pl)<\/em><\/span><\/p>\n<h4 class=\"text--lead \" style=\"text-align: center;\"><span style=\"color: #808080;\"><strong>Zdu\u017cym niepokojem obserwujemy wyrazy gotowo\u015bci do antysemickich zachowa\u0144 na polskich uniwersytetach oraz skierowane do Rektor\u00f3w listy nawo\u0142uj\u0105ce do bojkotu izraelskich uczelni<\/strong><\/span><\/h4>\n<div class=\"column-54\" data-position=\"54,4\">\n<hr \/>\n<\/div>\n<div class=\"article--underlead\" style=\"text-align: center;\"><span style=\"color: #23282d; font-size: 1.6em; font-weight: 600;\">List otwarty Zarz\u0105du Stowarzyszenia B\u2019nai Brith Polin do Konferencji Rektor\u00f3w Akademickich Szk\u00f3\u0142 Polskich w rocznic\u0119 utworzenia Pa\u0144stwa Izrael<\/span><\/div>\n<div class=\"article--content article--content-free  \">\n<p class=\"text--paragraph\"><span style=\"color: #000080;\">14 maja 1948 roku proklamowano niepodleg\u0142o\u015b\u0107 Pa\u0144stwa Izrael. Moment ten by\u0142 spe\u0142nieniem\u00a0marze\u0144 pokole\u0144 \u017byd\u00f3w, kt\u00f3rzy w ten spos\u00f3b zrealizowali swoje prawo do narodowego\u00a0samostanowienia. W\u015br\u00f3d ojc\u00f3w za\u0142o\u017cycieli i znacz\u0105cych polityk\u00f3w Pa\u0144stwa Izrael wielu to dawni\u00a0studenci polskich uczelni &#8211; absolwentem Uniwersytetu Warszawskiego by\u0142 premier Menachem Begin\u00a0(laureat pokojowej\u00a0<a style=\"color: #000080;\" href=\"https:\/\/wyborcza.pl\/0,128956.html?tag=nagroda+nobla#anchorLink\">Nagrody Nobla<\/a>). Na Uniwersytecie Warszawskim studiowali te\u017c tw\u00f3rca Pa\u0144stwa\u00a0Izrael i jego p\u00f3\u017aniejszy premier Dawid Ben Gurion oraz premier Icchak Szamir. Z kolei tw\u00f3rc\u0105\u00a0izraelskiego systemu wyborczego by\u0142 inny wybitny izraelski polityk, Jochanan Bader, absolwent\u00a0Uniwersytetu Jagiello\u0144skiego.<\/span><\/p>\n<p class=\"text--paragraph\"><span style=\"color: #000080;\">Dzi\u015b, po 76 latach od proklamowania niepodleg\u0142o\u015bci Izraela, polskie uczelnie podtrzymuj\u0105 bliskie\u00a0wi\u0119zi z uczelniami w Izraelu. Liczne wsp\u00f3lne projekty badawcze oraz wymiany kadry akademickiej i\u00a0student\u00f3w przynosz\u0105 ogromne korzy\u015bci zar\u00f3wno dla polskiego, jak i izraelskiego \u015brodowiska\u00a0naukowego.<\/span><\/p>\n<p class=\"text--paragraph\"><span style=\"color: #000080;\">W ostatnich miesi\u0105cach na wielu uczelniach w Stanach Zjednoczonych i Europie Zachodniej\u00a0odbywa\u0142y si\u0119 protesty zwi\u0105zane z wojn\u0105 w Gazie. W trakcie tych protest\u00f3w pojawia\u0142y si\u0119 postulaty\u00a0bojkotu izraelskich instytucji akademickich, a nawet wyrazy poparcia dla ugrupowa\u0144 terrorystycznych.<\/span><\/p>\n<p class=\"text--paragraph\"><span style=\"color: #000080;\">Jak wskazuj\u0105 badania Anti-Defamation League, ponad 70\u00a0proc. student\u00f3w pochodzenia \u017cydowskiego na\u00a0uczelniach ameryka\u0144skich w okresie po atakach 7 pa\u017adziernika 2023 roku do\u015bwiadczy\u0142o antysemickich\u00a0zachowa\u0144 na swoich kampusach.<\/span><\/p>\n<p class=\"text--paragraph\"><span style=\"color: #000080;\">Z du\u017cym niepokojem obserwujemy wyrazy gotowo\u015bci do podobnych dzia\u0142a\u0144 na polskich\u00a0uniwersytetach oraz skierowane do Rektor\u00f3w listy nawo\u0142uj\u0105ce do bojkotu izraelskich uczelni.<\/span><\/p>\n<p class=\"text--paragraph\"><span style=\"color: #000080;\">Wierzymy, \u017ce doskona\u0142e stosunki polskiego i izraelskiego \u015brodowiska naukowego zostan\u0105\u00a0podtrzymane, niezale\u017cnie od aktualnej sytuacji politycznej w obu pa\u0144stwach. Mamy nadziej\u0119, \u017ce\u00a0polskie uczelnie b\u0119d\u0105 nadal wolne od antysemickich incydent\u00f3w, z kt\u00f3rymi coraz cz\u0119\u015bciej musz\u0105 si\u0119\u00a0mierzy\u0107 studenci \u017cydowscy w Stanach Zjednoczonych i Europie Zachodniej. W Polsce dobrze\u00a0pami\u0119tamy, \u017ce to w ramach rzekomo &#8220;antysyjonistycznej&#8221; kampanii w 1968 roku wielu wybitnych\u00a0polskich uczonych pochodzenia \u017cydowskiego by\u0142o usuni\u0119tych z pracy i zmuszonych do emigracji.<\/span><\/p>\n<p class=\"text--paragraph\"><span style=\"color: #000080;\">Liczymy na to, \u017ce Pa\u0144stwo, Rektorzy polskich uczelni, b\u0119dziecie sta\u0107 na stra\u017cy warto\u015bci tolerancji,\u00a0szacunku i otwarto\u015bci w tych trudnych czasach, a uczelnie pozostan\u0105 miejscem krytycznego my\u015blenia i\u00a0merytorycznej dyskusji, a nie aren\u0105 radykalizmu politycznego wymierzonego we wsp\u00f3\u0142prac\u0119 naukow\u0105\u00a0Polski i Izraela.<\/span><\/p>\n<p class=\"text--paragraph\"><strong><em><span style=\"color: #000080;\">Zarz\u0105d \u017bydowskiego Stowarzyszenia B\u2019nai B\u2019rith w Rzeczpospolitej Polskiej<\/span><\/em><\/strong><\/p>\n<\/div>\n<hr style=\"height: 15px; background: #d0e6fa; width: 100%;\" \/>\n<div id=\"content\" class=\"content-alignment\">\n<div id=\"watch-description\" class=\"yt-uix-button-panel\">\n<div id=\"watch-description-text\" style=\"text-align: center;\">\n<p><em>Zawarto\u015b\u0107 publikowanych artyku\u0142\u00f3w i materia\u0142\u00f3w nie reprezentuje pogl\u0105d\u00f3w ani opinii Reunion&#8217;68,<\/em><em><br \/>\nani te\u017c webmastera Blogu Reunion&#8217;68, chyba ze jest to wyra\u017anie zaznaczone.<br \/>\nTwoje uwagi, linki, w\u0142asne artyku\u0142y lub wiadomo\u015bci prze\u015blij na adres:<br \/>\n<\/em><span style=\"color: #000080;\"><strong><em><a style=\"color: #000080;\" href=\"mailto:webmaster@reunion68.com\"><span style=\"text-decoration: underline;\">webmaster@reunion68.com<\/span><\/a><\/em><\/strong><\/span><\/p>\n<\/div>\n<\/div>\n<\/div>\n<hr style=\"width: 100%;\" \/>\n","protected":false},"excerpt":{"rendered":"<p>B&#8217;nai Brith Polin: Obro\u0144my wsp\u00f3\u0142prac\u0119 naukow\u0105 Polski i Izraela przed radykalizmem politycznym B\u2019nai Brith Polin Anty-nazistowska kontrmanifestacja wobec skrajnego prawicowca Piotra Rybaka, kt\u00f3ry z kolegami wykrzykiwa\u0142 antysemickie has\u0142a pod bram\u0105 muzeum Auschwitz-Birkenau. O\u015bwi\u0119cim, 27 stycznia 2018 (Fot. Jakub Porzycki \/ Agencja Wyborcza.pl) Zdu\u017cym niepokojem obserwujemy wyrazy gotowo\u015bci do antysemickich zachowa\u0144 na polskich uniwersytetach oraz skierowane [&hellip;]<\/p>\n","protected":false},"author":1,"featured_media":0,"comment_status":"closed","ping_status":"closed","sticky":false,"template":"","format":"standard","meta":[],"categories":[6],"tags":[26,24],"_links":{"self":[{"href":"https:\/\/www.reunion68.se\/index.php?rest_route=\/wp\/v2\/posts\/112936"}],"collection":[{"href":"https:\/\/www.reunion68.se\/index.php?rest_route=\/wp\/v2\/posts"}],"about":[{"href":"https:\/\/www.reunion68.se\/index.php?rest_route=\/wp\/v2\/types\/post"}],"author":[{"embeddable":true,"href":"https:\/\/www.reunion68.se\/index.php?rest_route=\/wp\/v2\/users\/1"}],"replies":[{"embeddable":true,"href":"https:\/\/www.reunion68.se\/index.php?rest_route=%2Fwp%2Fv2%2Fcomments&post=112936"}],"version-history":[{"count":6,"href":"https:\/\/www.reunion68.se\/index.php?rest_route=\/wp\/v2\/posts\/112936\/revisions"}],"predecessor-version":[{"id":112944,"href":"https:\/\/www.reunion68.se\/index.php?rest_route=\/wp\/v2\/posts\/112936\/revisions\/112944"}],"wp:attachment":[{"href":"https:\/\/www.reunion68.se\/index.php?rest_route=%2Fwp%2Fv2%2Fmedia&parent=112936"}],"wp:term":[{"taxonomy":"category","embeddable":true,"href":"https:\/\/www.reunion68.se\/index.php?rest_route=%2Fwp%2Fv2%2Fcategories&post=112936"},{"taxonomy":"post_tag","embeddable":true,"href":"https:\/\/www.reunion68.se\/index.php?rest_route=%2Fwp%2Fv2%2Ftags&post=112936"}],"curies":[{"name":"wp","href":"https:\/\/api.w.org\/{rel}","templated":true}]}}