{"id":112988,"date":"2024-05-16T17:05:49","date_gmt":"2024-05-16T15:05:49","guid":{"rendered":"http:\/\/www.reunion68.se\/?p=112988"},"modified":"2024-05-16T16:08:23","modified_gmt":"2024-05-16T14:08:23","slug":"23-09-97","status":"publish","type":"post","link":"https:\/\/www.reunion68.se\/?p=112988","title":{"rendered":"Prasa o konkursie Eurowizji: niegodny spektakl"},"content":{"rendered":"<p style=\"text-align: center;\"><img decoding=\"async\" class=\"aligncenter\" src=\"https:\/\/static.dw.com\/image\/69055260_1004.webp\" width=\"100%\" \/><span style=\"color: #808080;\"><em>Eden Golan podczas wyst\u0119pu na Eurowizji<\/em><\/span><\/p>\n<hr \/>\n<h5 style=\"text-align: center;\"><a href=\"https:\/\/www.dw.com\/\" target=\"_blank\" rel=\"noopener noreferrer\"><img decoding=\"async\" class=\"center alignleft\" src=\"http:\/\/www.reunion68.com\/Biuletyn\/img\/dw.png\" alt=\"\" width=\"35%\" \/><\/a><span style=\"text-decoration: underline; color: #000080;\"><span><strong><a style=\"color: #000080; text-decoration: underline;\" href=\"https:\/\/www.dw.com\/pl\/prasa-o-konkursie-eurowizji-niegodny-spektakl\/a-69059064\" target=\"_blank\" rel=\"noopener noreferrer\">Prasa o konkursie Eurowizji: niegodny spektakl<\/a><\/strong><\/span><\/span><\/h5>\n<p style=\"text-align: center;\"><span style=\"color: #000000;\"><strong>Wojciech Szyma\u0144ski <\/strong><\/span><\/p>\n<hr style=\"height: 15px; background: #d0e6fa; width: 100%;\" \/>\n<p><span style=\"color: #000080;\">Gazeta\u00a0<strong>\u201eAllgemeine Zeitung\u201d<\/strong>\u00a0z Moguncji komentuje: \u201eKonkurs Eurowizji, jakiego do\u015bwiadczyli\u015bmy w tych chaotycznych dniach w Malm\u00f6, nie by\u0142 spokojnym i radosnym festiwalem muzycznym, jakim chcia\u0142by by\u0107. \u015awiatowa polityka przy\u0107mi\u0142a to wydarzenie. Trudno by\u0142o wyczu\u0107 has\u0142o &#8216;Zjednoczni przez muzyk\u0119&#8217;. Zamiast tego niekt\u00f3rzy uczestnicy i prezenterzy punkt\u00f3w brali udzia\u0142 w pod\u017ceganiu i nienawi\u015bci. (&#8230;) Niegodny spektakl, kt\u00f3ry powinien by\u0107 zdecydowanie pot\u0119piony. (&#8230;) Eurowizja\u00a0chce utrzyma\u0107 dystans do polityki? Nie uda\u0142o si\u0119. I ju\u017c si\u0119 nie uda\u201d.<\/span><\/p>\n<p><span style=\"color: #000080;\">Dziennik\u00a0<strong>\u201eFrankfurter Rundschau\u201d<\/strong>\u00a0ocenia: \u201eTriumf niebinarnego Nemo mo\u017ce by\u0107 postrzegany jako dow\u00f3d g\u0142\u0119bokiej, fundamentalnej tolerancji szerokiej europejskiej wi\u0119kszo\u015bci wobec queerowych styl\u00f3w \u017cycia. Wyrzucenie z konkursu Holendra Joosta Kleina, za niew\u0142a\u015bciwe zachowanie wobec kamerzystki, pokazuje te\u017c, \u017ce pr\u00f3g tolerancji dla toksycznej m\u0119sko\u015bci spad\u0142. I dobrze. Ale w centrum tych dni chaosu w Malm\u00f6 by\u0142a jeszcze jedna kwestia. To niewiarygodne, \u017ce \u017cydowska piosenkarka, taka jak Eden Golan, musi s\u0142ucha\u0107 gwizd\u00f3w na arenie Eurowizji tylko dlatego, \u017ce jest z\u00a0<a class=\"internal-link\" style=\"color: #000080;\" href=\"https:\/\/www.dw.com\/pl\/izrael\/t-42937587\">Izraela<\/a>. To nie do pomy\u015blenia, \u017ce t\u0142um, w tym aktywistka klimatyczna\u00a0<a class=\"internal-link\" style=\"color: #000080;\" href=\"https:\/\/www.dw.com\/pl\/greta-thunberg\/t-66526571\">Greta Thunberg<\/a>, gloryfikuj\u0105 terroryst\u00f3w i pokazuj\u0105 swoj\u0105 historyczn\u0105 niewiedz\u0119. To niepoj\u0119te, \u017ce koledzy z Eurowizji unikali Eden Golan za kulisami, mobbowali j\u0105 i traktowali jak tr\u0119dowat\u0105 tylko po to, by zadowoli\u0107 w\u0142asn\u0105 ba\u0144k\u0119 medi\u00f3w spo\u0142eczno\u015bciowych. Ka\u017cda osoba, kt\u00f3ra wygwizda\u0142a lub teatralnie wy\u015bmia\u0142a Eden Golan podczas konkursu Eurowizji powinna si\u0119 wstydzi\u0107\u201d.<\/span><\/p>\n<p style=\"text-align: center;\"><img decoding=\"async\" class=\"hq-img loaded aligncenter\" title=\"Propalesty\u0144skie protesty w Szwecji podczas Eurowizji\" src=\"https:\/\/static.dw.com\/image\/69042615_906.jpg\" alt=\"Propalesty\u0144skie protesty w Szwecji podczas Eurowizji\" width=\"100%\" \/><span style=\"color: #808080;\"><em>Zdj\u0119cie: IDA MARIE ODGAARD\/TT\/AFP<\/em><\/span><\/p>\n<p><span style=\"color: #000080;\">W\u00a0<strong>\u201eLausitzer Rundschau\u201d<\/strong>\u00a0czytamy: \u201ePolityczna cnota by\u0142ej Grand Prix ju\u017c dawno jest passe. Nie wiele zosta\u0142o z niegdysiejszego konkursu ulubionej piosenki. Od lat 90. coraz wi\u0119cej uczestnik\u00f3w przemyca\u0142o w utworach polityczne wiadomo\u015bci. Tak\u017ce opanowanie konkursu przez ruch queer mo\u017cna uzna\u0107 za polityzacj\u0119. W naturze mi\u0119dzynarodowych konkurs\u00f3w le\u017cy to, \u017ce s\u0105 one wykorzystywane do przekaz\u00f3w politycznych ze wzgl\u0119du na og\u00f3lno\u015bwiatow\u0105 uwag\u0119, jak\u0105 przyci\u0105gaj\u0105, od igrzysk olimpijskich po mistrzostwa \u015bwiata w pi\u0142ce no\u017cnej. W obecnym przypadku Eurowizji do krytyki dzia\u0142a\u0144 Izraela w wojnie w\u00a0<a class=\"internal-link\" style=\"color: #000080;\" href=\"https:\/\/www.dw.com\/pl\/strefa-gazy\/t-67459669\">Strefie Gazy<\/a>. Ale widzowie r\u00f3wnie\u017c wykorzystuj\u0105 swoje g\u0142osy do sk\u0142adania o\u015bwiadcze\u0144 politycznych. Nawet je\u015bli ostatecznie nie wygrali: w\u00a0tym roku \u017caden inny kraj nie otrzymywa\u0142 najwy\u017cszego wyniku od telewidz\u00f3w cz\u0119\u015bciej ni\u017c Izrael\u201d.<\/span><\/p>\n<p><span style=\"color: #000080;\">W dzienniku\u00a0<strong>\u201eSchwaebische Zeitung\u201d<\/strong> czytamy: \u201ePiosenkarka Eden Golan zosta\u0142a wygwizdana przez publiczno\u015b\u0107 i zbojkotowana przez innych uczestnik\u00f3w konkursu. Na zewn\u0105trz, na ulicach Malm\u00f6, demonstranci \u015bwi\u0119towali Hamas. Niekt\u00f3rzy krzyczeli, \u017ce \u017bydzi powinni \u201ewr\u00f3ci\u0107 do Polski\u201d. Na scenie, kt\u00f3ra lubi przedstawia\u0107 si\u0119 jako r\u00f3\u017cnorodna i kosmopolityczna, jest to niepokoj\u0105ce zachowanie. Przypomina to antyizraelskie protesty na uniwersytetach w Niemczech i innych krajach. Tam r\u00f3wnie\u017c chodzi o bojkot, a nie o dialog. Gniew i gwizdy w Malm\u00f6 by\u0142y skierowane do m\u0142odej, zaledwie 20-letniej kobiety. Organizatorzy konkursu piosenki nie zapewnili Eden Golan bezpiecznego \u015brodowiska. \u017be nastr\u00f3j poza Malm\u00f6 jest inny, pokaza\u0142y g\u0142osy publiczno\u015bci. Izrael zaj\u0105\u0142 drugie miejsce w globalnym g\u0142osowaniu widz\u00f3w, a w\u015br\u00f3d niemieckich widz\u00f3w by\u0142 nawet na czele. To pokazuje: ka\u017cdy, kto wzywa do bojkotu i maluje czarno-bia\u0142e uproszczenia, nie m\u00f3wi w imieniu wi\u0119kszo\u015bci\u201d.<\/span><\/p>\n<hr style=\"height: 15px; background: #d0e6fa; width: 100%;\" \/>\n<div id=\"content\" class=\"content-alignment\">\n<div id=\"watch-description\" class=\"yt-uix-button-panel\">\n<div id=\"watch-description-text\" style=\"text-align: center;\">\n<p><em>Zawarto\u015b\u0107 publikowanych artyku\u0142\u00f3w i materia\u0142\u00f3w nie reprezentuje pogl\u0105d\u00f3w ani opinii Reunion&#8217;68,<\/em><em><br \/>\nani te\u017c webmastera Blogu Reunion&#8217;68, chyba ze jest to wyra\u017anie zaznaczone.<br \/>\nTwoje uwagi, linki, w\u0142asne artyku\u0142y lub wiadomo\u015bci prze\u015blij na adres:<br \/>\n<\/em><span style=\"color: #000080;\"><strong><em><a style=\"color: #000080;\" href=\"mailto:webmaster@reunion68.com\"><span style=\"text-decoration: underline;\">webmaster@reunion68.com<\/span><\/a><\/em><\/strong><\/span><\/p>\n<\/div>\n<\/div>\n<\/div>\n<hr style=\"width: 100%;\" \/>\n","protected":false},"excerpt":{"rendered":"<p>Eden Golan podczas wyst\u0119pu na Eurowizji Prasa o konkursie Eurowizji: niegodny spektakl Wojciech Szyma\u0144ski Gazeta\u00a0\u201eAllgemeine Zeitung\u201d\u00a0z Moguncji komentuje: \u201eKonkurs Eurowizji, jakiego do\u015bwiadczyli\u015bmy w tych chaotycznych dniach w Malm\u00f6, nie by\u0142 spokojnym i radosnym festiwalem muzycznym, jakim chcia\u0142by by\u0107. \u015awiatowa polityka przy\u0107mi\u0142a to wydarzenie. Trudno by\u0142o wyczu\u0107 has\u0142o &#8216;Zjednoczni przez muzyk\u0119&#8217;. Zamiast tego niekt\u00f3rzy uczestnicy i [&hellip;]<\/p>\n","protected":false},"author":1,"featured_media":0,"comment_status":"closed","ping_status":"closed","sticky":false,"template":"","format":"standard","meta":[],"categories":[6],"tags":[26,24],"_links":{"self":[{"href":"https:\/\/www.reunion68.se\/index.php?rest_route=\/wp\/v2\/posts\/112988"}],"collection":[{"href":"https:\/\/www.reunion68.se\/index.php?rest_route=\/wp\/v2\/posts"}],"about":[{"href":"https:\/\/www.reunion68.se\/index.php?rest_route=\/wp\/v2\/types\/post"}],"author":[{"embeddable":true,"href":"https:\/\/www.reunion68.se\/index.php?rest_route=\/wp\/v2\/users\/1"}],"replies":[{"embeddable":true,"href":"https:\/\/www.reunion68.se\/index.php?rest_route=%2Fwp%2Fv2%2Fcomments&post=112988"}],"version-history":[{"count":6,"href":"https:\/\/www.reunion68.se\/index.php?rest_route=\/wp\/v2\/posts\/112988\/revisions"}],"predecessor-version":[{"id":112998,"href":"https:\/\/www.reunion68.se\/index.php?rest_route=\/wp\/v2\/posts\/112988\/revisions\/112998"}],"wp:attachment":[{"href":"https:\/\/www.reunion68.se\/index.php?rest_route=%2Fwp%2Fv2%2Fmedia&parent=112988"}],"wp:term":[{"taxonomy":"category","embeddable":true,"href":"https:\/\/www.reunion68.se\/index.php?rest_route=%2Fwp%2Fv2%2Fcategories&post=112988"},{"taxonomy":"post_tag","embeddable":true,"href":"https:\/\/www.reunion68.se\/index.php?rest_route=%2Fwp%2Fv2%2Ftags&post=112988"}],"curies":[{"name":"wp","href":"https:\/\/api.w.org\/{rel}","templated":true}]}}