{"id":11300,"date":"2014-12-23T19:09:02","date_gmt":"2014-12-23T17:09:02","guid":{"rendered":"http:\/\/www.reunion68.se\/?p=11300"},"modified":"2014-12-23T09:18:35","modified_gmt":"2014-12-23T07:18:35","slug":"11300","status":"publish","type":"post","link":"https:\/\/www.reunion68.se\/?p=11300","title":{"rendered":"Czy we wsp\u00f3\u0142czesnym \u015bwiecie nast\u0119puje zmierzch religii?"},"content":{"rendered":"<h5 style=\"text-align: center;\"><a href=\"http:\/\/www.polin.pl\/\" target=\"_blank\"><img decoding=\"async\" class=\"center alignleft\" src=\"http:\/\/www.reunion68.com\/Biuletyn\/img\/MHZP.jpg\" alt=\"\" \/><\/a><span style=\"text-decoration: underline; color: #000080;\"><span style=\"text-decoration: underline;\"><strong><a style=\"color: #000080; text-decoration: underline;\" href=\"http:\/\/www.polin.pl\/pl\/wydarzenie\/czy-we-wspolczesnym-swiecie-nastepuje-zmierzch-religii\" target=\"_blank\">Czy we wsp\u00f3\u0142czesnym \u015bwiecie nast\u0119puje zmierzch religii?<\/a><\/strong><\/span><\/span><\/h5>\n<hr style=\"height: 15px; background: #d0e6fa; width: 710px;\" \/>\n<div style=\"width: 360px\" class=\"wp-caption alignright\"><img decoding=\"async\" src=\"http:\/\/www.polin.pl\/sites\/default\/files\/styles\/isohead_8\/public\/pictures\/20131014_uwierzyc_w_muzeum_001_0.jpg?itok=6_ab8qWJ\" alt=\"\" width=\"350\" \/><p class=\"wp-caption-text\"><span style=\"color: #003366;\"><em>fot. Magda Starowieyska\/Muzeum Historii \u017byd\u00f3w Polskich<\/em><\/span><\/p><\/div>\n<p style=\"text-align: left;\"><span style=\"color: #003366;\">Podczas comiesi\u0119cznych spotka\u0144 Uwierzy\u0107 w Muzeum? omawiamy sprawy istotne dla wsp\u00f3\u0142czesnego cz\u0142owieka, inspiruj\u0105c si\u0119 fragmentami Tory (Pi\u0119cioksi\u0119gu), czyli pocz\u0105tkowymi ksi\u0119gami Biblii, stanowi\u0105cymi podstaw\u0119 judaizmu i chrze\u015bcija\u0144stwa.<\/span><\/p>\n<p style=\"text-align: left;\"><span style=\"color: #003366;\">Spotkania s\u0105 prowadzone przez Halin\u0119 Bortnowsk\u0105,publicystk\u0119, filozof i teolog, oraz prof. Stanis\u0142awa Krajewskiego, filozofa. Go\u015bciem specjalnym b\u0119dzie prof. Ireneusz Krzemi\u0144ski, socjolog z Uniwersytetu Warszawskiego. Partnerem cyklu jest Otwarta Rzeczpospolita.<\/span><\/p>\n<p style=\"text-align: left;\"><span style=\"color: #003366;\">5 stycznia godz. 18.00, wst\u0119p wolny.<\/span><\/p>\n<hr style=\"height: 15px; background: #d0e6fa; width: 710px;\" \/>\n<div id=\"content\" class=\"  content-alignment&lt;br \/&gt;&lt;br \/&gt; \">\n<div id=\"watch-description\" class=\"yt-uix-button-panel\">\n<div id=\"watch-description-text\">\n<p style=\"text-align: center;\"><span style=\"color: #808080;\"> twoje uwagi, linki, wlasne artykuly, lub wiadomosci przeslij do: <strong><span style=\"text-decoration: underline;\"><span style=\"color: #808080; text-decoration: underline;\"><a href=\"mailto:webmaster@reunion68.com\">webmaster@reunion68.com<\/a><\/span><\/span><\/strong><\/span><\/p>\n<\/div>\n<\/div>\n<\/div>\n<p>&nbsp;<\/p>\n<hr style=\"width: 710px;\" \/>\n","protected":false},"excerpt":{"rendered":"<p>Czy we wsp\u00f3\u0142czesnym \u015bwiecie nast\u0119puje zmierzch religii? Podczas comiesi\u0119cznych spotka\u0144 Uwierzy\u0107 w Muzeum? omawiamy sprawy istotne dla wsp\u00f3\u0142czesnego cz\u0142owieka, inspiruj\u0105c si\u0119 fragmentami Tory (Pi\u0119cioksi\u0119gu), czyli pocz\u0105tkowymi ksi\u0119gami Biblii, stanowi\u0105cymi podstaw\u0119 judaizmu i chrze\u015bcija\u0144stwa. Spotkania s\u0105 prowadzone przez Halin\u0119 Bortnowsk\u0105,publicystk\u0119, filozof i teolog, oraz prof. Stanis\u0142awa Krajewskiego, filozofa. Go\u015bciem specjalnym b\u0119dzie prof. Ireneusz Krzemi\u0144ski, socjolog z [&hellip;]<\/p>\n","protected":false},"author":1,"featured_media":0,"comment_status":"closed","ping_status":"closed","sticky":false,"template":"","format":"standard","meta":[],"categories":[4],"tags":[24],"_links":{"self":[{"href":"https:\/\/www.reunion68.se\/index.php?rest_route=\/wp\/v2\/posts\/11300"}],"collection":[{"href":"https:\/\/www.reunion68.se\/index.php?rest_route=\/wp\/v2\/posts"}],"about":[{"href":"https:\/\/www.reunion68.se\/index.php?rest_route=\/wp\/v2\/types\/post"}],"author":[{"embeddable":true,"href":"https:\/\/www.reunion68.se\/index.php?rest_route=\/wp\/v2\/users\/1"}],"replies":[{"embeddable":true,"href":"https:\/\/www.reunion68.se\/index.php?rest_route=%2Fwp%2Fv2%2Fcomments&post=11300"}],"version-history":[{"count":12,"href":"https:\/\/www.reunion68.se\/index.php?rest_route=\/wp\/v2\/posts\/11300\/revisions"}],"predecessor-version":[{"id":11312,"href":"https:\/\/www.reunion68.se\/index.php?rest_route=\/wp\/v2\/posts\/11300\/revisions\/11312"}],"wp:attachment":[{"href":"https:\/\/www.reunion68.se\/index.php?rest_route=%2Fwp%2Fv2%2Fmedia&parent=11300"}],"wp:term":[{"taxonomy":"category","embeddable":true,"href":"https:\/\/www.reunion68.se\/index.php?rest_route=%2Fwp%2Fv2%2Fcategories&post=11300"},{"taxonomy":"post_tag","embeddable":true,"href":"https:\/\/www.reunion68.se\/index.php?rest_route=%2Fwp%2Fv2%2Ftags&post=11300"}],"curies":[{"name":"wp","href":"https:\/\/api.w.org\/{rel}","templated":true}]}}