{"id":113010,"date":"2024-05-18T17:05:11","date_gmt":"2024-05-18T15:05:11","guid":{"rendered":"http:\/\/www.reunion68.se\/?p=113010"},"modified":"2024-05-18T12:39:59","modified_gmt":"2024-05-18T10:39:59","slug":"24-05-99","status":"publish","type":"post","link":"https:\/\/www.reunion68.se\/?p=113010","title":{"rendered":"Israel recovers bodies of Shani Louk, Amit Buskila, Yitzhak Gelerenter"},"content":{"rendered":"<h5 style=\"text-align: center;\"><a href=\"https:\/\/www.jns.org\/\" target=\"_blank\" rel=\"noopener noreferrer\"><img decoding=\"async\" class=\"center alignleft\" src=\"http:\/\/www.reunion68.com\/Biuletyn\/img\/jns-1.png\" alt=\"\" width=\"35%\"><\/a><span style=\"text-decoration: underline; color: #000080;\"><strong><a style=\"color: #000080; text-decoration: underline;\" href=\"https:\/\/www.jns.org\/israel-recovers-bodies-of-shani-louk-amit-buskila-yitzhak-gelernter\/\" target=\"_blank\" rel=\"noopener noreferrer\">Israel recovers bodies of Shani Louk, Amit Buskila, Yitzhak Gelerenter<\/a><\/strong><\/span><\/h5>\n<p style=\"text-align: center;\"><span style=\"color: #000000;\"><strong>ANDREW BERNARD<\/strong><\/span><\/p>\n<hr style=\"height: 15px; background: #d0e6fa; width: 100%;\">\n<h4 style=\"text-align: center;\">&#8220;This terrible loss is heart-breaking,&#8221; said Israeli Prime Minister Benjamin Netanyahu. &#8220;We will return all of our hostages, the living and the deceased.&#8221;<\/h4>\n<p style=\"text-align: center;\">.<img decoding=\"async\" class=\"aligncenter\" src=\"https:\/\/cdn.jns.org\/uploads\/2024\/05\/GNytGABWwAAjAVL-1320x880.jpg\" width=\"100%\"><span style=\"color: #808080;\"><em>Yitzhak Gelernter, Shani Louk and Amit Buskila, whose bodies the IDF recovered in mid-May 2024. Credit: IDF.<\/em><\/span><\/p>\n<p class=\"wp-block-paragraph\">Israel recovered the bodies of 22-year-old Shani Louk, 28-year-old Amit Bouskila and 56-year-old Itzhak Gelerenter during an overnight operation in Rafah, in southern Gaza, according to multiple official Israeli sources.<\/p>\n<p class=\"wp-block-paragraph\" style=\"text-align: left;\"><span style=\"color: #000080;\">The three hostages, all of whom attended the Nova music festival, were killed on Oct. 7, according to the Israel Defense Forces. Their bodies have now returned to Israel.<\/span><\/p>\n<p class=\"wp-block-paragraph\" style=\"text-align: left;\"><span style=\"color: #000080;\">\u201cThe bodies of the abductees were recovered during a joint operation by the IDF forces and the Shin Bet\u2019s operational unit, based on information that also emerged in the Shin Bet\u2019s investigations of terrorists arrested in the Gaza Strip and under the intelligence guidance of the Captives and Missing Persons Command of the Intelligence Division,\u201d the IDF&nbsp;<a style=\"color: #000080;\" href=\"https:\/\/x.com\/idfonline\/status\/1791493422462734679\">wrote<\/a>&nbsp;in Hebrew.<\/span><\/p>\n<p class=\"wp-block-paragraph\" style=\"text-align: left;\"><span style=\"color: #000080;\">It added that medical officials at the National Institute of Forensic Medicine and the Ministry of Health identified the bodies. \u201cIDF representatives notified their families during the day,\u201d the Israeli military said. \u201cThe IDF and Shin Bet share in the grief of the families at this difficult time.\u201d (The Shin Bet is the Israel Security Agency.)<\/span><\/p>\n<p class=\"wp-block-paragraph\" style=\"text-align: left;\"><span style=\"color: #000080;\">Israeli Prime Minister Benjamin Netanyahu said the losses are \u201cheartbreaking.\u201d&nbsp;<\/span><\/p>\n<p class=\"wp-block-paragraph\" style=\"text-align: left;\"><span style=\"color: #000080;\">\u201cMy wife Sara and I grieve with the families; all of our hearts are with them in their hour of heavy sorrow,\u201d he stated. \u201cWe will return all of our hostages, the living and the deceased alike. I commend our brave forces whose determined action has returned the sons and daughters to their own border.\u201d<\/span><\/p>\n<p class=\"wp-block-paragraph\" style=\"text-align: left;\"><span style=\"color: #000080;\">Lt. Col. (res.) Peter Lerner, an IDF spokesman, wrote that the moment was \u201cbittersweet\u201d and \u201cnot just about closure. It is about justice and humanity.\u201d<\/span><\/p>\n<p class=\"wp-block-paragraph\"><span style=\"color: #000080;\">\u201cWhen we bring our fallen home, we reaffirm our commitment to these principles. We send a clear message to Hamas and the world that we will not abandon our own, that we will stand by each other in life and in death,\u201d he&nbsp;<a style=\"color: #000080;\" href=\"https:\/\/x.com\/LTCPeterLerner\/status\/1791493525101588932\" target=\"_blank\" rel=\"noreferrer noopener\">said<\/a>. \u201cThese are our values.\u201d<\/span><\/p>\n<p class=\"wp-block-paragraph\"><span style=\"color: #000080;\">\u201cIn these moments of heartbreak and loss, we also find hope. Hope in the determination of our forces, the unwavering spirit of our men and women, and in the enduring power of our resolve,\u201d Lerner said.<\/span><\/p>\n<p class=\"wp-block-paragraph\"><span style=\"color: #000080;\">\u201cWe will bring our loved ones back. Shani, Itzik and Amit will be laid to rest in the soil they called home, and in doing so, we will honor their memory and reaffirm our commitment to bring back all of our hostages,\u201d he added.<\/span><\/p>\n<p class=\"wp-block-paragraph\"><span style=\"color: #000080;\">A dual German-Israeli national, Louk was&nbsp;<a style=\"color: #000080;\" href=\"https:\/\/www.jns.org\/german-israeli-woman-thought-held-by-hamas-is-dead\/\" target=\"_blank\" rel=\"noreferrer noopener\">declared<\/a>&nbsp;dead in late October after the Israeli ZAKA victim-identification team recovered a fragment of her skull. The fates of the other two victims were previously unknown.<\/span><\/p>\n<p class=\"wp-block-paragraph\"><span style=\"color: #000080;\">Photographs and videos of Louk\u2019s body being taken into Gaza were among the most harrowing and controversial images of Oct. 7. Videos showed a half-naked woman, seemingly unconscious and face-down in the back of a pickup truck in Gaza filled with armed men. Louk\u2019s mother identified her in the video based on her tattoos and dyed hair.<\/span><\/p>\n<p class=\"wp-block-paragraph\" style=\"text-align: left;\"><span style=\"color: #000080;\">In April, U.S. and Israeli officials&nbsp;<a style=\"color: #000080;\" href=\"https:\/\/www.jns.org\/disgusting-house-whip-says-of-university-of-missouri-award-for-photo-of-hamas-brutality\/\" target=\"_blank\" rel=\"noreferrer noopener\">condemned<\/a>&nbsp;the University of Missouri after its Reynolds Journalism Institute awarded the&nbsp;<em>Associated Press<\/em>&nbsp;and photographer Ali Mahmud a first-place prize for his image of Louk\u2019s corpse.<\/span><\/p>\n<p class=\"wp-block-paragraph\" style=\"text-align: left;\"><span style=\"color: #000080;\">\u201cThis photo captures Hamas terrorists desecrating the body of Shani Louk, may her soul rest in peace,\u201d wrote Danny Danon, a member of the Knesset. \u201cYet the&nbsp;<em>AP<\/em>&nbsp;news agency proudly received an award for it. Their continued pride in their photographers\u2019 \u2018work\u2019 and involvement in the atrocities is shameful.\u201d<\/span><\/p>\n<p class=\"wp-block-paragraph\" style=\"text-align: left;\"><span style=\"color: #000080;\">That photo and other images taken by Gaza-based photographers and published by news outlets on Oct. 7 raised&nbsp;<a style=\"color: #000080;\" href=\"https:\/\/www.jns.org\/photojournalists-covering-oct-7-attacks-raise-ethical-questions-watchdog-says\/\" target=\"_blank\" rel=\"noreferrer noopener\">questions<\/a>&nbsp;about the ethics of recording images of atrocities and accompanying gunmen during an ongoing terrorist attack.<\/span><\/p>\n<p>****************************<br \/>\n<iframe loading=\"lazy\" id=\"twitter-widget-0\" class=\"\" title=\"X Post\" src=\"https:\/\/platform.twitter.com\/embed\/Tweet.html?dnt=true&amp;embedId=twitter-widget-0&amp;features=eyJ0ZndfdGltZWxpbmVfbGlzdCI6eyJidWNrZXQiOltdLCJ2ZXJzaW9uIjpudWxsfSwidGZ3X2ZvbGxvd2VyX2NvdW50X3N1bnNldCI6eyJidWNrZXQiOnRydWUsInZlcnNpb24iOm51bGx9LCJ0ZndfdHdlZXRfZWRpdF9iYWNrZW5kIjp7ImJ1Y2tldCI6Im9uIiwidmVyc2lvbiI6bnVsbH0sInRmd19yZWZzcmNfc2Vzc2lvbiI6eyJidWNrZXQiOiJvbiIsInZlcnNpb24iOm51bGx9LCJ0ZndfZm9zbnJfc29mdF9pbnRlcnZlbnRpb25zX2VuYWJsZWQiOnsiYnVja2V0Ijoib24iLCJ2ZXJzaW9uIjpudWxsfSwidGZ3X21peGVkX21lZGlhXzE1ODk3Ijp7ImJ1Y2tldCI6InRyZWF0bWVudCIsInZlcnNpb24iOm51bGx9LCJ0ZndfZXhwZXJpbWVudHNfY29va2llX2V4cGlyYXRpb24iOnsiYnVja2V0IjoxMjA5NjAwLCJ2ZXJzaW9uIjpudWxsfSwidGZ3X3Nob3dfYmlyZHdhdGNoX3Bpdm90c19lbmFibGVkIjp7ImJ1Y2tldCI6Im9uIiwidmVyc2lvbiI6bnVsbH0sInRmd19kdXBsaWNhdGVfc2NyaWJlc190b19zZXR0aW5ncyI6eyJidWNrZXQiOiJvbiIsInZlcnNpb24iOm51bGx9LCJ0ZndfdXNlX3Byb2ZpbGVfaW1hZ2Vfc2hhcGVfZW5hYmxlZCI6eyJidWNrZXQiOiJvbiIsInZlcnNpb24iOm51bGx9LCJ0ZndfdmlkZW9faGxzX2R5bmFtaWNfbWFuaWZlc3RzXzE1MDgyIjp7ImJ1Y2tldCI6InRydWVfYml0cmF0ZSIsInZlcnNpb24iOm51bGx9LCJ0ZndfbGVnYWN5X3RpbWVsaW5lX3N1bnNldCI6eyJidWNrZXQiOnRydWUsInZlcnNpb24iOm51bGx9LCJ0ZndfdHdlZXRfZWRpdF9mcm9udGVuZCI6eyJidWNrZXQiOiJvbiIsInZlcnNpb24iOm51bGx9fQ%3D%3D&amp;frame=false&amp;hideCard=false&amp;hideThread=false&amp;id=1791495933508649120&amp;lang=en&amp;origin=https%3A%2F%2Fwww.jns.org%2Fisrael-recovers-bodies-of-shani-louk-amit-buskila-yitzhak-gelernter%2F&amp;sessionId=6e2e01779175b50b93c3729af3fbc4bb8d6a07b2&amp;theme=light&amp;widgetsVersion=2615f7e52b7e0%3A1702314776716&amp;width=550px\" frameborder=\"0\" scrolling=\"yes\" height=\"660\" width=\"650\" allowfullscreen=\"allowfullscreen\" data-tweet-id=\"1791495933508649120\" data-mce-fragment=\"1\"><\/iframe><\/p>\n<hr style=\"height: 15px; background: #d0e6fa; width: 100%;\">\n<div id=\"content\" class=\"content-alignment\">\n<div id=\"watch-description\" class=\"yt-uix-button-panel\">\n<div id=\"watch-description-text\" style=\"text-align: center;\">\n<p><em>Zawarto\u015b\u0107 publikowanych artyku\u0142\u00f3w i materia\u0142\u00f3w nie reprezentuje pogl\u0105d\u00f3w ani opinii Reunion&#8217;68,<\/em><em><br \/>\nani te\u017c webmastera Blogu Reunion&#8217;68, chyba ze jest to wyra\u017anie zaznaczone.<br \/>\nTwoje uwagi, linki, w\u0142asne artyku\u0142y lub wiadomo\u015bci prze\u015blij na adres:<br \/>\n<\/em><span style=\"color: #000080;\"><strong><em><a style=\"color: #000080;\" href=\"mailto:webmaster@reunion68.com\"><span style=\"text-decoration: underline;\">webmaster@reunion68.com<\/span><\/a><\/em><\/strong><\/span><\/p>\n<\/div>\n<\/div>\n<\/div>\n<hr style=\"width: 100%;\">\n","protected":false},"excerpt":{"rendered":"<p>Israel recovers bodies of Shani Louk, Amit Buskila, Yitzhak Gelerenter ANDREW BERNARD &#8220;This terrible loss is heart-breaking,&#8221; said Israeli Prime Minister Benjamin Netanyahu. &#8220;We will return all of our hostages, the living and the deceased.&#8221; .Yitzhak Gelernter, Shani Louk and Amit Buskila, whose bodies the IDF recovered in mid-May 2024. Credit: IDF. Israel recovered the [&hellip;]<\/p>\n","protected":false},"author":1,"featured_media":0,"comment_status":"closed","ping_status":"closed","sticky":false,"template":"","format":"standard","meta":[],"categories":[6],"tags":[26,24],"_links":{"self":[{"href":"https:\/\/www.reunion68.se\/index.php?rest_route=\/wp\/v2\/posts\/113010"}],"collection":[{"href":"https:\/\/www.reunion68.se\/index.php?rest_route=\/wp\/v2\/posts"}],"about":[{"href":"https:\/\/www.reunion68.se\/index.php?rest_route=\/wp\/v2\/types\/post"}],"author":[{"embeddable":true,"href":"https:\/\/www.reunion68.se\/index.php?rest_route=\/wp\/v2\/users\/1"}],"replies":[{"embeddable":true,"href":"https:\/\/www.reunion68.se\/index.php?rest_route=%2Fwp%2Fv2%2Fcomments&post=113010"}],"version-history":[{"count":6,"href":"https:\/\/www.reunion68.se\/index.php?rest_route=\/wp\/v2\/posts\/113010\/revisions"}],"predecessor-version":[{"id":113022,"href":"https:\/\/www.reunion68.se\/index.php?rest_route=\/wp\/v2\/posts\/113010\/revisions\/113022"}],"wp:attachment":[{"href":"https:\/\/www.reunion68.se\/index.php?rest_route=%2Fwp%2Fv2%2Fmedia&parent=113010"}],"wp:term":[{"taxonomy":"category","embeddable":true,"href":"https:\/\/www.reunion68.se\/index.php?rest_route=%2Fwp%2Fv2%2Fcategories&post=113010"},{"taxonomy":"post_tag","embeddable":true,"href":"https:\/\/www.reunion68.se\/index.php?rest_route=%2Fwp%2Fv2%2Ftags&post=113010"}],"curies":[{"name":"wp","href":"https:\/\/api.w.org\/{rel}","templated":true}]}}