{"id":113076,"date":"2024-05-22T17:09:45","date_gmt":"2024-05-22T15:09:45","guid":{"rendered":"http:\/\/www.reunion68.se\/?p=113076"},"modified":"2024-05-22T08:00:07","modified_gmt":"2024-05-22T06:00:07","slug":"28-09-96","status":"publish","type":"post","link":"https:\/\/www.reunion68.se\/?p=113076","title":{"rendered":"Antywojenne protesty na polskich uczelniach. Rektorzy uniwersytet\u00f3w pisz\u0105 o &#8220;rzezi cywil\u00f3w&#8221; w Gazie"},"content":{"rendered":"<p style=\"text-align: center;\"><img decoding=\"async\" class=\"aligncenter\" src=\"https:\/\/bi.im-g.pl\/im\/95\/8a\/1d\/z30974357AMP,Krakow--Collegium-Novum--Protest-studentow-w-spraw.jpg\" width=\"100%\" \/><span style=\"color: #000080;\"><em>Krak\u00f3w, Collegium Novum. Protest student\u00f3w w sprawie wojny w Strefie Gazy (Fot. Konrad Koz\u0142owski \/ Agencja Wyborcza.pl)<\/em><\/span><\/p>\n<hr \/>\n<h5 style=\"text-align: center;\"><a href=\"https:\/\/wyborcza.pl\/\" target=\"_blank\" rel=\"noopener noreferrer\"><img decoding=\"async\" class=\"center alignleft\" src=\"http:\/\/www.reunion68.com\/Biuletyn\/img\/wyborcza.png\" alt=\"\" width=\"35%\" \/><\/a><span style=\"text-decoration: underline; color: #000080;\"><strong><a style=\"color: #000080; text-decoration: underline;\" href=\"https:\/\/wyborcza.pl\/7,75398,30990260,antywojenne-protesty-na-polskich-uczelniach-rektorzy-uniwersytetow.html#commentsAnchor\" target=\"_blank\" rel=\"noopener noreferrer\">Antywojenne protesty na polskich uczelniach. Rektorzy uniwersytet\u00f3w pisz\u0105 o &#8220;rzezi cywil\u00f3w&#8221; w Gazie<\/a><\/strong><\/span><\/h5>\n<p style=\"text-align: center;\"><span style=\"color: #000000;\"><strong>Alicja Gardulska<\/strong><\/span><\/p>\n<hr style=\"height: 15px; background: #d0e6fa; width: 100%;\" \/>\n<div class=\"text--lead \" style=\"text-align: left;\" data-progress-bar-content=\"\"><span style=\"color: #000080;\">Studenci domagaj\u0105 si\u0119 natychmiastowego zerwania wsp\u00f3\u0142pracy najwi\u0119kszych polskich uniwersytet\u00f3w z izraelskimi uczelniami, o\u015brodkami badawczymi, organizacjami i firmami. W odpowiedzi rektorzy apeluj\u0105 do obu stron o &#8220;zako\u0144czenie krwawego konfliktu, kt\u00f3ry przeradza si\u0119 w rze\u017a cywil\u00f3w&#8221;.<\/span><\/div>\n<div class=\"article--content article--content-free  \" style=\"text-align: left;\">\n<p class=\"text--paragraph\"><span style=\"color: #000080;\">&#8220;\u017byjemy w \u015bwiecie, w kt\u00f3rym post\u0119puje eskalacja zbrojnych konflikt\u00f3w, gdzie bro\u0144, czo\u0142gi i rakiety zast\u0119puj\u0105 dialog i wsp\u00f3\u0142prac\u0119. Jako ludzie, jako naukowcy, jako osoby odpowiadaj\u0105ce przed m\u0142odymi lud\u017ami nie tylko za jako\u015b\u0107 nauczania, ale tak\u017ce za przekazywane im warto\u015bci, czujemy si\u0119 zobowi\u0105zani do zareagowania na sytuacj\u0119 w Strefie Gazy&#8221; &#8211; czytamy w stanowisku\u00a0Konferencji Rektor\u00f3w Uniwersytet\u00f3w Polskich, kt\u00f3ra zrzesza rektor\u00f3w\u00a020 uniwersytet\u00f3w. Przewodniczy jej prof. Bogumi\u0142a Kaniewska,\u00a0<a id=\"LinkArea:embed_link\" class=\"text--link \" style=\"color: #000080;\" title=\"rektorka Uniwersytetu Adama Mickiewicza w Poznaniu\" href=\"https:\/\/poznan.wyborcza.pl\/poznan\/7,36001,30902684,na-poznanskich-uczelniach-zakonczyly-sie-wybory-rektorow-trzema.html#S.embed_link-K.C-B.1-L.1.zw\" rel=\"dofollow\" data-bd-viewability=\"1\" data-bd-viewability-id=\"embed_link\" data-bd-viewability-href=\"https:\/\/poznan.wyborcza.pl\/poznan\/7,36001,30902684,na-poznanskich-uczelniach-zakonczyly-sie-wybory-rektorow-trzema.html#S.embed_link-K.C-B.1-L.1.zw\">rektorka Uniwersytetu Adama Mickiewicza w Poznaniu<\/a>.<\/span><\/p>\n<\/div>\n<div class=\"article--content article--content-free  \" style=\"text-align: left;\">\n<p class=\"text--paragraph\" style=\"text-align: left;\"><span style=\"color: #000080;\">Rektorzy apeluj\u0105 o &#8220;zako\u0144czenie krwawego konfliktu, kt\u00f3ry\u00a0<a id=\"LinkArea:embed_link\" class=\"text--link \" style=\"color: #000080;\" title=\"przeradza si\u0119 w rze\u017a cywil\u00f3w\" href=\"https:\/\/wyborcza.pl\/7,75399,30973189,strefa-gazy-z-rafah-ucieklo-juz-blisko-pol-miliona-palestynczykow.html#S.embed_link-K.C-B.1-L.2.zw\" rel=\"dofollow\" data-bd-viewability=\"1\" data-bd-viewability-id=\"embed_link\" data-bd-viewability-href=\"https:\/\/wyborcza.pl\/7,75399,30973189,strefa-gazy-z-rafah-ucieklo-juz-blisko-pol-miliona-palestynczykow.html#S.embed_link-K.C-B.1-L.2.zw\">przeradza si\u0119 w rze\u017a cywil\u00f3w<\/a>\u00a0dokonywan\u0105 zar\u00f3wno w imieniu pa\u0144stwa Izrael, jak i terroryst\u00f3w z Hamasu&#8221;.<\/span><\/p>\n<p class=\"text--paragraph\"><span style=\"color: #000080;\">&#8220;\u017baden\u00a0<a id=\"LinkArea:embed_link\" class=\"text--link \" style=\"color: #000080;\" title=\"odwet, kt\u00f3ry odbywa si\u0119 kosztem ludno\u015bci cywilnej\" href=\"https:\/\/wyborcza.pl\/7,75399,30968912,izraelski-atak-na-world-central-kitchen-nie-byl-wyjatkiem-co.html#S.embed_link-K.C-B.1-L.3.zw\" rel=\"dofollow\" data-bd-viewability=\"1\" data-bd-viewability-id=\"embed_link\" data-bd-viewability-href=\"https:\/\/wyborcza.pl\/7,75399,30968912,izraelski-atak-na-world-central-kitchen-nie-byl-wyjatkiem-co.html#S.embed_link-K.C-B.1-L.3.zw\">odwet, kt\u00f3ry odbywa si\u0119 kosztem ludno\u015bci cywilnej<\/a>, dzieci, kobiet, m\u0142odych ludzi, kt\u00f3rzy powinni cieszy\u0107 si\u0119 \u017cyciem, kszta\u0142ci\u0107, podejmowa\u0107 pokojowy dialog ze swymi r\u00f3wie\u015bnikami innych narodowo\u015bci i pogl\u0105d\u00f3w, nie doprowadzi do zako\u0144czenia konfliktu, przyniesie jedynie b\u00f3l i rozpacz tysi\u0119cy ludzi, ch\u0119\u0107 rewan\u017cu i eskalacj\u0119 agresji&#8221; &#8211; pisz\u0105.<\/span><\/p>\n<p class=\"text--paragraph\"><span style=\"color: #000080;\">Pismo rektor\u00f3w to odpowied\u017a na\u00a0akademickie demonstracje przeciwko izraelskiej ofensywie w Gazie, kt\u00f3re w ubieg\u0142ym tygodniu dotar\u0142y do Polski.<\/span><\/p>\n<p class=\"text--paragraph\"><span style=\"color: #000080;\">Wojna rozpocz\u0119\u0142a si\u0119 atakiem Hamasu na Izrael 7 pa\u017adziernika ubieg\u0142ego\u00a0roku, podczas kt\u00f3rego palesty\u0144scy terrory\u015bci zabili 1,2 tys. Izraelczyk\u00f3w, a 250 os\u00f3b porwali do Gazy. W odpowiedzi\u00a0<a id=\"LinkArea:embed_link\" class=\"text--link \" style=\"color: #000080;\" title=\"Izrael prowadzi w Gazie odwetowe naloty i inwazj\u0119 l\u0105dow\u0105\" href=\"https:\/\/wyborcza.pl\/7,75399,30984708,izrael-z-gazy-wrocily-ciala-zakladnikow-a-rzadowi-grozi-rozpad.html#S.embed_link-K.C-B.1-L.4.zw\" rel=\"dofollow\" data-bd-viewability=\"1\" data-bd-viewability-id=\"embed_link\" data-bd-viewability-href=\"https:\/\/wyborcza.pl\/7,75399,30984708,izrael-z-gazy-wrocily-ciala-zakladnikow-a-rzadowi-grozi-rozpad.html#S.embed_link-K.C-B.1-L.4.zw\">Izrael prowadzi w Gazie odwetowe naloty i inwazj\u0119 l\u0105dow\u0105<\/a>, w kt\u00f3rych zgin\u0119\u0142o 35 tys. Palesty\u0144czyk\u00f3w.<\/span><\/p>\n<h4 class=\"text--title font-head-700\"><strong>Studenci chc\u0105 pot\u0119pienia Izraela<\/strong><\/h4>\n<p class=\"text--paragraph\"><span style=\"color: #000080;\">Zacz\u0119li studenci z Krakowa i Poznania.\u00a0<a id=\"LinkArea:embed_link\" class=\"text--link \" style=\"color: #000080;\" title=\"W \u015brod\u0119 przed\u00a0Collegium Novum\u00a0- g\u0142\u00f3wnym budynkiem Uniwersytetu Jagiello\u0144skiego\u00a0- zebra\u0142o si\u0119 ok. 150 os\u00f3b\" href=\"https:\/\/krakow.wyborcza.pl\/krakow\/7,44425,30974738,jako-pierwsi-studenci-w-polsce-krzycza-wolna-palestyna-duzy.html#S.embed_link-K.C-B.1-L.5.zw\" rel=\"dofollow\" data-bd-viewability=\"1\" data-bd-viewability-id=\"embed_link\" data-bd-viewability-href=\"https:\/\/krakow.wyborcza.pl\/krakow\/7,44425,30974738,jako-pierwsi-studenci-w-polsce-krzycza-wolna-palestyna-duzy.html#S.embed_link-K.C-B.1-L.5.zw\">W \u015brod\u0119 przed\u00a0Collegium Novum\u00a0&#8211; g\u0142\u00f3wnym budynkiem Uniwersytetu Jagiello\u0144skiego\u00a0&#8211; zebra\u0142o si\u0119 ok. 150 os\u00f3b<\/a>. Mieli ze sob\u0105 transparenty: &#8220;Bojkot instytucji to nie bojkot naukowc\u00f3w&#8221;, &#8220;Nie uczcie nas odwraca\u0107 wzroku&#8221;, &#8220;Stop ludob\u00f3jstwu&#8221;, &#8220;XI. Nie b\u0105d\u017a oboj\u0119tny&#8221;<\/span><\/p>\n<p><img decoding=\"async\" class=\"preview aligncenter\" src=\"https:\/\/bi.im-g.pl\/im\/8d\/8a\/1d\/z30974349IH,Krakow--Collegium-Novum--Protest-studentow-przeciw.jpg\" srcset=\"https:\/\/bi.im-g.pl\/im\/8d\/8a\/1d\/z30974349IH,Krakow--Collegium-Novum--Protest-studentow-przeciw.jpg, https:\/\/bi.im-g.pl\/im\/8d\/8a\/1d\/z30974349IHR,Krakow--Collegium-Novum--Protest-studentow-przeciw.jpg 2x\" alt=\"Krak\u00f3w, Collegium Novum. Protest student\u00f3w przeciw wojnie w Strefie Gazy. 15 maja 2024\" width=\"100%\" \/><\/p>\n<div class=\"text--photo-caption font-caption\" style=\"text-align: center;\"><span style=\"color: #000080;\"><em><span class=\"text--photo-title\">Krak\u00f3w, Collegium Novum. Protest student\u00f3w przeciw wojnie w Strefie Gazy. 15 maja 2024<\/span>\u00a0<span class=\"text--photo-author\">Fot. Konrad Koz\u0142owski \/ Agencja Wyborcza.pl<\/span><\/em><\/span><\/div>\n<div class=\"text--photo-caption font-caption\" style=\"text-align: center;\">\n<p class=\"text--paragraph\" style=\"text-align: left;\"><span style=\"color: #000080;\">Wr\u0119czyli rektorowi apel, pod kt\u00f3rym podpisa\u0142o si\u0119 niemal\u00a03 tys.\u00a0student\u00f3w i wyk\u0142adowc\u00f3w uczelni. Domagaj\u0105 si\u0119 m.in. natychmiastowego zerwania wsp\u00f3\u0142pracy UJ z izraelskimi uniwersytetami, o\u015brodkami badawczymi, organizacjami i firmami.<\/span><\/p>\n<p class=\"text--paragraph\" style=\"text-align: left;\"><span style=\"color: #000080;\">&#8211; Nie mogli\u015bmy d\u0142u\u017cej przygl\u0105da\u0107 si\u0119 temu, co dzieje si\u0119 na uczelniach w Ameryce i Europie. Propalesty\u0144skie manifestacje organizowane s\u0105 na Oxfordzie, w Pary\u017cu, na UCLA czy Columbia University &#8211; m\u00f3wi\u0142 &#8220;Wyborczej&#8221; Filip,\u00a0jeden z inicjator\u00f3w krakowskiej akcji Akademia dla Palestyny.<\/span><\/p>\n<p class=\"text--paragraph\" style=\"text-align: left;\"><span style=\"color: #000080;\">&#8211; Wojna w Strefie Gazy trwa od miesi\u0119cy. Wyk\u0142adowcy udaj\u0105, \u017ce jej nie ma. Nikt z nami o niej nie rozmawia &#8211; doda\u0142a\u00a0Sara, studentka dziennikarstwa na UJ.<\/span><\/p>\n<p class=\"text--paragraph\" style=\"text-align: left;\"><span style=\"color: #000080;\">Tego samego dnia w Poznaniu studenci UAM\u00a0protestowali na placu Mickiewicza. &#8211;\u00a0W pierwszych czterech miesi\u0105cach inwazji zabito wi\u0119cej dzieci w Gazie ni\u017c przez cztery lata we wszystkich konfliktach zbrojnych globalnie! Niemal ca\u0142a ludno\u015b\u0107 palesty\u0144ska jest dotkni\u0119ta g\u0142odem i dochodzi do przypadk\u00f3w \u015bmierci g\u0142odowej w\u015br\u00f3d dzieci &#8211; m\u00f3wili.<\/span><\/p>\n<p class=\"text--paragraph\" style=\"text-align: left;\"><span style=\"color: #000080;\">Dwa dni p\u00f3\u017aniej\u00a0<a id=\"LinkArea:embed_link\" class=\"text--link \" style=\"color: #000080;\" title=\"protestowali studenci i wyk\u0142adowcy w Warszawie\" href=\"https:\/\/warszawa.wyborcza.pl\/warszawa\/7,54420,30979965,studenci-olidarni-z-palestyna-krzycza-wolna-palestyna.html#S.embed_link-K.C-B.1-L.6.zw\" rel=\"dofollow\" data-bd-viewability=\"1\" data-bd-viewability-id=\"embed_link\" data-bd-viewability-href=\"https:\/\/warszawa.wyborcza.pl\/warszawa\/7,54420,30979965,studenci-olidarni-z-palestyna-krzycza-wolna-palestyna.html#S.embed_link-K.C-B.1-L.6.zw\">protestowali studenci i wyk\u0142adowcy w Warszawie<\/a>. Oko\u0142o stu os\u00f3b przysz\u0142o przed bram\u0119 g\u0142\u00f3wn\u0105 Uniwersytetu Warszawskiego z flagami palesty\u0144skimi i transparentami nawo\u0142uj\u0105cymi do wstrzymania dzia\u0142a\u0144 wojennych w Strefie Gazy.\u00a0<\/span><\/p>\n<p><img decoding=\"async\" class=\"preview\" src=\"https:\/\/bi.im-g.pl\/im\/05\/8b\/1d\/z30981637IH,Demonstracja--UW-z-Palestyna--przed-Uniwersytetem-.jpg\" srcset=\"https:\/\/bi.im-g.pl\/im\/05\/8b\/1d\/z30981637IH,Demonstracja--UW-z-Palestyna--przed-Uniwersytetem-.jpg, https:\/\/bi.im-g.pl\/im\/05\/8b\/1d\/z30981637IHR,Demonstracja--UW-z-Palestyna--przed-Uniwersytetem-.jpg 2x\" alt=\"Demonstracja 'UW z Palestyn\u0105' przed Uniwersytetem Warszawskim. 17 maja 2024\" width=\"100%\" \/><br \/>\n<span style=\"color: #808080;\"><em>Demonstracja &#8216;UW z Palestyn\u0105&#8217; przed Uniwersytetem Warszawskim. 17 maja 2024\u00a0<span class=\"text--photo-author\">Fot. Robert Kowalewski \/ Agencja Wyborcza.pl<\/span><\/em><\/span><\/p>\n<p class=\"text--paragraph\" style=\"text-align: left;\"><span style=\"color: #000080;\">Rektorzy UJ i UW dostali list o tej samej tre\u015bci. Czytamy w nim: &#8220;Wed\u0142ug wiod\u0105cych izraelskich oraz \u017cydowskich badaczy Holocaustu, oraz studi\u00f3w nad ludob\u00f3jstwem, takich jak Rez Sagal, Barry Trachtenberg czy Amos Goldberg, dzia\u0142ania Izraela s\u0105 podr\u0119cznikowym przyk\u0142adem ludob\u00f3jstwa.\u00a0<a id=\"LinkArea:embed_link\" class=\"text--link \" style=\"color: #000080;\" title=\"Mi\u0119dzynarodowy Trybuna\u0142 Sprawiedliwo\u015bci \" href=\"https:\/\/wyborcza.pl\/7,75399,30634663,trybunal-w-hadze-kaze-izraelowi-wstrzymac-inwazje-w-gazie-dzis.html#S.embed_link-K.C-B.1-L.7.zw\" rel=\"dofollow\" data-bd-viewability=\"1\" data-bd-viewability-id=\"embed_link\" data-bd-viewability-href=\"https:\/\/wyborcza.pl\/7,75399,30634663,trybunal-w-hadze-kaze-izraelowi-wstrzymac-inwazje-w-gazie-dzis.html#S.embed_link-K.C-B.1-L.7.zw\">Mi\u0119dzynarodowy Trybuna\u0142 Sprawiedliwo\u015bci\u00a0<\/a>w toku post\u0119powania przeciwko Izraelowi uzna\u0142, i\u017c istnieje prawdopodobie\u0144stwo, \u017ce dzia\u0142ania Izraela naruszaj\u0105 prawo Palesty\u0144czyk\u00f3w w Strefie Gazy do ochrony przed aktami ludob\u00f3jstwa i zwi\u0105zanymi z nimi czynami zabronionymi okre\u015blonymi w art. III Konwencji w sprawie zapobiegania i karania zbrodni ludob\u00f3jstwa&#8221;.<\/span><\/p>\n<p class=\"text--paragraph\" style=\"text-align: left;\"><span style=\"color: #000080;\">Autorzy apelu podkre\u015blaj\u0105, \u017ce w Strefie Gazy niszczone s\u0105 uniwersytety, biblioteki, szko\u0142y i muzea. &#8220;Ataki Izraela dotkn\u0119\u0142y ju\u017c wszystkie uniwersytety w Strefie Gazy, jako ostatni, 17 stycznia, wysadzony w powietrze przez izraelsk\u0105 armi\u0119 zosta\u0142 uniwersytet Al-Israa. Wraz z nim zosta\u0142o rozszabrowane i zr\u00f3wnane z ziemi\u0105 prowadzone przez uniwersytet muzeum, do\u0142\u0105czaj\u0105c do szeregu innych zniszczonych lub uszkodzonych przez Izrael plac\u00f3wek muzealnych. Od 7 pa\u017adziernika zgin\u0119\u0142o co najmniej 95 naukowc\u00f3w, 5497 student\u00f3w i uczni\u00f3w, 261 nauczycieli i pracownik\u00f3w szkolnej administracji, a co najmniej 625 tys. dzieci w wieku szkolnym od kilku miesi\u0119cy jest pozbawionych dost\u0119pu do edukacji&#8221; &#8211;\u00a0pisz\u0105.<\/span><\/p>\n<p class=\"text--paragraph\" style=\"text-align: left;\"><span style=\"color: #000080;\">Domagaj\u0105 si\u0119: publicznego pot\u0119pienia ataku Izraela na Stref\u0119 Gazy oraz okupacji Palestyny, natychmiastowego zerwania wsp\u00f3\u0142pracy z izraelskimi instytucjami akademickimi, o\u015brodkami badawczymi, innymi organizacjami i firmami, udost\u0119pnienia informacji o tym, z jakimi podmiotami tego typu uczelnie prowadz\u0105 wsp\u00f3\u0142prac\u0119 i w jakim zakresie, oraz bojkotu izraelskich instytucji na szczeblu krajowym i mi\u0119dzynarodowym do czasu zako\u0144czenia okupacji Palestyny, uznania prawa Palesty\u0144czyk\u00f3w do r\u00f3wno\u015bci i samostanowienia oraz uznania prawa do powrotu dla palesty\u0144skich uchod\u017ac\u00f3w.<\/span><\/p>\n<\/div>\n<div class=\"article--content article--content-free  \" style=\"text-align: left;\">\n<p class=\"text--paragraph\"><span style=\"color: #000080;\">&#8211; Brak dzia\u0142a\u0144 uznajemy za r\u00f3wnoznaczny z milcz\u0105c\u0105 zgod\u0105 na pope\u0142nianie zbrodni przeciwko ludzko\u015bci &#8211;\u00a0dodaj\u0105.<\/span><\/p>\n<\/div>\n<div class=\"article--content article--content-free  \" style=\"text-align: left;\">\n<p class=\"text--paragraph\"><span style=\"color: #000080;\">Na list student\u00f3w odpowiedzia\u0142 wcze\u015bniej rektor UJ prof. Jacek Popiel<\/span><\/p>\n<\/div>\n<blockquote><p><strong>&#8220;Nieuprawnione, bezzasadne u\u017cycie si\u0142y wobec os\u00f3b niewinnych i nieuwik\u0142anych w konflikt narusza podstawowe prawa cz\u0142owieka i nie mo\u017ce by\u0107 w \u017caden spos\u00f3b usprawiedliwione&#8221; &#8211; napisa\u0142.<\/strong><\/p><\/blockquote>\n<p class=\"text--paragraph\"><span style=\"color: #000080;\">Odpowied\u017a jest utrzymana w podobnym duchu co wsp\u00f3lne pismo wszystkich uniwersyteckich rektor\u00f3w &#8211; pot\u0119piaj\u0105 ataki na cywil\u00f3w, apeluj\u0105 do obu stron konfliktu o zawieszenie broni.\u00a0<\/span><\/p>\n<hr \/>\n<p><iframe loading=\"lazy\" id=\"twitter-widget-0\" class=\"\" title=\"X Post\" src=\"https:\/\/platform.twitter.com\/embed\/Tweet.html?dnt=false&amp;embedId=twitter-widget-0&amp;features=eyJ0ZndfdGltZWxpbmVfbGlzdCI6eyJidWNrZXQiOltdLCJ2ZXJzaW9uIjpudWxsfSwidGZ3X2ZvbGxvd2VyX2NvdW50X3N1bnNldCI6eyJidWNrZXQiOnRydWUsInZlcnNpb24iOm51bGx9LCJ0ZndfdHdlZXRfZWRpdF9iYWNrZW5kIjp7ImJ1Y2tldCI6Im9uIiwidmVyc2lvbiI6bnVsbH0sInRmd19yZWZzcmNfc2Vzc2lvbiI6eyJidWNrZXQiOiJvbiIsInZlcnNpb24iOm51bGx9LCJ0ZndfZm9zbnJfc29mdF9pbnRlcnZlbnRpb25zX2VuYWJsZWQiOnsiYnVja2V0Ijoib24iLCJ2ZXJzaW9uIjpudWxsfSwidGZ3X21peGVkX21lZGlhXzE1ODk3Ijp7ImJ1Y2tldCI6InRyZWF0bWVudCIsInZlcnNpb24iOm51bGx9LCJ0ZndfZXhwZXJpbWVudHNfY29va2llX2V4cGlyYXRpb24iOnsiYnVja2V0IjoxMjA5NjAwLCJ2ZXJzaW9uIjpudWxsfSwidGZ3X3Nob3dfYmlyZHdhdGNoX3Bpdm90c19lbmFibGVkIjp7ImJ1Y2tldCI6Im9uIiwidmVyc2lvbiI6bnVsbH0sInRmd19kdXBsaWNhdGVfc2NyaWJlc190b19zZXR0aW5ncyI6eyJidWNrZXQiOiJvbiIsInZlcnNpb24iOm51bGx9LCJ0ZndfdXNlX3Byb2ZpbGVfaW1hZ2Vfc2hhcGVfZW5hYmxlZCI6eyJidWNrZXQiOiJvbiIsInZlcnNpb24iOm51bGx9LCJ0ZndfdmlkZW9faGxzX2R5bmFtaWNfbWFuaWZlc3RzXzE1MDgyIjp7ImJ1Y2tldCI6InRydWVfYml0cmF0ZSIsInZlcnNpb24iOm51bGx9LCJ0ZndfbGVnYWN5X3RpbWVsaW5lX3N1bnNldCI6eyJidWNrZXQiOnRydWUsInZlcnNpb24iOm51bGx9LCJ0ZndfdHdlZXRfZWRpdF9mcm9udGVuZCI6eyJidWNrZXQiOiJvbiIsInZlcnNpb24iOm51bGx9fQ%3D%3D&amp;frame=false&amp;hideCard=false&amp;hideThread=false&amp;id=1791387060764295430&amp;lang=pl&amp;origin=https%3A%2F%2Fwyborcza.pl%2F7%2C75398%2C30990260%2Cantywojenne-protesty-na-polskich-uczelniach-rektorzy-uniwersytetow.html&amp;sessionId=ad8ed3aa8d3b7567a7593b3789f563090f63635b&amp;theme=light&amp;widgetsVersion=2615f7e52b7e0%3A1702314776716&amp;width=550px\" width=\"650\" height=\"550\" frameborder=\"0\" scrolling=\"yes\" allowfullscreen=\"allowfullscreen\" data-tweet-id=\"1791387060764295430\" data-mce-fragment=\"1\"><\/iframe><\/p>\n<hr \/>\n<h4 class=\"text--title font-head-700\"><strong>Protesty w USA i Europie Zachodniej<\/strong><\/h4>\n<p class=\"text--paragraph\" style=\"text-align: left;\"><span style=\"color: #000080;\">Wojna w Gazie od kilku tygodni rozpala ameryka\u0144skie i europejskie kampusy. Podczas akcji protestacyjnych, szczeg\u00f3lnie licznych w USA, studenci okupowali budynki uniwersyteckie, rozbijali miasteczka namiotowe na terenie kampus\u00f3w, organizowali wyk\u0142ady plenerowe. Niekt\u00f3re by\u0142y pacyfikowane przez policj\u0119. Np. na\u00a0Uniwersytecie Wirginii aresztowano 25 os\u00f3b. Na Uniwersytecie Michigan manifestanci na kr\u00f3tko przerwali ceremoni\u0119 zako\u0144czenia studi\u00f3w.\u00a0<a id=\"LinkArea:embed_link\" class=\"text--link \" style=\"color: #000080;\" title=\"Na niekt\u00f3rych uczelniach wyznaczono specjalne strefy, w kt\u00f3rych mo\u017cna protestowa\u0107\" href=\"https:\/\/wyborcza.pl\/7,75399,30941640,protesty-antywojenne-w-izraelu-i-na-amerykanskich-campusach.html#S.embed_link-K.C-B.1-L.8.zw\" rel=\"dofollow\" data-bd-viewability=\"1\" data-bd-viewability-id=\"embed_link\" data-bd-viewability-href=\"https:\/\/wyborcza.pl\/7,75399,30941640,protesty-antywojenne-w-izraelu-i-na-amerykanskich-campusach.html#S.embed_link-K.C-B.1-L.8.zw\">Na niekt\u00f3rych uczelniach wyznaczono specjalne strefy, w kt\u00f3rych mo\u017cna protestowa\u0107<\/a>.\u00a0<\/span><\/p>\n<p class=\"text--paragraph\" style=\"text-align: left;\"><span style=\"color: #000080;\">W\u0142adze wielu uczelni stan\u0119\u0142y przed wyzwaniem, jak\u00a0znale\u017a\u0107 r\u00f3wnowag\u0119 mi\u0119dzy bezpiecze\u0144stwem na kampusie a prawem do demonstracji i wyra\u017cania w\u0142asnych pogl\u0105d\u00f3w. Czasem has\u0142a antywojenne przeplata\u0142y si\u0119 z antysemickimi.\u00a0<\/span><\/p>\n<p class=\"text--paragraph\" style=\"text-align: left;\"><span style=\"color: #000080;\">Protestowano te\u017c\u00a0w Niemczech, Norwegii, Hiszpanii czy Holandii. Pod koniec kwietnia studenci zablokowali wej\u015bcie do centralnego budynku na kampusie paryskiej Sorbony. U\u017cyli do tego koszy na \u015bmieci, drewnianych palet i rower\u00f3w. Skandowali propalesty\u0144skie has\u0142a. Tam tak\u017ce domagali si\u0119 od w\u0142adz uczelni pot\u0119pienia dzia\u0142a\u0144 Izraela w Gazie.\u00a0<\/span><\/p>\n<p class=\"text--paragraph\" style=\"text-align: left;\"><span style=\"color: #000080;\">Cz\u0119\u015bciowo z postulatami protestuj\u0105cych student\u00f3w zgodzili si\u0119 rektorzy w Hiszpanii.\u00a0Konferencja Rektor\u00f3w Uniwersytet\u00f3w Hiszpa\u0144skich (CRUE), kt\u00f3ra zrzesza ponad 70 uczelni, o\u015bwiadczy\u0142a, \u017ce zerwie wsp\u00f3\u0142prac\u0119 z tymi izraelskimi uczelniami, kt\u00f3re &#8220;nie dzia\u0142aj\u0105 na rzecz pokoju&#8221;, czyli np. wsp\u00f3\u0142pracuj\u0105 z armi\u0105. Zamierza skontrolowa\u0107 dzia\u0142ania partner\u00f3w.\u00a0\u00a0<\/span><\/p>\n<p class=\"text--paragraph\" style=\"text-align: left;\"><span style=\"color: #000080;\">Decyzj\u0119 o zerwaniu wsp\u00f3\u0142pracy z izraelskimi partnerami przy pracach nad sztuczn\u0105 inteligencj\u0105 podj\u0105\u0142 Uniwersytet Vrije w Brukseli (VUB). Powo\u0142a\u0142 si\u0119 na &#8220;wzgl\u0119dy etyczne&#8221;.\u00a0<\/span><\/p>\n<hr style=\"height: 15px; background: #d0e6fa; width: 100%;\" \/>\n<div id=\"content\" class=\"content-alignment\">\n<div id=\"watch-description\" class=\"yt-uix-button-panel\">\n<div id=\"watch-description-text\" style=\"text-align: center;\">\n<p><em>Zawarto\u015b\u0107 publikowanych artyku\u0142\u00f3w i materia\u0142\u00f3w nie reprezentuje pogl\u0105d\u00f3w ani opinii Reunion&#8217;68,<\/em><em><br \/>\nani te\u017c webmastera Blogu Reunion&#8217;68, chyba ze jest to wyra\u017anie zaznaczone.<br \/>\nTwoje uwagi, linki, w\u0142asne artyku\u0142y lub wiadomo\u015bci prze\u015blij na adres:<br \/>\n<\/em><span style=\"color: #000080;\"><strong><em><a style=\"color: #000080;\" href=\"mailto:webmaster@reunion68.com\"><span style=\"text-decoration: underline;\">webmaster@reunion68.com<\/span><\/a><\/em><\/strong><\/span><\/p>\n<\/div>\n<\/div>\n<\/div>\n<hr style=\"width: 100%;\" \/>\n<\/div>\n","protected":false},"excerpt":{"rendered":"<p>Krak\u00f3w, Collegium Novum. Protest student\u00f3w w sprawie wojny w Strefie Gazy (Fot. Konrad Koz\u0142owski \/ Agencja Wyborcza.pl) Antywojenne protesty na polskich uczelniach. Rektorzy uniwersytet\u00f3w pisz\u0105 o &#8220;rzezi cywil\u00f3w&#8221; w Gazie Alicja Gardulska Studenci domagaj\u0105 si\u0119 natychmiastowego zerwania wsp\u00f3\u0142pracy najwi\u0119kszych polskich uniwersytet\u00f3w z izraelskimi uczelniami, o\u015brodkami badawczymi, organizacjami i firmami. W odpowiedzi rektorzy apeluj\u0105 do obu [&hellip;]<\/p>\n","protected":false},"author":1,"featured_media":0,"comment_status":"closed","ping_status":"closed","sticky":false,"template":"","format":"standard","meta":[],"categories":[6],"tags":[26,24],"_links":{"self":[{"href":"https:\/\/www.reunion68.se\/index.php?rest_route=\/wp\/v2\/posts\/113076"}],"collection":[{"href":"https:\/\/www.reunion68.se\/index.php?rest_route=\/wp\/v2\/posts"}],"about":[{"href":"https:\/\/www.reunion68.se\/index.php?rest_route=\/wp\/v2\/types\/post"}],"author":[{"embeddable":true,"href":"https:\/\/www.reunion68.se\/index.php?rest_route=\/wp\/v2\/users\/1"}],"replies":[{"embeddable":true,"href":"https:\/\/www.reunion68.se\/index.php?rest_route=%2Fwp%2Fv2%2Fcomments&post=113076"}],"version-history":[{"count":14,"href":"https:\/\/www.reunion68.se\/index.php?rest_route=\/wp\/v2\/posts\/113076\/revisions"}],"predecessor-version":[{"id":113094,"href":"https:\/\/www.reunion68.se\/index.php?rest_route=\/wp\/v2\/posts\/113076\/revisions\/113094"}],"wp:attachment":[{"href":"https:\/\/www.reunion68.se\/index.php?rest_route=%2Fwp%2Fv2%2Fmedia&parent=113076"}],"wp:term":[{"taxonomy":"category","embeddable":true,"href":"https:\/\/www.reunion68.se\/index.php?rest_route=%2Fwp%2Fv2%2Fcategories&post=113076"},{"taxonomy":"post_tag","embeddable":true,"href":"https:\/\/www.reunion68.se\/index.php?rest_route=%2Fwp%2Fv2%2Ftags&post=113076"}],"curies":[{"name":"wp","href":"https:\/\/api.w.org\/{rel}","templated":true}]}}