{"id":113104,"date":"2024-05-23T17:09:01","date_gmt":"2024-05-23T15:09:01","guid":{"rendered":"http:\/\/www.reunion68.se\/?p=113104"},"modified":"2024-05-23T09:43:24","modified_gmt":"2024-05-23T07:43:24","slug":"29-09-82","status":"publish","type":"post","link":"https:\/\/www.reunion68.se\/?p=113104","title":{"rendered":"UNRWA styka si\u0119 z hiszpa\u0144sk\u0105 inkwizycj\u0105"},"content":{"rendered":"<p style=\"text-align: center;\"><img decoding=\"async\" class=\"aligncenter\" src=\"https:\/\/static.cdn-expressen.se\/images\/eb\/2e\/eb2e9296d9a64dc4b3862c459db39f49\/640@60.jpg\" width=\"100%\" \/><span style=\"color: #808080;\"><em>Portret \u015blubny kr\u00f3lowej Izabeli I Kastylii i kr\u00f3la Ferdynanda II Aragonii, XV-wiecznych w\u0142adc\u00f3w Hiszpanii. \u0179r\u00f3d\u0142o: Wikipedia.<\/em><\/span><\/p>\n<hr \/>\n<h5 style=\"text-align: center;\"><a href=\"https:\/\/www.listyznaszegosadu.pl\/\" target=\"_blank\" rel=\"noopener noreferrer\"><img decoding=\"async\" class=\"center alignleft\" src=\"http:\/\/www.reunion68.com\/Biuletyn\/img\/z-naszego.jpg\" alt=\"\" width=\"50%\" \/><\/a><span style=\"text-decoration: underline; color: #000080;\"><span><strong><a style=\"color: #000080; text-decoration: underline;\" href=\"https:\/\/www.listyznaszegosadu.pl\/notatki\/unrwa-styka-sie-z-hiszpanska-inkwizycjamoze-dzieli-ich-siedem-wiekalw-ale-w-przypadku-narodu-zydowskiego-podobienstwo-jest-wyraznie-widoczne\" target=\"_blank\" rel=\"noopener noreferrer\">UNRWA styka si\u0119 z hiszpa\u0144sk\u0105 inkwizycj\u0105<\/a><\/strong><\/span><\/span><\/h5>\n<p style=\"text-align: center;\"><span style=\"color: #000000;\"><strong>Ben Cohen<br \/>\n<\/strong><span style=\"color: #808080;\"><em>T\u0142umaczenie: <\/em><\/span><strong>Ma\u0142gorzata Koraszewska<\/strong><\/span><\/p>\n<hr style=\"height: 15px; background: #d0e6fa; width: 100%;\" \/>\n<h4 style=\"text-align: center;\"><strong>Mo\u017ce dzieli ich siedem wiek\u00f3w, ale w przypadku narodu \u017cydowskiego podobie\u0144stwo jest wyra\u017anie widoczne.<\/strong><\/h4>\n<p>.<\/p>\n<div class=\"templateArticleIngress\">\n<p style=\"text-align: left;\"><span style=\"color: #000080;\">Wsp\u00f3\u0142praca mi\u0119dzy UNRWA, agencj\u0105 ONZ zajmuj\u0105c\u0105 si\u0119 wy\u0142\u0105cznie uchod\u017acami palesty\u0144skimi i ich potomkami, a hamasowskimi w\u0142adcami w Gazie nie s\u0142abnie.<\/span><\/p>\n<p style=\"text-align: left;\"><span style=\"color: #000080;\">Dwa wydarzenia z ostatniego tygodnia potwierdzaj\u0105 t\u0119 tez\u0119. 14 maja izraelskie odrzutowce przeprowadzi\u0142y precyzyjny atak na centrum dowodzenia Hamasu i sk\u0142ad broni ukryte pod szko\u0142\u0105 UNRWA w Nuseirat. W ataku zgin\u0119\u0142o pi\u0119tnastu terroryst\u00f3w, w tym 10 cz\u0142onk\u00f3w elitarnych si\u0142 Nuchba Hamasu. Tymczasem trzy dni wcze\u015bniej Izraelczycy opublikowali\u00a0<a style=\"color: #000080;\" href=\"https:\/\/www.jns.org\/video-reveals-hamas-shooting-civilians-at-unrwa-facility-in-rafah\/\" target=\"_blank\" rel=\"noopener noreferrer\">materia\u0142 filmowy z obserwacji lotniczej<\/a>\u00a0przedstawiaj\u0105cy uzbrojonych Palesty\u0144czyk\u00f3w w o\u015brodku UNRWA w po\u0142udniowym mie\u015bcie Rafah, gdzie IDF walczy z czterema batalionami Hamasu. Film pokaza\u0142 uzbrojonych Palesty\u0144czyk\u00f3w k\u0142\u0119bi\u0105cych si\u0119 wewn\u0105trz kompleksu, sk\u0105d przypu\u015bcili ataki na gromadz\u0105ce si\u0119 si\u0142y izraelskie.<\/span><\/p>\n<\/div>\n<p style=\"text-align: left;\">\n<div class=\"templateArticleBrodtext\">\n<p style=\"text-align: left;\"><span style=\"color: #000080;\">Splecenie obiekt\u00f3w i personelu UNRWA z Hamasem i jego nikczemnymi celami by\u0142o sta\u0142ym tematem izraelskich przekaz\u00f3w przez ca\u0142\u0105 obecn\u0105 wojn\u0119 w Strefie Gazy. Na pocz\u0105tku tego roku wydawa\u0142o si\u0119, \u017ce inne kraje zachodnie podzielaj\u0105 obawy Izraela, a 18 z nich, w tym Stany Zjednoczone, zawiesi\u0142o finansowanie UNRWA. Jak jednak udokumentowa\u0142a organizacja pozarz\u0105dowa UN Watch, w mi\u0119dzyczasie dziewi\u0119\u0107 z nich po cichu przywr\u00f3ci\u0142o wsparcie finansowe. Jednym z takich kraj\u00f3w by\u0142y Niemcy, kt\u00f3rych ministerstwo spraw zagranicznych w o\u015bwiadczeniu z 24 kwietnia stwierdzi\u0142o, \u017ce ustna deklaracja UNRWA o wdro\u017ceniu zalece\u0144 niezale\u017cnej komisji pod przewodnictwem by\u0142ej francuskiej minister spraw zagranicznych Catherine Colonna wystarczy\u0142a, aby ponownie odkr\u0119ci\u0107 kran z pieni\u0119dzmi. G\u0142o\u015bne sprzeciwy Izraela \u2013 wskazuj\u0105ce, \u017ce Colonna pomin\u0119\u0142a twierdzenie Jerozolimy, \u017ce ponad 2000 pracownik\u00f3w UNRWA utrzymuje zwi\u0105zki z Hamasem \u2013 nie zrobi\u0142o r\u00f3\u017cnicy ani Niemcom, ani Japo\u0144czykom, ani Kanadyjczykom, ani pozosta\u0142ym sze\u015bciu krajom, kt\u00f3re wznowi\u0142y pomoc finansow\u0105 dla tej agencji.<\/span><\/p>\n<p style=\"text-align: left;\">\n<span style=\"color: #000080;\">W trakcie ca\u0142ej tej afery UNRWA otrzyma\u0142a nagrod\u0119 od rz\u0105du Hiszpanii \u2013 jednego z kraj\u00f3w, kt\u00f3re utrzyma\u0142y finansowanie przez ca\u0142y czas trwania konfliktu wywo\u0142anego pogromem Hamasu w po\u0142udniowym Izraelu 7 pa\u017adziernika. Spektakl agencji ONZ, ho\u0142ubi\u0105cej grup\u0119 terrorystyczn\u0105, kt\u00f3rej taktyka obejmuje masowe mordy i gwa\u0142ty na ludno\u015bci cywilnej za zbrodni\u0119 bycia \u017bydem, jest oczywi\u015bcie g\u0142\u0119boko godna po\u017ca\u0142owania. Ale patrz\u0105c z innego punktu widzenia, jest to bardzo w\u0142a\u015bciwe.<\/span><\/p>\n<p style=\"text-align: left;\">\n<span style=\"color: #000080;\">Nagroda wr\u0119czona dyrektorowi generalnemu UNRWA Philippe\u2019owi Lazzariniemu przez hiszpa\u0144skiego ministra spraw zagranicznych Jos\u00e9 Manuela Albaresa podczas jego wizyty w Nowym Jorku 19 kwietnia wprowadzi\u0142a go do \u201eKr\u00f3lewskiego Zakonu Izabeli Katolickiej\u201d. \u201eIzabela\u201d, o kt\u00f3rej tu mowa, to kr\u00f3lowa Izabela I Kastylii, kt\u00f3ra rz\u0105dzi\u0142a Hiszpani\u0105 wraz ze swoim m\u0119\u017cem, kr\u00f3lem Ferdynandem II, od 1474 r. a\u017c do swojej \u015bmierci 30 lat p\u00f3\u017aniej. W 1492 r., u szczytu hiszpa\u0144skiej inkwizycji, Izabela i Ferdynand wydali rozkaz wyp\u0119dzenia ludno\u015bci \u017cydowskiej z Hiszpanii, szacowanej na 300 tysi\u0119cy os\u00f3b.<\/span><\/p>\n<p style=\"text-align: left;\">\n<span style=\"color: #000080;\">Og\u0142oszenie kr\u00f3la i kr\u00f3lowej o wydaleniu \u2013 znane jako Dekret z Alhambry \u2013 jest wystawione w Muzeum Holokaustu w Waszyngtonie, DC. Hiszpa\u0144scy \u017bydzi mieli cztery miesi\u0105ce na spakowanie swoich rzeczy i za\u0142atwienie swoich spraw, co by\u0142o chaotycznym okresem i bolesnym procesem, kt\u00f3ry pozostawi\u0142 Hiszpani\u0119 jako kraj zubo\u017ca\u0142y gospodarczo i kulturowo. Su\u0142tan Bajazyd II z Imperium Osma\u0144skiego, kt\u00f3ry udzieli\u0142 schronienia cz\u0119\u015bci z tych \u017byd\u00f3w (w tym mojej rodzinie, kt\u00f3ra przez stulecia \u017cy\u0142a na Ba\u0142kanach pod panowaniem tureckim), na\u015bmiewa\u0142 si\u0119 z hiszpa\u0144skich monarch\u00f3w, kwestionuj\u0105c os\u0105d tych, kt\u00f3rzy spowodowali degradacj\u0119 w\u0142asnego kr\u00f3lestwa tylko po to, by \u201ewzbogaci\u0107 nasze\u201d. Dokonuj\u0105c tej obserwacji, Bajazyd niechc\u0105cy uchwyci\u0142 jeden z ciekawszych aspekt\u00f3w nienawi\u015bci do \u017byd\u00f3w \u2013 \u017ce jej zwolennicy b\u0119d\u0105 bezlito\u015bnie szerzy\u0107 t\u0119 nienawi\u015b\u0107, nawet je\u015bli nie b\u0119dzie to zgodne z ich w\u0142asnymi interesami.<\/span><\/p>\n<p style=\"text-align: left;\">\n<span style=\"color: #000080;\">Niewiele instytucji by\u0142oby tak ch\u0142onnych jak UNRWA na wyra\u017can\u0105 przez Hiszpani\u0119 dumy z monarchy, kt\u00f3ry zas\u0142u\u017cenie cieszy si\u0119 reputacj\u0105 jednego z najgorszych prze\u015bladowc\u00f3w \u017byd\u00f3w w swojej historii. Histori\u0119 antysemityzmu uj\u0119to w prost\u0105 formu\u0142\u0119: nie macie prawa \u017cy\u0107 w\u015br\u00f3d nas jako \u017bydzi; nie macie prawa \u017cy\u0107 w\u015br\u00f3d nas; nie macie prawa \u017cy\u0107. Miejsce kr\u00f3lowej Izabeli w tym spektrum jest oczywiste i niepodwa\u017calne. W nie mniejszym stopniu nale\u017cy tam tak\u017ce Hamas. Ta wspierana przez Iran organizacja nie lubi \u017byd\u00f3w, nie lubi \u017byd\u00f3w \u017cyj\u0105cych w\u015br\u00f3d muzu\u0142man\u00f3w i w og\u00f3le nie lubi, gdy \u017bydzi \u017cyj\u0105. Mo\u017ce dzieli ich siedem wiek\u00f3w, ale Isabella i UNRWA, kt\u00f3ra aktywnie promuje w swoich szko\u0142ach antysemityzm w stylu Hamasu, maj\u0105 ze sob\u0105 wiele wsp\u00f3lnego, je\u015bli chodzi o nar\u00f3d \u017cydowski.<\/span><\/p>\n<p style=\"text-align: left;\">\n<span style=\"color: #000080;\">Gdyby Hamasowi uda\u0142o si\u0119 osi\u0105gn\u0105\u0107 sw\u00f3j cel, jakim jest wyeliminowanie Izraela jako suwerennego pa\u0144stwa, mogliby\u015bmy spodziewa\u0107 si\u0119 og\u0142oszenia podobnego do Deklaracji z Alhambry. Ci \u017bydzi, kt\u00f3rzy prze\u017cyli zniszczenie ich jedynego pa\u0144stwa, przy odrobinie szcz\u0119\u015bcia otrzymaliby cztery miesi\u0105ce na likwidacj\u0119 swojego maj\u0105tku, przekazanie maj\u0105tku \u201epowracaj\u0105cym\u201d uchod\u017acom palesty\u0144skim i wydostanie si\u0119 z kraju. Bez w\u0105tpienia niekt\u00f3rzy znale\u017aliby spos\u00f3b na pozostanie \u2013 prawdopodobnie ukrywaj\u0105c swoj\u0105 \u017cydowsk\u0105 to\u017csamo\u015b\u0107 i pr\u00f3buj\u0105c zintegrowa\u0107 si\u0119 z reszt\u0105 populacji, tak jak zrobili to \u017bydzi, kt\u00f3rzy pozostali w Hiszpanii po wygnaniu. UNRWA, w ramach historycznej ironii, mog\u0142aby nawet zaoferowa\u0107 organizacj\u0119 ich wyj\u015bcia w ramach parametr\u00f3w ustalonych przez Hamas, kt\u00f3re na zawsze uniemo\u017cliwi\u0142yby jak\u0105kolwiek mo\u017cliwo\u015b\u0107 powrotu. Cho\u0107 dzi\u015b taki scenariusz mo\u017ce wydawa\u0107 si\u0119 nieprawdopodobny, je\u015bli historia czego\u015b nas nauczy\u0142a, to tego, \u017ce jutro nie b\u0119dzie to nieprawdopodobne.<\/span><\/p>\n<p style=\"text-align: left;\">\n<span style=\"color: #000080;\">Zasadniczo problem polega na tym, \u017ce zbyt wiele pa\u0144stw \u2013 nie tylko Turcja, Iran, Rosja, Korea P\u00f3\u0142nocna, Chiny i inne cytadele autorytarnych rz\u0105d\u00f3w, ale tak\u017ce demokracje \u2013 wierzy, \u017ce sposobem przekonania Palesty\u0144czyk\u00f3w do przyj\u0119cia pokoju jest traktowanie z przesadnym szacunkiem ich zazdro\u015bnie strze\u017conego statusu ofiary.<\/span><\/p>\n<p style=\"text-align: left;\">\n<span style=\"color: #000080;\">Jest prawdopodobne, \u017ce do ko\u0144ca tego miesi\u0105ca kilka pa\u0144stw cz\u0142onkowskich Unii Europejskiej, w tym Hiszpania, a tak\u017ce Irlandia, Malta, S\u0142owenia i Belgia, jednostronnie uzna niepodleg\u0142e pa\u0144stwo palesty\u0144skie. Albares jest jednym z ministr\u00f3w spraw zagranicznych aktywnie propaguj\u0105cych fikcj\u0119, jakoby takie posuni\u0119cie raczej wzmocni\u0142o, a nie os\u0142abi\u0142o perspektywy utworzenia obok Izraela pa\u0144stwa palesty\u0144skiego, kt\u00f3re b\u0119dzie pokojowo wsp\u00f3\u0142istnie\u0107 ze swoim s\u0105siadem.<\/span><\/p>\n<p style=\"text-align: left;\">\n<span style=\"color: #000080;\">W g\u0142\u0119bi duszy musisz wierzy\u0107, \u017ce Albares wie, \u017ce to po prostu nieprawda \u2013 \u017ce wi\u0119kszo\u015b\u0107 Palesty\u0144czyk\u00f3w, jak wykaza\u0142y kolejne sonda\u017ce od 7 pa\u017adziernika, uwa\u017ca utworzenie pa\u0144stwa u boku Izraela nie jako ostateczne porozumienie, ale krok w kierunku podboju ca\u0142ej ziemi \u201eod rzeki do morza\u201d. To jest sytuacja, z kt\u00f3r\u0105 Izrael musi si\u0119 zmierzy\u0107, gdy ma do czynienia z dyplomatami i innymi zagranicznymi urz\u0119dnikami, kt\u00f3rzy po cichu sympatyzuj\u0105 z ide\u0105, \u017ce pa\u0144stwa \u017cydowskiego w og\u00f3le nie powinno tam by\u0107.<\/span><\/p>\n<p style=\"text-align: left;\">\n<span style=\"color: #000080;\">Izabela Katolicka by\u0142aby dumna.<\/span><\/p>\n<\/div>\n<hr \/>\n<p style=\"text-align: left;\"><span style=\"color: #808080;\"><em><strong>Ben Cohen<\/strong> autor cotygodniowych felieton\u00f3w w JNS, publikowa\u0142 r\u00f3wnie\u017c w New York Post, The Wall Street Journal, Commentary, Haaretz i innych mediach.<\/em><\/span><\/p>\n<hr style=\"height: 15px; background: #d0e6fa; width: 100%;\" \/>\n<div id=\"content\" class=\"content-alignment\">\n<div id=\"watch-description\" class=\"yt-uix-button-panel\">\n<div id=\"watch-description-text\" style=\"text-align: center;\">\n<p><em>Zawarto\u015b\u0107 publikowanych artyku\u0142\u00f3w i materia\u0142\u00f3w nie reprezentuje pogl\u0105d\u00f3w ani opinii Reunion&#8217;68,<\/em><em><br \/>\nani te\u017c webmastera Blogu Reunion&#8217;68, chyba ze jest to wyra\u017anie zaznaczone.<br \/>\nTwoje uwagi, linki, w\u0142asne artyku\u0142y lub wiadomo\u015bci prze\u015blij na adres:<br \/>\n<\/em><span style=\"color: #000080;\"><strong><em><a style=\"color: #000080;\" href=\"mailto:webmaster@reunion68.com\"><span style=\"text-decoration: underline;\">webmaster@reunion68.com<\/span><\/a><\/em><\/strong><\/span><\/p>\n<\/div>\n<\/div>\n<\/div>\n<hr style=\"width: 100%;\" \/>\n","protected":false},"excerpt":{"rendered":"<p>Portret \u015blubny kr\u00f3lowej Izabeli I Kastylii i kr\u00f3la Ferdynanda II Aragonii, XV-wiecznych w\u0142adc\u00f3w Hiszpanii. \u0179r\u00f3d\u0142o: Wikipedia. UNRWA styka si\u0119 z hiszpa\u0144sk\u0105 inkwizycj\u0105 Ben Cohen T\u0142umaczenie: Ma\u0142gorzata Koraszewska Mo\u017ce dzieli ich siedem wiek\u00f3w, ale w przypadku narodu \u017cydowskiego podobie\u0144stwo jest wyra\u017anie widoczne. . Wsp\u00f3\u0142praca mi\u0119dzy UNRWA, agencj\u0105 ONZ zajmuj\u0105c\u0105 si\u0119 wy\u0142\u0105cznie uchod\u017acami palesty\u0144skimi i ich potomkami, [&hellip;]<\/p>\n","protected":false},"author":1,"featured_media":0,"comment_status":"closed","ping_status":"closed","sticky":false,"template":"","format":"standard","meta":[],"categories":[6],"tags":[26,24],"_links":{"self":[{"href":"https:\/\/www.reunion68.se\/index.php?rest_route=\/wp\/v2\/posts\/113104"}],"collection":[{"href":"https:\/\/www.reunion68.se\/index.php?rest_route=\/wp\/v2\/posts"}],"about":[{"href":"https:\/\/www.reunion68.se\/index.php?rest_route=\/wp\/v2\/types\/post"}],"author":[{"embeddable":true,"href":"https:\/\/www.reunion68.se\/index.php?rest_route=\/wp\/v2\/users\/1"}],"replies":[{"embeddable":true,"href":"https:\/\/www.reunion68.se\/index.php?rest_route=%2Fwp%2Fv2%2Fcomments&post=113104"}],"version-history":[{"count":4,"href":"https:\/\/www.reunion68.se\/index.php?rest_route=\/wp\/v2\/posts\/113104\/revisions"}],"predecessor-version":[{"id":113112,"href":"https:\/\/www.reunion68.se\/index.php?rest_route=\/wp\/v2\/posts\/113104\/revisions\/113112"}],"wp:attachment":[{"href":"https:\/\/www.reunion68.se\/index.php?rest_route=%2Fwp%2Fv2%2Fmedia&parent=113104"}],"wp:term":[{"taxonomy":"category","embeddable":true,"href":"https:\/\/www.reunion68.se\/index.php?rest_route=%2Fwp%2Fv2%2Fcategories&post=113104"},{"taxonomy":"post_tag","embeddable":true,"href":"https:\/\/www.reunion68.se\/index.php?rest_route=%2Fwp%2Fv2%2Ftags&post=113104"}],"curies":[{"name":"wp","href":"https:\/\/api.w.org\/{rel}","templated":true}]}}