{"id":113193,"date":"2024-05-27T17:00:19","date_gmt":"2024-05-27T15:00:19","guid":{"rendered":"http:\/\/www.reunion68.se\/?p=113193"},"modified":"2024-05-27T13:10:10","modified_gmt":"2024-05-27T11:10:10","slug":"02-00-98","status":"publish","type":"post","link":"https:\/\/www.reunion68.se\/?p=113193","title":{"rendered":"New Program Offers NYC 8th Graders Free School Trips to Holocaust Museum to Learn About Antisemitism"},"content":{"rendered":"<h5 style=\"text-align: center;\"><a href=\"https:\/\/www.algemeiner.com\/\" target=\"_blank\" rel=\"noopener noreferrer\"><img decoding=\"async\" class=\"center alignleft\" src=\"http:\/\/www.reunion68.com\/Biuletyn\/img\/algem.png\" alt=\"\" width=\"35%\" \/><\/a><span style=\"text-decoration: underline; color: #000080;\"><span><strong><a style=\"color: #000080; text-decoration: underline;\" href=\"https:\/\/www.algemeiner.com\/2024\/05\/24\/new-program-offers-nyc-8th-graders-free-school-trips-holocaust-museum-learn-antisemitism\/2024\/05\/24\/new-program-offers-nyc-8th-graders-free-school-trips-holocaust-museum-learn-antisemitism\/\" target=\"_blank\" rel=\"noopener noreferrer\">New Program Offers NYC 8th Graders Free School Trips to Holocaust Museum to Learn About Antisemitism<\/a><\/strong><\/span><\/span><\/h5>\n<p style=\"text-align: center;\"><span style=\"color: #000000;\"><strong>Shiryn Ghermezian<\/strong><\/span><\/p>\n<hr style=\"height: 15px; background: #d0e6fa; width: 100%;\" \/>\n<p style=\"text-align: center;\"><img decoding=\"async\" class=\"aligncenter\" src=\"https:\/\/www.algemeiner.com\/wp-content\/uploads\/2021\/01\/1024px-Museum_of_Jewish_Heritage_005.jpg\" width=\"100%\" \/><span style=\"color: #808080;\"><em>Aerial view of the Museum of Jewish Heritage, New York City. Photo: Gryffindor\/Wikimedia.<\/em><\/span><\/p>\n<p style=\"text-align: left;\"><span style=\"color: #000080;\">All eight graders from public and charter schools in New York City will be offered free field trips to visit the Museum of Jewish Heritage \u2014 A Living Memorial to the Holocaust and learn about antisemitism as part of a new initiative\u00a0<a style=\"color: #000080;\" href=\"https:\/\/mjhnyc.org\/press\/n-y-c-public-schools-will-send-8th-graders-to-visit-holocaust-museum\/\" target=\"_blank\" rel=\"noopener noreferrer\">announced<\/a>\u00a0on Thursday.<\/span><\/p>\n<p style=\"text-align: left;\"><span style=\"color: #000080;\">The Holocaust Education School Tours program will begin in the fall and be offered free of charge to more than 85,000 students in public and charter schools over the next three years. Specially trained museum educators will guide student groups through the museum\u2019s exhibitions, and work with schools to schedule tours and to provide free transportation. The museum will also hire additional education staff to help with the program.<\/span><\/p>\n<p style=\"text-align: left;\"><span style=\"color: #000080;\">The museum said the field trips \u201cwill provide critical education about the global history of antisemitism and propaganda, factors that precipitated the Holocaust, while fostering opportunities for students to reflect on the relevance of historical events to contemporary issues.\u201d New York is one of almost two dozen states where Holocaust education is required and educators have noted that the eighth and tenth grades are prime stages in a student\u2019s development to introduce Holocaust education, according to the museum.<\/span><\/p>\n<p style=\"text-align: left;\"><span style=\"color: #000080;\">The program was spearheaded by Julie Menin, a Jewish city councilwoman from Manhattan and a member of the council\u2019s Jewish Caucus. Menin\u2019s\u00a0<a style=\"color: #000080;\" href=\"https:\/\/council.nyc.gov\/julie-menin\/\" target=\"_blank\" rel=\"noopener noreferrer\">mother and grandmother survived the Holocaust<\/a>\u00a0in Hungary. She suggested the idea for the field trips following the Oct. 7 Hamas terrorist attacks on Israel, after realizing the urgent need to educate younger generations about the Holocaust and antisemitism.<\/span><\/p>\n<p style=\"text-align: left;\"><span style=\"color: #000080;\">New York City Public Schools Chancellor David C. Banks said there have been 281 incidents of religious bias in city schools since the Oct. 7 attacks and 42 percent of them have involved antisemitism.<\/span><\/p>\n<p style=\"text-align: left;\"><span style=\"color: #000080;\">\u201cWe must take decisive action as we witness the alarming\u00a0<a style=\"color: #000080;\" href=\"https:\/\/www.algemeiner.com\/2024\/04\/16\/antisemitic-hate-incidents-us-soar-140-percent-adl-reports-shocking-audit\/\" target=\"_blank\" rel=\"noopener noreferrer\">surge in antisemitic incidents<\/a>\u00a0in our city and across our country,\u201d Menin<b>\u00a0<\/b>said. \u201cWe needed a proactive approach to combat this hatred at its roots. This initiative, born out of personal conviction and a deep sense of responsibility, aims to ensure that every young mind comprehends the history of the Holocaust and the dangers of antisemitism. My hope is that through education and reflection, we can inoculate future generations against the horrors of the past.\u201d<\/span><\/p>\n<p style=\"text-align: left;\"><span style=\"color: #000080;\">The new program is part of a $2.5 million Holocaust education initiative that has received $1 million in funding from the Gray Foundation, which is co-founded by Jon Gray, the president of the investment firm Blackstone. The Gray Foundation has supported the Museum of Jewish Heritage since 2016.<\/span><\/p>\n<p style=\"text-align: left;\"><span style=\"color: #000080;\">The Museum of Jewish Heritage previously created an\u00a0<a style=\"color: #000080;\" href=\"https:\/\/education.mjhnyc.org\/antisemitism\/\" target=\"_blank\" rel=\"noopener noreferrer\">\u201ceducator antisemitism resource,\u201d<\/a>\u00a0to help teachers address questions about antisemitism, and is working with the New York City Department of Education to develop a new Holocaust teaching guide for teachers that will be released in the fall. The 2024-25 New York state budget allocated $500,000 for the review and update of Holocaust curricula in schools.<\/span><\/p>\n<p style=\"text-align: left;\"><span style=\"color: #000080;\">\u201cAs we witness a troubling resurgence of Holocaust denial and antisemitism around the world, it has never been more critical to ensure that younger generations are equipped with the knowledge and understanding of the Holocaust,\u201d said Jack Kliger, president and CEO of the Museum of Jewish Heritage. \u201cBy educating our youth about the horrors of the past, we strive to instill in them a sense of empathy, tolerance, and the resolve to prevent such atrocities from ever happening again.\u201d<\/span><\/p>\n<p style=\"text-align: left;\"><span style=\"color: #000080;\">Bruce Ratner, chairman of the board of trustees at the Museum of Jewish Heritage, said that by giving eighth graders in New York City more access to Holocaust education \u201cwe are taking a proactive stance against ignorance and prejudice.\u201d<\/span><\/p>\n<p style=\"text-align: left;\"><span style=\"color: #000080;\">\u201cWe believe that by understanding the consequences of hate, our youth can help build a future rooted in compassion, respect, and the steadfast commitment to never let history repeat itself,\u201d he added.<\/span><\/p>\n<p style=\"text-align: left;\"><span style=\"color: #000080;\">The Museum of Jewish Heritage opened in October 2023 its first exhibition designed for visitors aged 9 and up titled \u201cC<a style=\"color: #000080;\" href=\"https:\/\/mjhnyc.org\/exhibitions\/courage-to-act-rescue-in-denmark\/\" target=\"_blank\" rel=\"noopener noreferrer\">ourage to Act: Rescue in Denmark<\/a>,\u201d which highlights how Denmark\u2019s ordinary citizens united to save nearly 95 percent of the country\u2019s Jewish population during the Holocaust.<\/span><\/p>\n<hr style=\"height: 15px; background: #d0e6fa; width: 100%;\" \/>\n<div id=\"content\" class=\"content-alignment\">\n<div id=\"watch-description\" class=\"yt-uix-button-panel\">\n<div id=\"watch-description-text\" style=\"text-align: center;\">\n<p><em>Zawarto\u015b\u0107 publikowanych artyku\u0142\u00f3w i materia\u0142\u00f3w nie reprezentuje pogl\u0105d\u00f3w ani opinii Reunion&#8217;68,<\/em><em><br \/>\nani te\u017c webmastera Blogu Reunion&#8217;68, chyba ze jest to wyra\u017anie zaznaczone.<br \/>\nTwoje uwagi, linki, w\u0142asne artyku\u0142y lub wiadomo\u015bci prze\u015blij na adres:<br \/>\n<\/em><span style=\"color: #000080;\"><strong><em><a style=\"color: #000080;\" href=\"mailto:webmaster@reunion68.com\"><span style=\"text-decoration: underline;\">webmaster@reunion68.com<\/span><\/a><\/em><\/strong><\/span><\/p>\n<\/div>\n<\/div>\n<\/div>\n<hr style=\"width: 100%;\" \/>\n","protected":false},"excerpt":{"rendered":"<p>New Program Offers NYC 8th Graders Free School Trips to Holocaust Museum to Learn About Antisemitism Shiryn Ghermezian Aerial view of the Museum of Jewish Heritage, New York City. Photo: Gryffindor\/Wikimedia. All eight graders from public and charter schools in New York City will be offered free field trips to visit the Museum of Jewish [&hellip;]<\/p>\n","protected":false},"author":1,"featured_media":0,"comment_status":"closed","ping_status":"closed","sticky":false,"template":"","format":"standard","meta":[],"categories":[6],"tags":[26,24],"_links":{"self":[{"href":"https:\/\/www.reunion68.se\/index.php?rest_route=\/wp\/v2\/posts\/113193"}],"collection":[{"href":"https:\/\/www.reunion68.se\/index.php?rest_route=\/wp\/v2\/posts"}],"about":[{"href":"https:\/\/www.reunion68.se\/index.php?rest_route=\/wp\/v2\/types\/post"}],"author":[{"embeddable":true,"href":"https:\/\/www.reunion68.se\/index.php?rest_route=\/wp\/v2\/users\/1"}],"replies":[{"embeddable":true,"href":"https:\/\/www.reunion68.se\/index.php?rest_route=%2Fwp%2Fv2%2Fcomments&post=113193"}],"version-history":[{"count":4,"href":"https:\/\/www.reunion68.se\/index.php?rest_route=\/wp\/v2\/posts\/113193\/revisions"}],"predecessor-version":[{"id":113208,"href":"https:\/\/www.reunion68.se\/index.php?rest_route=\/wp\/v2\/posts\/113193\/revisions\/113208"}],"wp:attachment":[{"href":"https:\/\/www.reunion68.se\/index.php?rest_route=%2Fwp%2Fv2%2Fmedia&parent=113193"}],"wp:term":[{"taxonomy":"category","embeddable":true,"href":"https:\/\/www.reunion68.se\/index.php?rest_route=%2Fwp%2Fv2%2Fcategories&post=113193"},{"taxonomy":"post_tag","embeddable":true,"href":"https:\/\/www.reunion68.se\/index.php?rest_route=%2Fwp%2Fv2%2Ftags&post=113193"}],"curies":[{"name":"wp","href":"https:\/\/api.w.org\/{rel}","templated":true}]}}