{"id":113247,"date":"2024-05-30T17:09:10","date_gmt":"2024-05-30T15:09:10","guid":{"rendered":"http:\/\/www.reunion68.se\/?p=113247"},"modified":"2024-05-30T07:17:53","modified_gmt":"2024-05-30T05:17:53","slug":"05-09-95","status":"publish","type":"post","link":"https:\/\/www.reunion68.se\/?p=113247","title":{"rendered":"Prezydent Warszawy do uczestnik\u00f3w pogrzebu Ludwiki Wujec: sta\u0142a si\u0119 symbolem si\u0142y i odwagi"},"content":{"rendered":"<p style=\"text-align: center;\"><img decoding=\"async\" class=\"aligncenter\" src=\"https:\/\/dzieje.pl\/sites\/default\/files\/styles\/open_article_750x0_\/public\/202405\/pap_20240529_0WG.jpg?itok=cCy4Qu8s\" width=\"100%\" \/><span style=\"color: #808080;\"><em>Ludwika Wujec zosta\u0142a pochowana na Cmentarzu Pow\u0105zkowskim w Warszawie, fot. PAP\/P. Nowak<\/em><\/span><\/p>\n<hr \/>\n<h5 style=\"text-align: center;\"><a href=\"https:\/\/dzieje.pl\/\" target=\"_blank\" rel=\"noopener noreferrer\"><img decoding=\"async\" class=\"center alignleft\" src=\"http:\/\/www.reunion68.com\/Biuletyn\/img\/dzieje_logo.png\" alt=\"\" width=\"35%\" \/><\/a><span style=\"text-decoration: underline; color: #000080;\"><span><strong><a style=\"color: #000080; text-decoration: underline;\" href=\"https:\/\/dzieje.pl\/wiadomosci\/prezydent-warszawy-do-uczestnikow-pogrzebu-ludwiki-wujec-stala-sie-symbolem-sily-i\" target=\"_blank\" rel=\"noopener noreferrer\">Prezydent Warszawy do uczestnik\u00f3w pogrzebu Ludwiki Wujec: sta\u0142a si\u0119 symbolem si\u0142y i odwagi<\/a><\/strong><\/span><\/span><\/h5>\n<p style=\"text-align: center;\"><span style=\"color: #000000;\"><strong>Grzegorz Janikowski<\/strong><\/span><\/p>\n<hr style=\"height: 15px; background: #d0e6fa; width: 100%;\" \/>\n<p><strong>Dzi\u0119ki \u017cyciu pe\u0142nemu pasji do pomagania innym pani Ludwika sta\u0142a si\u0119 symbolem si\u0142y i odwagi &#8211; podkre\u015bli\u0142 prezydent Warszawy Rafa\u0142 Trzaskowski w li\u015bcie skierowanym do uczestnik\u00f3w uroczysto\u015bci pogrzebowych Ludwiki Wujec. Opozycjonistka okresu PRL i dzia\u0142aczka spo\u0142eczna spocz\u0119\u0142a na Pow\u0105zkach Wojskowych.<\/strong><\/p>\n<div class=\"field field--name-body field--type-text-with-summary field--label-hidden field__item\">\n<p style=\"text-align: left;\"><span style=\"color: #000080;\">W Domu Pogrzebowym na Pow\u0105zkach Wojskowych Ludwik\u0119 Wujec w \u015brod\u0119 po\u017cegnali rodzina i przyjaciele, a tak\u017ce politycy, przedstawiciele w\u0142adz pa\u0144stwowych i samorz\u0105dowych, ludzie kultury i arty\u015bci, m.in. by\u0142y prezydent Bronis\u0142aw Komorowski z ma\u0142\u017conk\u0105, marsza\u0142ek Senatu Ma\u0142gorzata Kidawa-B\u0142o\u0144ska, Bogdan Borusewicz, Czes\u0142aw Bielecki, Andrzej Celi\u0144ski, Adam Michnik, Konstanty Gebert, by\u0142a minister kultury prof. Ma\u0142gorzata Omilanowska i Maja Komorowska.<\/span><\/p>\n<p style=\"text-align: left;\"><span style=\"color: #000080;\">&#8220;Zobacz, Pawe\u0142ku, nikogo nie zaprasza\u0142am, a tyle os\u00f3b przysz\u0142o. Tak pewnie mama powiedzia\u0142aby, widz\u0105c was tutaj&#8221; &#8211; powiedzia\u0142 do uczestnik\u00f3w uroczysto\u015bci pogrzebowych syn zmar\u0142ej Pawe\u0142 Wujec.<\/span><\/p>\n<p style=\"text-align: left;\"><span style=\"color: #000080;\">&#8220;Ci\u0105gle mam przed oczami nasze ostatnie spotkania, nasze ostatnie rozmowy. Tydzie\u0144 temu, kiedy szykowali\u015bmy si\u0119 na podr\u00f3\u017c do hospicjum, ja mamie robi\u0142em zdj\u0119cia, a mama robi\u0142a miny do tych zdj\u0119\u0107&#8221; &#8211; m\u00f3wi\u0142. &#8220;W niedziel\u0119 jechali\u015bmy z kwiatami na Dzie\u0144 Matki, kiedy zadzwoni\u0142 telefon&#8221; &#8211; wyja\u015bni\u0142.<\/span><\/p>\n<p style=\"text-align: left;\"><span style=\"color: #000080;\">Pawe\u0142 Wujec przypomnia\u0142, \u017ce w niespe\u0142na cztery lata od \u015bmierci Henryka Wujca &#8220;mama przygotowa\u0142a i wyda\u0142a ksi\u0105\u017ck\u0119 z tekstami i wierszami Henia&#8221;. &#8220;Powsta\u0142 Fundusz Obywatelski im. Henryka Wujca, kt\u00f3ry pr\u0119\u017cnie dzia\u0142a. Jest Nagroda im. Henryka Wujca. Jest wspania\u0142y mural taty przy rondzie Wolnego Tybetu. Jest wreszcie sala jego imienia w nowym budynku Sejmu&#8221; &#8211; m\u00f3wi\u0142. &#8220;To wszystko oczywi\u015bcie zdarzy\u0142o si\u0119 z ogromn\u0105 pomoc\u0105 przyjaci\u00f3\u0142. Nic nie dzieje si\u0119 bez przyjaci\u00f3\u0142. (&#8230;) Ale te\u017c nic z tego nie wydarzy\u0142oby si\u0119 bez zaanga\u017cowania mojej mamy, bez jej pracowito\u015bci, bez ponagle\u0144, bez foch\u00f3w czasem. (&#8230;) Dla mnie to jest imponuj\u0105ce&#8221; &#8211; powiedzia\u0142.<\/span><\/p>\n<p style=\"text-align: left;\"><span style=\"color: #000080;\">&#8220;Zawsze b\u0119d\u0119 pami\u0119ta\u0107 i podziwia\u0107 mamy aktywno\u015b\u0107 i zdolno\u015b\u0107 dzia\u0142ania. (&#8230;) I tak \u017cy\u0142a naprawd\u0119 do ostatnich dni. Fantastyczna&#8221; &#8211; podkre\u015bli\u0142 Pawe\u0142 Wujec.<\/span><\/p>\n<p style=\"text-align: left;\"><span style=\"color: #000080;\">Kuba, wnuk zmar\u0142ej, wspomina\u0142, \u017ce &#8220;jeszcze tydzie\u0144 temu odwiedzili z tat\u0105 babci\u0119&#8221;. &#8220;Wiedzieli\u015bmy, \u017ce ju\u017c nic nie da si\u0119 zrobi\u0107. Siedzieli\u015bmy chwil\u0119 z babci\u0105 i rozmawiali\u015bmy&#8221; &#8211; m\u00f3wi\u0142. &#8220;Babcia kocha\u0142a opowiada\u0107 historie, a ja kocha\u0142em ich s\u0142ucha\u0107. To po prostu by\u0142o oczywiste, \u017ce jak siedzimy razem &#8211; to babcia opowie mi jak\u0105\u015b histori\u0119, a ja po drodze b\u0119d\u0119 \u017cartowa\u0142 i podpytywa\u0142&#8221; &#8211; wyja\u015bni\u0142.<\/span><\/p>\n<p style=\"text-align: left;\"><span style=\"color: #000080;\">&#8220;Siedzieli\u015bmy tak jeszcze chwil\u0119 i patrzyli\u015bmy na siebie. Powiedzia\u0142em babci, \u017ce ma pi\u0119kne b\u0142\u0119kitne oczy&#8221; &#8211; m\u00f3wi\u0142. &#8220;Patrzy\u0142em si\u0119 na nie ca\u0142e \u017cycie, ale nigdy wcze\u015bniej nie zauwa\u017cy\u0142em, jakie s\u0105 pi\u0119kne. Mo\u017ce przez to, \u017ce wiedzia\u0142em, \u017ce widz\u0119 si\u0119 z babci\u0105 ostatni raz, chcia\u0142em zapami\u0119ta\u0107 ten moment. (&#8230;) Babcia u\u015bmiechn\u0119\u0142a si\u0119 nie wymuszonym, ale szczerym u\u015bmiechem. Wida\u0107 by\u0142o, \u017ce sprawi\u0142o jej to rado\u015b\u0107&#8221; &#8211; powiedzia\u0142.<\/span><\/p>\n<p style=\"text-align: left;\"><span style=\"color: #000080;\">&#8220;Moja babcia by\u0142a silna, dobra, zabawna i strasznie m\u0105dra. Bardzo j\u0105 kocha\u0142em i b\u0119dzie mi jej piekielnie brakowa\u0107&#8221; &#8211; wyzna\u0142 Kuba Wujec.<\/span><\/p>\n<p style=\"text-align: left;\"><span style=\"color: #000080;\">&#8220;Z g\u0142\u0119bokim \u017calem przyj\u0105\u0142em wiadomo\u015b\u0107 o \u015bmierci Ludwiki Wujec, osoby bardzo wa\u017cnej i zas\u0142u\u017conej dla polskiej walki o wolno\u015b\u0107 i demokracj\u0119. Opozycjonistki z czas\u00f3w PRL, dzia\u0142aczki +Solidarno\u015bci+, za\u0142o\u017cycielki prasy podziemnej, oddanej asystentki Tadeusza Mazowieckiego podczas obrad Okr\u0105g\u0142ego Sto\u0142u, ale tak\u017ce wspania\u0142ego warszawskiego samorz\u0105dowca&#8221; &#8211; napisa\u0142 prezydent Warszawy Rafa\u0142 Trzaskowski w li\u015bcie do uczestnik\u00f3w uroczysto\u015bci pogrzebowych, kt\u00f3ry odczyta\u0142 jego zast\u0119pca Tomasz Bratek.<\/span><\/p>\n<p style=\"text-align: left;\"><span style=\"color: #000080;\">Podkre\u015bli\u0142: &#8220;S\u0142owa Ludwiki Wujec, \u017ce +nie chodzi o to, by pomaga\u0107 tylko swoim, trzeba pomaga\u0107 tym, kt\u00f3rzy tego potrzebuj\u0105, nawet je\u015bli nas nie rozumiej\u0105+, s\u0105 wyrazem zar\u00f3wno jej zaanga\u017cowania w dzia\u0142alno\u015b\u0107 spo\u0142eczn\u0105, jak i niez\u0142omnej postawy w walce o demokratyczne wolno\u015bci&#8221;.<\/span><\/p>\n<p style=\"text-align: left;\"><span style=\"color: #000080;\">&#8220;Dzi\u0119ki silnym przekonaniom i \u017cyciu pe\u0142nemu pasji do pomagania innym pani Ludwika sta\u0142a si\u0119 symbolem si\u0142y i odwagi, a jej wk\u0142ad w histori\u0119 naszego kraju pozostanie na zawsze niezapomniany&#8221; &#8211; napisa\u0142 prezydent. &#8220;Ludwika Wujec to r\u00f3wnie\u017c wzorzec szlachetnego zaanga\u017cowania w sprawy wsp\u00f3lne. Jej postawa i aktywno\u015b\u0107 zyska\u0142y szacunek i podziw wielu os\u00f3b, gdy w latach 1995-2002 zasiada\u0142a we w\u0142adzach warszawskiego samorz\u0105du, pe\u0142ni\u0105c funkcj\u0119 sekretarza i cz\u0142onkini Zarz\u0105du Gminy Warszawa Centrum&#8221; &#8211; przypomnia\u0142 w li\u015bcie Trzaskowski.<\/span><\/p>\n<p style=\"text-align: left;\"><span style=\"color: #000080;\">&#8220;Niech wspomnienie Ludwiki Wujec pozostanie z nami jako przypomnienie o sile ducha i po\u015bwi\u0119ceniu na rzecz lepszego jutra&#8221; &#8211; doda\u0142.<\/span><\/p>\n<p style=\"text-align: left;\"><span style=\"color: #000080;\">Uczennica Ludwiki Wujec prof. Monika P\u0142atek przyzna\u0142a, \u017ce &#8220;czasami los obdarza ludzi bez szczeg\u00f3lnych zas\u0142ug&#8221;. &#8220;Byli\u015bmy grup\u0105 zwyk\u0142ych, przeci\u0119tnych dzieciak\u00f3w, kt\u00f3rym si\u0119 tak nieprzeci\u0119tnie, niezwykle uda\u0142o. Ludwika Wujec uczy\u0142a nas matematyki, ale zosta\u0142a te\u017c wychowawczyni\u0105 naszej klasy Vd w szkole podstawowej przy ulicy Parkowej w Warszawie&#8221; &#8211; wspomina\u0142a. &#8220;Dzi\u0119ki niej stali\u015bmy si\u0119 klas\u0105 z klas\u0105. Przed ni\u0105 byli\u015bmy nauczani. Dzi\u0119ki niej zacz\u0119li\u015bmy si\u0119 uczy\u0107&#8221; &#8211; oceni\u0142a.<\/span><\/p>\n<p style=\"text-align: left;\"><span style=\"color: #000080;\">&#8220;Da\u0142a\u015b nam szcz\u0119\u015bliw\u0105, m\u0105dr\u0105 m\u0142odo\u015b\u0107. Nauczy\u0142a\u015b sztuki wolno\u015bci i dobrego, nienad\u0119tego, wolnego od patosu patriotyzmu. Sko\u0144czyli\u015bmy +podstaw\u00f3wk\u0119+, nie sko\u0144czyli\u015bmy spotka\u0144, kontakt\u00f3w, wsp\u00f3lnych wyjazd\u00f3w&#8221; &#8211; m\u00f3wi\u0142a. &#8220;Bo tak ju\u017c jest, \u017ce z Ludk\u0105 jak si\u0119 jest &#8211; to jest si\u0119 na ca\u0142e \u017cycie&#8221; &#8211; wyja\u015bni\u0142a.<\/span><\/p>\n<p style=\"text-align: left;\"><span style=\"color: #000080;\">&#8220;Dzi\u0119kujemy ci. Poniesiemy ci\u0119 dalej w naszych sercach i postaramy si\u0119 nie zawie\u015b\u0107&#8221; &#8211; podkre\u015bli\u0142a prof. Monika P\u0142atek.<\/span><\/p>\n<p style=\"text-align: left;\"><span style=\"color: #000080;\">Po ekumenicznej modlitwie, kt\u00f3r\u0105 odprawili ksi\u0105dz Andrzej Luter i naczelny rabin Polski Michael Schudrich, trumn\u0119 z cia\u0142em Ludwiki Wujec z\u0142o\u017cono w grobie rodzinnym.<\/span><\/p>\n<p style=\"text-align: left;\"><span style=\"color: #000080;\">Opozycjonistka okresu PRL, dzia\u0142aczka spo\u0142eczna, asystentka Tadeusza Mazowieckiego w czasie obrad Okr\u0105g\u0142ego Sto\u0142u Ludwika Wujec zmar\u0142a 26 maja w wieku 83 lat. (PAP)<\/span><\/p>\n<\/div>\n<hr style=\"height: 15px; background: #d0e6fa; width: 100%;\" \/>\n<div id=\"content\" class=\"content-alignment\">\n<div id=\"watch-description\" class=\"yt-uix-button-panel\">\n<div id=\"watch-description-text\" style=\"text-align: center;\">\n<p><em>Zawarto\u015b\u0107 publikowanych artyku\u0142\u00f3w i materia\u0142\u00f3w nie reprezentuje pogl\u0105d\u00f3w ani opinii Reunion&#8217;68,<\/em><em><br \/>\nani te\u017c webmastera Blogu Reunion&#8217;68, chyba ze jest to wyra\u017anie zaznaczone.<br \/>\nTwoje uwagi, linki, w\u0142asne artyku\u0142y lub wiadomo\u015bci prze\u015blij na adres:<br \/>\n<\/em><span style=\"color: #000080;\"><strong><em><a style=\"color: #000080;\" href=\"mailto:webmaster@reunion68.com\"><span style=\"text-decoration: underline;\">webmaster@reunion68.com<\/span><\/a><\/em><\/strong><\/span><\/p>\n<\/div>\n<\/div>\n<\/div>\n<hr style=\"width: 100%;\" \/>\n","protected":false},"excerpt":{"rendered":"<p>Ludwika Wujec zosta\u0142a pochowana na Cmentarzu Pow\u0105zkowskim w Warszawie, fot. PAP\/P. Nowak Prezydent Warszawy do uczestnik\u00f3w pogrzebu Ludwiki Wujec: sta\u0142a si\u0119 symbolem si\u0142y i odwagi Grzegorz Janikowski Dzi\u0119ki \u017cyciu pe\u0142nemu pasji do pomagania innym pani Ludwika sta\u0142a si\u0119 symbolem si\u0142y i odwagi &#8211; podkre\u015bli\u0142 prezydent Warszawy Rafa\u0142 Trzaskowski w li\u015bcie skierowanym do uczestnik\u00f3w uroczysto\u015bci pogrzebowych [&hellip;]<\/p>\n","protected":false},"author":1,"featured_media":0,"comment_status":"closed","ping_status":"closed","sticky":false,"template":"","format":"standard","meta":[],"categories":[6],"tags":[26,24],"_links":{"self":[{"href":"https:\/\/www.reunion68.se\/index.php?rest_route=\/wp\/v2\/posts\/113247"}],"collection":[{"href":"https:\/\/www.reunion68.se\/index.php?rest_route=\/wp\/v2\/posts"}],"about":[{"href":"https:\/\/www.reunion68.se\/index.php?rest_route=\/wp\/v2\/types\/post"}],"author":[{"embeddable":true,"href":"https:\/\/www.reunion68.se\/index.php?rest_route=\/wp\/v2\/users\/1"}],"replies":[{"embeddable":true,"href":"https:\/\/www.reunion68.se\/index.php?rest_route=%2Fwp%2Fv2%2Fcomments&post=113247"}],"version-history":[{"count":5,"href":"https:\/\/www.reunion68.se\/index.php?rest_route=\/wp\/v2\/posts\/113247\/revisions"}],"predecessor-version":[{"id":113256,"href":"https:\/\/www.reunion68.se\/index.php?rest_route=\/wp\/v2\/posts\/113247\/revisions\/113256"}],"wp:attachment":[{"href":"https:\/\/www.reunion68.se\/index.php?rest_route=%2Fwp%2Fv2%2Fmedia&parent=113247"}],"wp:term":[{"taxonomy":"category","embeddable":true,"href":"https:\/\/www.reunion68.se\/index.php?rest_route=%2Fwp%2Fv2%2Fcategories&post=113247"},{"taxonomy":"post_tag","embeddable":true,"href":"https:\/\/www.reunion68.se\/index.php?rest_route=%2Fwp%2Fv2%2Ftags&post=113247"}],"curies":[{"name":"wp","href":"https:\/\/api.w.org\/{rel}","templated":true}]}}