{"id":113289,"date":"2024-06-01T17:09:26","date_gmt":"2024-06-01T15:09:26","guid":{"rendered":"http:\/\/www.reunion68.se\/?p=113289"},"modified":"2024-06-01T13:18:51","modified_gmt":"2024-06-01T11:18:51","slug":"07-09-85","status":"publish","type":"post","link":"https:\/\/www.reunion68.se\/?p=113289","title":{"rendered":"W Madrycie w\u0142adz\u0119 sprawuje antyhiszpa\u0144ski rz\u0105d"},"content":{"rendered":"<p><img decoding=\"async\" class=\"aligncenter\" src=\"https:\/\/www.memri.org\/sites\/default\/files\/2024\/05\/mdb604.jpg\" width=\"100%\" \/><\/p>\n<hr \/>\n<h5 style=\"text-align: center;\"><a href=\"https:\/\/www.listyznaszegosadu.pl\/\" target=\"_blank\" rel=\"noopener noreferrer\"><img decoding=\"async\" class=\"center alignleft\" src=\"http:\/\/www.reunion68.com\/Biuletyn\/img\/z-naszego.jpg\" alt=\"\" width=\"50%\" \/><\/a><span style=\"text-decoration: underline; color: #000080;\"><strong><a style=\"color: #000080; text-decoration: underline;\" href=\"https:\/\/www.listyznaszegosadu.pl\/notatki\/w-madrycie-wladze-sprawuje-antyhiszpanski-rzad\" target=\"_blank\" rel=\"noopener noreferrer\">W Madrycie w\u0142adz\u0119 sprawuje antyhiszpa\u0144ski rz\u0105d<\/a><\/strong><\/span><\/h5>\n<p style=\"text-align: center;\"><span style=\"color: #000000;\"><strong>Alberto M. Fernandez<br \/>\n<\/strong><span style=\"color: #808080;\"><em>T\u0142umaczenie:<\/em> <\/span><strong>Malgorzata Koraszewska<\/strong><\/span><\/p>\n<hr style=\"height: 15px; background: #d0e6fa; width: 100%;\" \/>\n<div class=\"templateArticleIngress\">\n<p style=\"text-align: left;\"><span style=\"color: #000080;\">Wiadomo\u015b\u0107, \u017ce 28 maja 2024 roku Norwegia, Irlandia i Hiszpania uzna\u0142y pa\u0144stwo palesty\u0144skie przyku\u0142a uwag\u0119 \u015bwiata. Gratulacje dla kraj\u00f3w europejskich z\u0142o\u017cyli m.in. Hamas i talibowie. By\u0142y r\u00f3wnie\u017c ostre reakcje na t\u0119 decyzj\u0119 wszystkich tych trzech kraj\u00f3w, chocia\u017c wi\u0119kszo\u015b\u0107 gniewu i goryczy opinii publicznej skupi\u0142a si\u0119 na Hiszpanii.<\/span><\/p>\n<p style=\"text-align: left;\"><span style=\"color: #000080;\">Izraelski minister spraw zagranicznych Israel Katz odpowiedzia\u0142 27 maja,\u00a0oskar\u017caj\u0105c Hiszpani\u0119 o \u201enagradzanie terroryzmu\u201d i doda\u0142, \u017ce \u201edni Inkwizycji dobieg\u0142y ko\u0144ca\u201d.\u00a0<a style=\"color: #000080;\" href=\"about:blank#_edn1\">[1]<\/a>\u00a0Wcze\u015bniej ubolewa\u0142 nad o\u015bwiadczeniami hiszpa\u0144skich przedstawicieli, wspominaj\u0105c, \u017ce aby \u201ezrozumie\u0107, do czego naprawd\u0119 d\u0105\u017cy radykalny islam, powinna przestudiowa\u0107 700 lat rz\u0105d\u00f3w islamskich w Al-Andalus \u2013 dzisiejszej Hiszpanii\u201d.\u00a0<a style=\"color: #000080;\" href=\"about:blank#_edn2\">[2]<\/a>\u00a0Inne, nieoficjalne, proizraelskie g\u0142osy skupia\u0142y si\u0119 na wygnaniu \u017byd\u00f3w przez katolickich monarch\u00f3w Ferdynanda i Izabel\u0119 w 1492 r. oraz nawo\u0142ywa\u0142y do uznania niepodleg\u0142ej Katalonii.<\/span><\/p>\n<\/div>\n<div class=\"templateArticleBrodtext\">\n<p style=\"text-align: left;\"><span style=\"color: #000080;\">Jeszcze inni szydzili z hiszpa\u0144skiej historii i kultury, wymieniaj\u0105c z drwin\u0105 taniec flamenco lub walki byk\u00f3w. Ameryka\u0144ski konserwatysta Dennis Prager w swoim podca\u015bcie skomentowa\u0142, \u017ce \u201ekiedy Hiszpania wyrzuci\u0142a \u017byd\u00f3w w 1492 r., by\u0142a jedn\u0105 z najwi\u0119kszych pot\u0119g na ziemi. Po 1492 r. ludzie pytali: \u2018Gdzie jest Hiszpania?\u2019. Wraz z wyp\u0119dzeniem \u017byd\u00f3w w 1492 r., z dnia na dzie\u0144 sta\u0142a si\u0119 gigantyczna katastrofa i sta\u0142a si\u0119 niczym\u201d.\u00a0<a style=\"color: #000080;\" href=\"about:blank#_edn3\">[3]<\/a><\/span><\/p>\n<p style=\"text-align: left;\"><span style=\"color: #000080;\">Krytyka, czy to m\u0105dra, czy g\u0142upia, pokaza\u0142a podstawowe niezrozumienie dzisiejszej Hiszpanii, hiszpa\u0144skiej polityki oraz natury antysemityzmu i antyizraelskiej retoryki. To, co przydarzy\u0142o si\u0119 Hiszpanii i Izraelowi, nie jest bowiem jakim\u015b powrotem atawistycznej kastylijsko-katolickiej \u201enienawi\u015bci do \u017byd\u00f3w\u201d, ale czym\u015b bardziej powszechnym. To tak, jakby z\u0142owroga m\u0142odzie\u017c \u2013 po cz\u0119\u015bci komunistyczna, po cz\u0119\u015bci islamistyczna \u2013 kt\u00f3r\u0105 widzimy, jak protestuje w obronie Palestyny na kampusach uniwersyteckich na Zachodzie, faktycznie rz\u0105dzi\u0142a krajem.<\/span><\/p>\n<p style=\"text-align: left;\"><span style=\"color: #000080;\">Odpowiadanie na uznanie przez Hiszpani\u0119 pa\u0144stwa palesty\u0144skiego przypominaniem Inkwizycji, roku 1492, katolicyzmu lub walk byk\u00f3w mo\u017ce w niekt\u00f3rych kr\u0119gach wydawa\u0107 si\u0119 powierzchownie satysfakcjonuj\u0105ce, ale w rzeczywisto\u015bci jest niedorzeczne, poniewa\u017c obecni polityczni w\u0142adcy Hiszpanii gardz\u0105 tymi wszystkim rzeczami. Rz\u0105dz\u0105ca w Hiszpanii koalicja skrajnej lewicy z lewicowymi separatystami katalo\u0144sko-baskijskimi opowiada si\u0119 za niepodleg\u0142o\u015bci\u0105 Katalonii, jest \u0142agodna wobec historii islamskich rz\u0105d\u00f3w w Hiszpanii i jest niez\u0142omnie antykatolicka. To lewica w Hiszpanii chce zezwoli\u0107 na islamskie modlitwy w katedrze-meczecie w Kordobie. To lewica w Hiszpanii zach\u0119ca do nielegalnej imigracji z kraj\u00f3w muzu\u0142ma\u0144skich do Hiszpanii, co stanowi rodzaj przeciwdzia\u0142ania \u201erekonkwi\u015bcie\u201d. Woleliby wymaza\u0107 wszystko, co w Hiszpanii jest stare, charakterystyczne lub \u201ehiszpa\u0144skie\u201d. Separatystyczni w\u0142adcy Katalonii z rado\u015bci\u0105 przyj\u0119li migracj\u0119 islamu, a nawet rozprzestrzenianie si\u0119 salafizmu w swoim regionie, pod warunkiem, \u017ce nowo przybyli nie pope\u0142ni\u0105 grzechu g\u0142\u00f3wnego, jakim jest m\u00f3wienie po hiszpa\u0144sku.<\/span><\/p>\n<p style=\"text-align: left;\"><span style=\"color: #000080;\">Hiszpania ma najbardziej lewicowy rz\u0105d w Europie i jedyny, w kt\u00f3rym zasiadaj\u0105 prawdziwi zagorzali komuni\u015bci. Socjalistyczny premier Pedro Sanchez nie obj\u0105\u0142by dzi\u015b w\u0142adzy bez wsparcia komunistycznych sojusznik\u00f3w (rywalizuj\u0105cych ze sob\u0105, skrajnie lewicowych partii Sumar i Podemos) oraz bez aprobaty katalo\u0144skich i baskijskich separatyst\u00f3w, z kt\u00f3rych wi\u0119kszo\u015b\u0107 r\u00f3wnie\u017c sk\u0142ania si\u0119 w stron\u0119 lewicy. Cho\u0107 angloj\u0119zyczne media wiele ju\u017c wyla\u0142y atramentu na temat rzekomych niebezpiecze\u0144stw zwi\u0105zanych z prawic\u0105 w krajach takich jak W\u0119gry, Polska czy W\u0142ochy, lewicowy, skorumpowany i coraz bardziej autorytarny re\u017cim w Madrycie nie pojawia si\u0119 na ich radarze. Dzieje si\u0119 tak prawdopodobnie dlatego, \u017ce sama biurokracja UE sk\u0142ania si\u0119 w lewo. Natomiast szef polityki zagranicznej UE od 2019 r. Josep Borrell jest hiszpa\u0144skim katalo\u0144skim socjalist\u0105. Jego dawni towarzysze w Madrycie s\u0105 otwartymi sojusznikami Wenezueli i Kuby, a ich pogl\u0105dy na temat Izraela s\u0105 nawet bli\u017csze pogl\u0105dom zagorza\u0142ej lewicy Ameryki \u0141aci\u0144skiej ni\u017c partii socjaldemokratycznych w Europie Zachodniej. Sam Sanchez stale przesuwa\u0142 hiszpa\u0144skich socjalist\u00f3w (PSOE) na lewo od miejsca, w kt\u00f3rym znajdowali si\u0119 za czas\u00f3w premiera Felipe Gonzaleza.<\/span><\/p>\n<\/div>\n<p><img decoding=\"async\" class=\"aligncenter\" src=\"https:\/\/scontent.fbma6-1.fna.fbcdn.net\/v\/t39.30808-6\/396857720_877663223929712_1185272232222674213_n.jpg?_nc_cat=105&amp;ccb=1-7&amp;_nc_sid=5f2048&amp;_nc_ohc=3sBep0jAaZEQ7kNvgEGxzgd&amp;_nc_ht=scontent.fbma6-1.fna&amp;oh=00_AYAZqQ2pNJBSmepD-KukXeIgoDpxUO0yWodg_L6AokA8Jw&amp;oe=6660DE16\" width=\"100%\" \/><\/p>\n<p style=\"text-align: left;\"><span style=\"color: #000080;\">Hiszpania og\u0142osi\u0142a embargo na bro\u0144 do Izraela 7 pa\u017adziernika 2023 r., w chwili masakry \u017byd\u00f3w i przed jak\u0105kolwiek inwazj\u0105 w Gazie.\u00a0<a style=\"color: #000080;\" href=\"about:blank#_edn4\">[4]<\/a>\u00a0Najwi\u0119ksza ostra krytyka Izraela \u2013 wezwania do \u201eOd rzeki do morza\u201d i oskar\u017canie Izraela o ludob\u00f3jstwo rozpocz\u0119\u0142y si\u0119 dawno temu na hiszpa\u0144skiej skrajnej lewicy, a nast\u0119pnie stopniowo migrowa\u0142y do ca\u0142ej rz\u0105dz\u0105cej koalicji lewicowo-skrajnie lewicowej. Wicepremier Yolanda Diaz (Sumar) i by\u0142a minister r\u00f3wno\u015bci Irene Montero (Podemos) u\u017cy\u0142y go jako pierwsze, a potem w ko\u0144cu da\u0142o si\u0119 to us\u0142ysze\u0107 z ust socjalist\u00f3w, a 25 maja minister obrony Margarita Robles powiedzia\u0142a, \u017ce to, co Izrael robi w Gazie jest \u201eautentycznym ludob\u00f3jstwem\u201d.\u00a0<a style=\"color: #000080;\" href=\"about:blank#_edn5\">[5]<\/a><\/span><\/p>\n<p style=\"text-align: left;\">\n<span style=\"color: #000080;\">W Hiszpanii proizraelska jest prawica polityczna. To ta sama prawica, kt\u00f3ra jest monarchistyczna, konserwatywna, g\u0142\u00f3wnie katolicka i jest przeciwna niepodleg\u0142o\u015bci Katalonii, kt\u00f3ra jest tak\u017ce przeciwna lewicowym re\u017cimom w Ameryce \u0141aci\u0144skiej, jak Kuba i Wenezuela, i kt\u00f3ra jest przeciwna masowej fali nielegalnej imigracji do Hiszpanii, wspomaganej przez lewicowy rz\u0105d. Zdecydowanie najbardziej konsekwentnym proizraelskim g\u0142osem politycznym w Hiszpanii jest konserwatywna partia Vox (cz\u0119sto \u2013 fa\u0142szywie \u2013 opisywana przez lewic\u0119 i media jako \u201eskrajnie prawicowa\u201d lub \u201eultraprawicowa\u201d), trzecia co do wielko\u015bci partia w Hiszpanii. Centroprawicowa Partia Ludowa (PP) r\u00f3wnie\u017c jest bardziej proizraelsk\u0105 ni\u017c hiszpa\u0144ska lewica.<\/span><\/p>\n<p style=\"text-align: left;\">\n<span style=\"color: #000080;\">Rosn\u0105ca blisko\u015b\u0107 zachodnich partii lewicowych z islamskimi i importowanymi ideologiami \u201eantykolonialnymi\/antyimperialistycznymi\u201d jest zjawiskiem powszechnym. Hiszpania odgrywa wa\u017cn\u0105 rol\u0119 w tym r\u00f3wnaniu, poniewa\u017c lewica jest ju\u017c u w\u0142adzy i by\u0107 mo\u017ce stanowi model \u201epost\u0119powej\u201d polityki zagranicznej, kt\u00f3ry mo\u017ce b\u0119dziemy cz\u0119\u015bciej ogl\u0105da\u0107 na Zachodzie w miar\u0119 zmian demograficznych i presji na lewic\u0119 zar\u00f3wno ze strony w\u0142asnego skrajnie lewicowego skrzyd\u0142a, jak i wschodz\u0105cej populistycznej prawicy.<\/span><\/p>\n<p style=\"text-align: left;\">\n<span style=\"color: #000080;\">Dzisiejsza Hiszpania wygl\u0105da tak, jakby \u201eSzwadron\u201d z ameryka\u0144skiej Izby Reprezentant\u00f3w USA lub francuska LFI-NUPES rz\u0105dzi\u0142a krajem. Nie ma ani jednej modnej koncepcji ameryka\u0144skiej i europejskiej skrajnej lewicy, kt\u00f3ra nie zosta\u0142aby przyj\u0119ta lub przynajmniej, o kt\u00f3rej nie m\u00f3wiliby obecni rz\u0105dz\u0105cy w Madrycie. Je\u015bli chodzi o Gaz\u0119, imigracj\u0119, aborcj\u0119, eutanazj\u0119 i feminizm czwartej fali, s\u0105 oni wr\u0119cz przewidywalni.<\/span><\/p>\n<p style=\"text-align: left;\">\n<span style=\"color: #000080;\">Polityka w Hiszpanii wydaje si\u0119 coraz bardziej\u00a0<em>wenezuelska<\/em>. Kraj n\u0119kaj\u0105 bardzo powa\u017cne problemy gospodarcze i wysokie bezrobocie, pal\u0105ca kwestia separatyzmu katalo\u0144skiego i baskijskiego, z\u0142e zarz\u0105dzanie i katastrofalny spadek liczby urodze\u0144 \u2013 ale dzi\u015b w kraju najgor\u0119tsze obecnie problemy \u2013 promowane przez socjalist\u00f3w Sancheza i jego komunistycznych sojusznik\u00f3w \u2013 to antyizraelskie wrzaski, trwaj\u0105ca wojna na s\u0142owa z libertaria\u0144skim prezydentem Argentyny Javierem Mileim i wiecznie \u017cywa hiszpa\u0144ska kampania lewicowa przeciwko dawno zmar\u0142emu Caudillo Francisco Franco (zm. 1975) i wszystkim jego dzie\u0142om. Je\u015bli mo\u017cesz ci\u0105gle m\u00f3wi\u0107 o Gazie, Mileim i Franco, mo\u017cesz unikn\u0105\u0107 pyta\u0144 o korupcj\u0119 w rz\u0105dzie lub o \u0142amanie konstytucji poprzez nieuczciwe pakty z baskijskimi sympatykami terroryst\u00f3w i katalo\u0144skimi separatystami, lub o bezrobocie, niekompetencj\u0119 i coraz bardziej brutalny autorytaryzm pa\u0144stwowy. Mo\u017cna to zrobi\u0107 zw\u0142aszcza wtedy, gdy wi\u0119kszo\u015b\u0107 medi\u00f3w masz w kieszeni dzi\u0119ki dotacjom rz\u0105dowym.<\/span><\/p>\n<hr \/>\n<p style=\"text-align: left;\"><span style=\"color: #808080;\"><em>*<strong>Alberto M. Fernandez<\/strong> jest wiceprezesem MEMRI.<\/em><\/span><\/p>\n<hr style=\"height: 15px; background: #d0e6fa; width: 100%;\" \/>\n<div id=\"content\" class=\"content-alignment\">\n<div id=\"watch-description\" class=\"yt-uix-button-panel\">\n<div id=\"watch-description-text\" style=\"text-align: center;\">\n<p><em>Zawarto\u015b\u0107 publikowanych artyku\u0142\u00f3w i materia\u0142\u00f3w nie reprezentuje pogl\u0105d\u00f3w ani opinii Reunion&#8217;68,<\/em><em><br \/>\nani te\u017c webmastera Blogu Reunion&#8217;68, chyba ze jest to wyra\u017anie zaznaczone.<br \/>\nTwoje uwagi, linki, w\u0142asne artyku\u0142y lub wiadomo\u015bci prze\u015blij na adres:<br \/>\n<\/em><span style=\"color: #000080;\"><strong><em><a style=\"color: #000080;\" href=\"mailto:webmaster@reunion68.com\"><span style=\"text-decoration: underline;\">webmaster@reunion68.com<\/span><\/a><\/em><\/strong><\/span><\/p>\n<\/div>\n<\/div>\n<\/div>\n<hr style=\"width: 100%;\" \/>\n","protected":false},"excerpt":{"rendered":"<p>W Madrycie w\u0142adz\u0119 sprawuje antyhiszpa\u0144ski rz\u0105d Alberto M. Fernandez T\u0142umaczenie: Malgorzata Koraszewska Wiadomo\u015b\u0107, \u017ce 28 maja 2024 roku Norwegia, Irlandia i Hiszpania uzna\u0142y pa\u0144stwo palesty\u0144skie przyku\u0142a uwag\u0119 \u015bwiata. Gratulacje dla kraj\u00f3w europejskich z\u0142o\u017cyli m.in. Hamas i talibowie. By\u0142y r\u00f3wnie\u017c ostre reakcje na t\u0119 decyzj\u0119 wszystkich tych trzech kraj\u00f3w, chocia\u017c wi\u0119kszo\u015b\u0107 gniewu i goryczy opinii publicznej [&hellip;]<\/p>\n","protected":false},"author":1,"featured_media":0,"comment_status":"closed","ping_status":"closed","sticky":false,"template":"","format":"standard","meta":[],"categories":[6],"tags":[26,24],"_links":{"self":[{"href":"https:\/\/www.reunion68.se\/index.php?rest_route=\/wp\/v2\/posts\/113289"}],"collection":[{"href":"https:\/\/www.reunion68.se\/index.php?rest_route=\/wp\/v2\/posts"}],"about":[{"href":"https:\/\/www.reunion68.se\/index.php?rest_route=\/wp\/v2\/types\/post"}],"author":[{"embeddable":true,"href":"https:\/\/www.reunion68.se\/index.php?rest_route=\/wp\/v2\/users\/1"}],"replies":[{"embeddable":true,"href":"https:\/\/www.reunion68.se\/index.php?rest_route=%2Fwp%2Fv2%2Fcomments&post=113289"}],"version-history":[{"count":8,"href":"https:\/\/www.reunion68.se\/index.php?rest_route=\/wp\/v2\/posts\/113289\/revisions"}],"predecessor-version":[{"id":113302,"href":"https:\/\/www.reunion68.se\/index.php?rest_route=\/wp\/v2\/posts\/113289\/revisions\/113302"}],"wp:attachment":[{"href":"https:\/\/www.reunion68.se\/index.php?rest_route=%2Fwp%2Fv2%2Fmedia&parent=113289"}],"wp:term":[{"taxonomy":"category","embeddable":true,"href":"https:\/\/www.reunion68.se\/index.php?rest_route=%2Fwp%2Fv2%2Fcategories&post=113289"},{"taxonomy":"post_tag","embeddable":true,"href":"https:\/\/www.reunion68.se\/index.php?rest_route=%2Fwp%2Fv2%2Ftags&post=113289"}],"curies":[{"name":"wp","href":"https:\/\/api.w.org\/{rel}","templated":true}]}}