{"id":11329,"date":"2014-12-24T19:00:58","date_gmt":"2014-12-24T17:00:58","guid":{"rendered":"http:\/\/www.reunion68.se\/?p=11329"},"modified":"2014-12-23T09:39:23","modified_gmt":"2014-12-23T07:39:23","slug":"11329","status":"publish","type":"post","link":"https:\/\/www.reunion68.se\/?p=11329","title":{"rendered":"Post\u0119p i higiena"},"content":{"rendered":"<h5 style=\"text-align: center;\"><a href=\"http:\/\/www.zacheta.art.pl\/\" target=\"_blank\"><img decoding=\"async\" class=\"center alignleft\" src=\"http:\/\/www.reunion68.com\/Biuletyn\/img\/zacheta.png\" alt=\"\" \/><\/a><span style=\"text-decoration: underline; color: #000080;\"><span style=\"text-decoration: underline;\"><strong><a style=\"color: #000080; text-decoration: underline;\" href=\"http:\/\/www.zacheta.art.pl\/article\/view\/2205\/postep-i-higiena\" target=\"_blank\">Post\u0119p i higiena<\/a><\/strong><\/span><\/span><\/h5>\n<hr style=\"height: 15px; background: #d0e6fa; width: 710px;\" \/>\n<div style=\"width: 310px\" class=\"wp-caption alignright\"><img decoding=\"async\" src=\"http:\/\/www.zacheta.art.pl\/gfx\/db_pictures\/big\/005966.jpg\" alt=\"Zuza Zi\u00f3\u0142kowska, Rassenvermessung, 2014\" width=\"300\" \/><p class=\"wp-caption-text\"><center><span style=\"color: #000080;\"><em>Zuza Zi\u00f3\u0142kowska, Rassenvermessung, 2014 <\/em><\/span><\/center><\/p><\/div>\n<p style=\"text-align: left;\"><span style=\"color: #333333;\"><strong>Poj\u0119cie post\u0119pu jako rozwoju, udoskonalenia, przej\u015bcia od ni\u017cszego do wy\u017cszego etapu stanowi\u0142o jedn\u0105 z podstaw \u015bwiatopogl\u0105du encyklopedyst\u00f3w francuskich, my\u015blicieli o\u015bwiecenia oraz XIX-wiecznych pozytywist\u00f3w. By\u0142o tak\u017ce elementem mitu za\u0142o\u017cycielskiego nowoczesno\u015bci \u2013 budowy nowego, lepszego \u015bwiata.<\/strong><\/span><\/p>\n<p style=\"text-align: left;\"><span style=\"color: #000080;\">Charakterystyczna dla pocz\u0105tk\u00f3w poprzedniego stulecia wiara w post\u0119p wyra\u017ca\u0142a si\u0119 zar\u00f3wno w manifestach artystycznych, jak i nazwach nowych pr\u0105d\u00f3w: futuryzm, konstruktywizm, suprematyzm czy neoplastycyzm. Zwi\u0105zana z nimi nowoczesna architektura i design mia\u0142y wp\u0142yn\u0105\u0107 na zmian\u0119 nawyk\u00f3w i stylu \u017cycia mieszka\u0144c\u00f3w miast \u2013 poprzez now\u0105 form\u0119 kszta\u0142towa\u0107 te\u017c nowego cz\u0142owieka. Te utopijne idee za\u0142ama\u0142y si\u0119 w czasie kryzysu w dwudziestoleciu mi\u0119dzywojennym, a idea post\u0119pu i zwi\u0105zanej z nim in\u017cynierii spo\u0142ecznej zosta\u0142a przej\u0119ta przez tocz\u0105ce si\u0119 w systemach totalitarnych procesy dehumanizacyjne.<\/span><\/p>\n<p style=\"text-align: left;\"><span style=\"color: #000080;\">Prezentowana w Zach\u0119cie wystawa \u201ePost\u0119p i higiena\u201d po\u015bwi\u0119cona jest pu\u0142apkom modernizacji w kontek\u015bcie wsp\u00f3lnej dla sztuki i nauki pocz\u0105tk\u00f3w XX wieku idealistycznej wiary w post\u0119p i mo\u017cliwo\u015b\u0107 \u201eulepszania\u201d. Pomy\u015blana zosta\u0142a jako esej, kt\u00f3ry krytycznie analizuje zwi\u0105zek idei modernizmu z takimi zjawiskami jak in\u017cynieria genetyczna, eugenika czy badania nad czysto\u015bci\u0105 rasy, zwracaj\u0105c jednocze\u015bnie uwag\u0119 na ich wp\u0142yw na wsp\u00f3\u0142czesny \u015bwiat.<\/span><\/p>\n<p style=\"text-align: left;\"><span style=\"color: #000080;\">Wystawa sk\u0142ada si\u0119 z prac artyst\u00f3w polskich i zagranicznych, zrealizowanych w r\u00f3\u017cnorodnych mediach \u2013 malarstwo, instalacja, film czy fotografia \u2013 za\u015b kilka z nich zosta\u0142o przygotowanych specjalnie na t\u0119 ekspozycj\u0119. Kontekst dla nich buduje materia\u0142 historyczny, w tym plakaty, zdj\u0119cia archiwalne i dokumenty. Poprzez zestawienie prac wsp\u00f3\u0142czesnych z dzie\u0142ami z epoki, widz mierzy si\u0119 m.in. z tematyk\u0105 zdrowego spo\u0142ecze\u0144stwa, eugeniki, in\u017cynierii spo\u0142ecznej, higieny rasy, to\u017csamo\u015bci narodowej, problemem \u201einnego\u201d i wykluczeniami czy wreszcie z chirurgi\u0105 kosmetyczn\u0105 i autokreacj\u0105. \u201ePost\u0119p i higiena\u201d stawia pytania o to, co dzi\u015b pozosta\u0142o z idei modernizmu i w jakim kierunku zmierza wsp\u00f3\u0142czesna modernizacja.<\/span><\/p>\n<p style=\"text-align: left;\"><span style=\"color: #000080;\">Wystawie towarzyszy katalog z obszernym materia\u0142em wizualnym i tekstami autorstwa prof. Zygmunta Baumana, prof. Moniki P\u0142atek, prof. Piotra Juszkiewicza, ks. Adama Bonieckiego, dr. Mariusa Turdy oraz kuratorki Andy Rottenberg<\/span><\/p>\n<p style=\"text-align: right;\"><span style=\"color: #000080;\">Czytaj dalej tu: <span style=\"text-decoration: underline;\"><strong><a style=\"color: #000080; text-decoration: underline;\" href=\"http:\/\/www.zacheta.art.pl\/article\/view\/2205\/postep-i-higiena\" target=\"_blank\">Post\u0119p i higiena<\/a><\/strong><\/span><\/span><\/p>\n<hr style=\"height: 15px; background: #d0e6fa; width: 710px;\" \/>\n<div id=\"content\" class=\"  content-alignment&lt;br \/&gt;&lt;br \/&gt; \">\n<div id=\"watch-description\" class=\"yt-uix-button-panel\">\n<div id=\"watch-description-text\">\n<p style=\"text-align: center;\"><span style=\"color: #808080;\"> twoje uwagi, linki, wlasne artykuly, lub wiadomosci przeslij do: <strong><span style=\"text-decoration: underline;\"><span style=\"color: #808080; text-decoration: underline;\"><a href=\"mailto:webmaster@reunion68.com\">webmaster@reunion68.com<\/a><\/span><\/span><\/strong><\/span><\/p>\n<\/div>\n<\/div>\n<\/div>\n<p>&nbsp;<\/p>\n<hr style=\"width: 710px;\" \/>\n","protected":false},"excerpt":{"rendered":"<p>Post\u0119p i higiena Poj\u0119cie post\u0119pu jako rozwoju, udoskonalenia, przej\u015bcia od ni\u017cszego do wy\u017cszego etapu stanowi\u0142o jedn\u0105 z podstaw \u015bwiatopogl\u0105du encyklopedyst\u00f3w francuskich, my\u015blicieli o\u015bwiecenia oraz XIX-wiecznych pozytywist\u00f3w. By\u0142o tak\u017ce elementem mitu za\u0142o\u017cycielskiego nowoczesno\u015bci \u2013 budowy nowego, lepszego \u015bwiata. Charakterystyczna dla pocz\u0105tk\u00f3w poprzedniego stulecia wiara w post\u0119p wyra\u017ca\u0142a si\u0119 zar\u00f3wno w manifestach artystycznych, jak i nazwach nowych [&hellip;]<\/p>\n","protected":false},"author":1,"featured_media":0,"comment_status":"closed","ping_status":"closed","sticky":false,"template":"","format":"standard","meta":[],"categories":[6],"tags":[24],"_links":{"self":[{"href":"https:\/\/www.reunion68.se\/index.php?rest_route=\/wp\/v2\/posts\/11329"}],"collection":[{"href":"https:\/\/www.reunion68.se\/index.php?rest_route=\/wp\/v2\/posts"}],"about":[{"href":"https:\/\/www.reunion68.se\/index.php?rest_route=\/wp\/v2\/types\/post"}],"author":[{"embeddable":true,"href":"https:\/\/www.reunion68.se\/index.php?rest_route=\/wp\/v2\/users\/1"}],"replies":[{"embeddable":true,"href":"https:\/\/www.reunion68.se\/index.php?rest_route=%2Fwp%2Fv2%2Fcomments&post=11329"}],"version-history":[{"count":14,"href":"https:\/\/www.reunion68.se\/index.php?rest_route=\/wp\/v2\/posts\/11329\/revisions"}],"predecessor-version":[{"id":11332,"href":"https:\/\/www.reunion68.se\/index.php?rest_route=\/wp\/v2\/posts\/11329\/revisions\/11332"}],"wp:attachment":[{"href":"https:\/\/www.reunion68.se\/index.php?rest_route=%2Fwp%2Fv2%2Fmedia&parent=11329"}],"wp:term":[{"taxonomy":"category","embeddable":true,"href":"https:\/\/www.reunion68.se\/index.php?rest_route=%2Fwp%2Fv2%2Fcategories&post=11329"},{"taxonomy":"post_tag","embeddable":true,"href":"https:\/\/www.reunion68.se\/index.php?rest_route=%2Fwp%2Fv2%2Ftags&post=11329"}],"curies":[{"name":"wp","href":"https:\/\/api.w.org\/{rel}","templated":true}]}}