{"id":113398,"date":"2024-06-05T17:09:45","date_gmt":"2024-06-05T15:09:45","guid":{"rendered":"http:\/\/www.reunion68.se\/?p=113398"},"modified":"2024-06-05T10:14:04","modified_gmt":"2024-06-05T08:14:04","slug":"11-09-88","status":"publish","type":"post","link":"https:\/\/www.reunion68.se\/?p=113398","title":{"rendered":"Rafah przypomina nam o nikczemno\u015bci Hamasu"},"content":{"rendered":"<p style=\"text-align: center;\"><img decoding=\"async\" class=\"aligncenter\" src=\"https:\/\/cdn01.nyheter24.se\/e5a77f7d04b004a3020000000036023e01\/2024\/05\/29\/2110507\/ur_imageyjPYes.jpeg\" width=\"100%\" \/><span style=\"color: #808080;\"><em>Zdj\u0119cie zosta\u0142o po raz pierwszy opublikowane na azjatyckim koncie na Instagramie, na kt\u00f3rym udost\u0119pniono kilka zdj\u0119\u0107 zwi\u0105zanych z wojn\u0105 w Gazie.<\/em><\/span><\/p>\n<hr \/>\n<h5 style=\"text-align: center;\"><a href=\"https:\/\/www.listyznaszegosadu.pl\/\" target=\"_blank\" rel=\"noopener noreferrer\"><img decoding=\"async\" class=\"center alignleft\" src=\"http:\/\/www.reunion68.com\/Biuletyn\/img\/z-naszego.jpg\" alt=\"\" width=\"50%\" \/><\/a><span style=\"text-decoration: underline; color: #000080;\"><span><strong><a style=\"color: #000080; text-decoration: underline;\" href=\"https:\/\/www.listyznaszegosadu.pl\/brunatna-fala\/rafah-przypomina-nam-o-nikczemnosci-hamasudlaczego-tak-wielu-na-zachodzie-zdejmuje-odpowiedzialnosc-z-hamasu-za-katastrofe-w-gazie\" target=\"_blank\" rel=\"noopener noreferrer\">Rafah przypomina nam o nikczemno\u015bci Hamasu<\/a><\/strong><\/span><\/span><\/h5>\n<p style=\"text-align: center;\"><span style=\"color: #000000;\"><strong>Brendan O&#8217;Neill<br \/>\n<\/strong><span style=\"color: #808080;\"><em>T\u0142umaczenie: <\/em><\/span><strong>Ma\u0142gorzata Koraszewska<\/strong><\/span><\/p>\n<hr style=\"height: 15px; background: #d0e6fa; width: 100%;\" \/>\n<h4 style=\"text-align: center;\"><strong>Dlaczego tak wielu na Zachodzie zdejmuje odpowiedzialno\u015b\u0107 z Hamasu za katastrof\u0119 w Gazie?<\/strong><\/h4>\n<h4 style=\"text-align: left;\"><\/h4>\n<div class=\"templateArticleIngress\" style=\"text-align: left;\"><span style=\"color: #000080;\">Krytycy Izraela chocia\u017c raz maj\u0105 racj\u0119 &#8211; to okropne, \u017ce Rafah zamieniono w stref\u0119 wojny. Obraz\u0105 ludzko\u015bci jest fakt, \u017ce miasto do niedawna pe\u0142ne cywil\u00f3w uciekaj\u0105cych przed zniszczeniami wojennymi w innych cz\u0119\u015bciach Gazy zosta\u0142o teraz zmienione w piekielne pole bitwy. Ale kto to zrobi\u0142? Kto zdecydowa\u0142 si\u0119 wykorzysta\u0107 to miejsce schronienia cywil\u00f3w jako baz\u0119 do dalszego prowadzenia wojny? Kto wys\u0142a\u0142 tam swoich dow\u00f3dc\u00f3w wojskowych, ukry\u0142 tam amunicj\u0119, dlaczego stamt\u0105d wystrzeli\u0142 rakiety i wci\u0105gn\u0105\u0142 tam zak\u0142adnik\u00f3w? Kto ukry\u0142 machin\u0119 wojenn\u0105 w\u015br\u00f3d kobiet i dzieci w Rafah, wiedz\u0105c, \u017ce spowoduje to rozlew krwi?<\/span><\/div>\n<h4 style=\"text-align: left;\"><\/h4>\n<div class=\"templateArticleBrodtext\">\n<p style=\"text-align: left;\"><span style=\"color: #000080;\">To nie by\u0142 Izrael. Izrael pom\u00f3g\u0142 u\u0142atwi\u0107 ewakuacj\u0119 ponad\u00a0<a style=\"color: #000080;\" href=\"https:\/\/www.timesofisrael.com\/idf-estimates-950000-gazans-have-evacuated-from-rafah-amid-offensive\/\" target=\"_blank\" rel=\"noopener noreferrer\">900 tysi\u0119cy cywil\u00f3w<\/a>. To by\u0142 Hamas. Aby zobaczy\u0107 z\u0142o Hamasu, sp\u00f3jrz na Rafah.<\/span><\/p>\n<p style=\"text-align: left;\">\n<span style=\"color: #000080;\">Po wystrzeleniu przez Izrael rakiety, kt\u00f3ra wed\u0142ug informacji Hamasu uderzy\u0142a w ob\u00f3z dla wysiedlonych Palesty\u0144czyk\u00f3w w Rafah,\u00a0dosz\u0142o do \u201e<a style=\"color: #000080;\" href=\"https:\/\/www.nytimes.com\/2024\/05\/27\/world\/middleeast\/israel-rafah-civilian-deaths.html\" target=\"_blank\" rel=\"noopener noreferrer\">\u015bwiatowego oburzenia<\/a>\u201d. Wed\u0142ug ministerstwa zdrowia kierowanego przez Hamas w Gazie zgin\u0119\u0142o 45 cywil\u00f3w. Premier Izraela Benjamin Netanjahu nazwa\u0142 to \u201e<a style=\"color: #000080;\" href=\"https:\/\/www.telegraph.co.uk\/world-news\/2024\/05\/26\/at-least-20-palestinians-killed-as-air-strikes-hit-rafah\/\" target=\"_blank\" rel=\"noopener noreferrer\">tragicznym wypadkiem<\/a>\u201d. Materia\u0142 filmowy z p\u0142on\u0105cego obozu jest skrajnie ponury. [Ale to nie izraelska rakieta go spowodowa\u0142a \u2013M.K..] I to Hamas ponosi za to ostateczn\u0105 odpowiedzialno\u015b\u0107. To Hamas zmieni\u0142 Rafah w pierwsz\u0105 lini\u0119 frontu w swojej apokaliptycznej wojnie przeciwko \u017bydom. To Hamas zamieni\u0142 t\u0119 dawn\u0105 \u201ebezpieczn\u0105 stref\u0119\u201d w jedn\u0105 z najmniej bezpiecznych stref na Ziemi. Nic lepiej nie oddaje bezwzgl\u0119dno\u015bci i cynizmu islamofaszyst\u00f3w ni\u017c okrutny los, jaki spotyka obecnie Rafah.<\/span><\/p>\n<p style=\"text-align: left;\">\n<p style=\"text-align: left;\"><span style=\"color: #000080;\">Nie dowiesz si\u0119 o tym z publicznej dyskusji. Przegl\u0105d medi\u00f3w g\u0142\u00f3wnego nurtu lub tweet\u00f3w \u201eprzebudzonych\u201d pozwala wybaczy\u0107 my\u015blenie odbiorc\u00f3w medi\u00f3w, \u017ce Izrael atakuje Rafah dla sportu. Zar\u00f3wno stukni\u0119ta lewica, jak i\u00a0<a style=\"color: #000080;\" href=\"https:\/\/www.newsweek.com\/maga-response-israel-rafah-strike-1904976\" target=\"_blank\" rel=\"noopener noreferrer\">pokr\u0119cona prawica<\/a>\u00a0nawet nazywaj\u0105 \u201etragiczny wypadek\u201d w Rafah \u201eHolokaustem w Rafah\u201d. Jest to najbardziej obrzydliwa inwersja Holokaustu, w kt\u00f3rej s\u0142uszny po\u015bcig Izraela za faszystami, kt\u00f3rzy dokonali pogromu z 7 pa\u017adziernika, zostaje przemianowany na \u201efaszyzm\u201d; gdzie wojn\u0119 z ludob\u00f3jczymi terrorystami Hamasu ponownie postrzega si\u0119 jako \u201eludob\u00f3jstwo Palesty\u0144czyk\u00f3w\u201d. Wojna to pok\u00f3j, wolno\u015b\u0107 to niewolnictwo, antyfaszyzm to faszyzm.<\/span><\/p>\n<p style=\"text-align: left;\">\n<span style=\"color: #000080;\">Prawda jest taka, \u017ce Hamas nie tylko koszmarnym pogromem rozpocz\u0105\u0142 wojn\u0119 mi\u0119dzy Izraelem a Hamasem \u2013 ale tak\u017ce sprowadzi\u0142 j\u0105 do Rafah. \u015awiadomie, zdecydowanie i bez cho\u0107by przelotnej my\u015bli o wp\u0142ywie, jaki mo\u017ce to mie\u0107 na tamtejszych ludzi. Rzeczywi\u015bcie, jak niech\u0119tnie przyznaj\u0105 niekt\u00f3re doniesienia prasowe, Hamas\u00a0<a style=\"color: #000080;\" href=\"text=Hours%20before%20Sunday's%20strike%2C%20air,damaged%20north%20of%20Tel%20Aviv.\" target=\"_blank\" rel=\"noopener noreferrer\">zaatakowa\u0142 Izrael<\/a>\u00a0z Rafah na kilka godzin przed tym, jak Izrael odpowiedzia\u0142 ogniem rakietami, kt\u00f3re by\u0107 mo\u017ce po\u015brednio spowodowa\u0142y ten tragiczny wypadek. Hamas wystrzeli\u0142 osiem rakiet z Rafah w kierunku Tel Awiwu. Organizacja przechwala\u0142a si\u0119 swoim \u201e<a style=\"color: #000080;\" href=\"https:\/\/www.dw.com\/en\/israel-hamas-war-israel-strikes-rafah-after-hamas-barrage\/live-69184971\" target=\"_blank\" rel=\"noopener noreferrer\">powa\u017cnym atakiem rakietowym<\/a>\u201d. Hamas wykorzystywa\u0142 Rafah jako miejsce dzia\u0142a\u0144 wojennych. Wiadomo by\u0142o, jakie b\u0119d\u0105 konsekwencje. Hamas zaprosi\u0142 wojn\u0119 do Rafah i wojna nadesz\u0142a.<\/span><\/p>\n<p style=\"text-align: left;\">\n<span style=\"color: #000080;\">Od jakiego\u015b czasu Hamas czyni z Rafah g\u0142\u00f3wn\u0105 baz\u0119 swojej ludob\u00f3jczej krucjaty przeciwko pa\u0144stwu \u017cydowskiemu. N\u0119kany przez IDF w reszcie Strefy Gazy, Hamas ukry\u0142 si\u0119 w Rafah, \u201ebezpiecznym\u201d miejscu dalszego prowadzenia wojny. Izrael uwa\u017ca, \u017ce Hamasowi pozosta\u0142o sze\u015b\u0107 batalion\u00f3w i \u017ce\u00a0<a style=\"color: #000080;\" href=\"https:\/\/www.theguardian.com\/world\/article\/2024\/may\/26\/hamas-rocket-attack-tel-aviv-israel-gaza\" target=\"_blank\" rel=\"noopener noreferrer\">cztery z nich<\/a>\u00a0dzia\u0142aj\u0105 z Rafah. Z Rafah wystrzelono wiele rakiet. Jedna zabi\u0142a\u00a0<a style=\"color: #000080;\" href=\"https:\/\/www.bbc.com\/news\/world-middle-east-68960585\" target=\"_blank\" rel=\"noopener noreferrer\">czterech \u017co\u0142nierzy IDF<\/a>. Inne\u00a0<a style=\"color: #000080;\" href=\"https:\/\/www.timesofisrael.com\/liveblog_entry\/idf-strikes-rafah-rocket-launcher-used-to-target-israeli-towns-earlier-today\/\" target=\"_blank\" rel=\"noopener noreferrer\">spad\u0142y na terytorium Izraela<\/a>,\u00a0mia\u0142y zabija\u0107 \u017byd\u00f3w.\u00a0<a style=\"color: #000080;\" href=\"https:\/\/www.bbc.com\/news\/world-middle-east-68271340\" target=\"_blank\" rel=\"noopener noreferrer\">W Rafah<\/a>\u00a0przetrzymywani s\u0105 izraelscy zak\u0142adnicy. Hamas wykorzystuje Rafah jako baz\u0119 do prowokowania, szanta\u017cowania i atak\u00f3w na pa\u0144stwo \u017cydowskie. Je\u015bli nienawidzisz tego, co zdarzy\u0142o si\u0119 w Rafah, je\u015bli nienawidzisz tego, \u017ce miasto zosta\u0142o wci\u0105gni\u0119te w wir wojny, powiniene\u015b nienawidzi\u0107 Hamasu.<\/span><\/p>\n<p style=\"text-align: left;\">\n<span style=\"color: #000080;\">Oczywi\u015bcie elokwentni morali\u015bci z Zachodu, ha\u0142a\u015bliwi propagatorzy leniwego, poprawnego my\u015blenia, wol\u0105 nienawidzi\u0107 Izraela. Obwiniaj\u0105 Izrael za wszystko, nawet za rzeczy, kt\u00f3re zrobi\u0142 Hamas, takie w\u0142a\u015bnie jak skazanie Rafah na wojn\u0119. Katastrofa w Rafah powinna by\u0142a otworzy\u0107 oczy zachodnich opiniotw\u00f3rc\u00f3w na z\u0142o Hamasu. Na orze\u017awiaj\u0105c\u0105 prawd\u0119, \u017ce jest to ruch tak pozbawiony podstawowej przyzwoito\u015bci, \u017ce chce ukry\u0107 si\u0119 w\u015br\u00f3d infrastruktury humanitarnej, wykorzysta\u0107 miasto wyznaczone jako przestrze\u0144 bezpieczn\u0105 od\u00a0<em>wojny<\/em>. IDF\u00a0<a style=\"color: #000080;\" href=\"https:\/\/www.bbc.com\/news\/world-middle-east-68960585\" target=\"_blank\" rel=\"noopener noreferrer\">z pewno\u015bci\u0105 ma racj\u0119<\/a>, \u017ce wykorzystywanie przez Hamas Rafah do przechowywania broni, przetrzymywania zak\u0142adnik\u00f3w i strzelania rakietami stanowi \u201esystematyczn\u0105 eksploatacj\u0119 obiekt\u00f3w i przestrzeni humanitarnych\u201d.<\/span><\/p>\n<p style=\"text-align: left;\">\n<p style=\"text-align: left;\"><span style=\"color: #000080;\">A mimo to wielu na Zachodzie, zw\u0142aszcza tych o \u201eprzebudzonych\u201d przekonaniach, nie uwa\u017ca Hamasu za odpowiedzialnego za cokolwiek. Ich zbiorowy oskar\u017caj\u0105cy palec stale wskazuje na Izrael. Bez w\u0105tpienia uwa\u017caj\u0105 to stanowisko za \u201epost\u0119powe\u201d, a nawet \u201e<a style=\"color: #000080;\" href=\"https:\/\/www.spiked-online.com\/2023\/10\/29\/racism-in-the-mask-of-anti-imperialism\/\" target=\"_blank\" rel=\"noopener noreferrer\">antyimperialistyczne<\/a>\u201d, ale tak naprawd\u0119 w ich nieustannym uniewinnianiu Hamasu ujawnia si\u0119 ponury nurt rasowego paternalizmu. Wydaje si\u0119, \u017ce ich pogl\u0105d jest taki, \u017ce Izrael jest jedynym znacz\u0105cym aktorem w tym konflikcie, a Palesty\u0144czycy s\u0105 tylko ofiarami. Izrael podejmuje decyzje, Palesty\u0144czycy ponosz\u0105 konsekwencje \u2013 kropka.<\/span><\/p>\n<p style=\"text-align: left;\">\n<span style=\"color: #000080;\">To gadanie ca\u0142kowicie pozbawia palesty\u0144sk\u0105 stron\u0119 sprawczo\u015bci. Uwalnia to tak\u017ce od winy faszyst\u00f3w z Hamasu. Reprezentuje globalizacj\u0119 polityki to\u017csamo\u015bci, wed\u0142ug kt\u00f3rej tylko si\u0142y \u201ebia\u0142e\u201d mog\u0105 by\u0107 poci\u0105gane do odpowiedzialno\u015bci za to, co robi\u0105, podczas gdy si\u0142y \u201enie-bia\u0142e\u201d nale\u017cy usprawiedliwia\u0107, wyja\u015bnia\u0107 ich czyny i wybacza\u0107. Za d\u0119tym antykolonializmem izraelofobicznej lewicy kryje si\u0119 obrzydliwie kolonialne przekonanie, \u017ce Arabowie to w zasadzie przero\u015bni\u0119te dzieci, kt\u00f3rych nigdy nie nale\u017cy os\u0105dza\u0107 \u2013 nawet wtedy, gdy niewielka cz\u0119\u015b\u0107 tego narodu\u00a0<a style=\"color: #000080;\" href=\"https:\/\/www.spiked-online.com\/2023\/11\/07\/the-memory-holed-massacre\/\" target=\"_blank\" rel=\"noopener noreferrer\">rozpocznie pogrom przeciwko pa\u0144stwu \u017cydowskiemu<\/a>\u00a0i wywo\u0142a wojn\u0119 na \u00a0palesty\u0144skich terytoriach. Sp\u00f3jrzcie na podw\u00f3jny rasizm \u201eprzebudzonej\u201d lewicy: rasizm polegaj\u0105cy na nienawi\u015bci do pa\u0144stwa \u017cydowskiego ponad wszystko inne i rasizm polegaj\u0105cy na odmowie pot\u0119pienia Palesty\u0144czyk\u00f3w za cokolwiek i kiedykolwiek. Rasizm nierealistycznych oczekiwa\u0144 wobec Izraela i rasizm braku oczekiwa\u0144 wobec Palesty\u0144czyk\u00f3w.<\/span><\/p>\n<p style=\"text-align: left;\">\n<span style=\"color: #000080;\">Widzimy to cz\u0119sto w zachodnich relacjach z wojny Izrael-Hamas \u2013 niewidzialno\u015b\u0107 Hamasu. Pomy\u015bl o tym, jak rzadko s\u0142yszymy o operacjach Hamasu. O jego ostrzeliwaniu \u017co\u0142nierzy IDF. O jego minach-pu\u0142apkach w\u00a0<a style=\"color: #000080;\" href=\"https:\/\/www.reuters.com\/graphics\/ISRAEL-PALESTINIANS\/GAZA-TUNNELS\/gkvldmzorvb\/\" target=\"_blank\" rel=\"noopener noreferrer\">rozleg\u0142ej sieci tuneli<\/a>. Tak\u017ce o wystrzeliwaniu rakiet na Izrael. I, co najwa\u017cniejsze, ilu jego walcz\u0105cych ludzi zosta\u0142o zabitych przez IDF. Media g\u0142\u00f3wnego nurtu nie poczyni\u0142y \u017cadnych wysi\u0142k\u00f3w, aby dowiedzie\u0107 si\u0119, ile spo\u015br\u00f3d palesty\u0144skich ofiar \u015bmiertelnych w tej wojnie stanowili uzbrojeni faszy\u015bci z Hamasu, zabici w ramach rozpocz\u0119tej przez nich wojny przeciwko pa\u0144stwu \u017cydowskiemu. Obserwatorzy, kt\u00f3rzy postrzegaj\u0105 Izrael jako jedynego aktora w regionie godnego pot\u0119pienia, wymazuj\u0105 Hamas z katastrofy, kt\u00f3rej sam by\u0142 autorem. To oszuka\u0144cza propaganda wojenna udaj\u0105ca reporta\u017c.<\/span><\/p>\n<p style=\"text-align: left;\">\n<span style=\"color: #000080;\">Ko\u0144cowym rezultatem tego nieuczciwego przedstawiania Rafah jako miejsca zbrodni dokonywanej przez Izrael jest to, \u017ce Hamas zyskuje moraln\u0105 przykrywk\u0119, aby m\u00f3c kontynuowa\u0107 wojn\u0119 z \u017bydami. Kiedy Mi\u0119dzynarodowy Trybuna\u0142 Sprawiedliwo\u015bci\u00a0<a style=\"color: #000080;\" href=\"https:\/\/www.politico.eu\/article\/israel-halt-rafah-offensive-orders-un-top-international-court-justice\/\" target=\"_blank\" rel=\"noopener noreferrer\">wynio\u015ble \u017c\u0105da<\/a>, aby Izrael trzyma\u0142 si\u0119 z daleka od Rafah, zasadniczo m\u00f3wi: \u201ePozostawcie Rafah Hamasowi\u201d. Kiedy administracja Bidena pot\u0119pia Izrael\u00a0za \u201eniszczycielski\u201d atak rakietowy na Rafah, nie\u015bwiadomie o\u015bmiela terroryst\u00f3w z Rafah, kt\u00f3rzy pierwsi zaatakowali Izrael. A kiedy g\u0142\u00f3wny prokurator Mi\u0119dzynarodowego Trybuna\u0142u Karnego por\u00f3wnuje Hamas do\u00a0<a style=\"color: #000080;\" href=\"blank\" target=\"_blank\" rel=\"noopener noreferrer\">IRA<\/a>\u00a0i m\u00f3wi, \u017ce Wielka Brytania nie zbombardowa\u0142a Belfastu w latach siedemdziesi\u0105tych i dlatego Izrael nie powinien dzisiaj bombardowa\u0107 Rafah, demonstruje szokuj\u0105cy analfabetyzm historyczny i moralny globalistycznych elit; ich niezdolno\u015b\u0107 do zrozumienia, jak egzystencjalne jest zagro\u017cenie, jakie Hamas stanowi dla Izraela i jak bezbronna jest sama cywilizacja zachodnia wobec zagro\u017cenia ze strony radykalnego islamu.\u00a0<\/span><\/p>\n<p style=\"text-align: left;\">\n<p style=\"text-align: left;\"><span style=\"color: #000080;\">Je\u015bli na tym etapie wojny Izrael-Hamas nie pot\u0119piacie Hamasu, je\u015bli nie wzywacie go do oddania zak\u0142adnik\u00f3w i poddania si\u0119 Izraelowi, to jasne jest, \u017ce wasz\u0105 trosk\u0105 nie jest ratowanie \u017cycia Palesty\u0144czyk\u00f3w, ale upokorzenie pa\u0144stwa \u017cydowskiego. Nie walczycie o zako\u0144czenie wojny \u2013 dajecie os\u0142on\u0119 zbrodniom Hamasu. Wszyscy moralni ludzie, kt\u00f3rzy podobnie jak\u00a0<em>Spiked<\/em>\u00a0chc\u0105 ocali\u0107 Rafah i reszt\u0119 Palesty\u0144czyk\u00f3w przed dalsz\u0105 przemoc\u0105, powinni za priorytet uznawa\u0107 ca\u0142kowit\u0105 i ostateczn\u0105 kl\u0119sk\u0119 Hamasu.<\/span><\/p>\n<\/div>\n<hr \/>\n<p><strong>Od redakcji \u201eList\u00f3w z naszego sadu\u201d<\/strong><\/p>\n<p>Artyku\u0142 pisany przed ustaleniami armii izraelskiej. Dwie rakiety wystrzelone przez Izrael uderzy\u0142y w kom\u00f3rk\u0119 Hamasu znajduj\u0105c\u0105 si\u0119 w znacznej odleg\u0142o\u015bci od namiotowego obozu przesiedle\u0144c\u00f3w, likwiduj\u0105c dw\u00f3ch wysokich dow\u00f3dc\u00f3w Hamasu. By\u0142y to rakiety precyzyjne o ma\u0142ej szeroko\u015bci ra\u017cenia i nie mog\u0142y spowodowa\u0107 po\u017caru w odleg\u0142ym obozie. Pierwsze hipoteza, \u017ce od\u0142amek uderzy\u0142 w zbiornik paliwa szybko si\u0119 rozpad\u0142a, palesty\u0144skie nagrania i pods\u0142uchane rozmowy telefoniczne wskazuj\u0105, \u017ce w pobli\u017cu obozu wybuch\u0142 wy\u0142adowany amunicj\u0105 samoch\u00f3d terroryst\u00f3w. Prawdopodobie\u0144stwo, \u017ce ten wybuch spowodowa\u0142 od\u0142amek izraelskiej rakiety jest bliskie zera. Nadal s\u0105 tu powa\u017cne niejasno\u015bci. Pierwsza reakcja premiera Netanjahu by\u0142a typowa. Poniewa\u017c nie mo\u017cemy niczego wykluczy\u0107, zak\u0142adamy, \u017ce m\u00f3g\u0142 si\u0119 zdarzy\u0107 wypadek spowodowany przez nasz ogie\u0144 rakietowy. Podobnie jak w przypadku szpitala Al-Ahli, na oskar\u017cenie, \u017ce szpital zosta\u0142 zburzony i zgin\u0119\u0142y setki ludzi \u2013 Izrael odpowiedzia\u0142: nie znamy fakt\u00f3w, musimy zbada\u0107 co si\u0119 sta\u0142o. \u00d3wczesny polski wiceminister, MSZ, Pawe\u0142 Jab\u0142o\u0144ski natychmiast napisa\u0142:<\/p>\n<p>\u201eNie ma \u017cadnego usprawiedliwienia dla bombardowania szpitala Al-Ahli w Gazie, w kt\u00f3rym zgin\u0119\u0142y setki niewinnych cywil\u00f3w. Odpowiedzialni za t\u0119 zbrodni\u0119 musz\u0105 ponie\u015b\u0107 sprawiedliw\u0105 kar\u0119.\u201dZ wa\u017cnych przyczyn pa\u0144stwowych przesta\u0142 domaga\u0107 si\u0119sprawiedliwej kary, kiedy ponad wszelk\u0105 w\u0105tpliwo\u015b\u0107 okaza\u0142o si\u0119, \u017ce na parking szpitala spad\u0142a wadliwa palesty\u0144ska rakieta i zgin\u0119\u0142o dziesi\u0119ciokrotnie mniej ludzi ni\u017c k\u0142ama\u0142o ministerstwo Hamasu.<\/p>\n<p>R\u00f3wnie\u017c w tym przypadku wiemy ju\u017c ponad wszelk\u0105 w\u0105tpliwo\u015b\u0107, \u017ce \u017cadna izraelska rakieta nie uderzy\u0142a w ob\u00f3z przesiedle\u0144c\u00f3w, a przyczyny tragicznego po\u017caru nadal nie s\u0105 do ko\u0144ca jasne.<\/p>\n<hr style=\"height: 15px; background: #d0e6fa; width: 100%;\" \/>\n<div id=\"content\" class=\"content-alignment\">\n<div id=\"watch-description\" class=\"yt-uix-button-panel\">\n<div id=\"watch-description-text\" style=\"text-align: center;\">\n<p><em>Zawarto\u015b\u0107 publikowanych artyku\u0142\u00f3w i materia\u0142\u00f3w nie reprezentuje pogl\u0105d\u00f3w ani opinii Reunion&#8217;68,<\/em><em><br \/>\nani te\u017c webmastera Blogu Reunion&#8217;68, chyba ze jest to wyra\u017anie zaznaczone.<br \/>\nTwoje uwagi, linki, w\u0142asne artyku\u0142y lub wiadomo\u015bci prze\u015blij na adres:<br \/>\n<\/em><span style=\"color: #000080;\"><strong><em><a style=\"color: #000080;\" href=\"mailto:webmaster@reunion68.com\"><span style=\"text-decoration: underline;\">webmaster@reunion68.com<\/span><\/a><\/em><\/strong><\/span><\/p>\n<\/div>\n<\/div>\n<\/div>\n<hr style=\"width: 100%;\" \/>\n","protected":false},"excerpt":{"rendered":"<p>Zdj\u0119cie zosta\u0142o po raz pierwszy opublikowane na azjatyckim koncie na Instagramie, na kt\u00f3rym udost\u0119pniono kilka zdj\u0119\u0107 zwi\u0105zanych z wojn\u0105 w Gazie. Rafah przypomina nam o nikczemno\u015bci Hamasu Brendan O&#8217;Neill T\u0142umaczenie: Ma\u0142gorzata Koraszewska Dlaczego tak wielu na Zachodzie zdejmuje odpowiedzialno\u015b\u0107 z Hamasu za katastrof\u0119 w Gazie? Krytycy Izraela chocia\u017c raz maj\u0105 racj\u0119 &#8211; to okropne, \u017ce [&hellip;]<\/p>\n","protected":false},"author":1,"featured_media":0,"comment_status":"closed","ping_status":"closed","sticky":false,"template":"","format":"standard","meta":[],"categories":[6],"tags":[26,24],"_links":{"self":[{"href":"https:\/\/www.reunion68.se\/index.php?rest_route=\/wp\/v2\/posts\/113398"}],"collection":[{"href":"https:\/\/www.reunion68.se\/index.php?rest_route=\/wp\/v2\/posts"}],"about":[{"href":"https:\/\/www.reunion68.se\/index.php?rest_route=\/wp\/v2\/types\/post"}],"author":[{"embeddable":true,"href":"https:\/\/www.reunion68.se\/index.php?rest_route=\/wp\/v2\/users\/1"}],"replies":[{"embeddable":true,"href":"https:\/\/www.reunion68.se\/index.php?rest_route=%2Fwp%2Fv2%2Fcomments&post=113398"}],"version-history":[{"count":4,"href":"https:\/\/www.reunion68.se\/index.php?rest_route=\/wp\/v2\/posts\/113398\/revisions"}],"predecessor-version":[{"id":113405,"href":"https:\/\/www.reunion68.se\/index.php?rest_route=\/wp\/v2\/posts\/113398\/revisions\/113405"}],"wp:attachment":[{"href":"https:\/\/www.reunion68.se\/index.php?rest_route=%2Fwp%2Fv2%2Fmedia&parent=113398"}],"wp:term":[{"taxonomy":"category","embeddable":true,"href":"https:\/\/www.reunion68.se\/index.php?rest_route=%2Fwp%2Fv2%2Fcategories&post=113398"},{"taxonomy":"post_tag","embeddable":true,"href":"https:\/\/www.reunion68.se\/index.php?rest_route=%2Fwp%2Fv2%2Ftags&post=113398"}],"curies":[{"name":"wp","href":"https:\/\/api.w.org\/{rel}","templated":true}]}}