{"id":113415,"date":"2024-06-06T17:09:42","date_gmt":"2024-06-06T15:09:42","guid":{"rendered":"http:\/\/www.reunion68.se\/?p=113415"},"modified":"2024-06-06T08:04:56","modified_gmt":"2024-06-06T06:04:56","slug":"12-09-83","status":"publish","type":"post","link":"https:\/\/www.reunion68.se\/?p=113415","title":{"rendered":"W obronie krzy\u017ca"},"content":{"rendered":"<p style=\"text-align: left;\"><img decoding=\"async\" class=\"alignleft\" src=\"https:\/\/studioopinii.pl\/wp-content\/uploads\/2022\/01\/obraz-zawierajacy-osoba-wewnatrz-opis-wygenerowa.jpeg\" \/><strong><em>Dr Anna Strza\u0142kowska<\/em><\/strong><\/p>\n<p style=\"text-align: left;\"><em>Z zawodu psycholo\u017cka i socjolo\u017cka, nauczycielka akademicka, aktywna dzia\u0142aczka na rzecz praw cz\u0142owieka. Koordynatorka prac nad politykami r\u00f3wno\u015bci w Gda\u0144sku oraz zespo\u0142u eksperckiego ds. praw os\u00f3b LGBT+ w Radzie Konsultacyjnej Strajku Kobiet. Wsp\u00f3\u0142przewodnicz\u0105ca pierwszej kadencji Gda\u0144skiej Rady ds. R\u00f3wnego Traktowania przy Prezydencie Gda\u0144ska. Obecnie pracuje w Zespole ds. Praw Cz\u0142owieka w Zwi\u0105zku Miast Polskich. Jest za\u0142o\u017cycielk\u0105 Stowarzyszenia na rzecz Os\u00f3b LGBT+ Tolerado oraz Fundacji T\u0119czowe Rodziny.<\/em><\/p>\n<hr \/>\n<h5 style=\"text-align: center;\"><a href=\"https:\/\/studioopinii.pl\/\" target=\"_blank\" rel=\"noopener noreferrer\"><img decoding=\"async\" class=\"center alignleft\" src=\"http:\/\/www.reunion68.com\/Biuletyn\/img\/studio.png\" alt=\"\" width=\"35%\" \/><\/a><span style=\"text-decoration: underline; color: #000080;\"><span><strong><a style=\"color: #000080; text-decoration: underline;\" href=\"https:\/\/studioopinii.pl\/archiwa\/242405\" target=\"_blank\" rel=\"noopener noreferrer\">W obronie krzy\u017ca<\/a><\/strong><\/span><\/span><\/h5>\n<p style=\"text-align: center;\"><span style=\"color: #000000;\"><strong>Anna Strza\u0142kowska<\/strong><\/span><\/p>\n<hr style=\"height: 15px; background: #d0e6fa; width: 100%;\" \/>\n<p style=\"text-align: left;\"><span style=\"color: #000080;\">Warszawa jako pierwsze miasto w\u00a0Polsce wprowadza Standardy r\u00f3wnego traktowania. S\u0105\u00a0one realizacj\u0105 przyj\u0119tej kilka lat wcze\u015bniej strategii oraz\u00a0polityki r\u00f3\u017cnorodno\u015bci spo\u0142ecznej, zgodnie z\u00a0kt\u00f3rymi ma\u00a0by\u0107 ona miastem dbaj\u0105cym o\u00a0prawa wszystkich os\u00f3b oraz\u00a0konsekwentnie redukuj\u0105cym obszary wykluczenia i\u00a0nier\u00f3wnego traktowania. R\u00f3wny dost\u0119p do\u00a0miejskich us\u0142ug i\u00a0zasob\u00f3w rozumiany jest tu\u00a0jako znoszenie nie\u00a0tylko\u00a0barier architektonicznych, ale\u00a0tak\u017ce ekonomicznych, kulturowych i\u00a0psychologicznych.<\/span><\/p>\n<p style=\"text-align: left;\"><span style=\"color: #000080;\">Pomimo \u017ce\u00a0jest to\u00a0dokument wewn\u0119trzny, skierowany od\u00a0prezydenta miasta do\u00a0pracownik\u00f3w urz\u0119du, a\u00a0wi\u0119c\u00a0organu samorz\u0105du, najwi\u0119ksze emocje wywo\u0142a\u0142 zapis o\u00a0tym, \u017ce\u00a0<a id=\"post-242405-_Toc161992202\" style=\"color: #000080;\"><\/a><a id=\"post-242405-_Toc164605146\" style=\"color: #000080;\"><\/a><a id=\"post-242405-_Toc164607521\" style=\"color: #000080;\"><\/a><a id=\"post-242405-_Toc164868309\" style=\"color: #000080;\"><\/a>przestrzenie urz\u0119du s\u0105\u00a0miejscami neutralnymi religijnie. Og\u0142oszeniu Standard\u00f3w towarzyszy burza medialna. Tytu\u0142y prasowe w\u00a0atmosferze skandalu donosz\u0105, \u017ce\u00a0prezydent Rafa\u0142 Trzaskowski \u201ewyrzuca krzy\u017ce z\u00a0urz\u0119du\u201d, \u017ce\u00a0rozpocz\u0105\u0142 \u201eb\u00f3j o\u00a0krzy\u017ce\u201d i\u00a0\u201ezaczyna proces opi\u0142owywania katolik\u00f3w\u201d. Sprawa nabra\u0142a wagi pa\u0144stwowej. Wypowiedzieli si\u0119 wszyscy wa\u017cni i\u00a0mniej wa\u017cni politycy, prezydenci miast, publicy\u015bci, gwiazdy show-biznesu. Wypowiedzia\u0142 si\u0119 nawet sam Elon Musk. Oceny odnosi\u0142y si\u0119 do\u00a0leadow medialnych (bo\u00a0przecie\u017c nie\u00a0tre\u015bci dokumentu) i\u00a0by\u0142y zgodne z\u00a0lini\u0105 partyjn\u0105 lub polityk\u0105 instytucji, kt\u00f3r\u0105 dana osoba reprezentowa\u0142a. Prezes Kaczy\u0144ski grzmia\u0142 o\u00a0ataku na\u00a0\u201ewolno\u015b\u0107 religijn\u0105\u201d i\u00a0ca\u0142\u0105 \u201enasz\u0105 cywilizacj\u0119\u201d, kt\u00f3ra\u00a0jest \u201enajbardziej \u017cyczliwa cz\u0142owiekowi\u201d. Pos\u0142owie\u00a0<span class=\"tooltipsall tooltipsincontent classtoolTips37\" data-hasqtip=\"3\">PiS<\/span>\u00a0natychmiast przygotowali projekt uchwa\u0142y \u201ew obronie krzy\u017ca\u201d, kt\u00f3ry\u00a0ich zdaniem \u201ejest symbolem nie\u00a0tylko\u00a0wiary, ale\u00a0tak\u017ce warto\u015bci uniwersalnych, obejmuj\u0105cych prawa jednostki, kwestie r\u00f3wno\u015bci, wolno\u015bci, prawdy i\u00a0mi\u0142o\u015bci bli\u017aniego.\u201d Ordo Iuris z\u0142o\u017cy\u0142o doniesienie do\u00a0prokuratury o\u00a0mo\u017cliwo\u015bci pope\u0142nienia przez\u00a0prezydenta Warszawy przest\u0119pstwa. Wypowiedzia\u0142a si\u0119 r\u00f3wnie\u017c archidiecezja warszawska, \u017ce\u00a0to\u00a0dyskryminacja os\u00f3b wierz\u0105cych, a\u00a0dziennikarze mainstreamowych medi\u00f3w dopytywali, czy\u00a0dokument, aby na\u00a0pewno skonsultowano z\u00a0kuri\u0105 biskupi\u0105.<\/span><\/p>\n<p style=\"text-align: left;\"><span style=\"color: #000080;\">W\u00a0odpowiedzi na\u00a0tak\u00a0emocjonaln\u0105 reakcj\u0119 warto uporz\u0105dkowa\u0107 fakty oraz\u00a0odnie\u015b\u0107 si\u0119 do\u00a0zapis\u00f3w prawa.<\/span><\/p>\n<p style=\"text-align: left;\"><span style=\"color: #000080;\">Standard, o\u00a0kt\u00f3rym\u00a0mowa brzmi nast\u0119puj\u0105co: \u201eW budynkach urz\u0119du dost\u0119pnych dla os\u00f3b z\u00a0zewn\u0105trz oraz\u00a0podczas wydarze\u0144 organizowanych przez\u00a0urz\u0105d nie\u00a0eksponuje si\u0119 w\u00a0przestrzeni (np.\u00a0na\u00a0\u015bcianach, na\u00a0biurkach) \u017cadnych symboli zwi\u0105zanych z\u00a0okre\u015blon\u0105 religi\u0105 czy\u00a0wyznaniem\u201d i\u00a0ma\u00a0na\u00a0celu zagwarantowanie konstytucyjnej zasady wyra\u017conej w\u00a0art. 25.2, wed\u0142ug kt\u00f3rej\u00a0\u201eW\u0142adze publiczne w\u00a0Rzeczypospolitej Polskiej zachowuj\u0105 bezstronno\u015b\u0107 w\u00a0sprawach przekona\u0144 religijnych, \u015bwiatopogl\u0105dowych i\u00a0filozoficznych.\u201d<\/span><\/p>\n<p style=\"text-align: left;\"><span style=\"color: #000080;\">Wprowadzenie Standard\u00f3w nie\u00a0narusza konstytucyjnych gwarancji wolno\u015bci sumienia i\u00a0religii. W\u00a0dokumencie znalaz\u0142 si\u0119 zapis, \u017ce\u00a0symbole religijne noszone przez\u00a0osoby pracuj\u0105ce w\u00a0urz\u0119dzie na\u00a0u\u017cytek osobisty s\u0105\u00a0dozwolone. Zasada \u201euzewn\u0119trzniania\u201d swojej religii nie\u00a0zosta\u0142a w\u00a0\u017caden spos\u00f3b ograniczona. Urz\u0119dnicy i\u00a0urz\u0119dniczki wci\u0105\u017c maj\u0105 prawo nosi\u0107 symbole religijne np.\u00a0w\u00a0formie medalika, tatua\u017cu, opaski na\u00a0r\u0119ku.<\/span><\/p>\n<p style=\"text-align: left;\"><span style=\"color: #000080;\">W\u00a0Polsce obowi\u0105zuje rozdzia\u0142 pa\u0144stwa od\u00a0Ko\u015bcio\u0142a, od\u00a0Ko\u015bcio\u0142a katolickiego, bo\u00a0inne nie\u00a0maj\u0105 politycznego znaczenia ani realnej w\u0142adzy.<\/span><\/p>\n<p style=\"text-align: left;\"><span style=\"color: #000080;\">Warto przypomnie\u0107, \u017ce\u00a0umowa zawarta ze\u00a0Stolic\u0105 Apostolsk\u0105, czyli Konkordat, tylko\u00a0potwierdza, \u017ce\u00a0\u201ePa\u0144stwo\u00a0i\u00a0Ko\u015bci\u00f3\u0142\u00a0Katolicki s\u0105\u00a0\u2013 ka\u017cde w\u00a0swej dziedzinie \u2013 niezale\u017cne i\u00a0autonomiczne oraz\u00a0zobowi\u0105zuj\u0105 si\u0119 do\u00a0pe\u0142nego poszanowania tej\u00a0zasady we\u00a0wzajemnych stosunkach (\u2026)\u201d<\/span><\/p>\n<p style=\"text-align: left;\"><span style=\"color: #000080;\">Standardy r\u00f3wnego traktowania dotycz\u0105 przestrzeni urz\u0119du, czyli miejsca pracy. Jako instytucja publiczna, zgodnie z\u00a0Kodeksem pracy jest zobowi\u0105zana nie\u00a0tylko\u00a0do\u00a0reagowania na\u00a0dyskryminacj\u0119, ale\u00a0r\u00f3wnie\u017c stworzenia takiego miejsca pracy, kt\u00f3re minimalizuje prawdopodobie\u0144stwo napi\u0119\u0107 prowadz\u0105cych do\u00a0dyskryminacji. Zarz\u0105dzenie, o\u00a0kt\u00f3rym\u00a0mowa, jest nie\u00a0tylko\u00a0zgodne z\u00a0obowi\u0105zuj\u0105cymi przepisami, ale\u00a0wr\u0119cz z\u00a0nich wynika \u2013 wskazuj\u0105 prawnicy i\u00a0prawniczki Polskiego Towarzystwa Prawa Antydyskryminacyjnego w\u00a0Polsce.<\/span><\/p>\n<p style=\"text-align: left;\"><span style=\"color: #000080;\">R\u00f3wno\u015b\u0107 wobec prawa sprawdza si\u0119, wykonuj\u0105c prosty test \u2013 czy\u00a0ka\u017cda inna grupa mia\u0142aby prawo zrobi\u0107 to\u00a0samo, co\u00a0grupa wi\u0119kszo\u015bciowa? Na\u00a0przyk\u0142ad, czy\u00a0powo\u0142uj\u0105c si\u0119 na\u00a0zapis Konstytucji m\u00f3wi\u0105cy, \u017ce\u00a0\u201eKo\u015bcio\u0142y i\u00a0inne zwi\u0105zki wyznaniowe s\u0105\u00a0r\u00f3wnouprawnione\u201d przedstawiciele pozosta\u0142ych religii w\u00a0Polsce mieliby prawo bez\u00a0\u017cadnego wniosku, pro\u015bby, podania, a\u00a0nawet rozmowy umie\u015bci\u0107 sw\u00f3j symbol religijny tam, gdzie wisi dzisiaj krzy\u017c katolicki? Krzy\u017ce w\u00a0Polsce wisz\u0105 wsz\u0119dzie: w\u00a0urz\u0119dach, szko\u0142ach, na\u00a0pocztach, w\u00a0szpitalnych salach, a\u00a0nawet na\u00a0sali sejmowej. W\u00a0Sejmie krzy\u017c zawis\u0142 w\u00a01997 roku. By\u0142a to\u00a0prywatna inicjatywa dw\u00f3ch pos\u0142\u00f3w, kt\u00f3rzy\u00a0noc\u0105 powiesili krucyfiks. Bez\u00a0\u017cadnego trybu. Wyobra\u017amy sobie, \u017ce\u00a0obok god\u0142a pa\u0144stwowego w\u00a0miejscach publicznych wisz\u0105 krzy\u017ce i\u00a0inne symbole religijne wszystkich zwi\u0105zk\u00f3w wyznaniowych i\u00a0religii w\u00a0Polsce, a\u00a0jest ich, lekko licz\u0105c, kilkadziesi\u0105t.<\/span><\/p>\n<p style=\"text-align: left;\"><span style=\"color: #000080;\">Argument\u00f3w merytorycznych jest o\u00a0wiele wi\u0119cej, ale\u00a0przecie\u017c nie\u00a0chodzi tu\u00a0o\u00a0argumenty ani zapisy prawa. Chodzi o\u00a0wzbudzenie emocji, o\u00a0walk\u0119 polityczn\u0105, o\u00a0pokazanie si\u0142y i\u00a0tego, kto tu\u00a0rz\u0105dzi. Walka nie\u00a0jest o\u00a0krzy\u017c, ale\u00a0o\u00a0w\u0142adz\u0119. Krzy\u017c sta\u0142 si\u0119 tylko\u00a0narz\u0119dziem tej\u00a0walki. Sami katolicy i\u00a0katoliczki widz\u0105c t\u0119\u00a0sytuacj\u0119, protestuj\u0105 wobec takiego \u201eu\u017cywania\u201d krzy\u017ca. Wierz\u0105cy zacz\u0119li m\u00f3wi\u0107, \u017ce\u00a0to, co\u00a0si\u0119 dzieje w\u00a0Sejmie i\u00a0na\u00a0radach miasta pod\u00a0krzy\u017cem jest jego najwi\u0119ksz\u0105 profanacj\u0105, a\u00a0wieszanie krzy\u017ca wsz\u0119dzie jest jego desakralizacj\u0105. Inna sprawa, \u017ce\u00a0krzy\u017c dla wielu grup w\u00a0Polsce, w\u00a0szczeg\u00f3lno\u015bci tych najbardziej nara\u017conych na\u00a0dyskryminacj\u0119 nie\u00a0jest, jak by\u00a0chcieli jego partyjni \u201eobro\u0144cy\u201d, symbolem \u201er\u00f3wno\u015bci i\u00a0mi\u0142o\u015b\u0107 bli\u017aniego\u201d. Wr\u0119cz przeciwnie, jest znakiem w\u0142adzy, kt\u00f3ra\u00a0u\u017cywa si\u0142y i\u00a0kojarzy si\u0119 z\u00a0opresj\u0105 oraz\u00a0wykluczeniem. Dowod\u00f3w na\u00a0to\u00a0jest nazbyt wiele, aby je\u00a0przytacza\u0107, odsy\u0142am tutaj tylko\u00a0do\u00a0wynik\u00f3w bada\u0144 zrealizowanych na\u00a0zam\u00f3wienie katolickiego Magazynu Kontakt. Znajdziemy tam obszern\u0105 analiz\u0119 ponad 800 wypowiedzi polskich biskup\u00f3w rzymskokatolickich, kt\u00f3rzy\u00a0powo\u0142uj\u0105c si\u0119 na\u00a0krzy\u017c, katechizm i\u00a0katolick\u0105 wiar\u0119 m\u00f3wi\u0105 najbardziej ksenofobiczne, homofobiczne i\u00a0wykluczaj\u0105ce rzeczy o\u00a0uchod\u017acach, migrantach i\u00a0osobach\u00a0<span class=\"tooltipsall tooltipsincontent classtoolTips30\" data-hasqtip=\"0\">LGBT<\/span>+.<\/span><\/p>\n<p style=\"text-align: left;\"><span style=\"color: #000080;\">Wrzawa medialna wok\u00f3\u0142 standard\u00f3w i\u00a0kwestii neutralno\u015bci \u015bwiatopogl\u0105dowej przestrzeni urz\u0119du wybucha podczas kolejnej, kampanii wyborczej, tym razem do\u00a0parlamentu europejskiego. W\u00a0takich warunkach sztaby i\u00a0media poszukuj\u0105 \u201etemat\u00f3w wyborczych\u201d. Konwencje wyborcze nie\u00a0wzbudzaj\u0105 ju\u017c \u017cadnych emocji, a\u00a0one s\u0105\u00a0konieczne do\u00a0mobilizacji elektoratu. Wzburzenie moralne i\u00a0zainteresowanie spraw\u0105 zarz\u0105dzenia Prezydenta Trzaskowskiego umilknie zaraz po\u00a0og\u0142oszeniu wynik\u00f3w wybor\u00f3w. Co\u00a0z\u00a0tego zostanie? Czy\u00a0zdob\u0119dziemy si\u0119 na\u00a0dyskusj\u0119 o\u00a0uregulowaniu faktycznych stosunk\u00f3w mi\u0119dzy Rzecz\u0105pospolit\u0105 Polsk\u0105 a\u00a0Ko\u015bcio\u0142em Katolickim? Czy\u00a0wzorem katolickiej Irlandii, o\u00a0kt\u00f3rej\u00a0pisze w\u00a0swojej ksi\u0105\u017cce Marta Abramowicz, Polska wstanie z\u00a0kolan? (\u201eIrlandia wstaje z\u00a0kolan\u201d, wyd. KP). Irlandczycy rozliczyli ko\u015bci\u00f3\u0142 ze\u00a0wszystkich nadu\u017cy\u0107, uznaj\u0105c rozdzia\u0142 pa\u0144stwa od\u00a0Ko\u015bcio\u0142a, g\u0142osami wierz\u0105cych uchwalili ma\u0142\u017ce\u0144stwa dla wszystkich, prawa kobiet, znie\u015bli zakaz rozwod\u00f3w\u2026 Pozostaj\u0105c wiernymi nauce Chrystusa i\u00a0zachowuj\u0105c swoj\u0105 katolick\u0105 to\u017csamo\u015b\u0107 odrzucili krzywdz\u0105c\u0105 w\u0142adz\u0119 instytucji Ko\u015bcio\u0142a katolickiego. Oni tego dokonali g\u0142osami zwyk\u0142ych ludzi, g\u0142osami wyborc\u00f3w i\u00a0wyborczy\u0144. Mo\u017cna.<\/span><\/p>\n<hr style=\"height: 15px; background: #d0e6fa; width: 100%;\" \/>\n<div id=\"content\" class=\"content-alignment\">\n<div id=\"watch-description\" class=\"yt-uix-button-panel\">\n<div id=\"watch-description-text\" style=\"text-align: center;\">\n<p><em>Zawarto\u015b\u0107 publikowanych artyku\u0142\u00f3w i materia\u0142\u00f3w nie reprezentuje pogl\u0105d\u00f3w ani opinii Reunion&#8217;68,<\/em><em><br \/>\nani te\u017c webmastera Blogu Reunion&#8217;68, chyba ze jest to wyra\u017anie zaznaczone.<br \/>\nTwoje uwagi, linki, w\u0142asne artyku\u0142y lub wiadomo\u015bci prze\u015blij na adres:<br \/>\n<\/em><span style=\"color: #000080;\"><strong><em><a style=\"color: #000080;\" href=\"mailto:webmaster@reunion68.com\"><span style=\"text-decoration: underline;\">webmaster@reunion68.com<\/span><\/a><\/em><\/strong><\/span><\/p>\n<\/div>\n<\/div>\n<\/div>\n<hr style=\"width: 100%;\" \/>\n","protected":false},"excerpt":{"rendered":"<p>Dr Anna Strza\u0142kowska Z zawodu psycholo\u017cka i socjolo\u017cka, nauczycielka akademicka, aktywna dzia\u0142aczka na rzecz praw cz\u0142owieka. Koordynatorka prac nad politykami r\u00f3wno\u015bci w Gda\u0144sku oraz zespo\u0142u eksperckiego ds. praw os\u00f3b LGBT+ w Radzie Konsultacyjnej Strajku Kobiet. Wsp\u00f3\u0142przewodnicz\u0105ca pierwszej kadencji Gda\u0144skiej Rady ds. R\u00f3wnego Traktowania przy Prezydencie Gda\u0144ska. Obecnie pracuje w Zespole ds. Praw Cz\u0142owieka w Zwi\u0105zku [&hellip;]<\/p>\n","protected":false},"author":1,"featured_media":0,"comment_status":"closed","ping_status":"closed","sticky":false,"template":"","format":"standard","meta":[],"categories":[6],"tags":[26,24],"_links":{"self":[{"href":"https:\/\/www.reunion68.se\/index.php?rest_route=\/wp\/v2\/posts\/113415"}],"collection":[{"href":"https:\/\/www.reunion68.se\/index.php?rest_route=\/wp\/v2\/posts"}],"about":[{"href":"https:\/\/www.reunion68.se\/index.php?rest_route=\/wp\/v2\/types\/post"}],"author":[{"embeddable":true,"href":"https:\/\/www.reunion68.se\/index.php?rest_route=\/wp\/v2\/users\/1"}],"replies":[{"embeddable":true,"href":"https:\/\/www.reunion68.se\/index.php?rest_route=%2Fwp%2Fv2%2Fcomments&post=113415"}],"version-history":[{"count":5,"href":"https:\/\/www.reunion68.se\/index.php?rest_route=\/wp\/v2\/posts\/113415\/revisions"}],"predecessor-version":[{"id":113425,"href":"https:\/\/www.reunion68.se\/index.php?rest_route=\/wp\/v2\/posts\/113415\/revisions\/113425"}],"wp:attachment":[{"href":"https:\/\/www.reunion68.se\/index.php?rest_route=%2Fwp%2Fv2%2Fmedia&parent=113415"}],"wp:term":[{"taxonomy":"category","embeddable":true,"href":"https:\/\/www.reunion68.se\/index.php?rest_route=%2Fwp%2Fv2%2Fcategories&post=113415"},{"taxonomy":"post_tag","embeddable":true,"href":"https:\/\/www.reunion68.se\/index.php?rest_route=%2Fwp%2Fv2%2Ftags&post=113415"}],"curies":[{"name":"wp","href":"https:\/\/api.w.org\/{rel}","templated":true}]}}