{"id":113457,"date":"2024-06-08T17:05:12","date_gmt":"2024-06-08T15:05:12","guid":{"rendered":"http:\/\/www.reunion68.se\/?p=113457"},"modified":"2024-06-08T08:22:57","modified_gmt":"2024-06-08T06:22:57","slug":"14-09-96","status":"publish","type":"post","link":"https:\/\/www.reunion68.se\/?p=113457","title":{"rendered":"Nie \u017cyje policjant, zaatakowany na wiecu w Mannheim. &#8220;Koniec z fa\u0142szyw\u0105 tolerancj\u0105"},"content":{"rendered":"<p style=\"text-align: center;\"><img decoding=\"async\" class=\"aligncenter\" src=\"https:\/\/bi.im-g.pl\/im\/af\/96\/1d\/z31025327IHG,Stoisko-informacyjne-skrajnie-prawicowej-partii-Bu.jpg\" width=\"100%\"><span style=\"color: #808080;\"><em>Stoisko informacyjne skrajnie prawicowej partii Buergerbewegung Pax Europa (BPE) na centralnym rynku miasta Mannheim w Niemczech, gdzie m\u0119\u017cczyzna zaatakowa\u0142 ludzi no\u017cem, 31 maja 2024 r.<\/em><\/span><\/p>\n<hr>\n<h5 style=\"text-align: center;\"><a href=\"https:\/\/wyborcza.pl\/\" target=\"_blank\" rel=\"noopener noreferrer\"><img decoding=\"async\" class=\"center alignleft\" src=\"http:\/\/www.reunion68.com\/Biuletyn\/img\/wyborcza.png\" alt=\"\" width=\"35%\"><\/a><span style=\"text-decoration: underline; color: #000080;\"><strong><a style=\"color: #000080; text-decoration: underline;\" href=\"https:\/\/wyborcza.pl\/7,75399,31025206,nie-zyje-policjant-zaatakowany-przez-afganczyka-w-mannheim.html\" target=\"_blank\" rel=\"noopener noreferrer\">Nie \u017cyje policjant, zaatakowany na wiecu w Mannheim. &#8220;Koniec z fa\u0142szyw\u0105 tolerancj\u0105<\/a><\/strong><\/span><\/h5>\n<p style=\"text-align: center;\"><span style=\"color: #000000;\"><strong>Micha\u0142 Kokot<\/strong><\/span><\/p>\n<hr style=\"height: 15px; background: #d0e6fa; width: 100%;\">\n<p style=\"text-align: center;\"><img decoding=\"async\" class=\"aligncenter\" src=\"https:\/\/bi.im-g.pl\/im\/ae\/96\/1d\/z31025326AMP,Mezczyzna-atakuje-ludzi-nozem-przy-stoisku-informa.jpg\" width=\"100%\"><span style=\"color: #808080;\"><em>M\u0119\u017cczyzna atakuje ludzi no\u017cem przy stoisku informacyjnym skrajnie prawicowej partii Buergerbewegung Pax Europa (BPE) na centralnym rynku miasta Mannheim w Niemczech, 31 maja 2024 r. (Fot. REUTERS\/Buergerbewegung Pax Europa)<\/em><\/span><\/p>\n<div class=\"text--lead \" style=\"text-align: left;\" data-progress-bar-content=\"\"><span style=\"color: #000080;\">Zpowodu odniesionych ran zmar\u0142 policjant, kt\u00f3ry ubezpiecza\u0142 antyislamski wiec w Mannheim. Politycy w Niemczech zapowiadaj\u0105 dzia\u0142ania wobec radykalnych islamist\u00f3w.<\/span><\/div>\n<div class=\"column-54\" style=\"text-align: left;\" data-position=\"54,4\"><\/div>\n<div class=\"article--underlead\" style=\"text-align: left;\"><span style=\"color: #000080;\">29-letni policjant nie zosta\u0142 ju\u017c wybudzony ze \u015bpi\u0105czki farmakologicznej i zmar\u0142 w szpitalu niedziel\u0119 p\u00f3\u017anym popo\u0142udniem. Dwa dni wcze\u015bniej, pe\u0142ni\u0142 s\u0142u\u017cb\u0119 w Mannheim podczas niewielkiego zgromadzenia antyislamskiego ruchu \u201ePax Europa&#8221;, wzywaj\u0105cego m.in. do zakazu budowania meczet\u00f3w w Niemczech.<\/span><\/div>\n<div style=\"text-align: left;\">\n<span style=\"color: #000080;\">W grupk\u0119 jego uczestnik\u00f3w wszed\u0142 w\u00f3wczas z no\u017cem 25-letni Afga\u0144czyk i zacz\u0105\u0142 natychmiast zadawa\u0107 ciosy no\u017cem. Najwi\u0119ksze obra\u017cenia odni\u00f3s\u0142 policjant, ugodzony przez napastnika w kark i g\u0142ow\u0119.<\/span><\/p>\n<h4 class=\"text--title font-head-700\"><strong>Christian Lindner: Koniec z fa\u0142szyw\u0105 tolerancj\u0105<\/strong><\/h4>\n<p class=\"text--paragraph\"><span style=\"color: #000080;\">Do tragicznego wydarzenia odnie\u015bli si\u0119 najwa\u017cniejsi politycy w kraju. Kanclerz&nbsp;<a style=\"color: #000080;\" href=\"https:\/\/wyborcza.pl\/0,128956.html?tag=Olaf+Scholz#anchorLink\">Olaf Scholz<\/a>&nbsp;(SPD) napisa\u0142, \u017ce \u015bmier\u0107 policjanta \u201eporuszy\u0142a go do g\u0142\u0119bi&#8221;.<\/span><\/p>\n<p class=\"text--paragraph\"><span style=\"color: #000080;\">\u201eJego zaanga\u017cowanie w bezpiecze\u0144stwo nas wszystkich zas\u0142uguje na najwy\u017csze uznanie. Moje my\u015bli s\u0105 z jego rodzin\u0105 i wszystkimi, kt\u00f3rzy op\u0142akuj\u0105 go w tych gorzkich godzinach&#8221; \u2013 napisa\u0142 Scholz w serwisie X.<\/span><\/p>\n<p class=\"text--paragraph\"><span style=\"color: #000080;\">\u201eOdwa\u017cnie interweniowa\u0142, by ratowa\u0107 \u017cycie. Zgin\u0105\u0142 w s\u0142u\u017cbie naszego bezpiecze\u0144stwa&#8221; \u2013 doda\u0142a Nancy Feaser (SPD), szefowa MSW.<\/span><\/p>\n<p class=\"text--paragraph\"><span style=\"color: #000080;\">Prezydent&nbsp;<a style=\"color: #000080;\" href=\"https:\/\/wyborcza.pl\/0,128956.html?tag=niemcy#anchorLink\">Niemiec<\/a>&nbsp;Frank-Walter Steinmeier wyrazi\u0142 swoje zaniepokojenie \u201ebrutalizacj\u0105 debaty politycznej i rosn\u0105c\u0105 sk\u0142onno\u015bci\u0105 do przemocy w naszym kraju&#8221;.&nbsp;\u2013 Tak dalej by\u0107 nie mo\u017ce. Przemoc zagra\u017ca temu, co sprawi\u0142o, \u017ce nasza demokracja jest silna \u2013 stwierdzi\u0142.<\/span><\/p>\n<p class=\"text--paragraph\"><span style=\"color: #000080;\">W\u015br\u00f3d cz\u0142onk\u00f3w niemieckiego rz\u0105du pojawi\u0142y si\u0119 r\u00f3wnie\u017c deklaracje dzia\u0142a\u0144, kt\u00f3re maj\u0105 w przysz\u0142o\u015bci zapobiec dalszych aktom przemocy motywowanym religijnie.<\/span><\/p>\n<p class=\"text--paragraph\"><span style=\"color: #000080;\">Christian Lindner, minister finans\u00f3w oraz przyw\u00f3dca liberalnej partii FDP, zapowiedzia\u0142 wzmocnienie finansowe policji w celu zwalczania islamskiego radykalizmu.<\/span><\/p>\n<p class=\"text--paragraph\"><span style=\"color: #000080;\">\u201eJestem w\u015bciek\u0142y, widz\u0105c to, co dzieje si\u0119 w naszym kraju. Musimy si\u0119 broni\u0107 przed islamskim terroryzmem. Koniec z fa\u0142szyw\u0105 tolerancj\u0105&#8221; \u2013 zapowiedzia\u0142 Lindner.<\/span><\/p>\n<h4 class=\"text--title font-head-700\"><strong>Atak w Mannheim. Co wiadomo o napastniku<\/strong><\/h4>\n<p class=\"text--paragraph\"><span style=\"color: #000080;\">W niedzielne popo\u0142udnie na ulice Mannheim wysz\u0142o 800 os\u00f3b w prote\u015bcie przeciwko przemocy. Na miejscu, gdzie zamordowany zosta\u0142 policjant, mieszka\u0144cy sk\u0142adali kwiaty, w\u015br\u00f3d nich kto\u015b po\u0142o\u017cy\u0142 kartk\u0119 \u201eTen, kto atakuje policj\u0119, atakuje nas wszystkich!&#8221;.<\/span><\/p>\n<p><span style=\"color: #000080;\">Tego samego dnia na rynek w Mannheim wysz\u0142o te\u017c ok. 150 cz\u0142onk\u00f3w M\u0142odej Alternatywy (JA), m\u0142odzie\u017c\u00f3wki skrajnie prawicowej partii Alternatywy dla Niemiec (AfD). Domagali si\u0119 tzw. remigracji (deportacji wszystkich os\u00f3b, kt\u00f3re nie urodzi\u0142y si\u0119 w Niemczech). Przeciwko nim wyst\u0105pi\u0142a grupa 40 os\u00f3b Antify, krzycz\u0105c \u201eNazi\u015bci, wynocha!&#8221;. Policja rozdziela\u0142a obydwie strony.<\/span><\/p>\n<p class=\"text--paragraph\"><span style=\"color: #000080;\">Zmar\u0142y w niedziel\u0119 policjant by\u0142 najci\u0119\u017cej rann\u0105 osob\u0105 podczas pi\u0105tkowego wiecu ruchu \u201ePax Europa&#8221;. Napastnik rani\u0142 jeszcze czworo innych ludzi, zanim zosta\u0142 postrzelony przez innego funkcjonariusza.<\/span><\/p>\n<p class=\"text--paragraph\"><span style=\"color: #000080;\">Atakuj\u0105cym okaza\u0142 si\u0119 25-letni Afga\u0144czyk, kt\u00f3ry od 2013 r. przebywa legalnie w Niemczech i ma prawo sta\u0142ego pobytu. Jest \u017conaty i ma dw\u00f3jk\u0119 dzieci. Dot\u0105d nie by\u0142 znany policji z dzia\u0142a\u0144 ekstremistycznych. Prokuratura postawi\u0142a mu zarzut morderstwa i wystosowa\u0142a wniosek o umieszczenie w areszcie. M\u0119\u017cczyzna przebywa obecnie w szpitalu.<\/span><\/p>\n<h4 class=\"text--title font-head-700\"><strong>&#8220;Pax Europa&#8221;: Nasz przyw\u00f3dca by\u0142 g\u0142\u00f3wny celem<\/strong><\/h4>\n<p class=\"text--paragraph\"><span style=\"color: #000080;\">Hospitalizowany jest te\u017c Michael St\u00fcrzenberger, cz\u0142onek zarz\u0105du stowarzyszenia \u201ePax Europa&#8221;. Zosta\u0142 ugodzony no\u017cem w brzuch i nog\u0119. Jego koledzy s\u0105 przekonani, \u017ce to on by\u0142 g\u0142\u00f3wnym celem napastnika (policja, jak na razie, tego nie potwierdza).<\/span><\/p>\n<p class=\"text--paragraph\"><span style=\"color: #000080;\">St\u00fcrzenberger jest by\u0142ym cz\u0142onkiem bawarskiej, konserwatywnej partii CSU. Zosta\u0142 wyrzucony z partii w 2004 r. z powodu antyislamskich wyst\u0105pie\u0144. Od tamtej pory wi\u0105za\u0142 si\u0119 z marginalnymi ugrupowaniami politycznymi. Jest zwi\u0105zany m.in. z ruchem PEGIDY, kt\u00f3ry organizuje w Dre\u017anie od dekady antyislamskie i antymuzu\u0142ma\u0144skie manifestacje, \u015bci\u0105gaj\u0105cych wyborc\u00f3w skrajnie prawicowej Alternatywy dla Niemiec (AfD).<\/span><\/p>\n<p class=\"text--paragraph\"><span style=\"color: #000080;\">\u201ePax Europa&#8221; zapowiada w nast\u0119pnych dniach kolejny wiec w Dortmundzie (znanym z du\u017cej islamskiej diaspory).<\/span><\/p>\n<\/div>\n<hr style=\"height: 15px; background: #d0e6fa; width: 100%;\">\n<div id=\"content\" class=\"content-alignment\">\n<div id=\"watch-description\" class=\"yt-uix-button-panel\">\n<div id=\"watch-description-text\" style=\"text-align: center;\">\n<p><em>Zawarto\u015b\u0107 publikowanych artyku\u0142\u00f3w i materia\u0142\u00f3w nie reprezentuje pogl\u0105d\u00f3w ani opinii Reunion&#8217;68,<\/em><em><br \/>\nani te\u017c webmastera Blogu Reunion&#8217;68, chyba ze jest to wyra\u017anie zaznaczone.<br \/>\nTwoje uwagi, linki, w\u0142asne artyku\u0142y lub wiadomo\u015bci prze\u015blij na adres:<br \/>\n<\/em><span style=\"color: #000080;\"><strong><em><a style=\"color: #000080;\" href=\"mailto:webmaster@reunion68.com\"><span style=\"text-decoration: underline;\">webmaster@reunion68.com<\/span><\/a><\/em><\/strong><\/span><\/p>\n<\/div>\n<\/div>\n<\/div>\n<hr style=\"width: 100%;\">\n","protected":false},"excerpt":{"rendered":"<p>Stoisko informacyjne skrajnie prawicowej partii Buergerbewegung Pax Europa (BPE) na centralnym rynku miasta Mannheim w Niemczech, gdzie m\u0119\u017cczyzna zaatakowa\u0142 ludzi no\u017cem, 31 maja 2024 r. Nie \u017cyje policjant, zaatakowany na wiecu w Mannheim. &#8220;Koniec z fa\u0142szyw\u0105 tolerancj\u0105 Micha\u0142 Kokot M\u0119\u017cczyzna atakuje ludzi no\u017cem przy stoisku informacyjnym skrajnie prawicowej partii Buergerbewegung Pax Europa (BPE) na centralnym [&hellip;]<\/p>\n","protected":false},"author":1,"featured_media":0,"comment_status":"closed","ping_status":"closed","sticky":false,"template":"","format":"standard","meta":[],"categories":[6],"tags":[26,24],"_links":{"self":[{"href":"https:\/\/www.reunion68.se\/index.php?rest_route=\/wp\/v2\/posts\/113457"}],"collection":[{"href":"https:\/\/www.reunion68.se\/index.php?rest_route=\/wp\/v2\/posts"}],"about":[{"href":"https:\/\/www.reunion68.se\/index.php?rest_route=\/wp\/v2\/types\/post"}],"author":[{"embeddable":true,"href":"https:\/\/www.reunion68.se\/index.php?rest_route=\/wp\/v2\/users\/1"}],"replies":[{"embeddable":true,"href":"https:\/\/www.reunion68.se\/index.php?rest_route=%2Fwp%2Fv2%2Fcomments&post=113457"}],"version-history":[{"count":5,"href":"https:\/\/www.reunion68.se\/index.php?rest_route=\/wp\/v2\/posts\/113457\/revisions"}],"predecessor-version":[{"id":113467,"href":"https:\/\/www.reunion68.se\/index.php?rest_route=\/wp\/v2\/posts\/113457\/revisions\/113467"}],"wp:attachment":[{"href":"https:\/\/www.reunion68.se\/index.php?rest_route=%2Fwp%2Fv2%2Fmedia&parent=113457"}],"wp:term":[{"taxonomy":"category","embeddable":true,"href":"https:\/\/www.reunion68.se\/index.php?rest_route=%2Fwp%2Fv2%2Fcategories&post=113457"},{"taxonomy":"post_tag","embeddable":true,"href":"https:\/\/www.reunion68.se\/index.php?rest_route=%2Fwp%2Fv2%2Ftags&post=113457"}],"curies":[{"name":"wp","href":"https:\/\/api.w.org\/{rel}","templated":true}]}}