{"id":113461,"date":"2024-06-08T17:00:03","date_gmt":"2024-06-08T15:00:03","guid":{"rendered":"http:\/\/www.reunion68.se\/?p=113461"},"modified":"2024-06-08T08:38:31","modified_gmt":"2024-06-08T06:38:31","slug":"14-00-99","status":"publish","type":"post","link":"https:\/\/www.reunion68.se\/?p=113461","title":{"rendered":"UN Adds Israel to Infamous \u2018List of Shame\u2019 Alongside Hamas, Prompting Outrage"},"content":{"rendered":"<h5 style=\"text-align: center;\"><a href=\"https:\/\/www.algemeiner.com\/\" target=\"_blank\" rel=\"noopener noreferrer\"><img decoding=\"async\" class=\"center alignleft\" src=\"http:\/\/www.reunion68.com\/Biuletyn\/img\/algem.png\" alt=\"\" width=\"35%\" \/><\/a><span style=\"text-decoration: underline; color: #000080;\"><strong><a style=\"color: #000080; text-decoration: underline;\" href=\"https:\/\/www.algemeiner.com\/2024\/06\/07\/un-adds-israel-infamous-list-shame-prompting-outrage\/\" target=\"_blank\" rel=\"noopener noreferrer\">UN Adds Israel to Infamous \u2018List of Shame\u2019 Alongside Hamas, Prompting Outrage<\/a><\/strong><\/span><\/h5>\n<h5 style=\"text-align: center;\"><span style=\"color: #000000;\"><strong>Corey Walker<\/strong><\/span><\/h5>\n<hr style=\"height: 15px; background: #d0e6fa; width: 100%;\" \/>\n<p style=\"text-align: center;\"><img decoding=\"async\" class=\"aligncenter\" src=\"https:\/\/www.algemeiner.com\/wp-content\/uploads\/2023\/12\/2023-12-06T192240Z_1_LYNXMPEJB50X0_RTROPTP_4_ISRAEL-PALESTINIANS-UN1.jpg\" width=\"100%\" \/><span style=\"color: #808080;\"><em>United Nations Secretary-General Antonio Guterres speaks at the UN headquarters in New York City, US, before a meeting about the conflict in Gaza, Nov. 6, 2023. Photo: REUTERS\/Caitlin Ochs<\/em><\/span><\/p>\n<p style=\"text-align: left;\"><span style=\"color: #000080;\">The United Nations on Friday announced that it has placed Israel,\u00a0Hamas, and Palestinian Islamic Jihad\u00a0on its so-called \u201clist of shame,\u201d\u00a0<a style=\"color: #000080;\" href=\"https:\/\/www.algemeiner.com\/2023\/11\/14\/israels-foreign-minister-says-un-chief-unfit-lead\/\" target=\"_blank\" rel=\"noopener noreferrer\">prompting outrage from Israeli officials<\/a>\u00a0who described the move as the latest effort by the international organization to damage the reputation of the Jewish state.<\/span><\/p>\n<p style=\"text-align: left;\"><span style=\"color: #000080;\">UN Secretary-General Antonio Guterres told senior officials on Friday that he has blacklisted Israel alongside other \u201ccountries that kill children\u201d in armed conflict. The decision places the Jewish state alongside notorious human rights abusers such as\u00a0Russia, Afghanistan, Iraq, Myanmar, Somalia, Syria, and Yemen. The list also includes Islamist terrorist groups such as Islamic State, al Qaeda, and Boko Haram.<\/span><\/p>\n<p style=\"text-align: left;\"><span style=\"color: #000080;\">Israel is considered to be the only democracy on the list, which is included in a report on children and armed conflict that Guterres is due to submit to the UN Security Council on June 14. Guterres\u2019s office releases an annual report that documents alleged rights violations against children in armed conflict.<\/span><\/p>\n<p style=\"text-align: left;\"><span style=\"color: #000080;\">Israeli Ambassador to the UN\u00a0<a style=\"color: #000080;\" href=\"https:\/\/www.algemeiner.com\/2024\/03\/22\/israels-un-ambassador-accuses-security-council-whitewashing-terrorist-crimes\/\" target=\"_blank\" rel=\"noopener noreferrer\">Gilad Erdan<\/a>\u00a0received a call from Guterres\u2019s office on Friday, informing him of the Jewish state\u2019s inclusion on the upcoming edition of the infamous list, which the\u00a0UN Security Council\u00a0is set to discuss along with the broader report\u2019s findings on June 26.\u00a0<\/span><\/p>\n<p style=\"text-align: left;\"><span style=\"color: #000080;\">Erdan excoriated the decision by the\u00a0UN\u00a0as \u201coutrageous and wrong,\u201d adding that Hamas, the Palestinian terrorist group that rules Gaza, \u201chas been using children for terrorism and uses schools and hospitals as military compounds.\u201d<\/span><\/p>\n<p style=\"text-align: left;\"><span style=\"color: #000080;\">Israeli Prime Minister Benjamin Netanyahu released a statement condemning the UN announcement and defending the conduct of the Israel Defense Forces (IDF).<\/span><\/p>\n<p style=\"text-align: left;\"><span style=\"color: #000080;\">\u201cToday the UN added itself to the black list of history when it joined those who support the Hamas murderers,\u201d the statement said. \u201cThe IDF is the most moral army in the world; no delusional UN decision will change that.\u201d<\/span><\/p>\n<p style=\"text-align: left;\"><span style=\"color: #000080;\">Israeli officials have long accused the international body of having a\u00a0<a style=\"color: #000080;\" href=\"https:\/\/www.algemeiner.com\/2024\/01\/04\/absurd-un-condemned-israel-twice-often-all-other-countries-combined-2023\/\" target=\"_blank\" rel=\"noopener noreferrer\">bias against the Jewish state<\/a>. Last year, the UN General Assembly condemned Israel twice as often as it did all other countries.<\/span><\/p>\n<p style=\"text-align: left;\"><span style=\"color: #000080;\">The latest UN announcement has potential consequences for Israel. The UN will put in place a \u201cmonitoring and reporting mechanism\u201d (MRM) that will collaborate with Israeli officials to help secure children\u2019s safety in war zones. The MRM will be tasked with producing reports detailing Israel\u2019s progress in protecting Palestinian children to the UN Security Council.\u00a0<\/span><\/p>\n<p style=\"text-align: left;\"><span style=\"color: #000080;\">A leaked draft of the report accuses Israel of killing around 8,000 Palestinian children over the course of the ongoing Israel-Hamas war, citing data from the Hamas-run Gaza Health Ministry. Independent\u00a0<a style=\"color: #000080;\" href=\"https:\/\/www.algemeiner.com\/2024\/04\/03\/why-gaza-fatality-data-has-become-completely-unreliable\/\" target=\"_blank\" rel=\"noopener noreferrer\">analyses have concluded<\/a>\u00a0that casualty figures from Gaza authorities systematically overcount the number of casualties while undercounting the number of men and Hamas terrorists who were killed.<\/span><\/p>\n<p style=\"text-align: left;\"><span style=\"color: #000080;\">The draft also accuses the Jewish state of indiscriminately dropping bombs in heavily populated areas in Gaza and obstructing\u00a0humanitarian aid\u00a0from reaching the war-torn enclave, both of which have disproportionately negative effects on children.<\/span><\/p>\n<p style=\"text-align: left;\"><span style=\"color: #000080;\">Pro-Israel supporters have lambasted the UN\u2019s decision, noting that Hamas terrorists embed themselves within Gaza\u2019s civilian population and\u00a0<a style=\"color: #000080;\" href=\"https:\/\/www.algemeiner.com\/2024\/04\/09\/palestinian-islamic-jihad-spokesman-all-gaza-hospitals-taken-over-terrorists\/\" target=\"_blank\" rel=\"noopener noreferrer\">commandeer civilian facilities like hospitals<\/a>, schools, and mosques to run operations and direct attacks. Israeli officials maintain they go to extensive lengths to avoid civilian casualties while targeting Hamas, arguing collateral damage is unfortunate but inevitable given Hamas\u2019 strategy of using civilian sites.<\/span><\/p>\n<p style=\"text-align: left;\"><span style=\"color: #000080;\">Hamas and Islamic Jihad, both internationally designated terrorist organizations, have for years openly run and promoted summer camps in Gaza where children undergo military training. Israel\u2019s military has accused Hamas and Islamic Jihad of\u00a0<a style=\"color: #000080;\" href=\"https:\/\/www.meforum.org\/65409\/exclusive-hamas-islamic-jihad-accused-of-using\" target=\"_blank\" rel=\"noopener noreferrer\">using child soldiers<\/a>\u00a0in their war against Israel, claiming it found documents, video footage and photographs of Palestinian children being exploited as fighters.<\/span><\/p>\n<p style=\"text-align: left;\"><span style=\"color: #000080;\">The UN announcement came on the same day that a\u00a0<a style=\"color: #000080;\" href=\"https:\/\/apnews.com\/article\/israel-palestinians-hamas-war-casualties-toll-65e18f3362674245356c539e4bc0b67a\" target=\"_blank\" rel=\"noopener noreferrer\">new report<\/a>\u00a0by the Associated Press revealed\u00a0that women and children are a shrinking portion of casualties in Gaza, indicating shifting military tactics by Israel. The report also cast doubt on claims that Israel has not attempted to protect children as it continues its military campaign against Hamas, which launched the war with its Oct. 7 massacre across southern Israel.<\/span><\/p>\n<p style=\"text-align: left;\"><span style=\"color: #000080;\">According to the AP, children accounted for 60 percent of civilian deaths during the beginning of the war in October, but that number shrank to 40 percent in April.\u00a0<\/span><\/p>\n<p style=\"text-align: left;\"><span style=\"color: #000080;\">The decreasing share of children among casualties, according to the AP, \u201cwent unnoticed for months by the UN and much of the media, and the Hamas-linked Health Ministry has made no effort to set the record straight.\u201d<\/span><\/p>\n<hr style=\"height: 15px; background: #d0e6fa; width: 100%;\" \/>\n<div id=\"content\" class=\"content-alignment\">\n<div id=\"watch-description\" class=\"yt-uix-button-panel\">\n<div id=\"watch-description-text\" style=\"text-align: center;\">\n<p><em>Zawarto\u015b\u0107 publikowanych artyku\u0142\u00f3w i materia\u0142\u00f3w nie reprezentuje pogl\u0105d\u00f3w ani opinii Reunion&#8217;68,<\/em><em><br \/>\nani te\u017c webmastera Blogu Reunion&#8217;68, chyba ze jest to wyra\u017anie zaznaczone.<br \/>\nTwoje uwagi, linki, w\u0142asne artyku\u0142y lub wiadomo\u015bci prze\u015blij na adres:<br \/>\n<\/em><span style=\"color: #000080;\"><strong><em><a style=\"color: #000080;\" href=\"mailto:webmaster@reunion68.com\"><span style=\"text-decoration: underline;\">webmaster@reunion68.com<\/span><\/a><\/em><\/strong><\/span><\/p>\n<\/div>\n<\/div>\n<\/div>\n<hr style=\"width: 100%;\" \/>\n","protected":false},"excerpt":{"rendered":"<p>UN Adds Israel to Infamous \u2018List of Shame\u2019 Alongside Hamas, Prompting Outrage Corey Walker United Nations Secretary-General Antonio Guterres speaks at the UN headquarters in New York City, US, before a meeting about the conflict in Gaza, Nov. 6, 2023. Photo: REUTERS\/Caitlin Ochs The United Nations on Friday announced that it has placed Israel,\u00a0Hamas, and [&hellip;]<\/p>\n","protected":false},"author":1,"featured_media":0,"comment_status":"closed","ping_status":"closed","sticky":false,"template":"","format":"standard","meta":[],"categories":[6],"tags":[26,24],"_links":{"self":[{"href":"https:\/\/www.reunion68.se\/index.php?rest_route=\/wp\/v2\/posts\/113461"}],"collection":[{"href":"https:\/\/www.reunion68.se\/index.php?rest_route=\/wp\/v2\/posts"}],"about":[{"href":"https:\/\/www.reunion68.se\/index.php?rest_route=\/wp\/v2\/types\/post"}],"author":[{"embeddable":true,"href":"https:\/\/www.reunion68.se\/index.php?rest_route=\/wp\/v2\/users\/1"}],"replies":[{"embeddable":true,"href":"https:\/\/www.reunion68.se\/index.php?rest_route=%2Fwp%2Fv2%2Fcomments&post=113461"}],"version-history":[{"count":6,"href":"https:\/\/www.reunion68.se\/index.php?rest_route=\/wp\/v2\/posts\/113461\/revisions"}],"predecessor-version":[{"id":113478,"href":"https:\/\/www.reunion68.se\/index.php?rest_route=\/wp\/v2\/posts\/113461\/revisions\/113478"}],"wp:attachment":[{"href":"https:\/\/www.reunion68.se\/index.php?rest_route=%2Fwp%2Fv2%2Fmedia&parent=113461"}],"wp:term":[{"taxonomy":"category","embeddable":true,"href":"https:\/\/www.reunion68.se\/index.php?rest_route=%2Fwp%2Fv2%2Fcategories&post=113461"},{"taxonomy":"post_tag","embeddable":true,"href":"https:\/\/www.reunion68.se\/index.php?rest_route=%2Fwp%2Fv2%2Ftags&post=113461"}],"curies":[{"name":"wp","href":"https:\/\/api.w.org\/{rel}","templated":true}]}}