{"id":113483,"date":"2024-06-09T17:00:33","date_gmt":"2024-06-09T15:00:33","guid":{"rendered":"http:\/\/www.reunion68.se\/?p=113483"},"modified":"2024-06-09T11:23:29","modified_gmt":"2024-06-09T09:23:29","slug":"15-00-94","status":"publish","type":"post","link":"https:\/\/www.reunion68.se\/?p=113483","title":{"rendered":"Fans Walk Out of Hozier Concert in New York After Irish Singer Accuses Israel of \u2018Genocide,\u2019 Calls for \u2018Free Palestine\u2019"},"content":{"rendered":"<h5 style=\"text-align: center;\"><a href=\"https:\/\/www.algemeiner.com\/\" target=\"_blank\" rel=\"noopener noreferrer\"><img decoding=\"async\" class=\"center alignleft\" src=\"http:\/\/www.reunion68.com\/Biuletyn\/img\/algem.png\" alt=\"\" width=\"35%\" \/><\/a><span style=\"text-decoration: underline; color: #000080;\"><span><strong><a style=\"color: #000080; text-decoration: underline;\" href=\"https:\/\/www.algemeiner.com\/2024\/06\/07\/fans-walk-out-hozier-concert-new-york-irish-singer-accuses-israel-genocide-calls-free-palestine\/\" target=\"_blank\" rel=\"noopener noreferrer\">Fans Walk Out of Hozier Concert in New York After Irish Singer Accuses Israel of \u2018Genocide,\u2019 Calls for \u2018Free Palestine\u2019<\/a><\/strong><\/span><\/span><\/h5>\n<p style=\"text-align: center;\"><span style=\"color: #000000;\"><strong>SHIRYN GHERMEZIAN<\/strong><\/span><\/p>\n<hr style=\"height: 15px; background: #d0e6fa; width: 100%;\" \/>\n<p style=\"text-align: center;\"><img decoding=\"async\" class=\"aligncenter\" src=\"https:\/\/www.algemeiner.com\/wp-content\/uploads\/2024\/06\/2024-03-21T000000Z_1338226300_MT1NURPHO00042ZHA3_RTRMADP_3_FESTIVAL-ESTEREO-PICNIC-2.jpg\" width=\"100%\" \/><span style=\"color: #808080;\"><em>Andrew John Hozier-Byrne, better known as Hozier, is performing on the first day of the EstereoPicnic festival in Bogota, Colombia. Photo: Daniel Garzon Herazo via Reuters Connect<\/em><\/span><\/p>\n<p style=\"text-align: left;\"><span style=\"color: #000080;\">Some audience members at Hozier\u2019s concert on Tuesday night in New York reportedly staged a walkout after the Irish singer commented on the Israel-Hamas war by accusing the Jewish state of committing \u201cgenocide.\u201d<\/span><\/p>\n<p style=\"text-align: left;\"><span style=\"color: #000080;\">The \u201cTake Me to Church\u201d singer, whose real name is Andrew John Hozier-Byrne, made the remarks during a performance at Forest Hills Stadium, one of four consecutive sold-out shows at the venue, as part of a tour for his new album \u201cUnreal Earth.\u201d He performed at the stadium on Tuesday and Wednesday and will perform again on Friday and Saturday, becoming the first artist ever to play four consecutive sold-out shows at Forest Hills Stadium.<\/span><\/p>\n<p style=\"text-align: left;\"><span style=\"color: #000080;\">During the introduction to his song \u201cNina Cried Power\u201d during his Tuesday night concert, the Grammy winner told the crowd: \u201cWe wouldn\u2019t want to see anybody subjected to the kind of violence, indiscriminate bombing, that we are seeing on our TV screens. The kind of\u00a0<a style=\"color: #000080;\" href=\"https:\/\/www.algemeiner.com\/2024\/05\/28\/idf-suspects-hamas-artillery-caused-deadly-fire-rafah-investigation-ongoing\/\" target=\"_blank\" rel=\"noopener noreferrer\">assault that Rafah\u2019s facing<\/a>\u00a0and the genocidal violence that Rafah\u2019s facing. And in the same way that people are showing up at the moment, saying, we would want to be represented to our democratic representation \u2014 we want to be represented in that compassion, and in that human witness and in that law.\u201d<\/span><\/p>\n<p style=\"text-align: left;\"><span style=\"color: #000080;\">Israel began its military operation in Rafah early last month and has been targeting Hamas terrorists and compounds in the southern Gaza city. Israeli Prime Minister Benjamin Netanyahu said Israel has been taking measures to minimize the risk of civilian casualties, which include evacuating one million Palestinians from Rafah and establishing a temporary refuge outside the Rafah corridor for Gazan civilians.<\/span><\/p>\n<p style=\"text-align: left;\"><span style=\"color: #000080;\">\u201cAnd we wouldn\u2019t want to see us, our tax dollars, enabling that kind of violence \u2014 enabling that kind of war,\u201d added Hozier, according to\u00a0<a style=\"color: #000080;\" href=\"https:\/\/x.com\/thisphantoml1fe\/status\/1798198431393153067\" target=\"_blank\" rel=\"noopener noreferrer\">videos<\/a>\u00a0from his speech that were shared on social media. \u201cWe wouldn\u2019t want to see that for anybody, it doesn\u2019t matter where you come from. Whether you are a Palestinian or you are an Israeli citizen. We want anybody to live in peace, security, and safety. And that would also mean seeing Palestine free from occupation, free to pursue meaningful self-determination and statehood.\u201d<\/span><\/p>\n<p style=\"text-align: left;\"><span style=\"color: #000080;\">Hozier also applauded the\u00a0<a style=\"color: #000080;\" href=\"https:\/\/www.algemeiner.com\/2024\/05\/07\/ill-f-k-you-uplist-attacks-threats-explicit-calls-violence-pro-hamas-encampments\/\" target=\"_blank\" rel=\"noopener noreferrer\">anti-Israel protests<\/a>\u00a0taking place at colleges and universities around the US.<\/span><\/p>\n<p style=\"text-align: left;\"><span style=\"color: #000080;\"><a style=\"color: #000080;\" href=\"https:\/\/www.themirror.com\/entertainment\/celebrity-news\/hozier-sparks-outrage-fans-forest-523104#google_vignette\" target=\"_blank\" rel=\"noopener noreferrer\">The Mirror<\/a>\u00a0reported that although the majority of the crowd at Tuesday night\u2019s concert cheered on Hozier\u2019s comments, other attendees who were upset by his remarks walked out before the show ended. Videos from social media show that Hozier made similar remarks during his concert on Wednesday night.<\/span><\/p>\n<p style=\"text-align: left;\"><span style=\"color: #000080;\">The \u201cToo Sweet\u201d singer has made pro-Palestinian and anti-Israel comments at his<a style=\"color: #000080;\" href=\"https:\/\/x.com\/dailyhozierpics\/status\/1796178496462463236\" target=\"_blank\" rel=\"noopener noreferrer\">\u00a0previous shows<\/a>\u00a0as well, again accusing Israel of \u201cgenocidal violence\u201d and talking about the alleged \u201conslaught that Palestinians are facing in Rafah.\u201d<\/span><\/p>\n<p style=\"text-align: left;\"><span style=\"color: #000080;\">Hozier\u2019s native Ireland has been one of the harshest critics of Israel since the war began last October.<\/span><\/p>\n<p style=\"text-align: left;\"><span style=\"color: #000080;\">Last month, Spain, Norway, and Ireland\u00a0<a style=\"color: #000080;\" href=\"https:\/\/www.algemeiner.com\/2024\/05\/28\/spain-norway-ireland-officially-recognize-palestinian-state-denmarks-parliament-rejects-proposal\/\" target=\"_blank\" rel=\"noopener noreferrer\">officially recognized a Palestinian state<\/a>. Irish Prime Minister Simon Harris has repeatedly\u00a0<a style=\"color: #000080;\" href=\"https:\/\/www.algemeiner.com\/2024\/05\/21\/irish-pm-reiterates-intention-recognize-palestinian-state-this-month-says-he-abhors-israeli-actions-gaza\/\" target=\"_blank\" rel=\"noopener noreferrer\">condemned<\/a>\u00a0Israel\u2019s military actions amid its war against Hamas terrorists.<\/span><\/p>\n<hr style=\"height: 15px; background: #d0e6fa; width: 100%;\" \/>\n<div id=\"content\" class=\"content-alignment\">\n<div id=\"watch-description\" class=\"yt-uix-button-panel\">\n<div id=\"watch-description-text\" style=\"text-align: center;\">\n<p><em>Zawarto\u015b\u0107 publikowanych artyku\u0142\u00f3w i materia\u0142\u00f3w nie reprezentuje pogl\u0105d\u00f3w ani opinii Reunion&#8217;68,<\/em><em><br \/>\nani te\u017c webmastera Blogu Reunion&#8217;68, chyba ze jest to wyra\u017anie zaznaczone.<br \/>\nTwoje uwagi, linki, w\u0142asne artyku\u0142y lub wiadomo\u015bci prze\u015blij na adres:<br \/>\n<\/em><span style=\"color: #000080;\"><strong><em><a style=\"color: #000080;\" href=\"mailto:webmaster@reunion68.com\"><span style=\"text-decoration: underline;\">webmaster@reunion68.com<\/span><\/a><\/em><\/strong><\/span><\/p>\n<\/div>\n<\/div>\n<\/div>\n<hr style=\"width: 100%;\" \/>\n","protected":false},"excerpt":{"rendered":"<p>Fans Walk Out of Hozier Concert in New York After Irish Singer Accuses Israel of \u2018Genocide,\u2019 Calls for \u2018Free Palestine\u2019 SHIRYN GHERMEZIAN Andrew John Hozier-Byrne, better known as Hozier, is performing on the first day of the EstereoPicnic festival in Bogota, Colombia. Photo: Daniel Garzon Herazo via Reuters Connect Some audience members at Hozier\u2019s concert [&hellip;]<\/p>\n","protected":false},"author":1,"featured_media":0,"comment_status":"closed","ping_status":"closed","sticky":false,"template":"","format":"standard","meta":[],"categories":[1],"tags":[26,24],"_links":{"self":[{"href":"https:\/\/www.reunion68.se\/index.php?rest_route=\/wp\/v2\/posts\/113483"}],"collection":[{"href":"https:\/\/www.reunion68.se\/index.php?rest_route=\/wp\/v2\/posts"}],"about":[{"href":"https:\/\/www.reunion68.se\/index.php?rest_route=\/wp\/v2\/types\/post"}],"author":[{"embeddable":true,"href":"https:\/\/www.reunion68.se\/index.php?rest_route=\/wp\/v2\/users\/1"}],"replies":[{"embeddable":true,"href":"https:\/\/www.reunion68.se\/index.php?rest_route=%2Fwp%2Fv2%2Fcomments&post=113483"}],"version-history":[{"count":4,"href":"https:\/\/www.reunion68.se\/index.php?rest_route=\/wp\/v2\/posts\/113483\/revisions"}],"predecessor-version":[{"id":113501,"href":"https:\/\/www.reunion68.se\/index.php?rest_route=\/wp\/v2\/posts\/113483\/revisions\/113501"}],"wp:attachment":[{"href":"https:\/\/www.reunion68.se\/index.php?rest_route=%2Fwp%2Fv2%2Fmedia&parent=113483"}],"wp:term":[{"taxonomy":"category","embeddable":true,"href":"https:\/\/www.reunion68.se\/index.php?rest_route=%2Fwp%2Fv2%2Fcategories&post=113483"},{"taxonomy":"post_tag","embeddable":true,"href":"https:\/\/www.reunion68.se\/index.php?rest_route=%2Fwp%2Fv2%2Ftags&post=113483"}],"curies":[{"name":"wp","href":"https:\/\/api.w.org\/{rel}","templated":true}]}}