{"id":113547,"date":"2024-06-12T17:05:16","date_gmt":"2024-06-12T15:05:16","guid":{"rendered":"http:\/\/www.reunion68.se\/?p=113547"},"modified":"2024-06-12T06:37:22","modified_gmt":"2024-06-12T04:37:22","slug":"18-05-94","status":"publish","type":"post","link":"https:\/\/www.reunion68.se\/?p=113547","title":{"rendered":"Notes from the safest place in Europe for Jews"},"content":{"rendered":"<h5 style=\"text-align: center;\"><a href=\"https:\/\/www.jns.org\/\" target=\"_blank\" rel=\"noopener noreferrer\"><img decoding=\"async\" class=\"center alignleft\" src=\"http:\/\/www.reunion68.com\/Biuletyn\/img\/jns-1.png\" alt=\"\" width=\"35%\" \/><\/a><span style=\"text-decoration: underline; color: #000080;\"><strong><a style=\"color: #000080; text-decoration: underline;\" href=\"https:\/\/www.jns.org\/notes-from-the-safest-place-in-europe-for-jews\/\" target=\"_blank\" rel=\"noopener noreferrer\">Notes from the safest place in Europe for Jews<\/a><\/strong><\/span><\/h5>\n<p style=\"text-align: center;\"><span style=\"color: #000000;\"><strong>JONATHAN S. TOBIN<\/strong><\/span><\/p>\n<hr style=\"height: 15px; background: #d0e6fa; width: 100%;\" \/>\n<h4 style=\"text-align: center;\"><strong>Hungary\u2019s government is despised by liberals. But Budapest is Israel\u2019s only real ally in the European Union and, as long as Viktor Orb\u00e1n remains in power, the Jews there are safe.<\/strong><\/h4>\n<p style=\"text-align: center;\">.<br \/><img decoding=\"async\" class=\"aligncenter\" src=\"https:\/\/cdn.jns.org\/uploads\/2024\/06\/Viktor-Orban-1320x880.jpg\" width=\"100%\" \/><span style=\"color: #808080;\"><em>Viktor Orb\u00e1n, Hungary&#8217;s prime minister, arrives to attend in an informal meeting of heads of state or government in Prague on Oct. 7, 2022. Credit: Alexandros Michailidis\/Shutterstock.<\/em><\/span><\/p>\n<p class=\"wp-block-paragraph\" style=\"text-align: left;\"><span style=\"color: #000080;\">This is a perilous time to be a Jew. The world responded to the greatest mass slaughter of Jews since the Holocaust with a surge of antisemitism and sympathy for those who committed the atrocities of Oct. 7, rather than its victims. Israel\u2019s efforts to eradicate the genocidal terrorists of Hamas who launched that attack have not just been opposed but demonized in a way that enlightened liberal opinion did not condemn the orgy of murder, rape, torture, kidnapping and wanton destruction that occurred on that day.<\/span><\/p>\n<p class=\"wp-block-paragraph\" style=\"text-align: left;\"><span style=\"color: #000080;\">And while Jews everywhere celebrated the heroic rescue of four hostages this past weekend by Israeli security forces, the same mainstream corporate media that has been acting as Hamas\u2019s stenographers throughout the eight months of the current war reacted by emphasizing the deaths of the Palestinians holding them captive.<\/span><\/p>\n<p class=\"wp-block-paragraph\" style=\"text-align: left;\"><span style=\"color: #000080;\">Yet as bad as the situation has become in the United States, where elite college campuses have become hotbeds of support for Hamas, it is arguably worse in Europe. It is not just a matter of the governments of Western Europe opposing Israel\u2019s military campaign and seeking to prevent the defeat of Hamas in concert with the Biden administration. Spain, Norway and Ireland chose to reward the Palestinians for their terrorism by formally recognizing their fictional statehood. More than that, a sinister red-green alliance of leftists and supporters of political Islam has created a situation in which Jewish communities throughout the continent feel themselves under siege. Many are choosing not to wear religious markers such as\u00a0<em>kippahs<\/em>\u00a0and Stars of David, and still others have taken off the\u00a0<em>mezuzahs<\/em>\u00a0once affixed to their homes.<\/span><\/p>\n<p class=\"wp-block-paragraph\" style=\"text-align: left;\"><span style=\"color: #000080;\">But not in Hungary.<\/span><\/p>\n<p class=\"wp-block-paragraph\" style=\"text-align: left;\"><span style=\"color: #000080;\">Spend a week in that Eastern European country, as I just did, and the one thing you can count on is that you won\u2019t see its landmarks being the site of mass demonstrations of supporters of jihad and Hamas terror, as is the case elsewhere, including the United States. That is something that would be unimaginable right now in America, but the reason is that the Hungarian government has banned pro-Hamas demonstrations. They\u2019ve deemed it an open expression of antisemitism and a threat to public order. Their rationale is to treat pro-Hamas activism as morally equivalent to open advocacy for Nazism, which in Hungary and most other places in Europe is illegal.<\/span><\/p>\n<h4 class=\"wp-block-paragraph\" style=\"text-align: left;\"><span style=\"color: #000000;\"><strong>A safe place in Europe<\/strong><\/span><\/h4>\n<p class=\"wp-block-paragraph\" style=\"text-align: left;\"><span style=\"color: #000080;\">As I discovered in conversations with both liberal and Orthodox Jews, as well as non-Jews, the Jewish community in Budapest feels safe in a way that is not the case in London, Paris or Berlin. When you visit Hungary, no one tells you not to wear\u00a0<em>kippahs<\/em>\u00a0or Jewish stars in public. Orthodox Jews are not an uncommon sight on the streets of the Hungarian capital and act as if they have no fear of being attacked for their beliefs.<\/span><\/p>\n<p class=\"wp-block-paragraph\" style=\"text-align: left;\"><span style=\"color: #000080;\">Meanwhile, the Hungarian government is easily the Jewish state\u2019s best friend in Europe. As knowledgeable sources have made clear to me, Budapest is Jerusalem\u2019s only reliable ally within the European Union, always ready to disrupt the E.U. Commission\u2019s quest for consensus on behalf of its consistent anti-Israel agenda, sometimes displaying more willingness to fight supporters of the Palestinians than the Israelis themselves.<\/span><\/p>\n<h4 class=\"wp-block-paragraph\" style=\"text-align: left;\"><span style=\"color: #000000;\"><strong>Understanding Orb\u00e1n<\/strong><\/span><\/h4>\n<p class=\"wp-block-paragraph\" style=\"text-align: left;\"><span style=\"color: #000080;\">What is the reason for this alliance that, at least on its surface, has little basis in the history of the Jewish experience in Hungary? It boils down to the decisions of a single highly controversial person: Hungarian Prime Minister Viktor Orb\u00e1n.<\/span><\/p>\n<p class=\"wp-block-paragraph\" style=\"text-align: left;\"><span style=\"color: #000080;\">Orb\u00e1n, widely despised by American liberals, is routinely denounced as a tyrant and opponent of democracy, or as an ally of the even more-hated Russian President Vladimir Putin. He\u2019s often accused of being an antisemite because of his long-standing feud with the Hungarian-born leftist billionaire George Soros, who remains a convenient punching bag for Orb\u00e1n and his Fidesz Party. Fidesz is often likened to other right-wing populist parties that are on the rise in Europe. Such comparisons, as well as those of Orb\u00e1n to former U.S. President Donald Trump or Israeli Prime Minister Benjamin Netanyahu, with whom he has close relations, are simplifications or just plain misleading. Love him or hate him, Orb\u00e1n is a remarkable and singular figure. Though this is just one prism through which one can view him, his stance as a bulwark against European antisemitism needs to be both understood and appreciated.<\/span><\/p>\n<p class=\"wp-block-paragraph\" style=\"text-align: left;\"><span style=\"color: #000080;\">His career began in the last decade of the Soviet Empire when, as a young law student and activist, he was part of the opposition to the Communist government. It is no small irony (and one that is often pointed out in debates about him today in Hungary) that he earned a scholarship to Oxford University in Great Britain\u2014from the Soros Foundation since during that era, the billionaire\u2019s philanthropy was primarily focused on promoting freedom behind the Iron Curtain. After the fall of the Berlin Wall and the birth of Hungarian democracy, Fidesz grew from its student-activist origins into a parliamentary faction that was considered a moderate liberal party. But under Orban\u2019s leadership, it turned to the right on social issues while becoming populist in terms of its opposition to pure market capitalism.<\/span><\/p>\n<p class=\"wp-block-paragraph\" style=\"text-align: left;\"><span style=\"color: #000080;\">In a stunning victory, Orb\u00e1n led Fidesz to power for the first time in Hungary\u2019s 1998 elections. He served as prime minister for four years in what was generally considered a successful term in office but failed to win re-election in 2002.<\/span><\/p>\n<p style=\"text-align: center;\"><img decoding=\"async\" class=\"aligncenter\" src=\"https:\/\/cdn.jns.org\/uploads\/2024\/06\/Hungary-Great-Synagogue-of-Budapest-Israeli-Hostage-Poster-scaled.jpg\" width=\"100%\" \/><span style=\"color: #808080;\"><em>A poster in Budapest of the hostages taken by Hamas terrorists on Oct. 7 into captivity in the Gaza Strip, June 2024. Photo by Jonathan S. Tobin.<\/em><\/span><\/p>\n<p class=\"wp-block-paragraph\" style=\"text-align: left;\"><span style=\"color: #000080;\">Not unlike Netanyahu, who also served a single term as Israel\u2019s prime minister from 1996 to 1999 before being defeated, Orb\u00e1n learned from his mistakes. His victory in 2010 was also similar to that of Netanyahu, whose return to power in 2009 was as much the function of the political incompetence and the abysmal policy failures of his opponents as his own brilliance, Orban became prime minister again after liberal leader and Prime Minister Ferenc Gyurcs\u00e1ny (whose wife, Kl\u00e1ra Dobrev, who is Jewish, now leads one of the parties opposing Orb\u00e1n) was caught on tape boasting of lying nonstop to the public to hold onto power.<\/span><\/p>\n<h4 class=\"wp-block-paragraph\"><strong>Is he an authoritarian?<\/strong><\/h4>\n<p class=\"wp-block-paragraph\"><span style=\"color: #000080;\">Since then, Orb\u00e1n has consolidated and retained power by skillful maneuvering with the aid of wealthy supporters who dominate the Hungarian media. His government has been notoriously corrupt, though whether it is more corrupt than those in many other post-Communist nations (such as Ukraine, whose far more flagrant political and economic corruption has been ignored because of the Russian invasion) is debatable.<\/span><\/p>\n<p class=\"wp-block-paragraph\"><span style=\"color: #000080;\">With only slightly more than three decades of experience as a free country, Hungary is far from being a perfect democracy. And while he is routinely denounced as an authoritarian, there are no political prisons or gulags in Hungary, and his opponents are free to denounce him wherever they like. Though Orb\u00e1n ruthlessly uses the advantages of incumbency to keep winning elections to the dismay of foreign critics, his political opponents have gained ground in recent years and control the country\u2019s largest cities, including Budapest.<\/span><\/p>\n<p style=\"text-align: right;\"><span style=\"color: #808080;\"><em>Kl\u00e1ra Dobrev. Credit: Wikimedia Commons.<\/em><\/span><\/p>\n<p><img decoding=\"async\" class=\"alignright\" src=\"https:\/\/cdn.jns.org\/uploads\/2024\/06\/Klara-Dobrev-1.jpg\" width=\"40%\" \/><\/p>\n<p class=\"wp-block-paragraph\"><span style=\"color: #000080;\">Indeed, even as right-wing populist parties won victories across the continent in Sunday\u2019s elections for the parliament of the European Union, Fidesz saw its margin of support reduced because of the emergence of a new party led by a former supporter Peter Magyar, who ran on an anti-corruption platform.<\/span><\/p>\n<p class=\"wp-block-paragraph\"><span style=\"color: #000080;\">All of this means that for all its flaws, Orb\u00e1n\u2019s Hungary is a democracy. His supporters don\u2019t dominate Hungary\u2019s press to any greater degree than the left dominates the corporate media in the United States or Israel. That many of those who call him an authoritarian cheered on the Russia collusion hoax employed by Democrats to hamstring the Trump administration, the conspiracy of Internet moguls and mainstream media outlets to cover up evidence of Biden family corruption in the final weeks of the 2020 election and then the attempt by Democrats to bankrupt and then imprison the leader of the opposition to the current U.S. government (something Orb\u00e1n has never stooped to) shows how lacking in credibility that charge truly is.<\/span><\/p>\n<p class=\"wp-block-paragraph\"><span style=\"color: #000080;\">But if Orb\u00e1n isn\u2019t really an authoritarian, then why does the left hate him so much?<\/span><\/p>\n<p class=\"wp-block-paragraph\"><span style=\"color: #000080;\">Part of it stems from a 2014 speech in which he said his vision for Hungary was for an \u201cilliberal democracy.\u201d Since then, neither he nor his allies have ever been able to adequately explain what that phrase meant. But suffice it to say that it represented a desire to push back against the free-market capitalist spirit that dominates the E.U., which, in the view of some of the union\u2019s smaller countries, stands for the domination of the continent\u2019s economy by Germany and other Western powers.<\/span><\/p>\n<p class=\"wp-block-paragraph\"><span style=\"color: #000080;\">It also symbolizes his embrace of social conservatism. Hungary, like the rest of Europe, is afflicted by rapidly declining birth rates, as well as a collapse of faith in traditional values and faith. Orb\u00e1n has prioritized policies that reward families for having more children, and he opposes the embrace of the LGBTQ+ agenda in a way that no other European or American leader has done. Still, there are no anti-gay laws or prohibitions, and discrimination on the basis of sexual orientation is illegal in Hungary. Yet unlike in the rest of Europe or the United States, public buildings in Budapest are not bedecked with rainbow flags during the gay-pride month of June.<\/span><\/p>\n<p class=\"wp-block-paragraph\"><span style=\"color: #000080;\">But as grievous as that may be in the eyes of many people, it is his stand against unlimited immigration, especially from the Middle East and North Africa, that has earned Orb\u00e1n the enduring enmity of liberals. While much of the E.U.\u2014and specifically, Germany under the leadership of former Chancellor Angela Merkel\u2014threw open the gates of their nations to largely Muslim emigrants and millions of refugees from the Syrian civil war in the 2010s, Orb\u00e1n viewed this wave of immigration as a threat to Hungary\u2019s identity and future.<\/span><\/p>\n<p class=\"wp-block-paragraph\"><span style=\"color: #000080;\">While much of Europe is being transformed by mass immigration, Hungary has held the line against it and helped lead other Eastern European countries to do the same.<\/span><\/p>\n<p style=\"text-align: center;\"><img decoding=\"async\" class=\"aligncenter\" src=\"https:\/\/cdn.jns.org\/uploads\/2024\/06\/Hungary-Great-Synagogue-of-Budapest-Exterior-scaled.jpg\" width=\"100%\" \/><span style=\"color: #808080;\"><em>The Great Synagogue (also known as the Doh\u00e1ny Street Synagogue) in Budapest, Hungary, in June 2024. Photo by Jonathan S. Tobin.<\/em><\/span><\/p>\n<h4 class=\"wp-block-paragraph\"><strong>The difference in Hungary<\/strong><\/h4>\n<p class=\"wp-block-paragraph\"><span style=\"color: #000080;\">With memories of the long Soviet occupation, as well as their nation\u2019s heroic and tragic 1956 revolt against communism (during which the United States and NATO never lifted a finger to help them) not forgotten, it would be a mistake to see Orb\u00e1n or most Hungarians having much sympathy for Putin or Russia. However, they also have the same history of resentment against Ukrainians and are deeply suspicious of the West. Their history as the only non-Slavic or Germanic people in the region, coupled with having a language that is unrelated to any other in Europe other than Finland, marks them as outliers.<\/span><\/p>\n<p class=\"wp-block-paragraph\"><span style=\"color: #000080;\">That explains a lot about both their past (during which they suffered terribly during invasions of Europe by Mongols and Ottomans) and the present, including Orb\u00e1n\u2019s dubious decision to embrace China as an alternative to domination by Western Europe or the United States. Still, there is a common ground between the ideas that motivate Fidesz and that of other conservative movements around the globe, reflected in the work of the Danube Institute think tank, whose members I spoke with. Yet Hungary is a special and different place, and Hungarian policies and ideas should be viewed in their own context and not that of other nations.<\/span><\/p>\n<p style=\"text-align: center;\"><img decoding=\"async\" class=\"wp-image-416203 aligncenter\" src=\"https:\/\/cdn.jns.org\/uploads\/2024\/06\/Hungary-Great-Synagogue-of-Budapest-Interior-scaled.jpg\" alt=\"Hungary, Great Synagogue of Budapest, Interior\" width=\"100%\" \/><span style=\"color: #808080;\"><em>The Great Synagogue (also known as the Doh\u00e1ny Street Synagogue) in Budapest, Hungary, in June 2024. Photo by Jonathan S. Tobin.<\/em><\/span><\/p>\n<h4 class=\"wp-block-paragraph\"><strong>The key is immigration<\/strong><\/h4>\n<p class=\"wp-block-paragraph\"><span style=\"color: #000080;\">If you want to know why Hungary is a place where Jews live in safety when compared to nations like Britain and France, which are considered far more democratic by observers, a big part of the answer lies in Orb\u00e1n\u2019s immigration policies. If there is no red-green alliance in Budapest that can send throngs of protesters to the streets to intimidate both governments and Jews\u2014as is the case in London and Paris\u2014it is because there is no large Muslim immigrant community there that seeks to impose their culture and antisemitic views on their new homes.<\/span><\/p>\n<p class=\"wp-block-paragraph\"><span style=\"color: #000080;\">Liberal observers viewed with alarm the gains of populist parties that are against unlimited immigration in the E.U. elections, as well as other recent votes. While some of these parties have roots in the continent\u2019s fascist past, their popularity is based on the justified fears of people about their nation\u2019s future so long as they cannot control their borders or prevent their heritage from being transformed into something they no longer recognize by Muslim immigrants who don\u2019t share their cultural or political values.<\/span><\/p>\n<p class=\"wp-block-paragraph\"><span style=\"color: #000080;\">To confuse opposition to Soros with antisemitism might be more understandable in Hungary with its unfortunate history. But there, the billionaire is a symbol not so much of Jewish villainy as of support for leftist policies that hurt Hungarians, much as his campaign to elect pro-crime prosecutors in the United States has done more damage to America than perhaps that of any other individual. To label Orb\u00e1n an antisemite because of his Soros-bashing isn\u2019t any more legitimate than when Democrats do the same to Republicans in the United States over their noticing the baleful influence of his massive giving to leftist (including anti-Israel) causes.<\/span><\/p>\n<p class=\"wp-block-paragraph\"><span style=\"color: #000080;\">In Hungary, Fidesz joined with other parties to essentially drive the openly antisemitic Jobbik Party out of the mainstream in the last decade. Both Jews and non-Jews I spoke with conceded that antisemitism\u2014which played a major role in the past there, and evidence of which is abundant in the Holocaust memorials in Budapest that commemorate the slaughter of most of its Jewish population in 1944\u2014is far from dead in Hungary. Indeed, polls have shown that antisemitic attitudes are present in a significant percentage of the population and perhaps far higher than in other countries where Jews do live in fear.<\/span><\/p>\n<h4 class=\"wp-block-paragraph\"><strong>An uncertain future<\/strong><\/h4>\n<p class=\"wp-block-paragraph\"><span style=\"color: #000080;\">Hungarian Jews have a history of engagement with their nation. It was a stronghold of the\u00a0<em>Haskalah,<\/em> or Jewish Enlightenment, in the 19th century as Jews embraced secular learning and integration into their host countries. The beautiful Great Synagogue in Budapest was built by and is still run by the Neolog movement, which is somewhat analogous to Conservative Judaism in the United States. Zionist leaders like Theodor Herzl (who was born across the street from the Great Synagogue) and Moses Hess were Hungarian.<\/span><\/p>\n<p style=\"text-align: center;\"><img decoding=\"async\" class=\"wp-image-416199 aligncenter\" src=\"https:\/\/cdn.jns.org\/uploads\/2024\/06\/Hungary-Shoes-in-Danube-River-scaled.jpg\" alt=\"Budapest, Hungary, \u201cShoes in Danube River\u201d\" width=\"100%\" \/><span style=\"color: #808080;\"><em>\u201cShoes on the Danube River\u201d memorial to Hungarian Jews killed during World War II and the Holocaust, many of whom were shot, killed and thrown into the Danube in Budapest, June 2024. Photo by Jonathan S. Tobin.<\/em><\/span><\/p>\n<p class=\"wp-block-paragraph\"><span style=\"color: #000080;\">While Orthodox Judaism is undergoing something of a revival there thanks to the brilliant outreach efforts of the Chabad-Lubavitch movement, which has close ties to Orb\u00e1n, the majority of the approximate 100,000-strong Hungarian Jewish community are still loosely affiliated with the Neolog stream. The majority of them are politically liberal and oppose Orb\u00e1n. But even liberal Jews told me that they understood that he was the main reason why antisemitism was kept in check and they are so secure. Though only a fool would underestimate or count him out, sooner or later, his time in power will come to an end. When that happens, Hungary\u2019s status as a bright spot for Jews as well as a fiercely loyal ally of Israel will be in doubt.<\/span><\/p>\n<p class=\"wp-block-paragraph\"><span style=\"color: #000080;\">For now, that means a stay in Budapest means encountering a nation where there is no sign of the antisemitic surge that is part of everyday life in Western Europe and even the United States.\u00a0<\/span><\/p>\n<p class=\"wp-block-paragraph\"><span style=\"color: #000080;\">Mass pro-Hamas demonstrations, such as the disgraceful orgy of Jew-bashing that took place last weekend across from the White House in Washington, D.C., or the besieging of a showing of a film about the attack on the Nova music festival in New York City don\u2019t happen in Budapest. The capital\u2019s synagogues don\u2019t have to worry about antisemitic graffiti and the poster of the Israeli hostages taken by Hamas on the gates of the Great Synagogue hangs proudly and untouched by vandals. And rather than sniping at Israel or supporting efforts to criminalize its efforts to defeat Hamas and rescue its hostages, Hungary is holding the line in defense of the Jewish state.<\/span><\/p>\n<p class=\"wp-block-paragraph\"><span style=\"color: #000080;\">To many who think Orb\u00e1n is beyond the pale, his support for Jews and Israel is an unimportant detail.\u00a0 Yet at a time when Jewish lives and rights are at risk everywhere, to ignore the truth about Hungary and the Jews today would be as irresponsible as it would be self-destructive.<\/span><\/p>\n<hr \/>\n<p style=\"text-align: left;\"><img decoding=\"async\" class=\"alignleft\" src=\"https:\/\/cdn.jns.org\/uploads\/2018\/02\/authorpic-tobin2color-480x480.png\" width=\"15%\" \/><span style=\"color: #808080;\"><em><strong>Jonathan S. Tobin<\/strong> is editor-in-chief of JNS (Jewish News Syndicate). Follow him @jonathans_tobin.<\/em><\/span><\/p>\n<hr style=\"height: 15px; background: #d0e6fa; width: 100%;\" \/>\n<div id=\"content\" class=\"content-alignment\">\n<div id=\"watch-description\" class=\"yt-uix-button-panel\">\n<div id=\"watch-description-text\" style=\"text-align: center;\">\n<p><em>Zawarto\u015b\u0107 publikowanych artyku\u0142\u00f3w i materia\u0142\u00f3w nie reprezentuje pogl\u0105d\u00f3w ani opinii Reunion&#8217;68,<\/em><em><br \/>ani te\u017c webmastera Blogu Reunion&#8217;68, chyba ze jest to wyra\u017anie zaznaczone.<br \/>Twoje uwagi, linki, w\u0142asne artyku\u0142y lub wiadomo\u015bci prze\u015blij na adres:<br \/><\/em><span style=\"color: #000080;\"><strong><em><a style=\"color: #000080;\" href=\"mailto:webmaster@reunion68.com\"><span style=\"text-decoration: underline;\">webmaster@reunion68.com<\/span><\/a><\/em><\/strong><\/span><\/p>\n<\/div>\n<\/div>\n<\/div>\n<hr style=\"width: 100%;\" \/>\n\n\n<p><\/p>\n","protected":false},"excerpt":{"rendered":"<p>Notes from the safest place in Europe for Jews JONATHAN S. TOBIN Hungary\u2019s government is despised by liberals. But Budapest is Israel\u2019s only real ally in the European Union and, as long as Viktor Orb\u00e1n remains in power, the Jews there are safe. .Viktor Orb\u00e1n, Hungary&#8217;s prime minister, arrives to attend in an informal meeting [&hellip;]<\/p>\n","protected":false},"author":1,"featured_media":0,"comment_status":"closed","ping_status":"closed","sticky":false,"template":"","format":"standard","meta":[],"categories":[6],"tags":[26,24],"_links":{"self":[{"href":"https:\/\/www.reunion68.se\/index.php?rest_route=\/wp\/v2\/posts\/113547"}],"collection":[{"href":"https:\/\/www.reunion68.se\/index.php?rest_route=\/wp\/v2\/posts"}],"about":[{"href":"https:\/\/www.reunion68.se\/index.php?rest_route=\/wp\/v2\/types\/post"}],"author":[{"embeddable":true,"href":"https:\/\/www.reunion68.se\/index.php?rest_route=\/wp\/v2\/users\/1"}],"replies":[{"embeddable":true,"href":"https:\/\/www.reunion68.se\/index.php?rest_route=%2Fwp%2Fv2%2Fcomments&post=113547"}],"version-history":[{"count":23,"href":"https:\/\/www.reunion68.se\/index.php?rest_route=\/wp\/v2\/posts\/113547\/revisions"}],"predecessor-version":[{"id":113580,"href":"https:\/\/www.reunion68.se\/index.php?rest_route=\/wp\/v2\/posts\/113547\/revisions\/113580"}],"wp:attachment":[{"href":"https:\/\/www.reunion68.se\/index.php?rest_route=%2Fwp%2Fv2%2Fmedia&parent=113547"}],"wp:term":[{"taxonomy":"category","embeddable":true,"href":"https:\/\/www.reunion68.se\/index.php?rest_route=%2Fwp%2Fv2%2Fcategories&post=113547"},{"taxonomy":"post_tag","embeddable":true,"href":"https:\/\/www.reunion68.se\/index.php?rest_route=%2Fwp%2Fv2%2Ftags&post=113547"}],"curies":[{"name":"wp","href":"https:\/\/api.w.org\/{rel}","templated":true}]}}