{"id":11356,"date":"2014-12-24T19:02:17","date_gmt":"2014-12-24T17:02:17","guid":{"rendered":"http:\/\/www.reunion68.se\/?p=11356"},"modified":"2014-12-24T08:17:22","modified_gmt":"2014-12-24T06:17:22","slug":"11356","status":"publish","type":"post","link":"https:\/\/www.reunion68.se\/?p=11356","title":{"rendered":"Polacy nie s\u0105 jakimi\u015b szczeg\u00f3lnymi potworami"},"content":{"rendered":"<h5 style=\"text-align: center;\"><a href=\"http:\/\/kulturaliberalna.pl\/\" target=\"_blank\"><img decoding=\"async\" class=\"center alignleft\" src=\"http:\/\/www.reunion68.com\/Biuletyn\/img\/k-liberalna.png\" alt=\"\" \/><\/a><span style=\"text-decoration: underline; color: #000080;\"><span style=\"text-decoration: underline;\"><strong><a style=\"color: #000080; text-decoration: underline;\" href=\"http:\/\/kulturaliberalna.pl\/2014\/12\/16\/polacy-sa-jakimis-szczegolnymi-potworami\/\" target=\"_blank\">Polacy nie s\u0105 jakimi\u015b szczeg\u00f3lnymi potworami<\/a><\/strong><\/span><\/span><\/h5>\n<p style=\"text-align: center;\"><span style=\"color: #333333;\"><strong>Z Janem Tomaszem Grossem rozmawiaj\u0105 \u0141ukasz Paw\u0142owski i Iza Mrzyg\u0142\u00f3d <\/strong><\/span><\/p>\n<hr style=\"height: 15px; background: #d0e6fa; width: 710px;\" \/>\n<p><img decoding=\"async\" class=\"wp-image-45240 size-medium alignright\" src=\"http:\/\/kulturaliberalna.pl\/wp-content\/uploads\/2014\/12\/Ilu_Wst\u0119pniak-plus-wywiad-z-Grossem-550x435.jpg\" alt=\"Ilu_Wst\u0119pniak plus wywiad z Grossem\" width=\"350\" \/><\/p>\n<p style=\"text-align: left;\"><strong><span style=\"color: #333333;\">O polskiej wizji relacji polsko-\u017cydowskich, szoku po dyskusji, kt\u00f3r\u0105 wywo\u0142a\u0142a publikacja jego ksi\u0105\u017cek, oraz o w\u0142asnej drodze do zrozumienia wydarze\u0144 z czas\u00f3w wojny opowiada autor \u201eS\u0105siad\u00f3w\u201d.<\/span><\/strong><\/p>\n<p style=\"text-align: left;\"><span style=\"color: #000080;\">\u0141ukasz Paw\u0142owski: Jak pan ocenia przemiany w opowie\u015bci o stosunkach polsko-\u017cydowskich, jakie dokona\u0142y si\u0119 w przeci\u0105gu ostatnich 25 lat? Z jednej strony m\u00f3wi si\u0119 o ogromnej pracy wykonanej przez polsk\u0105 elit\u0119 intelektualn\u0105 w tej kwestii. Z drugiej jednak pojawiaj\u0105 si\u0119 g\u0142osy, \u017ce w\u0142a\u015bciwie nie wyszli\u015bmy poza kilka my\u015bli wyra\u017conych chocia\u017cby w pa\u0144skim tek\u015bcie \u201eTen jest z ojczyzny mojej, ale go nie lubi\u0119\u201d, \u201eTabu i niewinno\u015b\u0107\u201d Aleksandra Smolara czy filmie dokumentalnym \u201eMiejsce urodzenia\u201d o losach rodziny Henryka Grynberga. Pytania w nich zawarte \u2013 o to czy Polacy w czasie wojny pomagali \u017bydom czy ich mordowali \u2013 powracaj\u0105 wci\u0105\u017c na nowo. Czy zatem cokolwiek si\u0119 zmieni\u0142o?<\/span><\/p>\n<p style=\"text-align: left;\"><span style=\"color: #000080;\">Jan Tomasz Gross: Og\u00f3lnonarodowa dyskusja, jaka wybuch\u0142a po opublikowaniu \u201eS\u0105siad\u00f3w\u201d, by\u0142a niezwyk\u0142a. Nie tylko w Polsce, ale nigdzie indziej w powojennej Europie ta bardzo zawi\u0142a problematyka stosunku spo\u0142ecze\u0144stw do \u017byd\u00f3w w czasie okupacji nie zosta\u0142a tak dog\u0142\u0119bnie przemielona. W tym sensie Polska z pewno\u015bci\u0105 jest wyj\u0105tkiem na tle brunatniej\u0105cej Europy.<\/span><\/p>\n<p style=\"text-align: left;\"><span style=\"color: #000080;\">Co tu si\u0119 zmieni\u0142o? Mo\u017cna powiedzie\u0107, \u017ce zmieni\u0142o si\u0119 wszystko. Temat niezwykle istotny dla historii Polski, ale przez dekady ca\u0142kowicie zmarginalizowany, czyli los 3 milion\u00f3w obywateli polskich w czasie okupacji \u2013 a w\u0142a\u015bciwie 3,5 miliona, bo trzeba wzi\u0105\u0107 pod uwag\u0119 r\u00f3wnie\u017c tych, kt\u00f3rzy prze\u017cyli \u2013 nagle wyp\u0142yn\u0105\u0142 na wierzch. Wcze\u015bniej ta kwestia nie mia\u0142a \u017cadnego prze\u0142o\u017cenia na interpretacj\u0119 historii Polski. Stanowi\u0142a zagadnienie wydzielone, zewn\u0119trzne, kt\u00f3rym tylko od czasu do czasu zajmowali si\u0119 pojedynczy badacze, zwykle z \u017bydowskiego Instytutu Historycznego. Po 2000 roku dokona\u0142a si\u0119 w tej dziedzinie rewolucja kopernika\u0144ska. Obecnie histori\u0119 Zag\u0142ady w Polsce pisze si\u0119 w Polsce.<\/span><\/p>\n<p style=\"text-align: left;\"><span style=\"color: #000080;\">\u0141P: Czego w takim razie dzi\u015b oczekuje pan od polskiej elity, skoro tak wiele ju\u017c zrobi\u0142a?<\/span><\/p>\n<p style=\"text-align: left;\"><span style=\"color: #000080;\">To nie jest tylko sprawa polskiej elity, ale te\u017c ca\u0142ego spo\u0142ecze\u0144stwa. Zanim pewne idee i pomys\u0142y, ostrze\u017cenia, kt\u00f3re elita formu\u0142uje wsi\u0105kn\u0105 pod strzechy, potrzeba bardzo du\u017co czasu. Antysemityzm i stan rozwoju nauk historycznych s\u0105 do pewnego stopnia od siebie niezale\u017cne. W kt\u00f3rym\u015b momencie to si\u0119 zmieni, jednak to proces rozci\u0105gni\u0119ty w czasie.<\/span><\/p>\n<p style=\"text-align: right;\"><span style=\"color: #000080;\">Czytaj dalej tu:<span style=\"text-decoration: underline;\"><strong> <a style=\"color: #000080; text-decoration: underline;\" href=\"http:\/\/kulturaliberalna.pl\/2014\/12\/16\/polacy-sa-jakimis-szczegolnymi-potworami\/\" target=\"_blank\">Polacy nie s\u0105&#8230;.<\/a><\/strong><\/span><\/span><\/p>\n<hr style=\"height: 15px; background: #d0e6fa; width: 710px;\" \/>\n<div id=\"content\" class=\"  content-alignment&lt;br \/&gt;&lt;br \/&gt; \">\n<div id=\"watch-description\" class=\"yt-uix-button-panel\">\n<div id=\"watch-description-text\">\n<p style=\"text-align: center;\"><span style=\"color: #808080;\"> twoje uwagi, linki, wlasne artykuly, lub wiadomosci przeslij do: <strong><span style=\"text-decoration: underline;\"><span style=\"color: #808080; text-decoration: underline;\"><a href=\"mailto:webmaster@reunion68.com\">webmaster@reunion68.com<\/a><\/span><\/span><\/strong><\/span><\/p>\n<\/div>\n<\/div>\n<\/div>\n<p>&nbsp;<\/p>\n<hr style=\"width: 710px;\" \/>\n","protected":false},"excerpt":{"rendered":"<p>Polacy nie s\u0105 jakimi\u015b szczeg\u00f3lnymi potworami Z Janem Tomaszem Grossem rozmawiaj\u0105 \u0141ukasz Paw\u0142owski i Iza Mrzyg\u0142\u00f3d O polskiej wizji relacji polsko-\u017cydowskich, szoku po dyskusji, kt\u00f3r\u0105 wywo\u0142a\u0142a publikacja jego ksi\u0105\u017cek, oraz o w\u0142asnej drodze do zrozumienia wydarze\u0144 z czas\u00f3w wojny opowiada autor \u201eS\u0105siad\u00f3w\u201d. \u0141ukasz Paw\u0142owski: Jak pan ocenia przemiany w opowie\u015bci o stosunkach polsko-\u017cydowskich, jakie dokona\u0142y [&hellip;]<\/p>\n","protected":false},"author":1,"featured_media":0,"comment_status":"closed","ping_status":"closed","sticky":false,"template":"","format":"standard","meta":[],"categories":[6],"tags":[24],"_links":{"self":[{"href":"https:\/\/www.reunion68.se\/index.php?rest_route=\/wp\/v2\/posts\/11356"}],"collection":[{"href":"https:\/\/www.reunion68.se\/index.php?rest_route=\/wp\/v2\/posts"}],"about":[{"href":"https:\/\/www.reunion68.se\/index.php?rest_route=\/wp\/v2\/types\/post"}],"author":[{"embeddable":true,"href":"https:\/\/www.reunion68.se\/index.php?rest_route=\/wp\/v2\/users\/1"}],"replies":[{"embeddable":true,"href":"https:\/\/www.reunion68.se\/index.php?rest_route=%2Fwp%2Fv2%2Fcomments&post=11356"}],"version-history":[{"count":13,"href":"https:\/\/www.reunion68.se\/index.php?rest_route=\/wp\/v2\/posts\/11356\/revisions"}],"predecessor-version":[{"id":11369,"href":"https:\/\/www.reunion68.se\/index.php?rest_route=\/wp\/v2\/posts\/11356\/revisions\/11369"}],"wp:attachment":[{"href":"https:\/\/www.reunion68.se\/index.php?rest_route=%2Fwp%2Fv2%2Fmedia&parent=11356"}],"wp:term":[{"taxonomy":"category","embeddable":true,"href":"https:\/\/www.reunion68.se\/index.php?rest_route=%2Fwp%2Fv2%2Fcategories&post=11356"},{"taxonomy":"post_tag","embeddable":true,"href":"https:\/\/www.reunion68.se\/index.php?rest_route=%2Fwp%2Fv2%2Ftags&post=11356"}],"curies":[{"name":"wp","href":"https:\/\/api.w.org\/{rel}","templated":true}]}}