{"id":113591,"date":"2024-06-13T17:00:34","date_gmt":"2024-06-13T15:00:34","guid":{"rendered":"http:\/\/www.reunion68.se\/?p=113591"},"modified":"2024-06-13T13:57:58","modified_gmt":"2024-06-13T11:57:58","slug":"19-00-89","status":"publish","type":"post","link":"https:\/\/www.reunion68.se\/?p=113591","title":{"rendered":"Academy Museum of Motion Pictures \u2018Immediately\u2019 Revises Controversial Exhibit on Jewish Founders of Hollywood"},"content":{"rendered":"<h5 style=\"text-align: center;\"><a href=\"https:\/\/www.algemeiner.com\/\" target=\"_blank\" rel=\"noopener noreferrer\"><img decoding=\"async\" class=\"center alignleft\" src=\"http:\/\/www.reunion68.com\/Biuletyn\/img\/algem.png\" alt=\"\" width=\"35%\" \/><\/a><span style=\"text-decoration: underline; color: #000080;\"><span><strong><a style=\"color: #000080; text-decoration: underline;\" href=\"https:\/\/www.algemeiner.com\/2024\/06\/11\/academy-museum-motion-pictures-revises-controversial-exhibit-jewish-founders-hollywood\/\" target=\"_blank\" rel=\"noopener noreferrer\">Academy Museum of Motion Pictures \u2018Immediately\u2019 Revises Controversial Exhibit on Jewish Founders of Hollywood<\/a><\/strong><\/span><\/span><\/h5>\n<p style=\"text-align: center;\"><span style=\"color: #000000;\"><strong>Shiryn Ghermezian<\/strong><\/span><\/p>\n<hr style=\"height: 15px; background: #d0e6fa; width: 100%;\" \/>\n<p style=\"text-align: center;\"><img decoding=\"async\" class=\"aligncenter\" src=\"https:\/\/www.algemeiner.com\/wp-content\/uploads\/2024\/06\/Screenshot-2024-06-11-at-12.16.51%E2%80%AFPM.jpg\" width=\"100%\" \/><span style=\"color: #808080;\"><em>The first Oscars. Photo: Courtesy Margaret Herrick Library, Academy of Motion Picture Arts and Science<\/em><\/span><\/p>\n<p style=\"text-align: left;\"><span style=\"color: #000080;\">The Academy Museum of Motion Pictures in Los Angeles announced on Monday that it will make changes to its new exhibit about the Jewish roots of the Hollywood film industry after it was criticized by Jewish activists and members of the entertainment industry.<\/span><\/p>\n<p class=\"paragraph larva \/\/ a-font-body-m \" style=\"text-align: left;\"><span style=\"color: #000080;\">The museum said in a statement to the\u00a0<em>The Hollywood Reporter<\/em>\u00a0that it \u201cheard the concerns from members of the Jewish community,\u201d takes the concerns \u201cseriously,\u201d and is\u202f\u201dcommitted to making changes to the exhibition to address them.\u201d<\/span><\/p>\n<p class=\"paragraph larva \/\/ a-font-body-m \" style=\"text-align: left;\"><span style=\"color: #000080;\">\u201cWe will be implementing the first set of changes immediately \u2014 they will allow us to tell these important stories without using phrasing that may unintentionally reinforce stereotypes. This will also help to eliminate any ambiguities,\u201d the museum added, before stating that it is \u201cconvening an advisory group of experts from leading museums focused on the Jewish community, civil rights, and the history of other marginalized groups to advise us on complex questions about context and any necessary additions to the exhibition\u2019s narrative.\u201d<\/span><\/p>\n<p style=\"text-align: left;\"><span style=\"color: #000080;\">\u201cWe are deeply committed to telling these important stories in an honest, respectful, and impactful way,\u201d the museum said in conclusion.<\/span><\/p>\n<p style=\"text-align: left;\"><span style=\"color: #000080;\">The Academy Museum of Motion Pictures opened on May 19\u00a0its\u00a0<a style=\"color: #000080;\" href=\"https:\/\/www.academymuseum.org\/en\/exhibitions\/hollywoodland#\" target=\"_blank\" rel=\"noopener noreferrer\">first permanent exhibition<\/a>, titled \u201cHollywoodland: Jewish Founders and the Making of a Movie Capital.\u201d The exhibit highlights the \u201cJewish founders of the Hollywood studio system\u201d and \u201ctells the origin story of filmmaking in early 20th-century Los Angeles, spotlighting the impact of the predominately Jewish filmmakers whose establishment of the American film studio system transformed Los Angeles into a global epicenter of cinema.\u201d<\/span><\/p>\n<p style=\"text-align: left;\"><span style=\"color: #000080;\">Jewish activists and members of the film and television industry\u00a0<a style=\"color: #000080;\" href=\"https:\/\/www.algemeiner.com\/2024\/06\/06\/motion-picture-academy-will-move-thoughtfully-address-criticism-exhibit-hollywoods-jewish-founders\/\" target=\"_blank\" rel=\"noopener noreferrer\">criticized the exhibit<\/a>\u00a0for its negative portrayal of Jewish studio founders and filmmakers, claiming that the exhibit focused more on their flaws than their achievements. The critics accused the exhibit of promoting \u201cantisemitic tropes\u201d and attacked the museum for describing the Jewish filmmakers with words like \u201coppressive,\u201d \u201charmful,\u201d \u201cpredator,\u201d and \u201ctyrant.\u201d<\/span><\/p>\n<p style=\"text-align: left;\"><span style=\"color: #000080;\">The museum announced changes to \u201cHollywoodland\u201d on Monday before an open letter published by a group called United Jewish Writers further condemned the exhibit.<\/span><\/p>\n<p style=\"text-align: left;\"><span style=\"color: #000080;\">\u201cWhile we acknowledge the value in confronting Hollywood\u2019s problematic past, the despicable double standard of the \u2018Jewish Founders\u2019 exhibit, blaming only the Jews for that problematic past, is unacceptable and, whether intentional or not, antisemitic,\u201d read the open letter. \u201cWe call on the Academy Museum to thoroughly redo this exhibit so that it celebrates the Jewish founders of Hollywood with the same respect and enthusiasm granted to those celebrated throughout the rest of the museum.\u201d<\/span><\/p>\n<p style=\"text-align: left;\"><span style=\"color: #000080;\">United Jewish Writers also claimed that the exhibit is \u201cthe only section of the museum that vilifies those it purports to celebrate.\u201d The open letter was signed by more than 300 Jewish members of the entertainment industry, including actor David Schwimmer and showrunner Amy Sherman-Palladino.<\/span><\/p>\n<hr style=\"height: 15px; background: #d0e6fa; width: 100%;\" \/>\n<div id=\"content\" class=\"content-alignment\">\n<div id=\"watch-description\" class=\"yt-uix-button-panel\">\n<div id=\"watch-description-text\" style=\"text-align: center;\">\n<p><em>Zawarto\u015b\u0107 publikowanych artyku\u0142\u00f3w i materia\u0142\u00f3w nie reprezentuje pogl\u0105d\u00f3w ani opinii Reunion&#8217;68,<\/em><em><br \/>\nani te\u017c webmastera Blogu Reunion&#8217;68, chyba ze jest to wyra\u017anie zaznaczone.<br \/>\nTwoje uwagi, linki, w\u0142asne artyku\u0142y lub wiadomo\u015bci prze\u015blij na adres:<br \/>\n<\/em><span style=\"color: #000080;\"><strong><em><a style=\"color: #000080;\" href=\"mailto:webmaster@reunion68.com\"><span style=\"text-decoration: underline;\">webmaster@reunion68.com<\/span><\/a><\/em><\/strong><\/span><\/p>\n<\/div>\n<\/div>\n<\/div>\n<hr style=\"width: 100%;\" \/>\n","protected":false},"excerpt":{"rendered":"<p>Academy Museum of Motion Pictures \u2018Immediately\u2019 Revises Controversial Exhibit on Jewish Founders of Hollywood Shiryn Ghermezian The first Oscars. Photo: Courtesy Margaret Herrick Library, Academy of Motion Picture Arts and Science The Academy Museum of Motion Pictures in Los Angeles announced on Monday that it will make changes to its new exhibit about the Jewish [&hellip;]<\/p>\n","protected":false},"author":1,"featured_media":0,"comment_status":"closed","ping_status":"closed","sticky":false,"template":"","format":"standard","meta":[],"categories":[6],"tags":[26,24],"_links":{"self":[{"href":"https:\/\/www.reunion68.se\/index.php?rest_route=\/wp\/v2\/posts\/113591"}],"collection":[{"href":"https:\/\/www.reunion68.se\/index.php?rest_route=\/wp\/v2\/posts"}],"about":[{"href":"https:\/\/www.reunion68.se\/index.php?rest_route=\/wp\/v2\/types\/post"}],"author":[{"embeddable":true,"href":"https:\/\/www.reunion68.se\/index.php?rest_route=\/wp\/v2\/users\/1"}],"replies":[{"embeddable":true,"href":"https:\/\/www.reunion68.se\/index.php?rest_route=%2Fwp%2Fv2%2Fcomments&post=113591"}],"version-history":[{"count":4,"href":"https:\/\/www.reunion68.se\/index.php?rest_route=\/wp\/v2\/posts\/113591\/revisions"}],"predecessor-version":[{"id":113612,"href":"https:\/\/www.reunion68.se\/index.php?rest_route=\/wp\/v2\/posts\/113591\/revisions\/113612"}],"wp:attachment":[{"href":"https:\/\/www.reunion68.se\/index.php?rest_route=%2Fwp%2Fv2%2Fmedia&parent=113591"}],"wp:term":[{"taxonomy":"category","embeddable":true,"href":"https:\/\/www.reunion68.se\/index.php?rest_route=%2Fwp%2Fv2%2Fcategories&post=113591"},{"taxonomy":"post_tag","embeddable":true,"href":"https:\/\/www.reunion68.se\/index.php?rest_route=%2Fwp%2Fv2%2Ftags&post=113591"}],"curies":[{"name":"wp","href":"https:\/\/api.w.org\/{rel}","templated":true}]}}