{"id":113628,"date":"2024-06-15T17:05:16","date_gmt":"2024-06-15T15:05:16","guid":{"rendered":"http:\/\/www.reunion68.se\/?p=113628"},"modified":"2024-06-15T18:07:34","modified_gmt":"2024-06-15T16:07:34","slug":"21-05-102","status":"publish","type":"post","link":"https:\/\/www.reunion68.se\/?p=113628","title":{"rendered":"The world forgot Auschwitz, of course they have forgotten the hostages too &#8211; opinion"},"content":{"rendered":"<h5 style=\"text-align: center;\"><a href=\"https:\/\/www.jpost.com\/\" target=\"_blank\" rel=\"noopener noreferrer\"><img decoding=\"async\" class=\"center alignleft\" src=\"http:\/\/www.reunion68.com\/Biuletyn\/img\/jpost.png\" alt=\"\" width=\"35%\"><\/a><span style=\"text-decoration: underline; color: #000080;\"><strong><a style=\"color: #000080; text-decoration: underline;\" href=\"https:\/\/www.jpost.com\/opinion\/article-806138\" target=\"_blank\" rel=\"noopener noreferrer\">The world forgot Auschwitz, of course they have forgotten the hostages too &#8211; opinion<\/a><\/strong><\/span><\/h5>\n<p style=\"text-align: center;\"><span style=\"color: #000000;\"><strong>ANNA BABCOX<\/strong><\/span><\/p>\n<hr style=\"height: 15px; background: #d0e6fa; width: 100%;\">\n<h4 style=\"text-align: center;\"><strong>The victims of the Holocaust at times feel removed from us by time, language, and culture, but the hostages of today will be the \u201csurvivors\u201d of our grandchildren\u2019s age.<\/strong><\/h4>\n<p style=\"text-align: center;\">.<br \/>\n<img decoding=\"async\" class=\"aligncenter\" src=\"https:\/\/images.jpost.com\/image\/upload\/q_auto\/c_fill,g_faces:center,h_537,w_822\/603706\" width=\"100%\"><span style=\"color: #808080;\"><em>THE WRITER (right) and another participant walk toward the gates of Birkenau, on the European tour exploring the history of antisemitism and the Holocaust. \/ (photo credit: Courtesy Anna Babcox)<\/em><\/span><\/p>\n<p><span style=\"color: #000080;\">&#8220;Where they burn books, ultimately they will burn people\u201d, our guide Ron said, quoting Heinrich Heine as we stood in Humboldt Square. Eighty years ago, the students of Humboldt University held a cult-like ceremony during which they threw thousands of books into flames. Six million souls would soon follow.<\/span><\/p>\n<section class=\"fake-br-for-article-body\"><\/section>\n<p><span style=\"color: #000080;\">\u201cAnd now, follow me and we will visit the exhibit they have set up here on behalf of&nbsp;<a style=\"color: #000080;\" href=\"https:\/\/www.jpost.com\/opinion\/article-806127\">the hostages<\/a>&nbsp;currently held by Hamas,\u201d Ron continued.<\/span><\/p>\n<section class=\"fake-br-for-article-body\"><\/section>\n<p><span style=\"color: #000080;\">This was the first day of our history of antisemitism and Holocaust tour through Europe. Twenty of us, all Christian leaders and practitioners in Jewish-Christian relations and Israel education, were about to spend the next few days tracing the history of the Jewish people in Europe.<\/span><\/p>\n<h4><strong>Bring them home<\/strong><\/h4>\n<p style=\"text-align: left;\"><span style=\"color: #000080;\">We walked across the square where chairs had been set up with the photo of a hostage\u2019s face affixed to each backrest. \u201cBring Them Home Now,\u201d read one banner. Another read, \u201cTime is running out.\u201d<\/span><\/p>\n<section class=\"fake-br-for-article-body\"><\/section>\n<p style=\"text-align: left;\"><span style=\"color: #000080;\">The police stood nearby, monitoring the scene and ensuring that the installation was protected. Our group felt it fitting to say a prayer in that place for the release of the hostages. So we prayed in the square where students turned against sanity and reason, the square where the public demand for a Final Solution began. We prayed for those still held in captivity by terrorists fueled by antisemitic fervor, and we cried out for their release.<\/span><\/p>\n<section class=\"fake-br-for-article-body\"><\/section>\n<p style=\"text-align: left;\"><span style=\"color: #000080;\">I had been standing outside of Columbia University just a few weeks prior, holding a poster that read, \u201cWe won\u2019t rest until they are home.\u201d<\/span><\/p>\n<section class=\"fake-br-for-article-body\"><\/section>\n<p style=\"text-align: left;\"><span style=\"color: #000080;\">As we walked deeper into the heart of Berlin, we entered the Jewish Quarter, and were greeted by the faces of the hostages \u2013 this time lining the gate in front of a 100-year-old synagogue. Memorial candles lined the street, and police officers walked back and forth guarding the posters. I stopped, astounded.<\/span><\/p>\n<p style=\"text-align: left;\"><span style=\"color: #000080;\">Another in our group said, \u201cHow depraved is your society when the police need to protect hostage posters?\u201d I was stunned, but he was right. I was comforted that German police protect these posters, and I am saddened that they even needed protecting.<\/span><\/p>\n<p style=\"text-align: center;\"><img decoding=\"async\" class=\"aligncenter\" src=\"https:\/\/images.jpost.com\/image\/upload\/f_auto,fl_lossy\/c_fill,g_faces:center,h_537,w_822\/596961\" width=\"100%\"><span style=\"color: #808080;\"><em>A new hostage sqaure is set to open in Berlin on Thursday May 16, 2024. (credit: Hostages Families Forum)<\/em><\/span><\/p>\n<p style=\"text-align: left;\"><span style=\"color: #000080;\">WE LEFT Berlin for the Wannsee Villa, the opulent German villa where the so-called \u201cFinal Solution\u201d was perfected. At the front gate was another hostage\u2019s face \u2013 a Holocaust educator named Alex Danzig. My eyes filled with tears. &nbsp;<\/span><\/p>\n<section class=\"fake-br-for-article-body\"><\/section>\n<p style=\"text-align: left;\"><span style=\"color: #000080;\">From Berlin, we made our way to Prague. As we entered the oldest synagogue in Europe, familiar faces greeted us once more. Every single hostage Jewish, Muslim, Israeli, American, Thai \u2013 every human being stolen by their evil captors on October 7 was present in that room drenched in 1,000 years worth of prayer. I walked around the synagogue and visited each with my gaze. Their faces surrounded the room, encircling the bima, as if forming their own minyan.&nbsp;<\/span><\/p>\n<section class=\"fake-br-for-article-body\"><\/section>\n<p style=\"text-align: left;\"><span style=\"color: #000080;\">We left the synagogue for the cemetery. \u201cHello, my dear friends,\u201d I felt my heart say as we passed the Hostage Wall outside the Jewish cemetery of Prague. There, the hostages accompanied us again. They were our companions and silent guides.<\/span><\/p>\n<section class=\"fake-br-for-article-body\"><\/section>\n<p style=\"text-align: left;\"><span style=\"color: #000080;\">At the Jewish Community Center in Krakow, there is a Shabbat table set in honor of the Bibas family. In Poland \u2013 the land where millions of Jews were turned to ash \u2013 posters of today\u2019s hostages remain undisturbed by Polish society.&nbsp;<\/span><\/p>\n<section class=\"fake-br-for-article-body\"><\/section>\n<p style=\"text-align: left;\"><span style=\"color: #000080;\">FROM GERMANY, the Czech Republic, to Poland, the eyes of the hostages cried out to us, \u201cBring us home!\u201d Their silent gaze at times was more instructive about the Holocaust than the historical information we consumed.&nbsp;<\/span><\/p>\n<section class=\"fake-br-for-article-body\"><\/section>\n<p style=\"text-align: left;\"><span style=\"color: #000080;\">The hostages held in the war initiated by Hamas come to us in living color, their photos taken on iPhones at the beach, living lives much like ours. The victims of the Holocaust at times feel removed from us by time, language, and culture, but the&nbsp;<a style=\"color: #000080;\" href=\"https:\/\/www.jpost.com\/opinion\/article-799790\">hostages of today<\/a>&nbsp;will be the \u201csurvivors\u201d of our grandchildren\u2019s age. They will speak to rooms filled with people about the horrors they endured at the hands of antisemitic-fueled hatred. Much like the blank and white pictures we saw in museums, some of those whose faces we saw were murdered, and some survived.&nbsp;<\/span><\/p>\n<section class=\"fake-br-for-article-body\"><\/section>\n<p style=\"text-align: left;\"><span style=\"color: #000080;\">As I walked between the railway ties toward the gates of Birkenau (the work camp of Auschwitz), I stopped for a moment and looked down. Next to my feet, I found a fragment of paper. I picked it up and turned it over. It read, \u201cDafna,\u201d with \u201c7-10\u201d beneath her name.<\/span><\/p>\n<p style=\"text-align: left;\"><span style=\"color: #000080;\">I immediately recognized the fragment of a poster for Dafna Elyakim, the 15-year-old abducted with her sister from their home on that evil day. Dafna and her sister have since been released. Much like those who passed through the gates of Birkenau most didn\u2019t survive their captivity; but some did. The survivors\u2019 testimonies remind us of what this gate really means.&nbsp;<\/span><\/p>\n<section class=\"fake-br-for-article-body\"><\/section>\n<p style=\"text-align: left;\"><span style=\"color: #000080;\">When the events of October 7 are called the deadliest attack on the Jewish people since the Holocaust, that anecdote falls on deaf ears to a world that has already begun to forget&nbsp;<a style=\"color: #000080;\" href=\"https:\/\/www.jpost.com\/israel-hamas-war\/article-800165\">Auschwitz<\/a>. I took the piece of Dafna\u2019s poster with me, because, unlike the ashes of the victims within which her name lay, Dafna lives, her testimony lives, and her people live.&nbsp;<\/span><\/p>\n<section class=\"fake-br-for-article-body\"><\/section>\n<p style=\"text-align: left;\"><span style=\"color: #000080;\">Before the four living hostages were heroically rescued by the IDF this past weekend, I saw images of them everywhere. Seeing the posters of the hostages throughout Europe showed me concretely that I need not speculate about what I might have done in an earlier age; I know I am summoned to moral responsibility and civic courage in this one, for the sake of the hostages of the past and the hostages of today.&nbsp;<\/span><\/p>\n<hr>\n<section class=\"fake-br-for-article-body\"><\/section>\n<p><span style=\"color: #808080;\"><em>The writer is the associate director of advocacy and strategy at Passages, a Christian organization dedicated to taking Christian students to Israel and mobilizing young people to support the Jewish state on campuses an<\/em><\/span><\/p>\n<hr style=\"height: 15px; background: #d0e6fa; width: 100%;\">\n<div id=\"content\" class=\"content-alignment\">\n<div id=\"watch-description\" class=\"yt-uix-button-panel\">\n<div id=\"watch-description-text\" style=\"text-align: center;\">\n<p><em>Zawarto\u015b\u0107 publikowanych artyku\u0142\u00f3w i materia\u0142\u00f3w nie reprezentuje pogl\u0105d\u00f3w ani opinii Reunion&#8217;68,<\/em><em><br \/>\nani te\u017c webmastera Blogu Reunion&#8217;68, chyba ze jest to wyra\u017anie zaznaczone.<br \/>\nTwoje uwagi, linki, w\u0142asne artyku\u0142y lub wiadomo\u015bci prze\u015blij na adres:<br \/>\n<\/em><span style=\"color: #000080;\"><strong><em><a style=\"color: #000080;\" href=\"mailto:webmaster@reunion68.com\"><span style=\"text-decoration: underline;\">webmaster@reunion68.com<\/span><\/a><\/em><\/strong><\/span><\/p>\n<\/div>\n<\/div>\n<\/div>\n<hr style=\"width: 100%;\">\n","protected":false},"excerpt":{"rendered":"<p>The world forgot Auschwitz, of course they have forgotten the hostages too &#8211; opinion ANNA BABCOX The victims of the Holocaust at times feel removed from us by time, language, and culture, but the hostages of today will be the \u201csurvivors\u201d of our grandchildren\u2019s age. . THE WRITER (right) and another participant walk toward the [&hellip;]<\/p>\n","protected":false},"author":1,"featured_media":0,"comment_status":"closed","ping_status":"closed","sticky":false,"template":"","format":"standard","meta":[],"categories":[6],"tags":[26,24],"_links":{"self":[{"href":"https:\/\/www.reunion68.se\/index.php?rest_route=\/wp\/v2\/posts\/113628"}],"collection":[{"href":"https:\/\/www.reunion68.se\/index.php?rest_route=\/wp\/v2\/posts"}],"about":[{"href":"https:\/\/www.reunion68.se\/index.php?rest_route=\/wp\/v2\/types\/post"}],"author":[{"embeddable":true,"href":"https:\/\/www.reunion68.se\/index.php?rest_route=\/wp\/v2\/users\/1"}],"replies":[{"embeddable":true,"href":"https:\/\/www.reunion68.se\/index.php?rest_route=%2Fwp%2Fv2%2Fcomments&post=113628"}],"version-history":[{"count":7,"href":"https:\/\/www.reunion68.se\/index.php?rest_route=\/wp\/v2\/posts\/113628\/revisions"}],"predecessor-version":[{"id":113652,"href":"https:\/\/www.reunion68.se\/index.php?rest_route=\/wp\/v2\/posts\/113628\/revisions\/113652"}],"wp:attachment":[{"href":"https:\/\/www.reunion68.se\/index.php?rest_route=%2Fwp%2Fv2%2Fmedia&parent=113628"}],"wp:term":[{"taxonomy":"category","embeddable":true,"href":"https:\/\/www.reunion68.se\/index.php?rest_route=%2Fwp%2Fv2%2Fcategories&post=113628"},{"taxonomy":"post_tag","embeddable":true,"href":"https:\/\/www.reunion68.se\/index.php?rest_route=%2Fwp%2Fv2%2Ftags&post=113628"}],"curies":[{"name":"wp","href":"https:\/\/api.w.org\/{rel}","templated":true}]}}