{"id":113699,"date":"2024-06-18T17:05:32","date_gmt":"2024-06-18T15:05:32","guid":{"rendered":"http:\/\/www.reunion68.se\/?p=113699"},"modified":"2024-06-18T13:40:31","modified_gmt":"2024-06-18T11:40:31","slug":"24-05-100","status":"publish","type":"post","link":"https:\/\/www.reunion68.se\/?p=113699","title":{"rendered":"Time to unmask the pro-Hamas thugs"},"content":{"rendered":"<h5 style=\"text-align: center;\"><a href=\"https:\/\/www.jns.org\/\" target=\"_blank\" rel=\"noopener noreferrer\"><img decoding=\"async\" class=\"center alignleft\" src=\"http:\/\/www.reunion68.com\/Biuletyn\/img\/jns-1.png\" alt=\"\" width=\"35%\" \/><\/a><span style=\"text-decoration: underline; color: #000080;\"><strong><a style=\"color: #000080; text-decoration: underline;\" href=\"https:\/\/www.jns.org\/time-to-unmask-the-pro-hamas-thugs\/\" target=\"_blank\" rel=\"noopener noreferrer\">Time to unmask the pro-Hamas thugs<\/a><\/strong><\/span><\/h5>\n<p style=\"text-align: center;\"><span style=\"color: #000000;\"><strong>JONATHAN S. TOBIN<\/strong><\/span><\/p>\n<hr style=\"height: 15px; background: #d0e6fa; width: 100%;\" \/>\n<h4 style=\"text-align: center;\"><strong>The revival of anti-masking laws is necessary to curb the post-Oct. 7 surge in antisemitism. But will Democratic-controlled legislatures pass them?<\/strong><\/h4>\n<p style=\"text-align: center;\"><img decoding=\"async\" class=\"aligncenter\" src=\"https:\/\/cdn.jns.org\/uploads\/2024\/06\/Palestinian-Protesters-Students-in-Masks-1320x880.jpg\" width=\"100%\" \/><em><span style=\"color: #808080;\">Students at the University of Texas students, many of them masked, rally for Hamas and Palestinians in the Gaza Strip in the wake of the Oct. 7 terrorist attacks, and against Israel, April 25, 2024. Credit: Vic Hinterlang\/Shutterstock.<\/span><\/em><\/p>\n<p class=\"wp-block-paragraph\"><span style=\"color: #000080;\">Americans have seen this movie before. Politically motivated masked thugs who gather to intimidate, silence and sometimes inflict violence on the objects of their hate are nothing new in this country. Yet the ubiquitous use of masks\u2014whether in the form of bandannas or Palestinian-style keffiyehs worn by supporters of the Hamas terrorist group to conceal their identity\u2014has become a disturbing staple of contemporary American life.<\/span><\/p>\n<p class=\"wp-block-paragraph\"><span style=\"color: #000080;\">Secure in the notion that they can\u2019t be easily identified, groups of masked demonstrators have occupied public spaces and college campuses, engaging in activities designed to frighten Jews and supporters of Israel. Many of those who participated were engaged in other radical causes, such as extreme environmentalism, before support for the mass murderers, rapists and kidnappers of Oct. 7 became the cause du jour on the left. Since then, support for \u201cPalestine,\u201d the eradication of Israel and the revival of the old Soviet Marxist talking point about Zionism\u2014the national liberation movement of the Jews\u2014being a form of racism has become the intellectual fashion of the moment.<\/span><\/p>\n<p class=\"wp-block-paragraph\"><span style=\"color: #000080;\">Strip or even supporting the murderous aspirations of the Palestinians, who are the supposed objects of their solicitude, the point of the exercise isn\u2019t mere advocacy. By concealing their identity while engaged in scrawling antisemitic graffiti and vandalism, chanting slogans of Jew-hatred or even demanding that subway riders declare aloud whether or not they are \u201cZionists,\u201d their goal is to create an atmosphere in which members of the Jewish community are made to feel as if they are targeted and unwanted. Even as they dare authorities to stop them, the masked defenders of Hamas seek a public square where their views won\u2019t just predominate and proliferate. They seek to make a space where support for Israel or the normal conduct of Jewish life is made impossible or requires so much courage as to marginalize it outright.<\/span><\/p>\n<h4 class=\"wp-block-paragraph\"><strong>Anti-masking legislation<\/strong><\/h4>\n<p class=\"wp-block-paragraph\"><span style=\"color: #000080;\">In such an environment, antisemitism, including violence, is bound to thrive. And that is exactly what is happening as overt acts of Jew-hatred have skyrocketed in the last eight months.<\/span><\/p>\n<p class=\"wp-block-paragraph\"><span style=\"color: #000080;\">Can anything be done about this?<\/span><\/p>\n<p class=\"wp-block-paragraph\"><span style=\"color: #000080;\">One suggestion is the passage of laws to ban the use of masks by groups of people whose purpose is to conceal their identity in public places with the exception of their use in specific celebrations such as Halloween or masquerade parties.<\/span><\/p>\n<p class=\"wp-block-paragraph\"><span style=\"color: #000080;\">Responding to public anger over the surge in Jew-hatred in a city built in part on Jewish labor, commerce and intellectualism, New York Gov. Kathy Hochul, a Democrat, has\u00a0<a style=\"color: #000080;\" href=\"https:\/\/www.jns.org\/as-antisemitic-mobs-attack-jewish-leaders-call-to-ban-masks-in-new-york\/\" target=\"_blank\" rel=\"noreferrer noopener\">said<\/a>\u00a0she is considering calling for the reinstitution of a mask ban, which was the law until the legislature repealed it at the height of the COVID-19 pandemic in May 2020. But as a subsequent\u00a0<a style=\"color: #000080;\" href=\"https:\/\/www.nytimes.com\/2024\/06\/15\/nyregion\/face-masks-ban-hochul.html?searchResultPosition=1\" target=\"_blank\" rel=\"noreferrer noopener\">article<\/a>\u00a0in\u00a0<em>The<\/em>\u00a0<em>New York Time<\/em>s pointed out, Hochul was merely posturing. Since the Albany legislature has already adjourned for the year, such a law can\u2019t even be considered until 2025. And in its current configuration, where Democrats not only have super-majorities in both the Assembly and Senate but caucuses dominated by left-wingers, the chances of passing any such law are minimal. Indeed, as one member of the Democratic leadership made clear to the\u00a0<em>Times<\/em>, the proposal would be dead on arrival.<\/span><\/p>\n<p class=\"wp-block-paragraph\"><span style=\"color: #000080;\">Deep-blue New York\u2014the site of the lion\u2019s share of antisemitic outrages, but by no means the only place in the country where these masked thugs have made their presence felt\u2014won\u2019t take action. Other states, however, can either pass anti-masking laws or enforce those already on the books. Indeed, 15 states already have them with most being in the South, where the legislation was intended to prevent the Ku Klux Klan from operating with impunity.<\/span><\/p>\n<p class=\"wp-block-paragraph\"><span style=\"color: #000080;\">In the antebellum South during the Reconstruction era and then again in the first decades of the 20th century, the Ku Klux Klan wore white hoods when they were in public committing acts of racist violence against African-Americans and other minorities like Catholics and Jews they wished to either subjugate or drive out of their communities.<\/span><\/p>\n<p class=\"wp-block-paragraph\"><span style=\"color: #000080;\">The response to the initial period of KKK activity in the immediate aftermath of the Civil War was primarily military as the U.S. Army, which still occupied areas of former rebellious states, put down what was in many instances a genuine insurrection rather than a protest movement. But in the 20th century, when the Klan became a national phenomenon that played an outsize role in influencing the Democratic Party during the 1910s and \u201920s, defeating it became a matter of public consensus as well as police action. The marginalization of the Klan\u2014once able to assemble large numbers of individuals to show up at marches in Washington, much like today\u2019s \u201cpro-Palestine\u201d demonstrations\u2014was a function of legislation, police work, and, most of all, political will on the part of the sane majority of Americans.<\/span><\/p>\n<h4 class=\"wp-block-paragraph\"><strong>Toxic ideas at the heart of the matter<\/strong><\/h4>\n<p class=\"wp-block-paragraph\"><span style=\"color: #000080;\">Today, mustering the will not to tolerate pro-Hamas thuggery should be the priority.<\/span><\/p>\n<p class=\"wp-block-paragraph\"><span style=\"color: #000080;\">Authorities must not, as is often the case on campuses or even in the streets, stand down in the face of these mobs, as they did earlier this month when an enraged, masked throng ringed the White House and vandalized Washington\u2019s Lafayette Park while proclaiming the Capitol to be unsafe for Zionists.<\/span><\/p>\n<p class=\"wp-block-paragraph\"><span style=\"color: #000080;\">We are only just beginning to understand the scope of the failure of academic institutions to protect their Jewish students. One of the main problems is toxic ideas like critical race theory and intersectionality, which falsely label Israel a colonialist\/settler and apartheid state populated by \u201cwhite\u201d oppressors, motivate these demonstrations and cause many people to view those seeking to intimidate Jews as merely loud idealists rather than the modern incarnation of the Klan. However, the tolerance for public acts of intimidation against Jews in the public square is a problem that transcends concern about the radical takeover of American education.<\/span><\/p>\n<p class=\"wp-block-paragraph\"><span style=\"color: #000080;\">As long as this ideology\u2014most often expressed in the woke catechism of diversity, equity and inclusion (DEI)\u2014remains the new orthodox faith for academia, the mainstream corporate media and the left wing of the Democratic Party, that political will is likely to be lacking.<\/span><\/p>\n<p class=\"wp-block-paragraph\"><span style=\"color: #000080;\">Still, those who understand that acting to stop the scourge of antisemitism is imperative should continue to press for the adoption of masking statutes wherever they can be passed or enforced. The Manhattan Institute think tank has\u00a0<a style=\"color: #000080;\" href=\"https:\/\/manhattan.institute\/article\/model-legislation-to-modernize-anti-kkk-masking-laws-for-intimidating-protesters\" target=\"_blank\" rel=\"noreferrer noopener\">published<\/a>\u00a0model legislation that should be a useful guide for politicians who want to do more than wring their hands over the problem.<\/span><\/p>\n<h4 class=\"wp-block-paragraph\"><span style=\"color: #000080;\"><strong>Freedom of speech concerns<\/strong><\/span><\/h4>\n<p class=\"wp-block-paragraph\"><span style=\"color: #000080;\">One obstacle to the passage of such laws is the concern that banning masks would infringe on the freedom of speech of demonstrators. Yet as the courts ruled in upholding anti-Klan masking laws, anonymity in the public square is not a prerequisite for a lively debate on the issues. In the 1950s, a declining Klan sued on the basis that concealing their identity was the only way to protect their members from retaliation for holding unpopular views. That didn\u2019t prevail because where the masks are clearly intended to provide impunity for those who engage in unlawful behavior, the First Amendment arguments collapse, whether it concerns the Klan or latter-day left-wing violent groups like Antifa or the various incarnations of pro-Hamas activism.<\/span><\/p>\n<p class=\"wp-block-paragraph\"><span style=\"color: #000080;\">Another argument against anti-masking laws and one that the\u00a0<em>Time<\/em>s was particularly insistent about raising is that banning masks, specifically in the subway, as New York City Mayor Eric Adams has suggested in the wake of some egregious acts of antisemitism there, in the age of COVID and other infectious diseases is untenable.<\/span><\/p>\n<p class=\"wp-block-paragraph\"><span style=\"color: #000080;\">Unfortunately, during the pandemic, wearing masks became a matter of political symbolism. It came to be seen as virtue-signaling by people who believed doing so indicated that they took the virus seriously, just like taking vaccines as a public health measure. That is why support for them remains especially high on the political left and was low on the more libertarian right.<\/span><\/p>\n<p class=\"wp-block-paragraph\"><span style=\"color: #000080;\">That and the sense of security this form of COVID theater gave a scared population, which still fears the persistence of the virus even after the worst of the problem is long past, are why one can still see them being worn. Some people walking around in the fresh air continue to use them, where it made no sense even when the situation was at its worst.<\/span><\/p>\n<p class=\"wp-block-paragraph\"><span style=\"color: #000080;\">For those so convinced by fear or the misinformation that was accepted as \u201cscience,\u201d rational arguments about the issue are of no avail. It does no good to point out that the most serious clinical studies conducted by the universally respected\u00a0<a style=\"color: #000080;\" href=\"https:\/\/www.cochranelibrary.com\/cdsr\/doi\/10.1002\/14651858.CD006207.pub6\/full\" target=\"_blank\" rel=\"noreferrer noopener\">Cochrane\u00a0<\/a>Library about their use have concluded that mask-wearing\u2014whether the flimsy blue-cloth coverings that were once ubiquitous or the more serious N-95 masks\u2014did little to halt the spread of the virus or protect those wear them. At this point, for many people, mask-wearing is better understood as a form of superstition and not, as we were falsely assured by supposedly trusted national health authorities in 2020 and 2021, a sensible or even necessary precaution.<\/span><\/p>\n<p class=\"wp-block-paragraph\"><span style=\"color: #000080;\">Even if you are still desperate to believe that masks will protect you from COVID, that ought not to prevent passage of anti-masking laws. Those afraid of contagion\u2014whether because they are immuno-compromised and in genuine peril, or merely because they are members of a generation where germaphobia has been normalized\u2014have no business congregating in numbers in public places for the purpose of spewing hate against Jews and Israel, as well as expressing support for a genocidal terrorist organization.<\/span><\/p>\n<h4 class=\"wp-block-paragraph\"><strong>The lessons of history<\/strong><\/h4>\n<p class=\"wp-block-paragraph\"><span style=\"color: #000080;\">Most Americans may not know a lot of history. But knowledge of what happens when a violent movement of masked people determined to enforce their political will on the public square are allowed to act with impunity should not be forgotten. It isn\u2019t just, as Adams correctly pointed out, that masked pro-Hamas thugs are \u201ccowards.\u201d Nor is the goal being able to, as some rightly seek to do, publicize the names of those who engage in hate speech and acts of violent antisemitic intimidation so they can\u2019t escape the consequences of their behavior.<\/span><\/p>\n<p class=\"wp-block-paragraph\"><span style=\"color: #000080;\">The real problem is that a society that tolerates masked violent demonstrators bent on intimidating and silencing opponents is not one that can pretend to be a bastion of free speech or democracy. Most people understand that was the case during the \u201cJim Crow\u201d era in which the Klan flourished. Today, the peril comes from a different direction. The ideological leftist assault on Western civilization takes many forms, including the trashing of the U.S. education system and a willingness to kowtow to supporters of Islamist terror by those who think that doing so will benefit them politically.<\/span><\/p>\n<p class=\"wp-block-paragraph\"><span style=\"color: #000080;\">No matter which brand of violent thug is hiding their identity, a public square that can be dominated by hate-mongers who cover their identities is a menace to all of our freedoms. It is also a problem that, as history teaches us, can be addressed by sensible legislation. Anti-masking laws must be passed and enforced if we are to survive this latest threat to American liberty as well as to Jewish security.<\/span><\/p>\n<hr \/>\n<p class=\"wp-block-paragraph\" style=\"text-align: left;\"><span style=\"color: #808080;\"><em><strong>Jonathan S. Tobin<\/strong> is editor-in-chief of JNS (Jewish News Syndicate). Follow him @jonathans_tobin.<\/em><\/span><\/p>\n<hr style=\"height: 15px; background: #d0e6fa; width: 100%;\" \/>\n<div id=\"content\" class=\"content-alignment\">\n<div id=\"watch-description\" class=\"yt-uix-button-panel\">\n<div id=\"watch-description-text\" style=\"text-align: center;\">\n<p><em>Zawarto\u015b\u0107 publikowanych artyku\u0142\u00f3w i materia\u0142\u00f3w nie reprezentuje pogl\u0105d\u00f3w ani opinii Reunion&#8217;68,<\/em><em><br \/>\nani te\u017c webmastera Blogu Reunion&#8217;68, chyba ze jest to wyra\u017anie zaznaczone.<br \/>\nTwoje uwagi, linki, w\u0142asne artyku\u0142y lub wiadomo\u015bci prze\u015blij na adres:<br \/>\n<\/em><span style=\"color: #000080;\"><strong><em><a style=\"color: #000080;\" href=\"mailto:webmaster@reunion68.com\"><span style=\"text-decoration: underline;\">webmaster@reunion68.com<\/span><\/a><\/em><\/strong><\/span><\/p>\n<\/div>\n<\/div>\n<\/div>\n<hr style=\"width: 100%;\" \/>\n","protected":false},"excerpt":{"rendered":"<p>Time to unmask the pro-Hamas thugs JONATHAN S. TOBIN The revival of anti-masking laws is necessary to curb the post-Oct. 7 surge in antisemitism. But will Democratic-controlled legislatures pass them? Students at the University of Texas students, many of them masked, rally for Hamas and Palestinians in the Gaza Strip in the wake of the [&hellip;]<\/p>\n","protected":false},"author":1,"featured_media":0,"comment_status":"closed","ping_status":"closed","sticky":false,"template":"","format":"standard","meta":[],"categories":[6],"tags":[26,24],"_links":{"self":[{"href":"https:\/\/www.reunion68.se\/index.php?rest_route=\/wp\/v2\/posts\/113699"}],"collection":[{"href":"https:\/\/www.reunion68.se\/index.php?rest_route=\/wp\/v2\/posts"}],"about":[{"href":"https:\/\/www.reunion68.se\/index.php?rest_route=\/wp\/v2\/types\/post"}],"author":[{"embeddable":true,"href":"https:\/\/www.reunion68.se\/index.php?rest_route=\/wp\/v2\/users\/1"}],"replies":[{"embeddable":true,"href":"https:\/\/www.reunion68.se\/index.php?rest_route=%2Fwp%2Fv2%2Fcomments&post=113699"}],"version-history":[{"count":6,"href":"https:\/\/www.reunion68.se\/index.php?rest_route=\/wp\/v2\/posts\/113699\/revisions"}],"predecessor-version":[{"id":113711,"href":"https:\/\/www.reunion68.se\/index.php?rest_route=\/wp\/v2\/posts\/113699\/revisions\/113711"}],"wp:attachment":[{"href":"https:\/\/www.reunion68.se\/index.php?rest_route=%2Fwp%2Fv2%2Fmedia&parent=113699"}],"wp:term":[{"taxonomy":"category","embeddable":true,"href":"https:\/\/www.reunion68.se\/index.php?rest_route=%2Fwp%2Fv2%2Fcategories&post=113699"},{"taxonomy":"post_tag","embeddable":true,"href":"https:\/\/www.reunion68.se\/index.php?rest_route=%2Fwp%2Fv2%2Ftags&post=113699"}],"curies":[{"name":"wp","href":"https:\/\/api.w.org\/{rel}","templated":true}]}}