{"id":113748,"date":"2024-06-20T17:00:34","date_gmt":"2024-06-20T15:00:34","guid":{"rendered":"http:\/\/www.reunion68.se\/?p=113748"},"modified":"2024-06-20T06:51:52","modified_gmt":"2024-06-20T04:51:52","slug":"26-00-97","status":"publish","type":"post","link":"https:\/\/www.reunion68.se\/?p=113748","title":{"rendered":"Macron denounces \u2018scourge of antisemitism\u2019 after Jewish girl raped"},"content":{"rendered":"<h5 style=\"text-align: center;\"><a target=\"_blank\" rel=\"noopener noreferrer\"><img decoding=\"async\" class=\"center alignleft\" src=\"http:\/\/www.reunion68.com\/Biuletyn\/img\/jns-1.png\" alt=\"\" width=\"35%\" \/><\/a><span style=\"text-decoration: underline; color: #000080;\"><strong><a style=\"color: #000080; text-decoration: underline;\" href=\"https:\/\/www.jns.org\/macron-denounces-scourge-of-antisemitism-after-jewish-girl-raped\/\" target=\"_blank\" rel=\"noopener noreferrer\">Macron denounces \u2018scourge of antisemitism\u2019 after Jewish girl raped<\/a><\/strong><\/span><\/h5>\n<p style=\"text-align: center;\"><span style=\"color: #000000;\"><strong>UPDATE DESK<\/strong><\/span><\/p>\n<hr style=\"height: 15px; background: #d0e6fa; width: 100%;\" \/>\n<h4 style=\"text-align: center;\"><strong>Three teenagers were indicted after the attack near Paris.<\/strong><\/h4>\n<p style=\"text-align: center;\">.<br \/>\n<em><img decoding=\"async\" class=\"aligncenter\" src=\"https:\/\/cdn.jns.org\/uploads\/2020\/01\/F200122HP19-880x495.jpg\" width=\"100%\" \/><span style=\"color: #808080;\">French President Emmanuel Macron in Jerusalem, Jan. 22, 2020. Photo by Hadas Parush\/Flash90.<\/span><\/em><\/p>\n<p class=\"wp-block-paragraph\"><span style=\"color: #000080;\">After three boys were indicted for the rape of a 12-year-old Jewish girl in a Paris suburb, French President Emmanuel Macron again spoke out against hatred of Jews.<\/span><\/p>\n<p class=\"wp-block-paragraph\"><span style=\"color: #000080;\">At a Cabinet meeting on Wednesday, Macron \u201cspoke solemnly and seriously about the scourge of antisemitism\u201d and called for a \u201cdialogue\u201d on racism and hatred of Jews in schools to prevent \u201chateful speech with serious consequences\u201d from \u201cinfiltrating\u201d classrooms,\u00a0<em>AFP\u00a0<\/em>cited a source as saying.<\/span><\/p>\n<p class=\"wp-block-paragraph\"><span style=\"color: #000080;\">The boys, two aged 13 and one 12, were arrested on Monday and\u00a0<a style=\"color: #000080;\" href=\"https:\/\/www.jns.org\/three-boys-arrested-for-antisemitic-rape-of-12-year-old-girl-in-paris\/\">indicted<\/a>\u00a0on Tuesday.<\/span><\/p>\n<p class=\"wp-block-paragraph\"><span style=\"color: #000080;\">The 13-year-olds were charged with gang rape, antisemitic insults and violence and issuing death threats. They remain in custody.<\/span><\/p>\n<p class=\"wp-block-paragraph\"><span style=\"color: #000080;\">The 12-year-old was charged with antisemitic insults and violence and issuing death threats, but not with rape. He was allowed to return home after being charged.<\/span><\/p>\n<p class=\"wp-block-paragraph\"><span style=\"color: #000080;\">On Saturday afternoon, the girl, who had spent the afternoon with friends, was crossing Henri Regnault Park in Courbevoie, when she came across two boys, one of whom she vaguely knew. (Part of the La D\u00e9fense business district spreads over the southern part of Courbevoie.)<\/span><\/p>\n<p class=\"wp-block-paragraph\"><span style=\"color: #000080;\">They blocked her way and forced her to follow them to an abandoned daycare center. A third boy joined them and started insulting the girl as a\u00a0\u201cdirty Jew,\u201d the teenagers told police.<\/span><\/p>\n<p class=\"wp-block-paragraph\"><span style=\"color: #000080;\">One of the attackers held a lighter next to her face and threatened to burn her. They forced her to perform vaginal, anal and oral sex on them, and threatened to kill her if she told anyone.<\/span><\/p>\n<p class=\"wp-block-paragraph\"><span style=\"color: #000080;\">Afterwards, the girl made her way home and told her parents what had happened. A friend who was with her when the boys took her was able to give a detailed description of the suspects, who police confirmed were at the crime scene through images from security cameras.<\/span><\/p>\n<p class=\"wp-block-paragraph\"><span style=\"color: #000080;\">The attack drew condemnation from across France\u2019s political spectrum amid a heated campaign ahead of snap parliamentary elections later this month.<\/span><\/p>\n<p class=\"wp-block-paragraph\"><span style=\"color: #000080;\">Jean-Luc M\u00e9lenchon, leader of the far-left\u00a0France Unbowed\u00a0party, denounced \u201cantisemitic racism\u201d in an X post.<\/span><\/p>\n<p class=\"wp-block-paragraph\"><span style=\"color: #000080;\">Far-right leader\u00a0Jordan Bardella\u00a0called to \u201ccombat\u201d the \u201cantisemitism that has swept down on France since October 7.\u201d<\/span><\/p>\n<p class=\"wp-block-paragraph\"><span style=\"color: #000080;\">Another right-wing leader, Marine Le Pen, accused the \u201cextreme left\u201d of stigmatizing Jews over the past eight months \u201cthrough the instrumentalization of the Israeli-Palestinian conflict.\u201d\u00a0<\/span><\/p>\n<hr \/>\n<p><iframe loading=\"lazy\" id=\"twitter-widget-0\" class=\"\" title=\"X Post\" src=\"https:\/\/platform.twitter.com\/embed\/Tweet.html?dnt=true&amp;embedId=twitter-widget-0&amp;features=eyJ0ZndfdGltZWxpbmVfbGlzdCI6eyJidWNrZXQiOltdLCJ2ZXJzaW9uIjpudWxsfSwidGZ3X2ZvbGxvd2VyX2NvdW50X3N1bnNldCI6eyJidWNrZXQiOnRydWUsInZlcnNpb24iOm51bGx9LCJ0ZndfdHdlZXRfZWRpdF9iYWNrZW5kIjp7ImJ1Y2tldCI6Im9uIiwidmVyc2lvbiI6bnVsbH0sInRmd19yZWZzcmNfc2Vzc2lvbiI6eyJidWNrZXQiOiJvbiIsInZlcnNpb24iOm51bGx9LCJ0ZndfZm9zbnJfc29mdF9pbnRlcnZlbnRpb25zX2VuYWJsZWQiOnsiYnVja2V0Ijoib24iLCJ2ZXJzaW9uIjpudWxsfSwidGZ3X21peGVkX21lZGlhXzE1ODk3Ijp7ImJ1Y2tldCI6InRyZWF0bWVudCIsInZlcnNpb24iOm51bGx9LCJ0ZndfZXhwZXJpbWVudHNfY29va2llX2V4cGlyYXRpb24iOnsiYnVja2V0IjoxMjA5NjAwLCJ2ZXJzaW9uIjpudWxsfSwidGZ3X3Nob3dfYmlyZHdhdGNoX3Bpdm90c19lbmFibGVkIjp7ImJ1Y2tldCI6Im9uIiwidmVyc2lvbiI6bnVsbH0sInRmd19kdXBsaWNhdGVfc2NyaWJlc190b19zZXR0aW5ncyI6eyJidWNrZXQiOiJvbiIsInZlcnNpb24iOm51bGx9LCJ0ZndfdXNlX3Byb2ZpbGVfaW1hZ2Vfc2hhcGVfZW5hYmxlZCI6eyJidWNrZXQiOiJvbiIsInZlcnNpb24iOm51bGx9LCJ0ZndfdmlkZW9faGxzX2R5bmFtaWNfbWFuaWZlc3RzXzE1MDgyIjp7ImJ1Y2tldCI6InRydWVfYml0cmF0ZSIsInZlcnNpb24iOm51bGx9LCJ0ZndfbGVnYWN5X3RpbWVsaW5lX3N1bnNldCI6eyJidWNrZXQiOnRydWUsInZlcnNpb24iOm51bGx9LCJ0ZndfdHdlZXRfZWRpdF9mcm9udGVuZCI6eyJidWNrZXQiOiJvbiIsInZlcnNpb24iOm51bGx9fQ%3D%3D&amp;frame=false&amp;hideCard=false&amp;hideThread=false&amp;id=1803363916384252155&amp;lang=en&amp;origin=https%3A%2F%2Fwww.jns.org%2Fmacron-denounces-scourge-of-antisemitism-after-jewish-girl-raped%2F&amp;sessionId=a0810bd0535cbd34681b1ec9d690c9908909e8e2&amp;theme=light&amp;widgetsVersion=2615f7e52b7e0%3A1702314776716&amp;width=550px\" width=\"650\" height=\"400\" frameborder=\"0\" scrolling=\"yes\" allowfullscreen=\"allowfullscreen\" data-tweet-id=\"1803363916384252155\" data-mce-fragment=\"1\"><\/iframe><\/p>\n<hr \/>\n<p class=\"wp-block-paragraph\"><span style=\"color: #000080;\">France\u2019s Chief Rabbi Ha\u00efm Corsia wrote on X that he was \u201chorrified\u201d by the attack.<\/span><\/p>\n<p class=\"wp-block-paragraph\"><span style=\"color: #000080;\">\u201cJustice must firmly sanction the perpetrators of this despicable act. No one can be excused from this unprecedented antisemitic surge. No one can ignore that the slayers of hatred also have their share of responsibility.\u201d<\/span><\/p>\n<hr \/>\n<p><iframe loading=\"lazy\" id=\"twitter-widget-1\" class=\"\" title=\"X Post\" src=\"https:\/\/platform.twitter.com\/embed\/Tweet.html?dnt=true&amp;embedId=twitter-widget-1&amp;features=eyJ0ZndfdGltZWxpbmVfbGlzdCI6eyJidWNrZXQiOltdLCJ2ZXJzaW9uIjpudWxsfSwidGZ3X2ZvbGxvd2VyX2NvdW50X3N1bnNldCI6eyJidWNrZXQiOnRydWUsInZlcnNpb24iOm51bGx9LCJ0ZndfdHdlZXRfZWRpdF9iYWNrZW5kIjp7ImJ1Y2tldCI6Im9uIiwidmVyc2lvbiI6bnVsbH0sInRmd19yZWZzcmNfc2Vzc2lvbiI6eyJidWNrZXQiOiJvbiIsInZlcnNpb24iOm51bGx9LCJ0ZndfZm9zbnJfc29mdF9pbnRlcnZlbnRpb25zX2VuYWJsZWQiOnsiYnVja2V0Ijoib24iLCJ2ZXJzaW9uIjpudWxsfSwidGZ3X21peGVkX21lZGlhXzE1ODk3Ijp7ImJ1Y2tldCI6InRyZWF0bWVudCIsInZlcnNpb24iOm51bGx9LCJ0ZndfZXhwZXJpbWVudHNfY29va2llX2V4cGlyYXRpb24iOnsiYnVja2V0IjoxMjA5NjAwLCJ2ZXJzaW9uIjpudWxsfSwidGZ3X3Nob3dfYmlyZHdhdGNoX3Bpdm90c19lbmFibGVkIjp7ImJ1Y2tldCI6Im9uIiwidmVyc2lvbiI6bnVsbH0sInRmd19kdXBsaWNhdGVfc2NyaWJlc190b19zZXR0aW5ncyI6eyJidWNrZXQiOiJvbiIsInZlcnNpb24iOm51bGx9LCJ0ZndfdXNlX3Byb2ZpbGVfaW1hZ2Vfc2hhcGVfZW5hYmxlZCI6eyJidWNrZXQiOiJvbiIsInZlcnNpb24iOm51bGx9LCJ0ZndfdmlkZW9faGxzX2R5bmFtaWNfbWFuaWZlc3RzXzE1MDgyIjp7ImJ1Y2tldCI6InRydWVfYml0cmF0ZSIsInZlcnNpb24iOm51bGx9LCJ0ZndfbGVnYWN5X3RpbWVsaW5lX3N1bnNldCI6eyJidWNrZXQiOnRydWUsInZlcnNpb24iOm51bGx9LCJ0ZndfdHdlZXRfZWRpdF9mcm9udGVuZCI6eyJidWNrZXQiOiJvbiIsInZlcnNpb24iOm51bGx9fQ%3D%3D&amp;frame=false&amp;hideCard=false&amp;hideThread=false&amp;id=1803163220087124220&amp;lang=en&amp;origin=https%3A%2F%2Fwww.jns.org%2Fmacron-denounces-scourge-of-antisemitism-after-jewish-girl-raped%2F&amp;sessionId=a0810bd0535cbd34681b1ec9d690c9908909e8e2&amp;theme=light&amp;widgetsVersion=2615f7e52b7e0%3A1702314776716&amp;width=550px\" width=\"650\" height=\"650\" frameborder=\"0\" scrolling=\"yes\" allowfullscreen=\"allowfullscreen\" data-tweet-id=\"1803163220087124220\" data-mce-fragment=\"1\"><\/iframe><\/p>\n<hr \/>\n<p class=\"wp-block-paragraph\" style=\"text-align: left;\"><span style=\"color: #000080;\">France is home to the largest Muslim population Europe and has seen a surge in antisemitic acts since the Oct. 7 Hamas attack. Antisemitic acts have tripled in the first months of 2024 compared to the same period last year,\u00a0<em>France24<\/em>\u00a0reported, citing official numbers.<\/span><\/p>\n<p class=\"wp-block-paragraph\" style=\"text-align: left;\"><span style=\"color: #000080;\">Out of 1,676 antisemitic acts recorded last year, 12.7% occurred in schools.<\/span><\/p>\n<p class=\"wp-block-paragraph\" style=\"text-align: left;\"><span style=\"color: #000080;\">While Macron has condemned antisemitism, he has often taken a critical stance towards Israel\u2019s war effort in Gaza. In March, Macron said that the forcible transfer of Gazans from\u00a0<a style=\"color: #000080;\" href=\"https:\/\/www.jns.org\/macron-forced-transfer-of-civilians-from-rafah-a-war-crime\/\">Rafah<\/a>\u00a0ahead of a prospective Israeli military operation in the city would constitute a \u201cwar crime.\u201d<\/span><\/p>\n<p class=\"wp-block-paragraph\" style=\"text-align: left;\"><span style=\"color: #000080;\">In November,\u00a0<a style=\"color: #000080;\" href=\"https:\/\/www.jns.org\/macron-to-show-full-solidarity-in-wartime-visit-to-israel\/\">Macron<\/a>\u00a0claimed during a\u00a0<em>BBC\u00a0<\/em>interview that Israel was killing women and children in Gaza.<\/span><\/p>\n<p class=\"wp-block-paragraph\" style=\"text-align: left;\"><span style=\"color: #000080;\">\u201cDe facto\u2014today civilians are being bombed. These babies, these women, these old people are being bombed and killed. So there is no reason for it and no legitimacy. So we do plead with Israel to stop,\u201d the French leader said.<\/span><\/p>\n<p class=\"wp-block-paragraph\" style=\"text-align: left;\"><span style=\"color: #000080;\">The remarks drew condemnation from\u00a0Prime Minister Benjamin\u00a0<a style=\"color: #000080;\" href=\"https:\/\/www.jns.org\/netanyahu-reaffirms-israel-to-have-security-control-of-post-war-gaza\/\">Netanyahu<\/a>, who said that Macron \u201cmade a serious mistake, factually and morally\u201d and that \u201cthe responsibility for any harm to civilians lies with Hamas-ISIS and not with Israel.\u201d<\/span><\/p>\n<hr style=\"height: 15px; background: #d0e6fa; width: 100%;\" \/>\n<div id=\"content\" class=\"content-alignment\">\n<div id=\"watch-description\" class=\"yt-uix-button-panel\">\n<div id=\"watch-description-text\" style=\"text-align: center;\">\n<p><em>Zawarto\u015b\u0107 publikowanych artyku\u0142\u00f3w i materia\u0142\u00f3w nie reprezentuje pogl\u0105d\u00f3w ani opinii Reunion&#8217;68,<\/em><em><br \/>\nani te\u017c webmastera Blogu Reunion&#8217;68, chyba ze jest to wyra\u017anie zaznaczone.<br \/>\nTwoje uwagi, linki, w\u0142asne artyku\u0142y lub wiadomo\u015bci prze\u015blij na adres:<br \/>\n<\/em><span style=\"color: #000080;\"><strong><em><a style=\"color: #000080;\" href=\"mailto:webmaster@reunion68.com\"><span style=\"text-decoration: underline;\">webmaster@reunion68.com<\/span><\/a><\/em><\/strong><\/span><\/p>\n<\/div>\n<\/div>\n<\/div>\n<hr style=\"width: 100%;\" \/>\n","protected":false},"excerpt":{"rendered":"<p>Macron denounces \u2018scourge of antisemitism\u2019 after Jewish girl raped UPDATE DESK Three teenagers were indicted after the attack near Paris. . French President Emmanuel Macron in Jerusalem, Jan. 22, 2020. Photo by Hadas Parush\/Flash90. After three boys were indicted for the rape of a 12-year-old Jewish girl in a Paris suburb, French President Emmanuel Macron [&hellip;]<\/p>\n","protected":false},"author":1,"featured_media":0,"comment_status":"closed","ping_status":"closed","sticky":false,"template":"","format":"standard","meta":[],"categories":[6],"tags":[26,24],"_links":{"self":[{"href":"https:\/\/www.reunion68.se\/index.php?rest_route=\/wp\/v2\/posts\/113748"}],"collection":[{"href":"https:\/\/www.reunion68.se\/index.php?rest_route=\/wp\/v2\/posts"}],"about":[{"href":"https:\/\/www.reunion68.se\/index.php?rest_route=\/wp\/v2\/types\/post"}],"author":[{"embeddable":true,"href":"https:\/\/www.reunion68.se\/index.php?rest_route=\/wp\/v2\/users\/1"}],"replies":[{"embeddable":true,"href":"https:\/\/www.reunion68.se\/index.php?rest_route=%2Fwp%2Fv2%2Fcomments&post=113748"}],"version-history":[{"count":9,"href":"https:\/\/www.reunion68.se\/index.php?rest_route=\/wp\/v2\/posts\/113748\/revisions"}],"predecessor-version":[{"id":113757,"href":"https:\/\/www.reunion68.se\/index.php?rest_route=\/wp\/v2\/posts\/113748\/revisions\/113757"}],"wp:attachment":[{"href":"https:\/\/www.reunion68.se\/index.php?rest_route=%2Fwp%2Fv2%2Fmedia&parent=113748"}],"wp:term":[{"taxonomy":"category","embeddable":true,"href":"https:\/\/www.reunion68.se\/index.php?rest_route=%2Fwp%2Fv2%2Fcategories&post=113748"},{"taxonomy":"post_tag","embeddable":true,"href":"https:\/\/www.reunion68.se\/index.php?rest_route=%2Fwp%2Fv2%2Ftags&post=113748"}],"curies":[{"name":"wp","href":"https:\/\/api.w.org\/{rel}","templated":true}]}}