{"id":113882,"date":"2024-06-26T17:05:55","date_gmt":"2024-06-26T15:05:55","guid":{"rendered":"http:\/\/www.reunion68.se\/?p=113882"},"modified":"2024-06-26T07:08:46","modified_gmt":"2024-06-26T05:08:46","slug":"02-05-103","status":"publish","type":"post","link":"https:\/\/www.reunion68.se\/?p=113882","title":{"rendered":"Paris Hotel Refuses to Serve Israeli Family as Antisemitism Continues to Spiral in France"},"content":{"rendered":"<h5 style=\"text-align: center;\"><a href=\"https:\/\/www.algemeiner.com\/\" target=\"_blank\" rel=\"noopener noreferrer\"><img decoding=\"async\" class=\"center alignleft\" src=\"http:\/\/www.reunion68.com\/Biuletyn\/img\/algem.png\" alt=\"\" width=\"35%\" \/><\/a><span style=\"text-decoration: underline; color: #000080;\"><strong><a style=\"color: #000080; text-decoration: underline;\" href=\"https:\/\/www.algemeiner.com\/2024\/06\/25\/paris-hotel-refuses-serve-israeli-family-antisemitism-continues-spiral-france\/\" target=\"_blank\" rel=\"noopener noreferrer\">Paris Hotel Refuses to Serve Israeli Family as Antisemitism Continues to Spiral in France<\/a><\/strong><\/span><\/h5>\n<p style=\"text-align: center;\"><span style=\"color: #000000;\"><strong>Jacob Frankel<\/strong><\/span><\/p>\n<hr style=\"height: 15px; background: #d0e6fa; width: 100%;\" \/>\n<p style=\"text-align: center;\"><img decoding=\"async\" class=\"aligncenter\" src=\"https:\/\/www.algemeiner.com\/wp-content\/uploads\/2024\/06\/2024-06-08T000000Z_702117154_MT1HNSLCS0004VYHUW_RTRMADP_3_HANS-LUCAS1.jpg\" width=\"100%\" \/><span style=\"color: #808080;\"><em>Anti-Israel demonstration supporting the BDS movement, Paris France, June 8, 2024. Photo: Claire Serie \/ Hans Lucas via Reuters Connect<\/em><\/span><\/p>\n<p style=\"text-align: left;\"><span style=\"color: #000080;\">An Israeli family visiting Paris was denied service at a hotel after an attendant noticed their Israeli passports, continuing a\u00a0<a style=\"color: #000080;\" href=\"https:\/\/www.algemeiner.com\/2023\/11\/29\/antisemitic-discrimination-painful-daily-reality-jews-france-newspaper-investigation-reveals\/\" target=\"_blank\" rel=\"noopener noreferrer\">record spike in antisemitism across France<\/a>\u00a0that has increasingly led to violence against the Jewish community.<\/span><\/p>\n<p style=\"text-align: left;\"><span style=\"color: #000080;\">According to the French magazine\u00a0<i>Le Point<\/i>, the Israeli family of three intended to spend three nights in Paris. Although they had booked their Novotel Paris\u00a0Porte de Versailles hotel room online, an attendant informed the family, after seeing their Israeli passports, that the price of the room had increased.<\/span><\/p>\n<p style=\"text-align: left;\"><span style=\"color: #000080;\">\u201cHe completely changed face,\u201d the father said in a complaint to French authorities, according to the publication.<\/span><\/p>\n<p style=\"text-align: center;\">\n<img decoding=\"async\" class=\"aligncenter\" src=\"https:\/\/www.algemeiner.com\/wp-content\/uploads\/2024\/06\/Novotel.jpg\" width=\"100%\" \/><span style=\"color: #808080;\"><em>Novotel\u2019s Porte de Versailles hotel in Paris. An Israeli family was turned away from the hotel after an attendant noticed their Israeli passports. Photo: Accor Group<\/em><\/span><\/p>\n<p style=\"text-align: left;\"><span style=\"color: #000080;\">\u201cWhen he saw that I had an Israeli passport, he told me that the room would cost 1,219 Euros in the end; he increased the price voluntarily,\u201d the father continued.<\/span><\/p>\n<p style=\"text-align: left;\"><span style=\"color: #000080;\">The attendant also allegedly hurled antisemitic accusations at the family, including, \u201cIsrael, you think you are kings of the world; you will not have a room in this hotel!\u201d<\/span><\/p>\n<p style=\"text-align: left;\"><span style=\"color: #000080;\">The family was turned away from the hotel at 1:30 am and forced to stay elsewhere.\u00a0The attendant \u201ctreated us with contempt and racism,\u201d the father said.<\/span><\/p>\n<p style=\"text-align: left;\"><span style=\"color: #000080;\">Accor, the group that manages Novotel, offered the family compensation after their poor treatment.<\/span><\/p>\n<p style=\"text-align: left;\"><span style=\"color: #000080;\">The incident came amid a spike in antisemitism to record levels across France.<\/span><\/p>\n<p style=\"text-align: left;\"><span style=\"color: #000080;\">In an especially egregious attack that has garnered international headlines, a\u00a0<a style=\"color: #000080;\" href=\"https:\/\/www.algemeiner.com\/2024\/06\/19\/french-president-denounces-scourge-antisemitism-after-12-year-old-jewish-girl-raped\/\" target=\"_blank\" rel=\"noopener noreferrer\">12-year-old Jewish girl was raped<\/a>\u00a0by three Muslim boys in a Paris suburb on June 15, according to the French authorities. The child told investigators that the assailants called her a \u201cdirty Jew\u201d and hurled other antisemitic comments at her during the attack.<\/span><\/p>\n<p style=\"text-align: left;\"><span style=\"color: #000080;\">The three alleged attackers were arrested by French police two days after the rape. Two of them were indicted for gang rape, death threats, antisemitic violence, attempted extortion, and invasion of privacy. The third boy was charged as a witness.\u00a0<\/span><\/p>\n<p style=\"text-align: left;\"><span style=\"color: #000080;\">After the attack,\u00a0<a style=\"color: #000080;\" href=\"https:\/\/www.algemeiner.com\/2024\/06\/25\/paris-hotel-refuses-serve-israeli-family-antisemitism-continues-spiral-france\/French%20President%20Emmanuel%20Macron\" target=\"_blank\" rel=\"noopener noreferrer\">French President Emmanuel Macron<\/a>\u00a0\u201cdenounced the scourge of antisemitism\u201d overtaking French society and spoke of the need to combat hatred of Jews in schools.\u00a0<\/span><\/p>\n<p style=\"text-align: center;\">\n<img decoding=\"async\" class=\"aligncenter\" src=\"https:\/\/www.algemeiner.com\/wp-content\/uploads\/2024\/06\/2024-06-19T154242Z_1_LYNXMPEK5I0HF_RTROPTP_4_FRANCE-ANTISEMITISM1.jpg\" width=\"100%\" \/><span style=\"color: #808080;\"><em>French President Emmanuel Macron speaks during a press conference in Paris, France, June 12, 2024. Photo: REUTERS\/Stephane Mahe<\/em><\/span><\/p>\n<p style=\"text-align: left;\"><span style=\"color: #000080;\">The parents of the girl agreed to speak anonymously with the French newspaper\u00a0<i>Le Parisien<\/i>\u00a0in an interview that was published on Monday. They described the attack as a \u201cmimicry\u201d of Hamas\u2019 sexual violence against Israeli girls and women during the Palestinian terrorist group\u2019s onslaught across southern Israel on Oct. 7.<\/span><\/p>\n<p style=\"text-align: left;\"><span style=\"color: #000080;\">The rape in France reportedly occurred after the assailants discovered that the victim was Jewish. \u201cWhy did you lie? I know you are not Muslim. So what religion are you?\u201d the boys yelled at her before the attack, according to her parents.\u00a0<\/span><\/p>\n<p style=\"text-align: left;\"><span style=\"color: #000080;\">According to the girl\u2019s mother, \u201cbefore they let her leave, they made her swear by Allah not to tell her parents or police.\u201d<\/span><\/p>\n<p style=\"text-align: left;\"><span style=\"color: #000080;\">The assault was antisemitic and motivated by the war in Gaza, her parents told\u00a0<i>Le Parisien<\/i>.\u00a0\u201cThis incident is a sign of a collective social failure in the fight against antisemitism and extreme violence,\u201d they said.<\/span><\/p>\n<p style=\"text-align: left;\"><span style=\"color: #000080;\">Jewish children were also targeted in another Paris suburb this past weekend. On Saturday,\u00a0six Jewish minors were assaulted at a movie theater in the suburb of Levallois-Perret. According to reports, three assailants yelled antisemitic slurs at the minors and \u201cslapped one of them several times,\u201d before the victims fled toward Jerusalem Square in the French capital\u2019s 17th arrondissement, where they filed a police complaint. French police are investigating the incident.<\/span><\/p>\n<p style=\"text-align: left;\"><span style=\"color: #000080;\">\u201cI condemn the physical attack of antisemitic nature in which several young minors were victims,\u201d\u00a0Geoffroy Boulard, mayor of the 17th arrondissement, wrote on X\/Twitter in response to the assault.<\/span><\/p>\n<p style=\"text-align: left;\"><span style=\"color: #000080;\">The recent antisemitic attacks came amid a\u00a0<a style=\"color: #000080;\" href=\"https:\/\/www.algemeiner.com\/2024\/03\/06\/french-cops-arrest-assailant-who-beat-abused-jewish-man-he-left-paris-synagogue\/\" target=\"_blank\" rel=\"noopener noreferrer\">record surge of antisemitism in France<\/a>\u00a0in the wake of Hamas\u2019 Oct. 7 massacre across southern Israel. Antisemitic incidents\u00a0<a style=\"color: #000080;\" href=\"https:\/\/www.algemeiner.com\/2024\/03\/06\/french-cops-arrest-assailant-who-beat-abused-jewish-man-he-left-paris-synagogue\/\" target=\"_blank\" rel=\"noopener noreferrer\">rose by over 1,000 percent<\/a>\u00a0in the final three months of 2023 compared with the previous year, with over 1,200 incidents reported \u2014 greater than the total number of incidents in France for the previous three years combined.<\/span><\/p>\n<hr style=\"height: 15px; background: #d0e6fa; width: 100%;\" \/>\n<div id=\"content\" class=\"content-alignment\">\n<div id=\"watch-description\" class=\"yt-uix-button-panel\">\n<div id=\"watch-description-text\" style=\"text-align: center;\">\n<p><em>Zawarto\u015b\u0107 publikowanych artyku\u0142\u00f3w i materia\u0142\u00f3w nie reprezentuje pogl\u0105d\u00f3w ani opinii Reunion&#8217;68,<\/em><em><br \/>\nani te\u017c webmastera Blogu Reunion&#8217;68, chyba ze jest to wyra\u017anie zaznaczone.<br \/>\nTwoje uwagi, linki, w\u0142asne artyku\u0142y lub wiadomo\u015bci prze\u015blij na adres:<br \/>\n<\/em><span style=\"color: #000080;\"><strong><em><a style=\"color: #000080;\" href=\"mailto:webmaster@reunion68.com\"><span style=\"text-decoration: underline;\">webmaster@reunion68.com<\/span><\/a><\/em><\/strong><\/span><\/p>\n<\/div>\n<\/div>\n<\/div>\n<hr style=\"width: 100%;\" \/>\n","protected":false},"excerpt":{"rendered":"<p>Paris Hotel Refuses to Serve Israeli Family as Antisemitism Continues to Spiral in France Jacob Frankel Anti-Israel demonstration supporting the BDS movement, Paris France, June 8, 2024. Photo: Claire Serie \/ Hans Lucas via Reuters Connect An Israeli family visiting Paris was denied service at a hotel after an attendant noticed their Israeli passports, continuing [&hellip;]<\/p>\n","protected":false},"author":1,"featured_media":0,"comment_status":"closed","ping_status":"closed","sticky":false,"template":"","format":"standard","meta":[],"categories":[6],"tags":[26,24],"_links":{"self":[{"href":"https:\/\/www.reunion68.se\/index.php?rest_route=\/wp\/v2\/posts\/113882"}],"collection":[{"href":"https:\/\/www.reunion68.se\/index.php?rest_route=\/wp\/v2\/posts"}],"about":[{"href":"https:\/\/www.reunion68.se\/index.php?rest_route=\/wp\/v2\/types\/post"}],"author":[{"embeddable":true,"href":"https:\/\/www.reunion68.se\/index.php?rest_route=\/wp\/v2\/users\/1"}],"replies":[{"embeddable":true,"href":"https:\/\/www.reunion68.se\/index.php?rest_route=%2Fwp%2Fv2%2Fcomments&post=113882"}],"version-history":[{"count":5,"href":"https:\/\/www.reunion68.se\/index.php?rest_route=\/wp\/v2\/posts\/113882\/revisions"}],"predecessor-version":[{"id":113900,"href":"https:\/\/www.reunion68.se\/index.php?rest_route=\/wp\/v2\/posts\/113882\/revisions\/113900"}],"wp:attachment":[{"href":"https:\/\/www.reunion68.se\/index.php?rest_route=%2Fwp%2Fv2%2Fmedia&parent=113882"}],"wp:term":[{"taxonomy":"category","embeddable":true,"href":"https:\/\/www.reunion68.se\/index.php?rest_route=%2Fwp%2Fv2%2Fcategories&post=113882"},{"taxonomy":"post_tag","embeddable":true,"href":"https:\/\/www.reunion68.se\/index.php?rest_route=%2Fwp%2Fv2%2Ftags&post=113882"}],"curies":[{"name":"wp","href":"https:\/\/api.w.org\/{rel}","templated":true}]}}