{"id":113884,"date":"2024-06-26T17:00:22","date_gmt":"2024-06-26T15:00:22","guid":{"rendered":"http:\/\/www.reunion68.se\/?p=113884"},"modified":"2024-06-26T06:50:34","modified_gmt":"2024-06-26T04:50:34","slug":"02-00-99","status":"publish","type":"post","link":"https:\/\/www.reunion68.se\/?p=113884","title":{"rendered":"Jew-hatred reportedly rose 80% in Germany in 2023"},"content":{"rendered":"<h5 style=\"text-align: center;\"><a href=\"https:\/\/www.jns.org\/\" target=\"_blank\" rel=\"noopener noreferrer\"><img decoding=\"async\" class=\"center alignleft\" src=\"http:\/\/www.reunion68.com\/Biuletyn\/img\/jns-1.png\" alt=\"\" width=\"35%\" \/><\/a><span style=\"text-decoration: underline; color: #000080;\"><span><strong><a style=\"color: #000080; text-decoration: underline;\" href=\"https:\/\/www.jns.org\/jew-hatred-reportedly-rose-80-in-germany-in-2023\/\" target=\"_blank\" rel=\"noopener noreferrer\">Jew-hatred reportedly rose 80% in Germany in 2023<\/a><\/strong><\/span><\/span><\/h5>\n<p style=\"text-align: center;\"><span style=\"color: #000000;\"><strong>UPDATE DESK | World News<\/strong><\/span><\/p>\n<hr style=\"height: 15px; background: #d0e6fa; width: 100%;\" \/>\n<div>\n<h4 style=\"text-align: center;\"><strong>\u201cViolence against Jews has been justified, trivialized or denied,\u201d per a new German study<\/strong><\/h4>\n<\/div>\n<p style=\"text-align: center;\">.<br \/>\n<img decoding=\"async\" class=\"aligncenter\" src=\"https:\/\/cdn.jns.org\/uploads\/2024\/06\/GettyImages-1959762768-1320x880.jpg\" width=\"100%\" \/><span style=\"color: #808080;\"><em>From left: Andrea Despot, chair of the EVZ Foundation; Joseph Schuster, president of Germany&#8217;s Central Council of Jews; and Felix Klein, Germany&#8217;s federal antisemitism commissioner, pose with placards stating &#8220;We remember,&#8221; in reference to International Holocaust Remembrance Day in Berlin, Jan. 25, 2024. Photo by Sean Gallup\/Getty Images.<\/em><\/span><\/p>\n<p class=\"wp-block-paragraph\" style=\"text-align: left;\"><span style=\"color: #000080;\">The 4,782 documented instances of Jew-hatred in Germany in 2023\u20142,787 of which happened after Oct. 7\u2014represent an 80% increase over 2022, according to a\u00a0<a style=\"color: #000080;\" href=\"https:\/\/report-antisemitism.de\/documents\/2024-06-2024_Antisemitic_incidents_in_Germany_Annual-Report_Federal_Association_RIAS_2023.pdf\" target=\"_blank\" rel=\"noreferrer noopener\">report<\/a>\u00a0from the Federal Association of Departments for Research and Information Centers on Antisemitism.<\/span><\/p>\n<p class=\"wp-block-paragraph\" style=\"text-align: left;\"><span style=\"color: #000080;\">On average, about 33 antisemitic incidents occurred per day in Germany from Oct. 7 until the end of the year, compared to a little more than seven daily from Jan. 1 to Oct. 7, 2023, according to the new data, released on Tuesday by the Bundesverband RIAS, which is funded by the German state.<\/span><\/p>\n<p class=\"wp-block-paragraph\" style=\"text-align: left;\"><span style=\"color: #000080;\">Two-thirds of the instances that involved \u201cextreme violence, assaults and threats\u201d also took place after Oct. 7, per the study.<\/span><\/p>\n<p class=\"wp-block-paragraph\" style=\"text-align: left;\"><span style=\"color: #000080;\">\u201cThe antisemitic massacres and terrorist attacks in Israel motivate people in Germany to engage in antisemitic behavior,\u201d said Bianca Loy, research associate at the Bundesverband RIAS and co-author of the study. \u201cMany well-known antisemitic stereotypes have been updated and applied to the Hamas massacres, and the war in Israel and Gaza.\u201d<\/span><\/p>\n<p class=\"wp-block-paragraph\" style=\"text-align: left;\"><span style=\"color: #000080;\">Owing to this, she added, \u201cviolence against Jews has been justified, trivialized or denied.\u201d<\/span><\/p>\n<p class=\"wp-block-paragraph\" style=\"text-align: left;\"><span style=\"color: #000080;\">Loy called the situation, in which many have to hide their Jewish identities, \u201calarming and unacceptable.\u201d<\/span><\/p>\n<p class=\"wp-block-paragraph\" style=\"text-align: left;\"><span style=\"color: #000080;\">\u201cThe unprecedented rise in antisemitic incidents must be understood as a wake-up call,\u201d stated Benjamin Steinitz, managing director of the Bundesverband RIAS. \u201cThe state has the responsibility to ensure that Jews can safely participate in civic life.\u201d<\/span><\/p>\n<hr style=\"height: 15px; background: #d0e6fa; width: 100%;\" \/>\n<div id=\"content\" class=\"content-alignment\">\n<div id=\"watch-description\" class=\"yt-uix-button-panel\">\n<div id=\"watch-description-text\" style=\"text-align: center;\">\n<p><em>Zawarto\u015b\u0107 publikowanych artyku\u0142\u00f3w i materia\u0142\u00f3w nie reprezentuje pogl\u0105d\u00f3w ani opinii Reunion&#8217;68,<\/em><em><br \/>\nani te\u017c webmastera Blogu Reunion&#8217;68, chyba ze jest to wyra\u017anie zaznaczone.<br \/>\nTwoje uwagi, linki, w\u0142asne artyku\u0142y lub wiadomo\u015bci prze\u015blij na adres:<br \/>\n<\/em><span style=\"color: #000080;\"><strong><em><a style=\"color: #000080;\" href=\"mailto:webmaster@reunion68.com\"><span style=\"text-decoration: underline;\">webmaster@reunion68.com<\/span><\/a><\/em><\/strong><\/span><\/p>\n<\/div>\n<\/div>\n<\/div>\n<hr style=\"width: 100%;\" \/>\n","protected":false},"excerpt":{"rendered":"<p>Jew-hatred reportedly rose 80% in Germany in 2023 UPDATE DESK | World News \u201cViolence against Jews has been justified, trivialized or denied,\u201d per a new German study . From left: Andrea Despot, chair of the EVZ Foundation; Joseph Schuster, president of Germany&#8217;s Central Council of Jews; and Felix Klein, Germany&#8217;s federal antisemitism commissioner, pose with [&hellip;]<\/p>\n","protected":false},"author":1,"featured_media":0,"comment_status":"closed","ping_status":"closed","sticky":false,"template":"","format":"standard","meta":[],"categories":[6],"tags":[26,24],"_links":{"self":[{"href":"https:\/\/www.reunion68.se\/index.php?rest_route=\/wp\/v2\/posts\/113884"}],"collection":[{"href":"https:\/\/www.reunion68.se\/index.php?rest_route=\/wp\/v2\/posts"}],"about":[{"href":"https:\/\/www.reunion68.se\/index.php?rest_route=\/wp\/v2\/types\/post"}],"author":[{"embeddable":true,"href":"https:\/\/www.reunion68.se\/index.php?rest_route=\/wp\/v2\/users\/1"}],"replies":[{"embeddable":true,"href":"https:\/\/www.reunion68.se\/index.php?rest_route=%2Fwp%2Fv2%2Fcomments&post=113884"}],"version-history":[{"count":5,"href":"https:\/\/www.reunion68.se\/index.php?rest_route=\/wp\/v2\/posts\/113884\/revisions"}],"predecessor-version":[{"id":113889,"href":"https:\/\/www.reunion68.se\/index.php?rest_route=\/wp\/v2\/posts\/113884\/revisions\/113889"}],"wp:attachment":[{"href":"https:\/\/www.reunion68.se\/index.php?rest_route=%2Fwp%2Fv2%2Fmedia&parent=113884"}],"wp:term":[{"taxonomy":"category","embeddable":true,"href":"https:\/\/www.reunion68.se\/index.php?rest_route=%2Fwp%2Fv2%2Fcategories&post=113884"},{"taxonomy":"post_tag","embeddable":true,"href":"https:\/\/www.reunion68.se\/index.php?rest_route=%2Fwp%2Fv2%2Ftags&post=113884"}],"curies":[{"name":"wp","href":"https:\/\/api.w.org\/{rel}","templated":true}]}}