{"id":113901,"date":"2024-06-28T17:09:38","date_gmt":"2024-06-28T15:09:38","guid":{"rendered":"http:\/\/www.reunion68.se\/?p=113901"},"modified":"2024-06-27T07:54:54","modified_gmt":"2024-06-27T05:54:54","slug":"03-09-96","status":"publish","type":"post","link":"https:\/\/www.reunion68.se\/?p=113901","title":{"rendered":"Pokolenia naznaczone histori\u0105 i karmione historyjkami"},"content":{"rendered":"<p style=\"text-align: center;\"><img decoding=\"async\" class=\"aligncenter\" src=\"https:\/\/upload.wikimedia.org\/wikipedia\/commons\/2\/21\/Arab_volunteers.jpg\" width=\"100%\"><span style=\"color: #808080;\"><em>Arabscy ochotnicy jad\u0105cy zabija\u0107 \u017byd\u00f3w w 1947 roku. (\u0179r\u00f3d\u0142o zdj\u0119cia: Wikipedia.)<\/em><\/span><\/p>\n<hr>\n<h5 style=\"text-align: center;\"><a href=\"https:\/\/www.listyznaszegosadu.pl\/\" target=\"_blank\" rel=\"noopener noreferrer\"><img decoding=\"async\" class=\"center alignleft\" src=\"http:\/\/www.reunion68.com\/Biuletyn\/img\/z-naszego.jpg\" alt=\"\" width=\"50%\"><\/a><span style=\"text-decoration: underline; color: #000080;\"><strong><a style=\"color: #000080; text-decoration: underline;\" href=\"https:\/\/www.listyznaszegosadu.pl\/notatki\/pokolenia-naznaczone-historia-i-karmione-historyjkami\" target=\"_blank\" rel=\"noopener noreferrer\">Pokolenia naznaczone histori\u0105 i karmione historyjkami<\/a><\/strong><\/span><\/h5>\n<p style=\"text-align: center;\"><span style=\"color: #000000;\"><strong>Andrzej Koraszewski<\/strong><\/span><\/p>\n<hr style=\"height: 15px; background: #d0e6fa; width: 100%;\">\n<div class=\"templateArticleIngress\" style=\"text-align: left;\"><span style=\"color: #000080;\">Starsze pokolenie zawsze pisze o m\u0142odszym pokoleniu z trwog\u0105, \u017ce za \u0107wier\u0107 wieku, ci m\u0142odsi nie b\u0119d\u0105 ju\u017c tak pi\u0119kni, jak dzi\u015b s\u0105 ci starsi. Sam jestem nie bez winy, wiele lat temu przewidywa\u0142em, \u017ce mog\u0119 doczeka\u0107 czas\u00f3w, kiedy s\u0119dzia z zielonymi w\u0142osami, kolczykiem w uchu i w pomi\u0119tej koszuli b\u0119dzie s\u0105dzi\u0142 przest\u0119pc\u0119 w schludnym garniturze. Kiedy zobaczy\u0142em w Internecie&nbsp;<a style=\"color: #000080;\" href=\"https:\/\/www.jns.org\/white-house-associate-comms-director-decries-past-anti-israel-remarks\/\">zdj\u0119cie nowego pracownika Bia\u0142ego Domu<\/a>&nbsp;z licznymi tatua\u017cami i (chyba) plastikowymi ko\u0142ami przyczepionymi do uszu, wrzasn\u0105\u0142em \u201eby\u0142em blisko\u201d. Co mi oczywi\u015bcie przypomnia\u0142o ameryka\u0144skiego matematyka, profesora Kaplana, kt\u00f3ry uwielbia\u0142 wyk\u0142ada\u0107 matematyk\u0119 dla dzieci.<\/span><\/div>\n<p style=\"text-align: left;\">\n<div class=\"templateArticleBrodtext\">\n<p style=\"text-align: left;\"><span style=\"color: #000080;\">Kaplan zacz\u0105\u0142 jeden z takich wyk\u0142ad\u00f3w od pytania: \u201ejaka jest najwi\u0119ksza liczba\u201d. Szczerbata s\u0142uchaczka z drugiego rz\u0119du wrzasn\u0119\u0142a, \u017ce 22&nbsp;724. Jej siedz\u0105cy obok r\u00f3wie\u015bnik zapyta\u0142 spokojnie: \u201ea co z 22&nbsp;725?\u201d.<\/span><\/p>\n<p style=\"text-align: left;\">\n<span style=\"color: #000080;\">&#8211; O.K. masz racj\u0119, ale by\u0142am blisko \u2013 odpowiedzia\u0142a s\u0142uchaczka, a profesor st\u0142umi\u0142 chichot zastanawiaj\u0105c si\u0119 gor\u0105czkowo, jak nie ura\u017caj\u0105c szczerbatej godno\u015bci poprowadzi\u0107 ich dalej do niesko\u0144czono\u015bci.<\/span><\/p>\n<p style=\"text-align: left;\"><span style=\"color: #000080;\">&nbsp;&nbsp;&nbsp;&nbsp;&nbsp; &nbsp;&nbsp;&nbsp;&nbsp;<\/span><br \/>\n<span style=\"color: #000080;\">Coraz cz\u0119\u015bciej widz\u0119 artyku\u0142y o pokoleniu Z, o m\u0142odych ludziach urodzonych na prze\u0142omie tysi\u0105cleci. Pisz\u0105 je g\u0142\u00f3wnie autorzy z pokolenia X, urodzeni plus minus \u0107wier\u0107 wieku wcze\u015bniej. Stereotyp pokolenia Z wyznaczaj\u0105 najbardziej widoczni, rozwrzeszczani, ignoranccy i przera\u017caj\u0105cy swoj\u0105 pochwa\u0142\u0105 barbarzy\u0144stwa. Ci za\u015b, kt\u00f3rzy na r\u00f3\u017cne sposoby odbiegaj\u0105 od tego stereotypu, mog\u0105 by\u0107 wi\u0119kszo\u015bci\u0105, ale rzadko pojawiaj\u0105 si\u0119 w \u015bwietle reflektor\u00f3w.&nbsp;&nbsp;&nbsp;<\/span><\/p>\n<p style=\"text-align: left;\">\n<span style=\"color: #000080;\">Izraelski rabin, Moshe Taragin,&nbsp;<a style=\"color: #000080;\" href=\"https:\/\/www.jpost.com\/opinion\/article-807022\">pisze na \u0142amach \u201eJerusalem Post\u201d<\/a>, \u017ce \u015bwiat oszala\u0142, \u017ce cz\u0142onkowie pokolenia Z stracili rozum i zmys\u0142y. Patrzymy ze zdumieniem na szalej\u0105ce t\u0142umy wrzeszcz\u0105ce \u201e\u015amier\u0107 \u017bydom\u201d.<\/span><\/p>\n<blockquote><p><strong>\u201eJednak to, co jest nielogiczne, a nawet dystopijne, to dziwna koalicja utworzona w celu wspierania gwa\u0142cicieli i seryjnych morderc\u00f3w. Surrealistyczne jest obserwowanie t\u0142um\u00f3w&nbsp; student\u00f3w z muzu\u0142ma\u0144skiego \u015bwiata, kt\u00f3rzy \u015blepo wspieraj\u0105 masowych morderc\u00f3w, jednocze\u015bnie oczerniaj\u0105c ofiary brutalnej napa\u015bci. To przera\u017caj\u0105ce, \u017ce Afroamerykanie, kt\u00f3rych uzasadnionych praw \u017bydzi zawsze bronili, odwracaj\u0105 si\u0119 od nas, siej\u0105c jadowity antysemityzm. W tym teatrze absurdu najbardziej farsow\u0105 scen\u0105 jest ta, w kt\u00f3rej&nbsp;<a href=\"https:\/\/www.jpost.com\/diaspora\/antisemitism\/article-805267\" target=\"_blank\" rel=\"noopener noreferrer\">spo\u0142eczno\u015b\u0107 LGBT<\/a>, znana ze swojego d\u0105\u017cenia do tolerancji, nagle zamienia si\u0119 w przepe\u0142nione nienawi\u015bci\u0105 zgromadzenie bigot\u00f3w\u201d.<\/strong><\/p><\/blockquote>\n<p style=\"text-align: left;\"><span style=\"color: #000080;\">Autor pr\u00f3buje zrozumie\u0107 gdzie ukrywa si\u0119 przyczyna tego masowego szale\u0144stwa. Pisze o historycznych momentach, kiedy suma zmian jest zbyt du\u017ca i ludzie masowo do\u015bwiadczaj\u0105 kryzysu to\u017csamo\u015bci. &nbsp;<\/span><\/p>\n<p style=\"text-align: left;\">\n<span style=\"color: #000080;\">Jest to rodzaj kulturowego zawrotu g\u0142owy, kt\u00f3ry na og\u00f3\u0142 nie ko\u0144czy si\u0119 dobrze. Bywa r\u00f3wnie\u017c odwrotnie. Renesans wy\u0142oni\u0142 si\u0119 po czarnej zarazie, kt\u00f3ra wytrzebi\u0142a po\u0142ow\u0119 populacji Europy. (Ten zwi\u0105zek przyczynowy nie jest oczywisty, ale faktem jest, \u017ce os\u0142abione struktury w\u0142adzy pozwoli\u0142y na wi\u0119ksz\u0105 swobod\u0119 my\u015bli, a zatem przyspieszenie innowacji i odkry\u0107 naukowych.) Bli\u017cej nas jest pierwsza wojna \u015bwiatowa, kt\u00f3ra spowodowa\u0142a ca\u0142kowit\u0105 przebudow\u0119 europejskiego \u015bwiata. Znikn\u0119\u0142y imperia, powsta\u0142y (odrodzi\u0142y si\u0119), pa\u0144stwa narodowe, urodzeni po tej wojnie mieli trudno\u015bci ze zrozumieniem \u015bwiata swoich rodzic\u00f3w i dziadk\u00f3w. Data urodzenia wyznacza trajektori\u0119 kszta\u0142towania si\u0119 naszej \u015bwiadomo\u015bci.<\/span><\/p>\n<p style=\"text-align: left;\">\n<span style=\"color: #000080;\">Czytaj\u0105c ten artyku\u0142 u\u015bwiadomi\u0142em sobie, jak wielu spo\u015br\u00f3d moich starszych o 10-15 lat znajomych by\u0142o tak zwanymi \u201epryszczatymi\u201d, jak wpadli w pu\u0142apk\u0119 \u201ewalki o pok\u00f3j\u201d,&nbsp; \u201ebudowania braterstwa narod\u00f3w\u201d i nowego spo\u0142ecze\u0144stwa r\u00f3wno\u015bci i sprawiedliwo\u015bci. Kiedy ich poznawa\u0142em, byli ju\u017c rozgoryczeni, wiedzieli, \u017ce to, w czym uczestniczyli, by\u0142o zbrodniczym systemem, chocia\u017c nadal jak we \u015bnie powtarzali, \u017ce \u201esocjalizm to dobra rzecz\u201d.<\/span><\/p>\n<p style=\"text-align: left;\">\n<span style=\"color: #000080;\">Izraelski rabin zastanawia si\u0119 dlaczego racjonalno\u015b\u0107 straci\u0142a dat\u0119 wa\u017cno\u015bci. Urbanizacja, nowe \u015brodki transportu, rozw\u00f3j komunikacji, rozbite wi\u0119zi spo\u0142eczne, sukces cywilizacyjny z towarzysz\u0105cym mu dobrobytem i znudzeniem nowoczesno\u015bci\u0105, zwr\u00f3cenie si\u0119 przeciw w\u0142asnemu spo\u0142ecze\u0144stwu i poszukiwanie \u0142atwego, a zarazem \u0142atwo rozpoznawalnego wroga.<\/span><\/p>\n<p style=\"text-align: left;\">\n<span style=\"color: #000080;\">Pokolenie Z, a mo\u017ce tylko jego najbardziej wrzaskliwa cz\u0119\u015b\u0107, krzyczy \u201e\u015amier\u0107 \u017bydom\u201d uwa\u017caj\u0105c, \u017ce wspi\u0119\u0142a si\u0119 na najwy\u017csze moralne wy\u017cyny i bierze za dobr\u0105 monet\u0119 ka\u017cde k\u0142amstwo, kt\u00f3re wzmacnia ich poczucie moralnej wy\u017cszo\u015bci.<\/span><\/p>\n<p style=\"text-align: left;\">\n<span style=\"color: #000080;\">Rabin oczywi\u015bcie szuka ratunku w religii, jest cz\u0142owiekiem nowoczesnym, pisze o religii, kt\u00f3ra dostarcza kulturowych ram, konwencji wzmacniaj\u0105cej to\u017csamo\u015b\u0107. To nie moja parafia, zastanawiam si\u0119 raczej nad pytaniem, na ile stereotyp pokolenia Z jest wyko\u015blawiony, gdzie s\u0105 i jacy s\u0105 ci, kt\u00f3rzy nie pasuj\u0105 do tego stereotypu? Rabin ma racj\u0119, w historii wiele razy tak ju\u017c bywa\u0142o, \u017ce szale\u0144stwo bra\u0142o g\u00f3r\u0119 i prowadzi\u0142o do apokaliptycznych nieszcz\u0119\u015b\u0107.&nbsp;&nbsp;&nbsp;&nbsp; &nbsp;&nbsp;<\/span><\/p>\n<p style=\"text-align: left;\">\n<span style=\"color: #000080;\">Religia najbardziej widocznej i najg\u0142o\u015bniejszej cz\u0119\u015bci pokolenia Z nie wy\u0142oni\u0142a si\u0119 z pr\u00f3\u017cni. T\u0119 religi\u0119 stworzy\u0142o i wypromowa\u0142o pokolenie X. To nie jest tak, jak s\u0105dzi rabin, \u017ce religia zosta\u0142a porzucona, zast\u0105pi\u0142y j\u0105 nowe mity, czerpi\u0105ce gar\u015bciami ze starej tradycji.&nbsp;&nbsp;&nbsp;&nbsp; &nbsp;&nbsp;<\/span><\/p>\n<p style=\"text-align: left;\">\n<span style=\"color: #000080;\">Twierdzenie, \u017ce pozytywn\u0105 cech\u0105 religii jest tworzenie wi\u0119zi spo\u0142ecznych, nie jest pozbawione podstaw. Poprawna jest r\u00f3wnie\u017c obserwacja, \u017ce te oparte o religi\u0119 wi\u0119zi dziwnie cz\u0119sto cementowa\u0142a nienawi\u015b\u0107. Nie b\u0119dziesz mia\u0142 bog\u00f3w cudzych przede mn\u0105, Allahu akbar. Zabijanie niewiernych jest cnot\u0105, bardziej cywilizowani mog\u0105 to robi\u0107 w ramach&nbsp;<em>outsourcingu<\/em>. O d\u0142ugiej ju\u017c tradycji tego outsourcingu wiele m\u00f3wi Komunikat prasowy Komisji Europejskiej z 31 maja 2024 r.<\/span><\/p>\n<blockquote><p><strong>\u201eKomisja rozpatrzy\u0142a dzisiaj drug\u0105 transz\u0119 pomocy w wysoko\u015bci 25 milion\u00f3w euro dla Autonomii Palesty\u0144skiej, aby wnios\u0142a wk\u0142ad w wyp\u0142at\u0119 wynagrodze\u0144 i emerytur palesty\u0144skich urz\u0119dnik\u00f3w s\u0142u\u017cby cywilnej oraz wyp\u0142aci\u0142a 16 milion\u00f3w euro na rzecz UNRWA w celu zapewnienia Palesty\u0144czykom podstawowych us\u0142ug, takich jak opieka zdrowotna i edukacja uchod\u017acy.<\/strong><\/p>\n<p><strong>P\u0142atno\u015b\u0107 w wysoko\u015bci 25 mln euro w ramach PEGASE pomo\u017ce Autonomii Palesty\u0144skiej wywi\u0105za\u0107 si\u0119 z cz\u0119\u015bci zobowi\u0105za\u0144 wobec palesty\u0144skich urz\u0119dnik\u00f3w s\u0142u\u017cby cywilnej na Zachodnim Brzegu.<\/strong><\/p>\n<p><strong>P\u0142atno\u015b\u0107 stanowi drug\u0105 transz\u0119 wyp\u0142acon\u0105 Autonomii Palesty\u0144skiej w ramach pakietu pomocy o warto\u015bci 118,4 mln euro przyj\u0119tego w grudniu 2023 r. Pierwsz\u0105 p\u0142atno\u015b\u0107 w wysoko\u015bci 25 mln euro wyp\u0142acono w marcu.\u201d<\/strong><\/p><\/blockquote>\n<p><span style=\"color: #000080;\">Wyspecjalizowani dziennikarze mogli przeoczy\u0107 fakt, \u017ce od d\u0142u\u017cszego czasu urz\u0119dnicy \u201epa\u0144stwowi\u201d Autonomii Palesty\u0144skiej otrzymuj\u0105 tylko po\u0142ow\u0119 wynagrodzenia, a i to cz\u0119sto z du\u017cym op\u00f3\u017anieniem.&nbsp; Gospodarka tego \u201epa\u0144stwa\u201d nigdy nie by\u0142a specjaln\u0105 trosk\u0105 dyktatora i jego \u015bwity, bud\u017cet \u201epa\u0144stwa\u201d sk\u0142ada si\u0119 g\u0142\u00f3wnie z datk\u00f3w od dobrych rz\u0105d\u00f3w zagranicznych, chocia\u017c nie jest prawd\u0105, \u017ce \u017cadnej produkcji nie ma. Palestyna eksportuje troch\u0119 \u017cywno\u015bci, g\u0142\u00f3wnie do Izraela, za\u015b eksport, kt\u00f3ry idzie do i przez Izrael jest oclony. To Izrael pobiera c\u0142a, kt\u00f3re normalnie przekazywa\u0142 w\u0142adzom Autonomii. Autonomia Palesty\u0144ska od chwili swojego powstania wyp\u0142aca stypendia za zabijanie lub pr\u00f3by zabijania \u017byd\u00f3w. Te stypendia otrzymuj\u0105 wi\u0119\u017aniowie (mordercy), lub rodziny tych, kt\u00f3rzy stracili \u017cycie uprawiaj\u0105c terroryzm (kt\u00f3rego rzekomo Autonomia si\u0119 wyrzek\u0142a).<\/span><\/p>\n<p><span style=\"color: #000080;\">Jak powiedzia\u0142 Abbas (a inni wielokrotnie to powtarzali): \u201eNawet je\u015bli zostanie nam jeden grosz, wyp\u0142acimy go wi\u0119\u017aniom i m\u0119czennikom\u201d. Dziesi\u0105tki milion\u00f3w ludzi obejrza\u0142o powtarzany w k\u00f3\u0142ko od 2019 roku filmik, na kt\u00f3rym Mahmoud Abbas stwierdza:&nbsp;<\/span><\/p>\n<blockquote><p><strong>\u201eIzrael przyszed\u0142 i powiedzia\u0142, \u017ce M\u0119czennicy to przest\u0119pcy, terrory\u015bci i mordercy. Wstyd\u017a si\u0119, Izraelu! Nigdy nie zgodzimy si\u0119 na porzucenie naszych M\u0119czennik\u00f3w\u2026 Nasi M\u0119czennicy, wi\u0119\u017aniowie i ranni s\u0105 najbardziej u\u015bwi\u0119ceni ze wszystkich. Nie zgodzimy si\u0119 na ca\u0142kowite zrzeczenie si\u0119 naszych pieni\u0119dzy. Nasi M\u0119czennicy maj\u0105 do nich prawo\u201d.<\/strong><\/p><\/blockquote>\n<p style=\"text-align: left;\"><span style=\"color: #000080;\">Politycy z Ameryki i z Europy czasem jakby co\u015b m\u00f3wili, \u017ce niby chyba pot\u0119piaj\u0105 wyp\u0142aty za terroryzm. Izrael by\u0142 bardziej stanowczy i odlicza obecnie od nale\u017cnych Autonomii pieni\u0119dzy sumy wyp\u0142acane jako nagrody za terroryzm. Te pieni\u0105dze s\u0105 zamro\u017cone do czasu a\u017c Autonomia przestanie uwa\u017ca\u0107 terroryst\u00f3w za s\u00f3l swojej ziemi. Tymczasem, jak przyznaje rz\u0105d pa\u0144stwa Palestyna, te pieni\u0105dze by\u0142y podstaw\u0105 finansowania aparatu pa\u0144stwowego. Prawd\u0119 m\u00f3wi\u0105c jest gorzej, bo izraelska stanowczo\u015b\u0107 w tej sprawie spowodowa\u0142a nag\u0142o\u015bnienie, czyli trudno\u015b\u0107 dalszego udawania, \u017ce politycy nie wiedz\u0105 o nagrodach dla terroryst\u00f3w i niekt\u00f3re kraje wstrzyma\u0142y lub ograniczy\u0142y datki&nbsp; na utrzymanie pa\u0144stwa Palestyna. Inni wszelko, lituj\u0105c si\u0119 nad trudno\u015bciami finansowymi Palestyny, wspomagaj\u0105 op\u0142acanie palesty\u0144skiego terroru, podejmuj\u0105c takie decyzje, jak decyzja Komisji Unii&nbsp; Europejskiej z 31 maja 2024 r.<\/span><\/p>\n<p style=\"text-align: left;\"><span style=\"color: #000080;\"><a style=\"color: #000080;\" href=\"https:\/\/palwatch.org\/page\/35179\"><br \/>\nWynagrodzenia za zabijanie \u017byd\u00f3w<\/a>&nbsp;oraz za prac\u0119 w administracji Autonomii Palesty\u0144skiej pochodz\u0105 z tego samego bud\u017cetu. Trudno zatem nazwa\u0107 akcj\u0119 ratowania bud\u017cetu AP inaczej ni\u017c europejski&nbsp;<em>outsourcing<\/em>&nbsp;zabijania \u017byd\u00f3w.&nbsp;<\/span><\/p>\n<p style=\"text-align: left;\">\n<span style=\"color: #000080;\">Pokolenie Z, a przynajmniej ta najbardziej widoczna jego cz\u0119\u015b\u0107, wydaje si\u0119 dzi\u015b zachowywa\u0107 jak aktyw partyjny w Sali Kongresowej, kt\u00f3ry krzycza\u0142 \u201e<a style=\"color: #000080;\" href=\"https:\/\/studioopinii.pl\/archiwa\/184778\">\u015amia\u0142o Wies\u0142aw, \u015bmia\u0142o<\/a>\u201d. Aktyw partyjny niczego sam nie wymy\u015bli\u0142, aktyw by\u0142 tylko entuzjastyczny i z nabo\u017ce\u0144stwem wzywa\u0142 do g\u0142\u0119bszej religijno\u015bci, kt\u00f3ra dawa\u0142a wspania\u0142e poczucie g\u0142\u0119bokiej wsp\u00f3lnoty. Pokolenie Z. nic nie wie o aparacie partyjnym, Wies\u0142awie i Sali Kongresowej. Nie ma si\u0119 czemu dziwi\u0107, to staro\u017cytna historia, o kt\u00f3rej mamrocz\u0105 dziadersi.&nbsp; &nbsp; &nbsp; &nbsp; &nbsp; &nbsp;&nbsp;<\/span><\/p>\n<p style=\"text-align: left;\">\n<span style=\"color: #000080;\">Czyta\u0142em dzi\u015b&nbsp;<a style=\"color: #000080;\" href=\"https:\/\/wyborcza.pl\/magazyn\/7,124059,31072709,palestynczycy-z-ramallah-juz-nie-chodza-na-spacery-za-miasto.html?utm_source=mail&amp;utm_medium=newsletter&amp;utm_campaign=poranny&amp;NLID=91bdcc1262659fb43bebc51db3badd7bef5ea929c44366c48020bb3ff4dd9eca\">wywiad przedstawicielki pokolenia X<\/a>, szefowej \u201eWysokich obcas\u00f3w\u201d (rocznik 1976), Agnieszki Jucewicz z palesty\u0144skim pisarzem Raj\u0105 Shehadehem. Wywiad ma \u015bliczny tytu\u0142 informuj\u0105cy, \u017ce \u201ePalesty\u0144czycy z Ramallah ju\u017c nie chodz\u0105 na spacery. Izraelscy osadnicy strzelaj\u0105 ludziom pod nogi\u201d. To bardzo d\u0142ugi wywiad, w kt\u00f3rym nie znalaz\u0142em ani jednego zdanie nie wymagaj\u0105cego komentarza. Zaczyna si\u0119 od wyt\u0142uszczonego pod tytu\u0142em zdania:<\/span><\/p>\n<blockquote>\n<p style=\"text-align: left;\"><strong>\u201eZiemia w Ramallah jest dro\u017csza ni\u017c w Nowym Jorku. Niedawno chcia\u0142em dokupi\u0107 kawa\u0142ek s\u0105siedniej dzia\u0142ki, okaza\u0142o si\u0119, \u017ce musia\u0142bym zap\u0142aci\u0107 1,5 miliona dolar\u00f3w\u201d.<\/strong><\/p>\n<\/blockquote>\n<p><span style=\"color: #000080;\">Agnieszka Jucewicz nie zapyta\u0142a jak du\u017cy by\u0142 ten \u201ekawa\u0142ek dzia\u0142ki\u201d, szefowa \u201eWysokich Obcas\u00f3w\u201d jest specjalistk\u0105 od emocji, a nie ekonomistk\u0105, ale niezale\u017cnie, czy chodzi o 20 ar\u00f3w, czy o 20 hektar\u00f3w, p\u00f3\u0142tora miliona dolar\u00f3w to spory grosz. Co zatem oznaczaj\u0105 tak wysokie ceny ziemi? Ekonomista powiedzia\u0142by, \u017ce jest to informacja, i\u017c s\u0105 tam nabywcy, kt\u00f3rych na to sta\u0107. (Istotnie w palesty\u0144skich badaniach opinii publicznej mieszka\u0144cy Autonomii maj\u0105 najwi\u0119ksze pretensje do Abbasa i jego \u015bwity za niebotyczn\u0105 korupcj\u0119. Mogliby\u015bmy doda\u0107, \u017ce je\u015bli rz\u0105d urz\u0119dnikom nie p\u0142aci, a oni nadal trzymaj\u0105 si\u0119 swoich posad, to prawdopodobnie ci urz\u0119dnicy utrzymuj\u0105 si\u0119 z \u0142ap\u00f3wek.)&nbsp;<\/span><\/p>\n<p><span style=\"color: #000080;\">Pani Jucewicz otwiera sw\u00f3j wywiad pytaniem: Jakich pyta\u0144 ma pan ju\u017c dosy\u0107? Palesty\u0144ski &nbsp;prawnik, pisarz, obro\u0144ca praw cz\u0142owieka odpowiada:<\/span><\/p>\n<blockquote><p><strong>\u201eJak si\u0119 czuj\u0119 w zwi\u0105zku z wydarzeniami 7 pa\u017adziernika i czy aby na pewno je pot\u0119piam? Tak jakby moja wiarygodno\u015b\u0107 od tego zale\u017ca\u0142a\u201d.<\/strong><\/p><\/blockquote>\n<p style=\"text-align: left;\"><span style=\"color: #000080;\">Polska dziennikarka milcz\u0105co da\u0142a do zrozumienia, \u017ce wiarogodno\u015b\u0107 obro\u0144cy praw cz\u0142owieka nie ma \u017cadnego zwi\u0105zku z tym, czy obro\u0144ca pot\u0119pia najazd, mordy, gwa\u0142ty i podpalenia, czy nie.<\/span><\/p>\n<p style=\"text-align: left;\">\n<span style=\"color: #000080;\">Pisarz wyja\u015bnia, \u017ce jego takie pytania z\u0142oszcz\u0105: &nbsp;<\/span><\/p>\n<blockquote><p><strong>\u201eBo to tak, jakbym spyta\u0142 pani\u0105, zanim w og\u00f3le zacz\u0119liby\u015bmy rozmow\u0119 &#8211; czy pot\u0119pia pani \u2018Nakb\u0119\u2019? [czyli \u2018katastrof\u0119\u2019- czystki etniczne u zarania pa\u0144stwa Izrael, w wyniku kt\u00f3rych ponad 700 tysi\u0119cy Palesty\u0144czyk\u00f3w zosta\u0142o uchod\u017acami] &#8211; i uzale\u017cnia\u0142 dalszy jej przebieg od tego, co pani odpowie. To nie jest fair.\u201d<\/strong><\/p><\/blockquote>\n<p><span style=\"color: #000080;\">To nawet ciekawe, czy warszawska przedstawicielka pokolenia X zna histori\u0119 \u017cydowskiego osadnictwa w ko\u0144cu XIX wieku i w p\u00f3\u017aniejszym okresie,&nbsp; czy zna histori\u0119 palesty\u0144skiego nacjonalizmu i jego powiazania z nazizmem, czy zna histori\u0119 arabskich pogrom\u00f3w \u017byd\u00f3w, czy wie o czym pisarz m\u00f3wi, kiedy pojawi\u0142o si\u0119 s\u0142owo \u201enakba\u201d jako okre\u015blenie katastrofy z powodu tego, \u017ce nie uda\u0142o si\u0119 pi\u0119ciu armiom arabskim wymordowa\u0107 \u017byd\u00f3w. Palesty\u0144ski pisarz prawdopodobnie wie, \u017ce rozmawia ze specjalistk\u0105 od emocji, a nie od historii, wi\u0119c kieruje rozmow\u0119 na emocje.&nbsp; &nbsp;&nbsp;&nbsp;<\/span><\/p>\n<p><span style=\"color: #000080;\">Agnieszka Jucewicz dysponuje tak obszern\u0105 i bujn\u0105 ignorancj\u0105, \u017ce nawet gdyby chcia\u0142a nie mog\u0142aby skontrowa\u0107 terrorystycznej propagandy pi\u0119knie opakowanej w kolorowe papierki zachodniej frazeologii.<\/span><\/p>\n<p><span style=\"color: #000080;\">Pan pisarz, mieszkaj\u0105cy na co dzie\u0144 w Edynburgu, ale cz\u0119sto odpoczywaj\u0105cy w Palestynie, urodzi\u0142 si\u0119 w Ramallah w 1951 roku i by\u0142o to urocze miejsce z ogr\u00f3dkami przy ka\u017cdym domu, chocia\u017c tatu\u015b mia\u0142 bli\u017cej nieokre\u015blone zatargi z Jorda\u0144czykami. A dzi\u015b, szczeg\u00f3lnie odk\u0105d jest ten skrajnie prawicowy rz\u0105d w Izraelu:<\/span><\/p>\n<blockquote><p><strong>\u201eNa wszystkich drogach wyjazdowych s\u0105 zainstalowane punkty kontrolne obs\u0142ugiwane przez izraelskie wojsko, kt\u00f3re zamyka je kiedy chce. A wi\u0119c ruch z i do Ramallah jest bardzo utrudniony. Nie m\u00f3wi\u0105c o tym, \u017ce w tej chwili wyjazd poza miasto zrobi\u0142 si\u0119 bardzo niebezpieczny ze wzgl\u0119du na rosn\u0105c\u0105 agresj\u0119 izraelskich osadnik\u00f3w, kt\u00f3rzy wychodz\u0105 na drogi, obrzucaj\u0105 palesty\u0144skie samochody kamieniami, strzelaj\u0105 do nich.\u201d<\/strong><\/p><\/blockquote>\n<p><span style=\"color: #000080;\">Ta absurdalna inwersja rzeczywisto\u015bci nie wywo\u0142uje u polskiej dziennikarki uniesienia brwi, pewnie nigdy nie s\u0142ysza\u0142a o palesty\u0144skim terrorze, pewnie nie widzia\u0142a znak\u00f3w drogowych, ostrzegaj\u0105cych, \u017ce wjazd \u017byd\u00f3w na tereny znajduj\u0105ce si\u0119 pod kontrol\u0105 Autonomii Palesty\u0144skiej grozi \u015bmierci\u0105, pewnie nie wie o ostrzeliwaniu i obrzucaniu kamieniami samochod\u00f3w z izraelskimi numerami, ani o \u017cadnym palesty\u0144skim terrorze. Z bezgraniczn\u0105 naiwno\u015bci\u0105 s\u0142ucha nabo\u017cnie opowie\u015bci o strasznych osadnikach, nie maj\u0105c szans na dostrze\u017cenie r\u00f3\u017cnicy mi\u0119dzy pa\u0144stwem, kt\u00f3re bezwzgl\u0119dnie \u015bciga ka\u017cd\u0105 pr\u00f3b\u0119 brania prawa we w\u0142asne r\u0119ce i stawia przed s\u0105dem ka\u017cdego \u017byda, kt\u00f3ry atakuje Palesty\u0144czyk\u00f3w, i to cz\u0119sto nawet wtedy, kiedy s\u0105 zasadne podstawy, by wierzy\u0107, \u017ce dzia\u0142a\u0142 w samoobronie, a \u201epa\u0144stwem\u201d wyp\u0142acaj\u0105cym nagrody za terroryzm. Czy mog\u0142aby przedstawicielka polskiego pokolenia X &nbsp;dostrzec r\u00f3\u017cnic\u0119 mi\u0119dzy traktowaniem naruszaj\u0105cych prawo Izraelczyk\u00f3w przez w\u0142adze izraelskie i fetowaniem terroryst\u00f3w przez w\u0142adze palesty\u0144skie? Fakt, \u017ce tej r\u00f3\u017cnicy nie widzi palesty\u0144ski obro\u0144ca praw terroryst\u00f3w, nie dziwi, a polska dziennikarka zapewne nigdy nie s\u0142ysza\u0142a o Palesty\u0144czykach inaczej postrzegaj\u0105cych t\u0119 rzeczywisto\u015b\u0107, wi\u0119c pojecha\u0142a na wywiad z tym pisarzem i tym \u201eobro\u0144c\u0105 praw cz\u0142owieka\u201d i rozmawia z nim do samego ko\u0144ca na kolanach i w g\u0142\u0119bokim przekonaniu, \u017ce dotar\u0142a do krynicy wiedzy i nieska\u017conej prawdy.<\/span><\/p>\n<p><span style=\"color: #000080;\">Czy powinni\u015bmy si\u0119 dziwi\u0107 zagubieniu pokolenia Z wychodowanego na paszy dostarczanej przez pokolenie X? By\u0107 mo\u017ce warto w tym miejscu przypomnie\u0107, \u017ce jeszcze w latach siedemdziesi\u0105tych ubieg\u0142ego wieku szkolono nas w BBC, \u017ce mamy unika\u0107 s\u0142owa terrorysta, \u017ce dzi\u015b prezydent Biden wysy\u0142a uprzejme&nbsp;<a style=\"color: #000080;\" href=\"https:\/\/www.wnp.pl\/rynki-zagraniczne\/media-usa-ostrzegly-hezbollah-ze-w-wypadku-dalszej-eskalacji-nie-powstrzymaja-izraela-przed-atakiem,848574.html\">przes\u0142anie<\/a>&nbsp;do arcyterrorysty stoj\u0105cego na czele Hezbollahu, \u017ce dobrze by by\u0142o, \u017ceby ograniczy\u0142 liczb\u0119 pocisk\u00f3w wystrzeliwanych na Izrael, gdy\u017c w przeciwnym przypadku USA b\u0119d\u0105 mia\u0142y trudno\u015bci z powstrzymaniem Izraela przed samoobron\u0105.<\/span><\/p>\n<p><span style=\"color: #000080;\">M\u00f3wienie pani Agnieszce Jucewicz, \u017ce wsp\u00f3lnie z ameryka\u0144skim prezydentem zabiegaj\u0105, by pokolenie Z mia\u0142o w\u0142a\u015bciwe pogl\u0105dy i domaga\u0142o si\u0119 prowadzenia wojny z \u017bydami do niesko\u0144czono\u015bci, mog\u0142oby by\u0107 wyrazem skrajnej naiwno\u015bci. Ka\u017cde pokolenie jest naznaczone przez wydarzenia, dziej\u0105ce si\u0119 w czasie ich \u017cycia, z osobliw\u0105 tendencj\u0105 do powrotu w stare koleiny i niech\u0119ci\u0105 do heretyk\u00f3w, kt\u00f3rym stawia si\u0119 pomniki po stuleciach (bez specjalnego przypominania za co).&nbsp;<\/span><\/p>\n<\/div>\n<hr style=\"height: 15px; background: #d0e6fa; width: 100%;\">\n<div id=\"content\" class=\"content-alignment\">\n<div id=\"watch-description\" class=\"yt-uix-button-panel\">\n<div id=\"watch-description-text\" style=\"text-align: center;\">\n<p><em>Zawarto\u015b\u0107 publikowanych artyku\u0142\u00f3w i materia\u0142\u00f3w nie reprezentuje pogl\u0105d\u00f3w ani opinii Reunion&#8217;68,<\/em><em><br \/>\nani te\u017c webmastera Blogu Reunion&#8217;68, chyba ze jest to wyra\u017anie zaznaczone.<br \/>\nTwoje uwagi, linki, w\u0142asne artyku\u0142y lub wiadomo\u015bci prze\u015blij na adres:<br \/>\n<\/em><span style=\"color: #000080;\"><strong><em><a style=\"color: #000080;\" href=\"mailto:webmaster@reunion68.com\"><span style=\"text-decoration: underline;\">webmaster@reunion68.com<\/span><\/a><\/em><\/strong><\/span><\/p>\n<\/div>\n<\/div>\n<\/div>\n<hr style=\"width: 100%;\">\n","protected":false},"excerpt":{"rendered":"<p>Arabscy ochotnicy jad\u0105cy zabija\u0107 \u017byd\u00f3w w 1947 roku. (\u0179r\u00f3d\u0142o zdj\u0119cia: Wikipedia.) Pokolenia naznaczone histori\u0105 i karmione historyjkami Andrzej Koraszewski Starsze pokolenie zawsze pisze o m\u0142odszym pokoleniu z trwog\u0105, \u017ce za \u0107wier\u0107 wieku, ci m\u0142odsi nie b\u0119d\u0105 ju\u017c tak pi\u0119kni, jak dzi\u015b s\u0105 ci starsi. Sam jestem nie bez winy, wiele lat temu przewidywa\u0142em, \u017ce mog\u0119 [&hellip;]<\/p>\n","protected":false},"author":1,"featured_media":0,"comment_status":"closed","ping_status":"closed","sticky":false,"template":"","format":"standard","meta":[],"categories":[6],"tags":[26,24],"_links":{"self":[{"href":"https:\/\/www.reunion68.se\/index.php?rest_route=\/wp\/v2\/posts\/113901"}],"collection":[{"href":"https:\/\/www.reunion68.se\/index.php?rest_route=\/wp\/v2\/posts"}],"about":[{"href":"https:\/\/www.reunion68.se\/index.php?rest_route=\/wp\/v2\/types\/post"}],"author":[{"embeddable":true,"href":"https:\/\/www.reunion68.se\/index.php?rest_route=\/wp\/v2\/users\/1"}],"replies":[{"embeddable":true,"href":"https:\/\/www.reunion68.se\/index.php?rest_route=%2Fwp%2Fv2%2Fcomments&post=113901"}],"version-history":[{"count":5,"href":"https:\/\/www.reunion68.se\/index.php?rest_route=\/wp\/v2\/posts\/113901\/revisions"}],"predecessor-version":[{"id":113911,"href":"https:\/\/www.reunion68.se\/index.php?rest_route=\/wp\/v2\/posts\/113901\/revisions\/113911"}],"wp:attachment":[{"href":"https:\/\/www.reunion68.se\/index.php?rest_route=%2Fwp%2Fv2%2Fmedia&parent=113901"}],"wp:term":[{"taxonomy":"category","embeddable":true,"href":"https:\/\/www.reunion68.se\/index.php?rest_route=%2Fwp%2Fv2%2Fcategories&post=113901"},{"taxonomy":"post_tag","embeddable":true,"href":"https:\/\/www.reunion68.se\/index.php?rest_route=%2Fwp%2Fv2%2Ftags&post=113901"}],"curies":[{"name":"wp","href":"https:\/\/api.w.org\/{rel}","templated":true}]}}