{"id":113990,"date":"2024-07-06T17:09:54","date_gmt":"2024-07-06T15:09:54","guid":{"rendered":"http:\/\/www.reunion68.se\/?p=113990"},"modified":"2024-07-06T08:22:16","modified_gmt":"2024-07-06T06:22:16","slug":"07-09-86","status":"publish","type":"post","link":"https:\/\/www.reunion68.se\/?p=113990","title":{"rendered":"Europa: nazistowskie &#8220;Nie kupuj u \u017byda&#8221; 2.0"},"content":{"rendered":"<p style=\"text-align: center;\"><img decoding=\"async\" class=\"aligncenter\" src=\"https:\/\/www.gatestoneinstitute.org\/pics\/5072.jpg\" width=\"100%\" \/><span style=\"color: #808080;\"><em>Francja i inne kraje europejskie prze\u015bcigaj\u0105 si\u0119 wzajemnie w bojkotowaniu i wykluczaniu Izraela. Na zdj\u0119ciu: Cz\u0142onkowie nazistowskiej SA i SS w Berlinie wklejaj\u0105 na \u017cydowskim sklepie tabliczk\u0119 wzywaj\u0105c\u0105 Niemc\u00f3w do bojkotu \u017cydowskich przedsi\u0119biorstw, 1 kwietnia 1933 r. (Zdj\u0119cie: Hulton Archive\/Getty Images)<\/em><\/span><\/p>\n<hr \/>\n<h5 style=\"text-align: center;\"><a href=\"https:\/\/pl.gatestoneinstitute.org\/\" target=\"_blank\" rel=\"noopener noreferrer\"><img decoding=\"async\" class=\"center alignleft\" src=\"https:\/\/pl.gatestoneinstitute.org\/images\/gatestone-logo-1000.gif\" alt=\"\" width=\"50%\" \/><\/a><span style=\"text-decoration: underline; color: #000080;\"><span><strong><a style=\"color: #000080; text-decoration: underline;\" href=\"https:\/\/pl.gatestoneinstitute.org\/20758\/europa-nie-kupuj-u-zyda\" target=\"_blank\" rel=\"noopener noreferrer\">Europa: nazistowskie &#8220;Nie kupuj u \u017byda&#8221; 2.0<\/a><\/strong><\/span><\/span><\/h5>\n<p style=\"text-align: center;\"><span style=\"color: #000000;\"><strong>Robert Williams<\/p>\n<p><\/strong><em><span style=\"color: #808080;\">T\u0142umaczenie:<\/span><\/em><strong> Ma\u0142gorzata Koraszewska<\/strong><\/span><\/p>\n<hr style=\"height: 15px; background: #d0e6fa; width: 100%;\" \/>\n<p style=\"text-align: left;\"><span style=\"color: #000080;\">Od 7 pa\u017adziernika, kiedy ira\u0144scy pe\u0142nomocnicy, Hamas i Palesty\u0144ski Islamski D\u017cihad, dopu\u015bcili si\u0119 niewypowiedzianych okrucie\u0144stw wobec m\u0119\u017cczyzn, kobiet, dzieci i niemowl\u0105t w Izraelu, du\u017ca cz\u0119\u015b\u0107 spo\u0142eczno\u015bci mi\u0119dzynarodowej w\u015bciek\u0142a si\u0119 z powodu zagadkowej sk\u0142onno\u015bci \u017byd\u00f3w do samoobrony.<\/span><\/p>\n<p style=\"text-align: left;\"><span style=\"color: #000080;\">Jednak ta preferencja, aby nie da\u0107 si\u0119 po prostu wymordowa\u0107 poprzez pozwolenie Iranowi \u2013 poprzez Hamas, Palesty\u0144ski Islamski D\u017cihad i Hezbollah \u2013 na dalsze sianie \u015bmierci i nieszcz\u0119\u015bcia, doprowadzi\u0142a kilka kraj\u00f3w do zerwania stosunk\u00f3w z Izraelem. Co wi\u0119cej, inne kraje odwo\u0142a\u0142y swoich ambasador\u00f3w w reakcji na \u017c\u0105dania bojkotu, dezinwestycji, sankcji (BDS), izolacji i og\u00f3lnego wykluczenia ze spo\u0142ecze\u0144stwa \u015bwiatowego jedynego na \u015bwiecie pa\u0144stwa \u017cydowskiego.<\/span><\/p>\n<p style=\"text-align: left;\"><span style=\"color: #000080;\">Kraje, kt\u00f3re zerwa\u0142y stosunki z Izraelem od 7 pa\u017adziernika,\u00a0<a style=\"color: #000080;\" href=\"https:\/\/www.firstpost.com\/explainers\/colombia-turkey-nations-israel-gaza-war-13766667.html\" target=\"_blank\" rel=\"noopener noreferrer\">to<\/a>\u00a0Belize, Boliwia, Kolumbia i Turcja. Bahrajn, Czad, Chile, Honduras, Jordania i Republika Po\u0142udniowej Afryki wycofa\u0142y swoich ambasador\u00f3w. Malediwy, popularne w\u015br\u00f3d wypoczywaj\u0105cych Izraelczyk\u00f3w, og\u0142osi\u0142y na pocz\u0105tku czerwca, \u017ce Izraelczycy z powodu wojny w Gazie otrzymaj\u0105\u00a0<a style=\"color: #000080;\" href=\"https:\/\/www.theguardian.com\/world\/article\/2024\/jun\/03\/maldives-israel-passport-holders-ban-gaza-war\" target=\"_blank\" rel=\"noopener noreferrer\">zakaz wjazdu<\/a>\u00a0do kraju, ale p\u00f3\u017aniej zawiesili zakaz, gdy\u00a0<a style=\"color: #000080;\" href=\"https:\/\/www.thejc.com\/news\/world\/maldives-israel-ban-backfires-after-country-realises-2m-muslims-would-be-barred-from-entry-qodmnqy3\" target=\"_blank\" rel=\"noopener noreferrer\">zorientowali si\u0119,<\/a>\u00a0\u017ce zakaz dotknie tak\u017ce Arab\u00f3w-Izraelczyk\u00f3w.<\/span><\/p>\n<p style=\"text-align: left;\"><span style=\"color: #000080;\">Jeszcze przed 7 pa\u017adziernika posiadacze izraelskich paszport\u00f3w mieli zakaz wjazdu do 16 kraj\u00f3w, w tym Algierii, Bangladeszu, Brunei, Iranu, Iraku, Kuwejtu, Libanu, Libii, Malezji, Pakistanu, Arabii Saudyjskiej, Syrii, Omanu i Jemenu. Czy ktokolwiek powiedzia\u0142 &#8220;apartheid&#8221;?<\/span><\/p>\n<p style=\"text-align: left;\"><span style=\"color: #000080;\">Zamiast zrywa\u0107 wi\u0119zi, kilka kraj\u00f3w europejskich zastosowa\u0142o bojkot i wykluczenie. W zesz\u0142ym miesi\u0105cu w\u0142adze francuskie og\u0142osi\u0142y, \u017ce ca\u0142y izraelski przemys\u0142 obronny zostanie wykluczony z udzia\u0142u w targach Eurosatory 2024, jednego z najwi\u0119kszych na \u015bwiecie targ\u00f3w bran\u017cy obronnej, kt\u00f3re w tym roku odbywaj\u0105 si\u0119 we Francji w dniach 17-21 czerwca. Zaplanowano udzia\u0142 Izraela z 74 firmami.<\/span><\/p>\n<p style=\"text-align: left;\"><span style=\"color: #000080;\">&#8220;Warunki nie s\u0105 ju\u017c odpowiednie do goszczenia izraelskich firm na wystawie w Pary\u017cu, bior\u0105c pod uwag\u0119, \u017ce francuski prezydent wzywa do zaprzestania operacji IDF w Rafah&#8221; \u2013\u00a0<a style=\"color: #000080;\" href=\"https:\/\/www.timesofisrael.com\/france-bans-israeli-defense-firms-from-prestigious-arms-show-amid-gaza-ceasefire-call\/\" target=\"_blank\" rel=\"noopener noreferrer\">stwierdzi\u0142o<\/a>\u00a0francuskie Ministerstwo Obrony w o\u015bwiadczeniu z 31 maja, nakazuj\u0105c organizatorom zakazanie udzia\u0142u izraelskich firm.<\/span><\/p>\n<p style=\"text-align: left;\"><span style=\"color: #000080;\">Coges Event, organizator Eurosatory, odwo\u0142a\u0142 si\u0119 od zakazu rz\u0105du francuskiego do S\u0105du Handlowego w Pary\u017cu. 18 czerwca s\u0105d nakaza\u0142\u00a0<a style=\"color: #000080;\" href=\"https:\/\/www.timesofisrael.com\/french-court-strikes-down-ban-on-israeli-companies-at-defense-trade-show\/\" target=\"_blank\" rel=\"noopener noreferrer\">zawieszenie<\/a>\u00a0zakazu \u2013 prawdopodobnie\u00a0<a style=\"color: #000080;\" href=\"https:\/\/www.timesofisrael.com\/french-court-strikes-down-ban-on-israeli-companies-at-defense-trade-show\/\" target=\"_blank\" rel=\"noopener noreferrer\">ju\u017c za p\u00f3\u017ano<\/a>, aby w jakikolwiek spos\u00f3b pom\u00f3c Izraelowi. S\u0105d jako pow\u00f3d poda\u0142 fakt, \u017ce rz\u0105dowy zakaz zmusi\u0142 organizator\u00f3w wystawy do dyskryminacji, kt\u00f3ra w \u015bwietle prawa francuskiego jest przest\u0119pstwem.<\/span><\/p>\n<p style=\"text-align: left;\"><span style=\"color: #000080;\">To ten sam francuski rz\u0105d, kt\u00f3ry ma tak\u0105 obsesj\u0119 na punkcie w\u0142\u0105czania i niedyskryminacji, \u017ce niedawno popar\u0142 projekt ustawy zakazuj\u0105cej dyskryminacji ze wzgl\u0119du na struktur\u0119, d\u0142ugo\u015b\u0107, kolor lub styl w\u0142os\u00f3w.<\/span><\/p>\n<p style=\"text-align: left;\"><span style=\"color: #000080;\">Tymczasem rz\u0105d francuski nie uwa\u017ca\u0142 za konieczne zakazanie udzia\u0142u w Eurosatory Chinom, kt\u00f3re obecnie dopuszczaj\u0105 si\u0119\u00a0<i>dw\u00f3ch<\/i>\u00a0ludob\u00f3jstw \u2013 na Tybeta\u0144czykach i Ujgurach. Reprezentacja Chin na targach liczy oko\u0142o 61 firm z bran\u017cy obronnej.<\/span><\/p>\n<p style=\"text-align: left;\"><span style=\"color: #000080;\">Rz\u0105d francuski nie wyda\u0142 tak\u017ce zakazu Arabii Saudyjskiej, kraju, kt\u00f3ry nale\u017cy do rekordzist\u00f3w je\u015bli idzie o liczb\u0119 przypadk\u00f3w \u0142amania praw cz\u0142owieka, ani Turcji, kt\u00f3ra zosta\u0142a postawiona przed Mi\u0119dzynarodowym Trybuna\u0142em Karnym za pope\u0142nienie zbrodni przeciwko ludzko\u015bci na setkach tysi\u0119cy przeciwnik\u00f3w bezwzgl\u0119dnego re\u017cimu prezydenta Recepa Tayyipa Erdogana, oraz kt\u00f3ra w dalszym ci\u0105gu prowadzi wojn\u0119 z Kurdami, zagra\u017ca s\u0105siaduj\u0105cym z ni\u0105 greckim wyspom i oczywi\u015bcie nadal okupuje p\u00f3\u0142nocn\u0105 cz\u0119\u015b\u0107 Cypru po nielegalnym naje\u017adzie na ten kraj w 1974 r.<\/span><\/p>\n<p style=\"text-align: left;\"><span style=\"color: #000080;\">Kiedy nie mo\u017cna obwini\u0107 \u017byd\u00f3w, zbrodnie przeciw ludzko\u015bci, ludob\u00f3jstwo i \u0142amanie praw cz\u0142owieka s\u0105 ca\u0142kowicie akceptowalne.<\/span><\/p>\n<p style=\"text-align: left;\"><span style=\"color: #000080;\">Zakaz ten nie by\u0142 jednak wystarczaj\u0105cy dla maj\u0105cych siedzib\u0119 we Francji organizacji pozarz\u0105dowych popieraj\u0105cych Hamas, w tym Association France Palestine Solidarit\u00e9 (AFPS) i Al-Haq. Te organizacje pozarz\u0105dowe z\u0142o\u017cy\u0142y wniosek do innego francuskiego s\u0105du \u2013 S\u0105du Rejonowego w Bobigny \u2013 aby zapewni\u0107 wykluczenie z udzia\u0142u w targach nie tylko izraelskich firm i ich przedstawicieli, ale\u00a0<i>wszystkich Izraelczyk\u00f3w.<\/i><\/span><\/p>\n<p style=\"text-align: left;\"><span style=\"color: #000080;\">S\u0105d Rejonowy w Bobigny przychyli\u0142 si\u0119 do ich woli organizacji pozarz\u0105dowych,\u00a0<a style=\"color: #000080;\" href=\"https:\/\/www.jpost.com\/international\/article-806496\" target=\"_blank\" rel=\"noopener noreferrer\">orzekaj\u0105c<\/a>, \u017ce wszystkie osoby pracuj\u0105ce dla izraelskich firm lub je reprezentuj\u0105ce maj\u0105 zakaz wst\u0119pu na targi, w tym &#8220;po\u015brednicy&#8221; dzia\u0142aj\u0105cy w imieniu tych firm. S\u0105d nie ograniczy\u0142 tego zakazu wy\u0142\u0105cznie do Izraelczyk\u00f3w, ale &#8220;do ka\u017cdej osoby, kt\u00f3ra mo\u017ce dzia\u0142a\u0107 jako ich broker lub po\u015brednik&#8221;. Ponadto s\u0105d surowo zakaza\u0142 wystawcom witania Izraelczyk\u00f3w i ich po\u015brednik\u00f3w na swoich stoiskach oraz ich promowania.<\/span><\/p>\n<p style=\"text-align: left;\"><span style=\"color: #000080;\">Sacha Roytman, dyrektor generalny organizacji Combat Antisemitism, tak\u00a0<a style=\"color: #000080;\" href=\"https:\/\/www.jpost.com\/international\/article-806496\" target=\"_blank\" rel=\"noopener noreferrer\">powiedzia\u0142<\/a>\u00a0o wyroku s\u0105du:<\/span><\/p>\n<blockquote><p><strong>&#8220;Zakazanie dzia\u0142alno\u015bci \u017cydowskim firmom tylko dlatego, \u017ce Izrael broni si\u0119 przed najwi\u0119kszym atakiem na \u017byd\u00f3w od czasu Holokaustu, jest ra\u017c\u0105cym antysemityzmem. Dzi\u015b Izrael stoi na czele wojny mi\u0119dzy zachodnimi warto\u015bciami a radykalnym islamizmem. Kraje wkr\u00f3tce b\u0119d\u0105 musia\u0142y nauczy\u0107 si\u0119 od Izraela, jak skutecznie zwalcza\u0107 terroryzm. Holokaust zacz\u0105\u0142 si\u0119 od ustaw skierowanych przeciwko \u017bydom. Dzi\u015b zaczyna si\u0119 od nowa, wraz z prawami i s\u0105dami zezwalaj\u0105cymi na bojkot jedynego pa\u0144stwa \u017cydowskiego. W 1933 roku nikt nie wierzy\u0142, \u017ce doprowadzi to do Holokaustu i II wojny \u015bwiatowej, a jednak tak si\u0119 sta\u0142o&#8221;.<\/strong><\/p><\/blockquote>\n<p><span style=\"color: #000080;\">Inne kraje europejskie r\u00f3wnie\u017c prze\u015bcigaj\u0105 si\u0119 w bojkotowaniu i wykluczaniu Izraela. Belgia, kt\u00f3ra cieszy si\u0119 ciep\u0142ymi i silnymi stosunkami ze\u00a0<a style=\"color: #000080;\" href=\"https:\/\/www.counterextremism.com\/content\/qatar-money-and-terror\" target=\"_blank\" rel=\"noopener noreferrer\">sponsoruj\u0105cym terroryzm<\/a>\u00a0Katarem, zdecydowanie opowiada si\u0119 za bojkotem przez Uni\u0119 Europejsk\u0105 produkt\u00f3w z izraelskich region\u00f3w Judei i Samarii, znanych r\u00f3wnie\u017c jako &#8220;Zachodni Brzeg&#8221;, rzekomo w zwi\u0105zku z odpowiedzi\u0105 Izraela na zorganizowan\u0105 przez Iran inwazj\u0119 dokonan\u0105 7 pa\u017adziernika przez Hamas i Palesty\u0144ski Islamski D\u017cihad. Od 7 pa\u017adziernika w kierunku Izraela, kraju mniejszego od New Jersey, wystrzelono ponad\u00a0<a style=\"color: #000080;\" href=\"https:\/\/www.timesofisrael.com\/liveblog-june-10-2024\/\" target=\"_blank\" rel=\"noopener noreferrer\">19 000 rakiet<\/a>, g\u0142\u00f3wnie przez grupy terrorystyczne rz\u0105dz\u0105ce Gaz\u0105, a tak\u017ce przez innego terrorystycznego pe\u0142nomocnika Iranu, Hezbollah w Libanie. Opr\u00f3cz rakiet Hezbollah od tego czasu nieustannie atakuje Izrael salwami kierowanych pocisk\u00f3w przeciwpancernych i dron\u00f3w zawieraj\u0105cych materia\u0142y wybuchowe, zabijaj\u0105c cywil\u00f3w i si\u0142y bezpiecze\u0144stwa, niszcz\u0105c domy, powoduj\u0105c po\u017cary oraz niszczenie p\u00f3l uprawnych i rezerwat\u00f3w przyrody na p\u00f3\u0142nocy Izraela.<\/span><\/p>\n<p><span style=\"color: #000080;\">13 kwietnia Islamska Republika Iranu sama wystrzeli\u0142a ponad 120 rakiet balistycznych, 170 dron\u00f3w i 30 rakiet manewruj\u0105cych w pierwszym bezpo\u015brednim ataku na Izrael z ira\u0144skiej ziemi.<\/span><\/p>\n<p><span style=\"color: #000080;\">&#8220;Czy mo\u017cemy teraz po prostu kontynuowa\u0107 wsp\u00f3\u0142prac\u0119 z Izraelem jako partnerem handlowym? Nie s\u0105dz\u0119&#8221; \u2013\u00a0<a style=\"color: #000080;\" href=\"https:\/\/www.jns.org\/belgian-pm-pushes-eu-to-impose-sanctions-on-israel\/\" target=\"_blank\" rel=\"noopener noreferrer\">zaintonowa\u0142<\/a>\u00a0belgijski premier Alexander De Croo, kt\u00f3ry nast\u0119pnie og\u0142osi\u0142, \u017ce jego celem jest zerwanie przez Belgi\u0119 stosunk\u00f3w gospodarczych z Izraelem i wywarcie wp\u0142ywu na inne kraje europejskie, aby posz\u0142y w ich \u015blady.<\/span><\/p>\n<p><span style=\"color: #000080;\">Rz\u0105d belgijski wezwa\u0142 tak\u017ce szefa polityki zagranicznej UE do zbadania, czy Izrael &#8220;naruszy\u0142 uk\u0142ad o stowarzyszeniu z UE&#8221; i zaprzestania wszelkiej sprzeda\u017cy broni do Izraela. Jego wicepremier Petra De Sutter nie mo\u017ce si\u0119\u00a0<a style=\"color: #000080;\" href=\"https:\/\/www.politico.eu\/article\/belgium-deputy-pm-petra-de-sutter-sanction-israel-over-war-gaza\/\" target=\"_blank\" rel=\"noopener noreferrer\">doczeka\u0107<\/a>\u00a0sankcji wobec pa\u0144stwa \u017cydowskiego co najmniej od 8 listopada, zaledwie miesi\u0105c po masowych gwa\u0142tach, porwaniach, torturach, mordach i spaleniu \u017cywcem przez palesty\u0144skich terroryst\u00f3w niemowl\u0105t, dzieci, kobiet, m\u0119\u017cczyzn i starc\u00f3w.<\/span><\/p>\n<p><span style=\"color: #000080;\">&#8220;Pracujemy nad dalszymi sankcjami&#8221; \u2013 powiedzia\u0142 w maju DeSutter. Zar\u00f3wno Francja, jak i Belgia popieraj\u0105 mi\u0119dzynarodowe nakazy aresztowania przyw\u00f3dc\u00f3w Izraela. W Belgii miasto Liege &#8220;zawiesi\u0142o wszelkie stosunki z Izraelem&#8221;, g\u0142\u00f3wnie jako pokaz nienawi\u015bci do \u017byd\u00f3w: miasto nie ma formalnych powi\u0105za\u0144 z Izraelem. W marcu Rada Miasta Brukseli jednomy\u015blnie podj\u0119\u0142a decyzj\u0119 o &#8220;zablokowaniu zam\u00f3wie\u0144 publicznych na produkty pochodz\u0105ce z izraelskich osiedli na Zachodnim Brzegu&#8221;, a 19 czerwca rada miasta og\u0142osi\u0142a, \u017ce &#8220;niemo\u017cliwe&#8221; b\u0119dzie zorganizowanie nadchodz\u0105cego meczu pi\u0142ki no\u017cnej UEFA pomi\u0119dzy Belgi\u0105 a Izraelem w Brukseli, powo\u0142uj\u0105c si\u0119 na obawy o &#8220;bezpiecze\u0144stwo widz\u00f3w, zawodnik\u00f3w, mieszka\u0144c\u00f3w Brukseli i naszych si\u0142 policyjnych&#8221;.<\/span><\/p>\n<p><span style=\"color: #000080;\">Holandia\u00a0<a style=\"color: #000080;\" href=\"https:\/\/www.presstv.ir\/Detail\/2024\/06\/02\/726687\/Dutch-minister-deny-sending-F-35-Israel-court-rulling\" target=\"_blank\" rel=\"noopener noreferrer\">wstrzyma\u0142a dostawy<\/a>\u00a0cz\u0119\u015bci do my\u015bliwc\u00f3w F-35 do Izraela po tym, jak w lutym holenderski s\u0105d orzek\u0142, \u017ce istnieje &#8220;wyra\u017ane ryzyko&#8221;, \u017ce samoloty b\u0119d\u0105 zaanga\u017cowane w &#8220;\u0142amanie mi\u0119dzynarodowego prawa humanitarnego w Gazie&#8221;. Niewa\u017cne, \u017ce John Spencer, profesor studi\u00f3w nad wojnami miejskimi w Instytucie Modern War w West Point, ustali\u0142, \u017ce Izrael konsekwentnie wdra\u017ca\u0142 wi\u0119cej \u015brodk\u00f3w, aby zapobiec ofiarom w\u015br\u00f3d ludno\u015bci cywilnej, ni\u017c jakakolwiek armia w historii dzia\u0142a\u0144 wojennych. Sprawa s\u0105dowa by\u0142a wynikiem pozwu z\u0142o\u017conego przez kilka organizacji pozarz\u0105dowych, w tym Oxfam. Rz\u0105d holenderski odwo\u0142a\u0142 si\u0119 od tej decyzji.<\/span><\/p>\n<p><span style=\"color: #000080;\">Stolica Norwegii, og\u0142osi\u0142a zakaz importu towar\u00f3w i us\u0142ug firm, kt\u00f3re &#8220;bezpo\u015brednio lub po\u015brednio przyczyniaj\u0105 si\u0119&#8221; do istnienia &#8220;osiedli&#8221;.<\/span><\/p>\n<p><span style=\"color: #000080;\">Hiszpania, ojczyzna Inkwizycji,\u00a0<a style=\"color: #000080;\" href=\"https:\/\/www.middleeastmonitor.com\/20240207-spain-suspends-arms-exports-to-israel-reiterates-need-for-palestine-statehood\/\" target=\"_blank\" rel=\"noopener noreferrer\">zawiesi\u0142a<\/a>\u00a0sprzeda\u017c broni do Izraela, a &#8220;minister spraw zagranicznych Hiszpanii Jos\u00e9 Manuel Albares ujawni\u0142, \u017ce Madryt wstrzyma\u0142 ca\u0142y eksport broni do Tel Awiwu od 7 pa\u017adziernika&#8221;, kiedy nadal trwa\u0142o masowe mordowanie 1200 Izraelczyk\u00f3w przez Hamas, a Izrael w dalszym ci\u0105gu pr\u00f3bowa\u0142 je powstrzyma\u0107. Nawet to by\u0142o najwyra\u017aniej zbyt uci\u0105\u017cliwe dla rz\u0105du hiszpa\u0144skiego. Hiszpanii wci\u0105\u017c by\u0142o za ma\u0142o i niedawno postanowiono, \u017ce nawet zagraniczne statki przewo\u017c\u0105ce zaopatrzenie wojskowe dla Izraela nie b\u0119d\u0105 mog\u0142y zawija\u0107 do hiszpa\u0144skich port\u00f3w.<\/span><\/p>\n<p><span style=\"color: #000080;\">&#8220;Ministerstwo Spraw Zagranicznych b\u0119dzie systematycznie odrzuca\u0107 te operacje zawijania [do port\u00f3w] z jasnego powodu. Bliski Wsch\u00f3d nie potrzebuje wi\u0119cej broni, potrzebuje wi\u0119cej pokoju&#8221; \u2013 powiedzia\u0142 minister spraw zagranicznych Jose Manuel Albares. Co dziwne, uwaga ta nie by\u0142a skierowana do podmiot\u00f3w, kt\u00f3re rozpocz\u0119\u0142y wojn\u0119: Hamasu, Hezbollahu, Iranu i Kataru.<\/span><\/p>\n<p><span style=\"color: #000080;\">Barcelona zerwa\u0142a wszelkie oficjalne stosunki z Izraelem, kt\u00f3ry burmistrz groteskowo oskar\u017cy\u0142 o &#8220;apartheid&#8221;. Zgaduj\u0119, \u017ce nadal jest tam 1492 rok.<\/span><\/p>\n<p><span style=\"color: #000080;\">Iran, pod\u017cegacz wojenny na Bliskim Wschodzie w pe\u0142nym tego s\u0142owa znaczeniu \u2013 wraz z g\u0142\u00f3wnymi fundatorami z Kataru, kt\u00f3ry, jak si\u0119 wydaje, nigdy nie odm\u00f3wi wsparcia \u017cadnej islamskiej grupie terrorystycznej \u2013 by\u0142 pomys\u0142odawc\u0105 obecnej wojny w Gazie.<\/span><\/p>\n<p><span style=\"color: #000080;\">Terrorystyczni pe\u0142nomocnicy Iranu obejmuj\u0105 ca\u0142y region \u2013 Hamas i Palesty\u0144ski Islamski D\u017cihad w Gazie; Hezbollah w Libanie; Huti w Jemenie oraz r\u00f3\u017cne boj\u00f3wki w Syrii i Iraku \u2013 i s\u0105 dobrze finansowane dzi\u0119ki zniesieniu sankcji przez administracj\u0119 Bidena. Niemniej Albares nie ma nic dla Iranu poza pochwa\u0142ami. Wed\u0142ug raportu ira\u0144skiego Ministerstwa Spraw Zagranicznych, na marginesie styczniowego spotkania \u015awiatowego Forum Ekonomicznego w Davos, Albares okre\u015bli\u0142 Iran &#8220;jako bardzo wa\u017cnego i wp\u0142ywowego gracza w regionie&#8221;.<\/span><\/p>\n<blockquote><p><strong>&#8220;&#8230; Albares wyrazi\u0142 wdzi\u0119czno\u015b\u0107 ministrowi spraw zagranicznych Iranu za jego spojrzenie na kwestie wzajemne i regionalne, witaj\u0105c z zadowoleniem kontynuacj\u0119 konsultacji i wymiany pogl\u0105d\u00f3w mi\u0119dzy obiema stronami w dziedzinach dwustronnych i regionalnych.<\/strong><\/p>\n<p><strong>Hiszpa\u0144ski minister spraw zagranicznych wyrazi\u0142 zaniepokojenie konsekwencjami przed\u0142u\u017cania si\u0119 wojny w Gazie, podkre\u015blaj\u0105c potrzeb\u0119 zaprzestania wojny i atak\u00f3w na ludno\u015b\u0107 cywiln\u0105 oraz przestrzegania prawa mi\u0119dzynarodowego i praw humanitarnych&#8221;.<\/strong><\/p><\/blockquote>\n<p><span style=\"color: #000080;\">Poddanie si\u0119 re\u017cimowi islamskiemu przez przyw\u00f3dc\u00f3w europejskich, takich jak Albares, kt\u00f3ry doskonale wie, \u017ce za wojn\u0105 w Gazie stoi Iran, m\u00f3wi nam wi\u0119cej o nich ni\u017c o Izraelu.<\/span><\/p>\n<p><span style=\"color: #000080;\">Wreszcie UE jako ca\u0142o\u015b\u0107 powa\u017cnie rozwa\u017ca na\u0142o\u017cenie og\u00f3lnounijnych sankcji na Izrael. Pod koniec maja ministrowie spraw zagranicznych UE spotkali si\u0119, aby om\u00f3wi\u0107 t\u0119 kwesti\u0119, ale nie osi\u0105gn\u0119li jeszcze porozumienia co do dalszego post\u0119powania. Jednak w kwietniu UE na\u0142o\u017cy\u0142a sankcje na izraelskich &#8220;osadnik\u00f3w&#8221;. Niestety, dla wielu Palesty\u0144czyk\u00f3w ca\u0142y Izrael to &#8220;jedno wielkie osiedle&#8221;, kt\u00f3re nale\u017cy wykorzeni\u0107, i wszyscy tam s\u0105 &#8220;osadnikami&#8221;.<\/span><\/p>\n<hr style=\"height: 15px; background: #d0e6fa; width: 100%;\" \/>\n<div id=\"content\" class=\"content-alignment\">\n<div id=\"watch-description\" class=\"yt-uix-button-panel\">\n<div id=\"watch-description-text\" style=\"text-align: center;\">\n<p><em>Zawarto\u015b\u0107 publikowanych artyku\u0142\u00f3w i materia\u0142\u00f3w nie reprezentuje pogl\u0105d\u00f3w ani opinii Reunion&#8217;68,<\/em><em><br \/>\nani te\u017c webmastera Blogu Reunion&#8217;68, chyba ze jest to wyra\u017anie zaznaczone.<br \/>\nTwoje uwagi, linki, w\u0142asne artyku\u0142y lub wiadomo\u015bci prze\u015blij na adres:<br \/>\n<\/em><span style=\"color: #000080;\"><strong><em><a style=\"color: #000080;\" href=\"mailto:webmaster@reunion68.com\"><span style=\"text-decoration: underline;\">webmaster@reunion68.com<\/span><\/a><\/em><\/strong><\/span><\/p>\n<\/div>\n<\/div>\n<\/div>\n<hr style=\"width: 100%;\" \/>\n","protected":false},"excerpt":{"rendered":"<p>Francja i inne kraje europejskie prze\u015bcigaj\u0105 si\u0119 wzajemnie w bojkotowaniu i wykluczaniu Izraela. Na zdj\u0119ciu: Cz\u0142onkowie nazistowskiej SA i SS w Berlinie wklejaj\u0105 na \u017cydowskim sklepie tabliczk\u0119 wzywaj\u0105c\u0105 Niemc\u00f3w do bojkotu \u017cydowskich przedsi\u0119biorstw, 1 kwietnia 1933 r. (Zdj\u0119cie: Hulton Archive\/Getty Images) Europa: nazistowskie &#8220;Nie kupuj u \u017byda&#8221; 2.0 Robert Williams T\u0142umaczenie: Ma\u0142gorzata Koraszewska Od 7 [&hellip;]<\/p>\n","protected":false},"author":1,"featured_media":0,"comment_status":"closed","ping_status":"closed","sticky":false,"template":"","format":"standard","meta":[],"categories":[6],"tags":[26,24],"_links":{"self":[{"href":"https:\/\/www.reunion68.se\/index.php?rest_route=\/wp\/v2\/posts\/113990"}],"collection":[{"href":"https:\/\/www.reunion68.se\/index.php?rest_route=\/wp\/v2\/posts"}],"about":[{"href":"https:\/\/www.reunion68.se\/index.php?rest_route=\/wp\/v2\/types\/post"}],"author":[{"embeddable":true,"href":"https:\/\/www.reunion68.se\/index.php?rest_route=\/wp\/v2\/users\/1"}],"replies":[{"embeddable":true,"href":"https:\/\/www.reunion68.se\/index.php?rest_route=%2Fwp%2Fv2%2Fcomments&post=113990"}],"version-history":[{"count":7,"href":"https:\/\/www.reunion68.se\/index.php?rest_route=\/wp\/v2\/posts\/113990\/revisions"}],"predecessor-version":[{"id":114001,"href":"https:\/\/www.reunion68.se\/index.php?rest_route=\/wp\/v2\/posts\/113990\/revisions\/114001"}],"wp:attachment":[{"href":"https:\/\/www.reunion68.se\/index.php?rest_route=%2Fwp%2Fv2%2Fmedia&parent=113990"}],"wp:term":[{"taxonomy":"category","embeddable":true,"href":"https:\/\/www.reunion68.se\/index.php?rest_route=%2Fwp%2Fv2%2Fcategories&post=113990"},{"taxonomy":"post_tag","embeddable":true,"href":"https:\/\/www.reunion68.se\/index.php?rest_route=%2Fwp%2Fv2%2Ftags&post=113990"}],"curies":[{"name":"wp","href":"https:\/\/api.w.org\/{rel}","templated":true}]}}