{"id":114092,"date":"2024-07-08T17:05:57","date_gmt":"2024-07-08T15:05:57","guid":{"rendered":"http:\/\/www.reunion68.se\/?p=114092"},"modified":"2024-07-08T05:58:40","modified_gmt":"2024-07-08T03:58:40","slug":"11-05-103","status":"publish","type":"post","link":"https:\/\/www.reunion68.se\/?p=114092","title":{"rendered":"MKs back civilians suspected of murdering Hamas terrorist on Oct. 7"},"content":{"rendered":"<h5 style=\"text-align: center;\"><a href=\"https:\/\/www.jns.org\/\" target=\"_blank\" rel=\"noopener noreferrer\"><img decoding=\"async\" class=\"center alignleft\" src=\"http:\/\/www.reunion68.com\/Biuletyn\/img\/jns-1.png\" alt=\"\" width=\"35%\" \/><\/a><span style=\"text-decoration: underline; color: #000080;\"><span><strong><a style=\"color: #000080; text-decoration: underline;\" href=\"https:\/\/www.jns.org\/mks-back-civilians-suspected-of-murdering-hamas-terrorist-on-oct-7\/\" target=\"_blank\" rel=\"noopener noreferrer\">MKs back civilians suspected of murdering Hamas terrorist on Oct. 7<\/a><\/strong><\/span><\/span><\/h5>\n<p style=\"text-align: center;\"><span style=\"color: #000000;\"><strong>UPDATE DESK | Israel At War<\/strong><\/span><\/p>\n<hr style=\"height: 15px; background: #d0e6fa; width: 100%;\" \/>\n<div>\n<h4 style=\"text-align: center;\"><strong>The criminal case has been under investigation for several months but did not become public until a gag order was lifted.<\/strong><\/h4>\n<\/div>\n<p style=\"text-align: center;\"><img decoding=\"async\" class=\"aligncenter\" src=\"https:\/\/cdn.jns.org\/uploads\/2023\/10\/F231007AM001-1320x880.jpg\" width=\"100%\" \/><span style=\"color: #808080;\"><em>Palestinian terrorists in a stolen IDF vehicle at the Erez Crossing between Israel and the northern Gaza Strip, Oct. 7, 2023. Photo by Atia Mohammed\/Flash90.<\/em><\/span><\/p>\n<p class=\"wp-block-paragraph\" style=\"text-align: left;\"><span style=\"color: #000080;\">Israeli lawmakers from across the political spectrum gave their backing on Sunday to three Israelis suspected of murdering a Gazan terrorist who infiltrated the Jewish state during the Oct. 7 massacre.<\/span><\/p>\n<p class=\"wp-block-paragraph\" style=\"text-align: left;\"><span style=\"color: #000080;\">The criminal case has been under investigation for several months but did not become public until Thursday night, when the Tel Aviv Magistrate\u2019s Court eased a gag order and ordered two of the suspects released to house arrest.<\/span><\/p>\n<p class=\"wp-block-paragraph\" style=\"text-align: left;\"><span style=\"color: #000080;\">The three civilians\u2014a discharged soldier, a United Hatzalah volunteer medic, both in their 20s, and an older individual\u2014met up after they made their way to southern Israel to fight on the morning of Oct. 7.<\/span><\/p>\n<p class=\"wp-block-paragraph\" style=\"text-align: left;\"><span style=\"color: #000080;\">According to the police account cited, the suspects detained a member of Hamas\u2019s elite Nukhba Force, questioned him\u00a0and\u00a0executed him at the end of the interrogation.<\/span><\/p>\n<p class=\"wp-block-paragraph\" style=\"text-align: left;\"><span style=\"color: #000080;\"><em>Haaretz<\/em>\u00a0cited sources familiar with the case as saying that the body of the armed Palestinian terrorist was discovered in the Sha\u2019ar HaNegev region, near the northeastern Gaza Strip.<\/span><\/p>\n<p class=\"wp-block-paragraph\" style=\"text-align: left;\"><span style=\"color: #000080;\">However, defense lawyers said the suspects deny all charges, stressing that their clients risked their lives to save civilians and are being prosecuted for killing a terrorist who took part in the massacre.<\/span><\/p>\n<p class=\"wp-block-paragraph\" style=\"text-align: left;\"><span style=\"color: #000080;\">Benny Gantz, head of the opposition National Unity Party, said on Sunday that \u201canyone who dared to cross the border [from Gaza] that day was sentenced to death. All of them posed a clear and immediate danger.\u201d<\/span><\/p>\n<p class=\"wp-block-paragraph\" style=\"text-align: left;\"><span style=\"color: #000080;\">\u201cIn this situation of chaos, surprise and guerilla fighting for many hours, we must give a broad backing and full support to those who are fighting\u2014soldier, policeman or citizen,\u201d wrote Gantz on X. \u201cThis is our duty towards those who saved human lives and protected our country, and I believe that the law enforcement system will also act in this spirit.\u201d<\/span><\/p>\n<p class=\"wp-block-paragraph\" style=\"text-align: left;\"><span style=\"color: #000080;\">The former War Cabinet member emphasized\u00a0that he did not see the evidence\u00a0supporting the case and that he \u201ctrusts law enforcement officials.\u201d<\/span><\/p>\n<p class=\"wp-block-paragraph\" style=\"text-align: left;\"><span style=\"color: #000080;\">National Security Minister Itamar Ben-Gvir (Otzma Yehudit) said, \u201cIt would be better for the state attorney to remember that he is the attorney of the State of\u00a0Israel,\u00a0and not of its enemies.\u201d<\/span><\/p>\n<p class=\"wp-block-paragraph\" style=\"text-align: left;\"><span style=\"color: #000080;\">He added that prosecutor\u00a0<a style=\"color: #000080;\" href=\"https:\/\/www.jns.org\/report-state-prosecutor-seeking-criminal-probe-against-ben-gvir-over-gaza-incitement\/\">Amit Aisman<\/a>, who recently asked to open a probe into Ben-Gvir over allegations of\u00a0\u201cincitement\u201d against Gazans, also ordered the \u201ccrazy investigation against three heroic fighters who on October 7 went out to fight in the hell of the Gaza border area.\u201d<\/span><\/p>\n<p class=\"wp-block-paragraph\" style=\"text-align: left;\"><span style=\"color: #000080;\">Almog Cohen, another legislator from Otzma Yehudit, told\u00a0<em>103FM Radio<\/em>: \u201cThe people of Israel came [to the south] in all their glory because they understood a horrid massacre was taking place. And to come and judge?<\/span><\/p>\n<p class=\"wp-block-paragraph\" style=\"text-align: left;\"><span style=\"color: #000080;\">\u201cThe police understand firsthand what would have happened if citizens who went down to the south were not there,\u201d said the MK, who worked as a police officer in the Negev for more than a decade.<\/span><\/p>\n<p class=\"wp-block-paragraph\" style=\"text-align: left;\"><span style=\"color: #000080;\">A\u00a0<a style=\"color: #000080;\" href=\"https:\/\/www.peach-in.com\/cmp\/roIbdpxq8\" target=\"_blank\" rel=\"noreferrer noopener\">fundraiser<\/a>\u00a0in support of the suspects by the right-wing Torat Lehima group\u00a0over the weekend exceeded its goal of 120,000 shekels (over $32,500), with donations topping some 150,000 shekels on Sunday night.<\/span><\/p>\n<p class=\"wp-block-paragraph\" style=\"text-align: left;\"><span style=\"color: #000080;\">On Tuesday morning, right-wing activists are preparing to hold a rally outside the Samaria home of one of the murder suspects. \u201cThe people of Israel come to welcome the fighter Sa\u2019ar Ofir on his way back from house arrest and thank him,\u201d read the invitation distributed on social media.<\/span><\/p>\n<p class=\"wp-block-paragraph\" style=\"text-align: left;\"><span style=\"color: #000080;\">\u201cAt 9 a.m. at the\u00a0entrance to the\u00a0town of Elkana in Samaria, Tuesday, 9.7, 3 Tammuz.\u00a0The prosecutor\u2019s office claims he is a murderer. The people of Israel declare that he is a\u00a0hero,\u201d added the flyer.<\/span><\/p>\n<p class=\"wp-block-paragraph\" style=\"text-align: left;\"><span style=\"color: #000080;\">Some 3,000 Gazan terrorists, from Hamas, Islamic Jihad, Fatah and unaffiliated \u201ccivilians,\u201d infiltrated the Jewish state on Oct. 7. The security forces killed approximately a thousand of the terrorists and captured many others.<\/span><\/p>\n<hr style=\"height: 15px; background: #d0e6fa; width: 100%;\" \/>\n<div id=\"content\" class=\"content-alignment\">\n<div id=\"watch-description\" class=\"yt-uix-button-panel\">\n<div id=\"watch-description-text\" style=\"text-align: center;\">\n<p><em>Zawarto\u015b\u0107 publikowanych artyku\u0142\u00f3w i materia\u0142\u00f3w nie reprezentuje pogl\u0105d\u00f3w ani opinii Reunion&#8217;68,<\/em><em><br \/>\nani te\u017c webmastera Blogu Reunion&#8217;68, chyba ze jest to wyra\u017anie zaznaczone.<br \/>\nTwoje uwagi, linki, w\u0142asne artyku\u0142y lub wiadomo\u015bci prze\u015blij na adres:<br \/>\n<\/em><span style=\"color: #000080;\"><strong><em><a style=\"color: #000080;\" href=\"mailto:webmaster@reunion68.com\"><span style=\"text-decoration: underline;\">webmaster@reunion68.com<\/span><\/a><\/em><\/strong><\/span><\/p>\n<\/div>\n<\/div>\n<\/div>\n<hr style=\"width: 100%;\" \/>\n","protected":false},"excerpt":{"rendered":"<p>MKs back civilians suspected of murdering Hamas terrorist on Oct. 7 UPDATE DESK | Israel At War The criminal case has been under investigation for several months but did not become public until a gag order was lifted. Palestinian terrorists in a stolen IDF vehicle at the Erez Crossing between Israel and the northern Gaza [&hellip;]<\/p>\n","protected":false},"author":1,"featured_media":0,"comment_status":"closed","ping_status":"closed","sticky":false,"template":"","format":"standard","meta":[],"categories":[3,6],"tags":[26,24],"_links":{"self":[{"href":"https:\/\/www.reunion68.se\/index.php?rest_route=\/wp\/v2\/posts\/114092"}],"collection":[{"href":"https:\/\/www.reunion68.se\/index.php?rest_route=\/wp\/v2\/posts"}],"about":[{"href":"https:\/\/www.reunion68.se\/index.php?rest_route=\/wp\/v2\/types\/post"}],"author":[{"embeddable":true,"href":"https:\/\/www.reunion68.se\/index.php?rest_route=\/wp\/v2\/users\/1"}],"replies":[{"embeddable":true,"href":"https:\/\/www.reunion68.se\/index.php?rest_route=%2Fwp%2Fv2%2Fcomments&post=114092"}],"version-history":[{"count":3,"href":"https:\/\/www.reunion68.se\/index.php?rest_route=\/wp\/v2\/posts\/114092\/revisions"}],"predecessor-version":[{"id":114100,"href":"https:\/\/www.reunion68.se\/index.php?rest_route=\/wp\/v2\/posts\/114092\/revisions\/114100"}],"wp:attachment":[{"href":"https:\/\/www.reunion68.se\/index.php?rest_route=%2Fwp%2Fv2%2Fmedia&parent=114092"}],"wp:term":[{"taxonomy":"category","embeddable":true,"href":"https:\/\/www.reunion68.se\/index.php?rest_route=%2Fwp%2Fv2%2Fcategories&post=114092"},{"taxonomy":"post_tag","embeddable":true,"href":"https:\/\/www.reunion68.se\/index.php?rest_route=%2Fwp%2Fv2%2Ftags&post=114092"}],"curies":[{"name":"wp","href":"https:\/\/api.w.org\/{rel}","templated":true}]}}