{"id":114159,"date":"2024-07-10T17:05:10","date_gmt":"2024-07-10T15:05:10","guid":{"rendered":"http:\/\/www.reunion68.se\/?p=114159"},"modified":"2024-07-10T10:55:54","modified_gmt":"2024-07-10T08:55:54","slug":"14-05-109","status":"publish","type":"post","link":"https:\/\/www.reunion68.se\/?p=114159","title":{"rendered":"UN refers Albanese probe, for alleged pro-Hamas funded trips, to colleagues who defended her"},"content":{"rendered":"<h5 style=\"text-align: center;\"><a href=\"https:\/\/www.jns.org\/\" target=\"_blank\" rel=\"noopener noreferrer\"><img decoding=\"async\" class=\"center alignleft\" src=\"http:\/\/www.reunion68.com\/Biuletyn\/img\/jns-1.png\" alt=\"\" width=\"35%\" \/><\/a><span style=\"text-decoration: underline; color: #000080;\"><strong><a style=\"color: #000080; text-decoration: underline;\" href=\"https:\/\/www.jns.org\/un-refers-albanese-probe-for-alleged-pro-hamas-funded-trips-to-colleagues-who-defended-her\/\" target=\"_blank\" rel=\"noopener noreferrer\">UN refers Albanese probe, for alleged pro-Hamas funded trips, to colleagues who defended her<\/a><\/strong><\/span><\/h5>\n<p style=\"text-align: center;\"><span style=\"color: #000000;\"><strong> MIKE WAGENHEIM<\/strong><\/span><\/p>\n<hr style=\"height: 15px; background: #d0e6fa; width: 100%;\" \/>\n<div>\n<h4 style=\"text-align: center;\"><strong>The committee investigating the special rapporteur denounced Francesca Albanese\u2019s accusers in May from the very charges it is now reviewing.<\/strong><\/h4>\n<\/div>\n<p style=\"text-align: center;\"><img decoding=\"async\" class=\"aligncenter\" src=\"https:\/\/cdn.jns.org\/uploads\/2024\/07\/GettyImages-2107845181-1320x880.jpg\" width=\"100%\" \/><span style=\"color: #808080;\"><em>Francesca Albanese, U.N. special rapporteur to the Palestinians, during a session of the UN Human Rights Council, in Geneva, on March 26, 2024. Photo by Fabrice Coffrini\/AFP via Getty Images.<\/em><\/span><\/p>\n<p class=\"wp-block-paragraph\" style=\"text-align: left;\"><span style=\"color: #000080;\">The Magna Carta\u00a0<a style=\"color: #000080;\" href=\"https:\/\/www.parliament.uk\/about\/living-heritage\/evolutionofparliament\/originsofparliament\/birthofparliament\/overview\/magnacarta\/magnacartaclauses\/\" target=\"_blank\" rel=\"noreferrer noopener\">entitles<\/a>\u00a0the accused to a \u201clawful judgment of his peers.\u201d The United Nations appears to take that literally in assigning an investigation of Francesca Albanese, special rapporteur for the Palestinians, to her colleagues in the global body\u2019s Coordination Committee for Special Procedures.<\/span><\/p>\n<p class=\"wp-block-paragraph\" style=\"text-align: left;\"><span style=\"color: #000080;\">Not only will the\u00a0<a style=\"color: #000080;\" href=\"https:\/\/www.ohchr.org\/en\/special-procedures-human-rights-council\/coordination-committee-special-procedures\" target=\"_blank\" rel=\"noreferrer noopener\">six<\/a>\u00a0special rapporteurs and independent experts on the committee\u2014all unpaid advisers to the United Nations who essentially hold the same role as Albanese\u2014judge whether their colleague indeed traveled on the dime of pro-Hamas groups, in violation of U.N. rules, but the sextet publicly supported Albanese against the same accusations that it is now probing.<\/span><\/p>\n<p class=\"wp-block-paragraph\" style=\"text-align: left;\"><span style=\"color: #000080;\">\u201cIt would be a travesty of justice for the high commissioner to pass the buck in this case, particularly because the coordination committee has already pronounced itself on this matter, in at least two statements,\u201d Hillel Neuer, executive director of the Geneva-based nonprofit UN Watch, told JNS.<\/span><\/p>\n<p class=\"wp-block-paragraph\" style=\"text-align: left;\"><span style=\"color: #000080;\">The U.N. Office of Internal Oversight Services told Neuer on June 26 that it had referred the allegations against Albanese to Volker Turk, U.N. high commissioner for human rights, for \u201cattention and appropriate action,\u201d Neuer told JNS.<\/span><\/p>\n<p class=\"wp-block-paragraph\" style=\"text-align: left;\"><span style=\"color: #000080;\">That correspondence came hours after the publication of a widely-circulated video clip of JNS\u00a0<a style=\"color: #000080;\" href=\"https:\/\/x.com\/HillelNeuer\/status\/1806019299426894007\" target=\"_blank\" rel=\"noreferrer noopener\">asking<\/a>\u00a0a U.N. spokesman why Albanese and other of the global body\u2019s entities refused or ignored requests to clarify or refute details of accusations that she traveled to Australia and New Zealand on trips funded by pro-Hamnas lobbying groups.<\/span><\/p>\n<p class=\"wp-block-paragraph\" style=\"text-align: left;\"><span style=\"color: #000080;\">Turk has no jurisdiction over the matter and sent the complaint to the Coordination Committee for Special Procedures, a spokeswoman for the U.N. high commissioner for human rights told JNS.<\/span><\/p>\n<h4 class=\"wp-block-paragraph\" style=\"text-align: left;\"><span style=\"color: #000080;\"><strong>\u2018Unfounded allegations\u2019<\/strong><\/span><\/h4>\n<p class=\"wp-block-paragraph\" style=\"text-align: left;\"><span style=\"color: #000080;\">The U.N. Human Rights Council appoints the special rapporteurs and \u201cindependent experts\u201d who make up the committee and serve on a voluntary basis. All of the committee members, and Albanese, fall under the U.N. \u201cspecial procedures\u201d category and are considered to be technically independent of the global body.<\/span><\/p>\n<p class=\"wp-block-paragraph\" style=\"text-align: left;\"><span style=\"color: #000080;\">By design, U.N. officials do not challenge the work and public statements of the committee, which is supposed to follow\u00a0<a style=\"color: #000080;\" href=\"https:\/\/www.ohchr.org\/sites\/default\/files\/documents\/hrbodies\/special-procedures\/sp-committee-internal-advisory-procedure-review-practices-working-methods.docx\" target=\"_blank\" rel=\"noreferrer noopener\">established procedures<\/a>, including operating with \u201cintegrity, independence and impartiality,\u201d in its investigation of Albanese.<\/span><\/p>\n<p class=\"wp-block-paragraph\" style=\"text-align: left;\"><span style=\"color: #000080;\">On May 16, all six members of the committee issued a\u00a0<a style=\"color: #000080;\" href=\"https:\/\/www.ohchr.org\/en\/press-releases\/2024\/05\/attacks-against-un-human-rights-experts-must-cease-coordination-committee\" target=\"_blank\" rel=\"noreferrer noopener\">statement<\/a>\u00a0defending unnamed \u201cU.N. human rights experts\u201d from attacks, including \u201cunfounded allegations of misuse of resources and claims of bias and unprofessional conduct intended to damage reputations, on social media, during U.N. meetings and even when experts are on official country visits.\u201d<\/span><\/p>\n<p class=\"wp-block-paragraph\" style=\"text-align: left;\"><span style=\"color: #000080;\">Although the committee didn\u2019t name Albanese, it did state that \u201cour colleagues addressing the situation in the Occupied Palestinian Territory and Israel face severe targeting in social media and baseless accusations that question their integrity and motivations.\u201d Albanese\u2019s mandate covers that region.<\/span><\/p>\n<p class=\"wp-block-paragraph\" style=\"text-align: left;\"><span style=\"color: #000080;\">Officials of the U.N. special procedures unit are supposed to document their travel in the unit\u2019s\u00a0<a style=\"color: #000080;\" href=\"https:\/\/www.ohchr.org\/en\/documents\/thematic-reports\/ahrc5569-activities-special-rapporteurs-independent-experts-and-working\" target=\"_blank\" rel=\"noreferrer noopener\">annual report<\/a>; however, Albanese\u2019s trips to Australia and New Zealand, which UN Watch estimates to have cost more than $20,000, do not appear. That, the nonprofit says, calls into question whether Albanese\u2019s stays were official visits.<\/span><\/p>\n<p class=\"wp-block-paragraph\" style=\"text-align: left;\"><span style=\"color: #000080;\">JNS sought comment repeatedly from Albanese\u2019s office about the source or sources of funding for the trip to the two countries. Three U.N. offices\u2014that of Secretary-General Ant\u00f3nio Guterres, the Human Rights Council and special procedures\u2014declined to respond to a JNS question on whether they could demonstrate that the global body funded Albanese\u2019s trip to the two countries.<\/span><\/p>\n<p class=\"wp-block-paragraph\" style=\"text-align: left;\"><span style=\"color: #000080;\">Several pro-Hamas groups have said that they supported the trips and one publicly claimed that it sponsored the trip. Albanese has denied the charge that pro-Hamas groups funded her travel on her social media account, and she has also said that allegations that her staff accepted honoraria outside established frameworks are untrue. She has not provided evidence publicly that disproves the allegations.<\/span><\/p>\n<p class=\"wp-block-paragraph\" style=\"text-align: left;\"><span style=\"color: #000080;\">The United Nations pays for some of the expenses of those in its special procedures unit via a designated budget, and officials are permitted to fundraise from states and private donors, all of which they are supposed to include in their annual report.<\/span><\/p>\n<p class=\"wp-block-paragraph\" style=\"text-align: left;\"><span style=\"color: #000080;\">Accepting payment, including for travel, and honoraria from \u201cany governmental or non-governmental source\u201d for \u201cactivities carried out in pursuit\u201d of the special rapporteur\u2019s mandate is prohibited, per the United Nations.<\/span><\/p>\n<h5 class=\"wp-block-paragraph\"><span style=\"color: #800000;\"><strong>\u2018Total disregard for rules and regulations\u2019<\/strong><\/span><\/h5>\n<hr style=\"height: 15px; background: #d0e6fa; width: 100%;\" \/>\n<div id=\"content\" class=\"content-alignment\">\n<div id=\"watch-description\" class=\"yt-uix-button-panel\">\n<div id=\"watch-description-text\" style=\"text-align: center;\">\n<p><em>Zawarto\u015b\u0107 publikowanych artyku\u0142\u00f3w i materia\u0142\u00f3w nie reprezentuje pogl\u0105d\u00f3w ani opinii Reunion&#8217;68,<\/em><em><br \/>\nani te\u017c webmastera Blogu Reunion&#8217;68, chyba ze jest to wyra\u017anie zaznaczone.<br \/>\nTwoje uwagi, linki, w\u0142asne artyku\u0142y lub wiadomo\u015bci prze\u015blij na adres:<br \/>\n<\/em><span style=\"color: #000080;\"><strong><em><a style=\"color: #000080;\" href=\"mailto:webmaster@reunion68.com\"><span style=\"text-decoration: underline;\">webmaster@reunion68.com<\/span><\/a><\/em><\/strong><\/span><\/p>\n<\/div>\n<\/div>\n<\/div>\n<hr style=\"width: 100%;\" \/>\n","protected":false},"excerpt":{"rendered":"<p>UN refers Albanese probe, for alleged pro-Hamas funded trips, to colleagues who defended her MIKE WAGENHEIM The committee investigating the special rapporteur denounced Francesca Albanese\u2019s accusers in May from the very charges it is now reviewing. Francesca Albanese, U.N. special rapporteur to the Palestinians, during a session of the UN Human Rights Council, in Geneva, [&hellip;]<\/p>\n","protected":false},"author":1,"featured_media":0,"comment_status":"closed","ping_status":"closed","sticky":false,"template":"","format":"standard","meta":[],"categories":[6],"tags":[26,24],"_links":{"self":[{"href":"https:\/\/www.reunion68.se\/index.php?rest_route=\/wp\/v2\/posts\/114159"}],"collection":[{"href":"https:\/\/www.reunion68.se\/index.php?rest_route=\/wp\/v2\/posts"}],"about":[{"href":"https:\/\/www.reunion68.se\/index.php?rest_route=\/wp\/v2\/types\/post"}],"author":[{"embeddable":true,"href":"https:\/\/www.reunion68.se\/index.php?rest_route=\/wp\/v2\/users\/1"}],"replies":[{"embeddable":true,"href":"https:\/\/www.reunion68.se\/index.php?rest_route=%2Fwp%2Fv2%2Fcomments&post=114159"}],"version-history":[{"count":5,"href":"https:\/\/www.reunion68.se\/index.php?rest_route=\/wp\/v2\/posts\/114159\/revisions"}],"predecessor-version":[{"id":114179,"href":"https:\/\/www.reunion68.se\/index.php?rest_route=\/wp\/v2\/posts\/114159\/revisions\/114179"}],"wp:attachment":[{"href":"https:\/\/www.reunion68.se\/index.php?rest_route=%2Fwp%2Fv2%2Fmedia&parent=114159"}],"wp:term":[{"taxonomy":"category","embeddable":true,"href":"https:\/\/www.reunion68.se\/index.php?rest_route=%2Fwp%2Fv2%2Fcategories&post=114159"},{"taxonomy":"post_tag","embeddable":true,"href":"https:\/\/www.reunion68.se\/index.php?rest_route=%2Fwp%2Fv2%2Ftags&post=114159"}],"curies":[{"name":"wp","href":"https:\/\/api.w.org\/{rel}","templated":true}]}}