{"id":114161,"date":"2024-07-10T17:00:38","date_gmt":"2024-07-10T15:00:38","guid":{"rendered":"http:\/\/www.reunion68.se\/?p=114161"},"modified":"2024-07-10T11:05:01","modified_gmt":"2024-07-10T09:05:01","slug":"14-00-100","status":"publish","type":"post","link":"https:\/\/www.reunion68.se\/?p=114161","title":{"rendered":"Antisemitic Gang Attacks Participants of Pride Parade in Sweden Wearing Stars of David"},"content":{"rendered":"<h5 style=\"text-align: center;\"><a href=\"https:\/\/www.algemeiner.com\/\" target=\"_blank\" rel=\"noopener noreferrer\"><img decoding=\"async\" class=\"center alignleft\" src=\"http:\/\/www.reunion68.com\/Biuletyn\/img\/algem.png\" alt=\"\" width=\"35%\"><\/a><span style=\"text-decoration: underline; color: #000080;\"><span style=\"text-decoration: underline;\"><strong><a style=\"color: #000080; text-decoration: underline;\" href=\"https:\/\/www.algemeiner.com\/2024\/07\/09\/antisemitic-gang-attacks-participants-pride-parade-sweden-wearing-stars-david\/\" target=\"_blank\" rel=\"noopener noreferrer\">Antisemitic Gang Attacks Participants of Pride Parade in Sweden Wearing Stars of David<\/a><\/strong><\/span><\/span><\/h5>\n<p style=\"text-align: center;\"><span style=\"color: #000000;\"><strong>Jacob Frankel<\/strong><\/span><\/p>\n<hr style=\"height: 15px; background: #d0e6fa; width: 100%;\">\n<p style=\"text-align: center;\"><img decoding=\"async\" class=\"size-full wp-image-712773 ls-is-cached lazyloaded aligncenter\" src=\"https:\/\/www.algemeiner.com\/wp-content\/uploads\/2024\/07\/Screen-Shot-2024-07-09-at-3.32.19-PM.jpg\" width=\"100%\"><span style=\"color: #808080;\"><em>Attendees of a pride event wearing Stars of David in Malm\u00f6, Sweden were attacked by an antisemitic gang. Photo: Screenshot<\/em><\/span><\/p>\n<p><span style=\"color: #000080;\">Attendees of an LGBTQ+ pride event in&nbsp;<a style=\"color: #000080;\" href=\"https:\/\/www.algemeiner.com\/2024\/05\/02\/israel-increases-travel-threat-swedish-city-malmo-ahead-eurovision-song-contest\/\" target=\"_blank\" rel=\"noopener noreferrer\">Malm\u00f6, Sweden<\/a>&nbsp;wearing Stars of David were attacked by an antisemitic and homophobic gang that hurled insults at the victims while assaulting them, according to Swedish police and videos circulated on social media.<\/span><\/p>\n<p style=\"text-align: left;\"><span style=\"color: #000080;\">The incident came amid an ongoing&nbsp;<a style=\"color: #000080;\" href=\"https:\/\/www.algemeiner.com\/2024\/07\/08\/french-jews-sound-alarm-following-far-left-surge-elections-france-israel-relations-expected-plummet\/\" target=\"_blank\" rel=\"noopener noreferrer\">surge in antisemitic incidents across Europe<\/a>&nbsp;following the Palestinian terrorist group Hamas\u2019 Oct. 7 massacre across southern Israel.<\/span><\/p>\n<p style=\"text-align: left;\"><span style=\"color: #000080;\">Swedish police confirmed on Tuesday that pro-Israel&nbsp;participants of the Malm\u00f6 Pride Parade wearing and displaying rainbow garments and flags with the Star of David embossed on them were stopped, harassed, and assaulted while walking through the streets over the weekend. Police have opened an investigation into the case.<\/span><\/p>\n<p style=\"text-align: left;\"><span style=\"color: #000080;\">\u201cThe Swedish police take this type of crime very seriously and we are actively working on the current case,\u201d a police spokesperson said, according to the&nbsp;<em>Jerusalem Post<\/em>.<\/span><\/p>\n<p style=\"text-align: left;\"><span style=\"color: #000080;\">Video circulated on social media showed men driving up alongside the pride marchers, verbally harassing them. They then exited the vehicle and were joined by others. The assailants, who appeared to be of Middle Eastern extraction, shoved the pro-Israel attendees and attempted to snatch one of their rainbow Israeli flags while calling them \u201c<\/span><span class=\"css-1jxf684 r-bcqeeo r-1ttztb7 r-qvutc0 r-poiln3\"><span style=\"color: #000080;\">f\u2014king f\u2014gots\u201d and asking if they \u201csupport killing children.&#8221;<\/span><\/span><\/p>\n<p><iframe loading=\"lazy\" id=\"twitter-widget-3\" class=\"\" title=\"X Post\" src=\"https:\/\/platform.twitter.com\/embed\/Tweet.html?dnt=false&amp;embedId=twitter-widget-3&amp;features=eyJ0ZndfdGltZWxpbmVfbGlzdCI6eyJidWNrZXQiOltdLCJ2ZXJzaW9uIjpudWxsfSwidGZ3X2ZvbGxvd2VyX2NvdW50X3N1bnNldCI6eyJidWNrZXQiOnRydWUsInZlcnNpb24iOm51bGx9LCJ0ZndfdHdlZXRfZWRpdF9iYWNrZW5kIjp7ImJ1Y2tldCI6Im9uIiwidmVyc2lvbiI6bnVsbH0sInRmd19yZWZzcmNfc2Vzc2lvbiI6eyJidWNrZXQiOiJvbiIsInZlcnNpb24iOm51bGx9LCJ0ZndfZm9zbnJfc29mdF9pbnRlcnZlbnRpb25zX2VuYWJsZWQiOnsiYnVja2V0Ijoib24iLCJ2ZXJzaW9uIjpudWxsfSwidGZ3X21peGVkX21lZGlhXzE1ODk3Ijp7ImJ1Y2tldCI6InRyZWF0bWVudCIsInZlcnNpb24iOm51bGx9LCJ0ZndfZXhwZXJpbWVudHNfY29va2llX2V4cGlyYXRpb24iOnsiYnVja2V0IjoxMjA5NjAwLCJ2ZXJzaW9uIjpudWxsfSwidGZ3X3Nob3dfYmlyZHdhdGNoX3Bpdm90c19lbmFibGVkIjp7ImJ1Y2tldCI6Im9uIiwidmVyc2lvbiI6bnVsbH0sInRmd19kdXBsaWNhdGVfc2NyaWJlc190b19zZXR0aW5ncyI6eyJidWNrZXQiOiJvbiIsInZlcnNpb24iOm51bGx9LCJ0ZndfdXNlX3Byb2ZpbGVfaW1hZ2Vfc2hhcGVfZW5hYmxlZCI6eyJidWNrZXQiOiJvbiIsInZlcnNpb24iOm51bGx9LCJ0ZndfdmlkZW9faGxzX2R5bmFtaWNfbWFuaWZlc3RzXzE1MDgyIjp7ImJ1Y2tldCI6InRydWVfYml0cmF0ZSIsInZlcnNpb24iOm51bGx9LCJ0ZndfbGVnYWN5X3RpbWVsaW5lX3N1bnNldCI6eyJidWNrZXQiOnRydWUsInZlcnNpb24iOm51bGx9LCJ0ZndfdHdlZXRfZWRpdF9mcm9udGVuZCI6eyJidWNrZXQiOiJvbiIsInZlcnNpb24iOm51bGx9fQ%3D%3D&amp;frame=false&amp;hideCard=false&amp;hideThread=false&amp;id=1810352134484877633&amp;lang=en&amp;origin=https%3A%2F%2Fwww.algemeiner.com%2F2024%2F07%2F09%2Fantisemitic-gang-attacks-participants-pride-parade-sweden-wearing-stars-david%2F&amp;sessionId=b4c74849c5de2bd6f2fdbf940a5ea1af44c99db0&amp;siteScreenName=Algemeiner&amp;theme=light&amp;widgetsVersion=2615f7e52b7e0%3A1702314776716&amp;width=550px\" width=\"650\" height=\"850\" frameborder=\"0\" scrolling=\"yes\" allowfullscreen=\"allowfullscreen\" data-tweet-id=\"1810352134484877633\" data-mce-fragment=\"1\"><\/iframe><\/p>\n<p style=\"text-align: left;\"><span style=\"color: #000080;\">Some members of the crowd threw punches at the pride event attendees. One woman wearing a keffiyeh appeared to attempt to calm the mob from escalating the violence.<\/span><\/p>\n<p style=\"text-align: left;\"><span style=\"color: #000080;\">Police confirmed the video is authentic and depicts the incident they are investigating. Malm\u00f6 Pride reportedly became aware of the assault on Monday and condemned the incident.<\/span><\/p>\n<p style=\"text-align: left;\"><span style=\"color: #000080;\">Malm\u00f6 Pride is a four-day annual pride festival that culminates with a large parade through downtown Malm\u00f6.<\/span><\/p>\n<p style=\"text-align: left;\"><span style=\"color: #000080;\">The Swedish town of Malm\u00f6 received international attention for hosting the&nbsp;<a style=\"color: #000080;\" href=\"https:\/\/www.algemeiner.com\/2024\/05\/13\/eurovision-organizers-disappointed-jury-member-improperly-withheld-points-israel-due-gaza-war\/\" target=\"_blank\" rel=\"noopener noreferrer\">Eurovision Song Contest<\/a>&nbsp;earlier this year, amid backlash against Israel\u2019s participation in the competition. Israel\u2019s representative, Eden Golan, faced&nbsp;<a style=\"color: #000080;\" href=\"https:\/\/www.algemeiner.com\/2024\/05\/10\/israels-eden-golan-advances-eurovision-finals-despite-thousands-anti-israel-protesters-sweden\/\" target=\"_blank\" rel=\"noopener noreferrer\">large, anti-Israel demonstrations<\/a>&nbsp;outside of her hotel room. Facing death threats, Golan was ordered by Israeli security to remain in her hotel room when not competing in Eurovision.&nbsp;<\/span><\/p>\n<div id=\"attachment_706507\" class=\"wp-caption aligncenter\"><img decoding=\"async\" loading=\"lazy\" class=\"size-full wp-image-706507 lazyloaded\" src=\"https:\/\/www.algemeiner.com\/wp-content\/uploads\/2024\/05\/Corinne-Cumming-EBU-3A5A6707-Enhanced-NR-2.jpg\" sizes=\"(max-width: 720px) 100vw, 720px\" srcset=\"https:\/\/www.algemeiner.com\/wp-content\/uploads\/2024\/05\/Corinne-Cumming-EBU-3A5A6707-Enhanced-NR-2.jpg 720w, https:\/\/www.algemeiner.com\/wp-content\/uploads\/2024\/05\/Corinne-Cumming-EBU-3A5A6707-Enhanced-NR-2-300x150.jpg 300w\" alt=\"\" width=\"720\" height=\"360\" aria-describedby=\"caption-attachment-706507\" data-src=\"https:\/\/www.algemeiner.com\/wp-content\/uploads\/2024\/05\/Corinne-Cumming-EBU-3A5A6707-Enhanced-NR-2.jpg\" data-srcset=\"https:\/\/www.algemeiner.com\/wp-content\/uploads\/2024\/05\/Corinne-Cumming-EBU-3A5A6707-Enhanced-NR-2.jpg 720w, https:\/\/www.algemeiner.com\/wp-content\/uploads\/2024\/05\/Corinne-Cumming-EBU-3A5A6707-Enhanced-NR-2-300x150.jpg 300w\" data-sizes=\"(max-width: 720px) 100vw, 720px\"><\/p>\n<p id=\"caption-attachment-706507\" class=\"wp-caption-text\" style=\"text-align: left;\"><span style=\"color: #000080;\">Eden Golan performing \u201cHurricane\u201d for Israel at the second semi-final for the 2024 Eurovision Song Contest at Malmo Arena on May 9, 2024. Photo: Corinne Cumming\/EBU<\/span><\/p>\n<\/div>\n<p style=\"text-align: left;\"><span style=\"color: #000080;\">Golan, who placed fifth in the competition with her song \u201cHurricane,\u201d was encouraged online by Israel\u2019s Prime Minister Benjamin Netanyahu. \u201cYou\u2019re competing not just in the Eurovision in a proud and very impressive manner, but you are competing successfully in the face of an ugly wave of antisemitism \u2014 and you are standing up to it and representing the State of Israel with huge honor,\u201d he said in a message to Golan.<\/span><\/p>\n<p style=\"text-align: left;\"><span style=\"color: #000080;\">Meanwhile, Jewish members of the LGBTQ+ community have continued to<a style=\"color: #000080;\" href=\"https:\/\/www.algemeiner.com\/2024\/06\/26\/jewish-lgbtq-group-pulls-out-london-pride-parade-due-safety-concerns\/\" target=\"_blank\" rel=\"noopener noreferrer\">&nbsp;distance themselves from pride events<\/a>&nbsp;as antisemitism in Europe continues to skyrocket. In London last month, KeshetUK \u2013 a Jewish LGBTQ+ network and charity organization in the UK \u2013 announced that it would not participate in London\u2019s pride parade, called Pride in London, after organizers accused Israel of committing \u201cgenocide\u201d in Gaza.<\/span><\/p>\n<p style=\"text-align: left;\"><span style=\"color: #000080;\">KeshetUK cited safety concerns as the reason for not marching. \u201cAgainst the background of what has been a challenging and at times a complex year for many Jews in the UK, including LGBT+ Jews, some of our friends and congregants have said they do not feel safe marching in the Pride in London event as they have felt in previous years,\u201d said KeshetUK in a joint statement with the London Synagogue for British Jews.<\/span><\/p>\n<p style=\"text-align: left;\"><span style=\"color: #000080;\">Antisemitic incidents in Sweden have skyrocketed since Hamas\u2019 Oct. 7 attacks on Israel, where 1,200 people were killed and about 250 were taken hostage. According to the Swedish National Council for Crime Prevention, the number of reported antisemitic hate crimes&nbsp;<a style=\"color: #000080;\" href=\"https:\/\/www.barrons.com\/news\/sweden-reports-sharp-rise-in-anti-semitic-hate-crimes-b2ecff6d\" target=\"_blank\" rel=\"noopener noreferrer\">increased<\/a> by a factor of five between 2022 and 2023.<\/span><\/p>\n<hr style=\"height: 15px; background: #d0e6fa; width: 100%;\">\n<div id=\"content\" class=\"content-alignment\">\n<div id=\"watch-description\" class=\"yt-uix-button-panel\">\n<div id=\"watch-description-text\" style=\"text-align: center;\">\n<p><em>Zawarto\u015b\u0107 publikowanych artyku\u0142\u00f3w i materia\u0142\u00f3w nie reprezentuje pogl\u0105d\u00f3w ani opinii Reunion&#8217;68,<\/em><em><br \/>\nani te\u017c webmastera Blogu Reunion&#8217;68, chyba ze jest to wyra\u017anie zaznaczone.<br \/>\nTwoje uwagi, linki, w\u0142asne artyku\u0142y lub wiadomo\u015bci prze\u015blij na adres:<br \/>\n<\/em><span style=\"color: #000080;\"><strong><em><a style=\"color: #000080;\" href=\"mailto:webmaster@reunion68.com\"><span style=\"text-decoration: underline;\">webmaster@reunion68.com<\/span><\/a><\/em><\/strong><\/span><\/p>\n<\/div>\n<\/div>\n<\/div>\n<hr style=\"width: 100%;\">\n","protected":false},"excerpt":{"rendered":"<p>Antisemitic Gang Attacks Participants of Pride Parade in Sweden Wearing Stars of David Jacob Frankel Attendees of a pride event wearing Stars of David in Malm\u00f6, Sweden were attacked by an antisemitic gang. Photo: Screenshot Attendees of an LGBTQ+ pride event in&nbsp;Malm\u00f6, Sweden&nbsp;wearing Stars of David were attacked by an antisemitic and homophobic gang that [&hellip;]<\/p>\n","protected":false},"author":1,"featured_media":0,"comment_status":"closed","ping_status":"closed","sticky":false,"template":"","format":"standard","meta":[],"categories":[6],"tags":[26,24],"_links":{"self":[{"href":"https:\/\/www.reunion68.se\/index.php?rest_route=\/wp\/v2\/posts\/114161"}],"collection":[{"href":"https:\/\/www.reunion68.se\/index.php?rest_route=\/wp\/v2\/posts"}],"about":[{"href":"https:\/\/www.reunion68.se\/index.php?rest_route=\/wp\/v2\/types\/post"}],"author":[{"embeddable":true,"href":"https:\/\/www.reunion68.se\/index.php?rest_route=\/wp\/v2\/users\/1"}],"replies":[{"embeddable":true,"href":"https:\/\/www.reunion68.se\/index.php?rest_route=%2Fwp%2Fv2%2Fcomments&post=114161"}],"version-history":[{"count":8,"href":"https:\/\/www.reunion68.se\/index.php?rest_route=\/wp\/v2\/posts\/114161\/revisions"}],"predecessor-version":[{"id":114187,"href":"https:\/\/www.reunion68.se\/index.php?rest_route=\/wp\/v2\/posts\/114161\/revisions\/114187"}],"wp:attachment":[{"href":"https:\/\/www.reunion68.se\/index.php?rest_route=%2Fwp%2Fv2%2Fmedia&parent=114161"}],"wp:term":[{"taxonomy":"category","embeddable":true,"href":"https:\/\/www.reunion68.se\/index.php?rest_route=%2Fwp%2Fv2%2Fcategories&post=114161"},{"taxonomy":"post_tag","embeddable":true,"href":"https:\/\/www.reunion68.se\/index.php?rest_route=%2Fwp%2Fv2%2Ftags&post=114161"}],"curies":[{"name":"wp","href":"https:\/\/api.w.org\/{rel}","templated":true}]}}