{"id":114188,"date":"2024-07-15T17:09:43","date_gmt":"2024-07-15T15:09:43","guid":{"rendered":"http:\/\/www.reunion68.se\/?p=114188"},"modified":"2024-07-15T08:59:28","modified_gmt":"2024-07-15T06:59:28","slug":"15-09-95","status":"publish","type":"post","link":"https:\/\/www.reunion68.se\/?p=114188","title":{"rendered":"Nacjonalizm dla mnie, ale nie dla ciebie"},"content":{"rendered":"<p style=\"text-align: center;\"><img decoding=\"async\" class=\"aligncenter\" src=\"https:\/\/www.memri.org\/sites\/default\/files\/2024\/MDB621.jpg\" width=\"100%\"><span style=\"color: #808080;\"><em>Protest \u201eZamknijmy ulice dla Palestyny\u201d w centrum Londynu (maj 2024)<\/em><\/span><\/p>\n<hr>\n<h5 style=\"text-align: center;\"><a href=\"https:\/\/www.listyznaszegosadu.pl\/\" target=\"_blank\" rel=\"noopener noreferrer\"><img decoding=\"async\" class=\"center alignleft\" src=\"http:\/\/www.reunion68.com\/Biuletyn\/img\/z-naszego.jpg\" alt=\"\" width=\"50%\"><\/a><span style=\"text-decoration: underline; color: #000080;\"><strong><a style=\"color: #000080; text-decoration: underline;\" href=\"https:\/\/www.listyznaszegosadu.pl\/notatki\/nacjonalizm-dla-mnie-ale-nie-dla-ciebie\" target=\"_blank\" rel=\"noopener noreferrer\">Nacjonalizm dla mnie, ale nie dla ciebie<\/a><\/strong><\/span><\/h5>\n<p style=\"text-align: center;\"><span style=\"color: #000000;\"><strong>Alberto M. Fernandez<br \/>\n<\/strong><em><span style=\"color: #808080;\">T\u0142umaczenie:<\/span> <\/em><strong>Ma\u0142gorzata Koraszewska<\/strong><\/span><\/p>\n<hr style=\"height: 15px; background: #d0e6fa; width: 100%;\">\n<div class=\"templateArticleIngress\" style=\"text-align: left;\"><span style=\"color: #000080;\">Zwykle jest to dobry znak, gdy przyw\u00f3dca kraju chwali polityka za jego oddanie interesom narodu. Ale w tym przypadku przyw\u00f3dc\u0105 kraju by\u0142 by\u0142y premier Somalii Ali Hassan Khayre, a polityczk\u0105, kt\u00f3r\u0105 chwali\u0142, by\u0142a demokratyczna kongresmenka z Minnesoty Ilhan Omar. Khayre nie m\u00f3g\u0142 m\u00f3wi\u0107 wyra\u017aniej: \u201eInteresy Ilhan nie s\u0105 interesami Minnesoty ani narodu ameryka\u0144skiego, ale Somalii\u201d. Nast\u0119pnie wezwa\u0142 Amerykan\u00f3w pochodzenia somalijskiego do poparcia kongresmenki z Minneapolis w prawyborach Demokrat\u00f3w w 2024 r. Podczas gdy aktywi\u015bci Partii Republika\u0144skiej z\u0142o\u017cyli skarg\u0119 dotycz\u0105c\u0105 etyki w zwi\u0105zku z tym incydentem, rzecznik Ilhan Omar odrzuci\u0142 skarg\u0119 \u201eskrajnej prawicy\u201d, zauwa\u017caj\u0105c, \u017ce Omar nie odegra\u0142a \u017cadnej roli w zorganizowaniu ani namawianiu do wizyty somalijskiego polityka.&nbsp;<a style=\"color: #000080;\" href=\"about:blank#_edn1\">[1]<\/a><\/span><\/div>\n<p style=\"text-align: left;\">\n<div class=\"templateArticleBrodtext\">\n<p style=\"text-align: left;\"><span style=\"color: #000080;\">S\u0142owo \u201enacjonalizm\u201d, zw\u0142aszcza z przydawk\u0105 \u201echrze\u015bcija\u0144ski nacjonalizm\u201d, sta\u0142o si\u0119 jednym ze s\u0142\u00f3w wyzwalaj\u0105cych gniew zachodniego lewicowego komentariatu. Istnieje tam razem &nbsp;z innymi gro\u017anymi przymiotnikami, takimi jak \u201eskrajnie prawicowy\u201d i \u201epopulistyczny\u201d. Je\u015bli nie pot\u0119pia si\u0119 go wprost, nacjonalizm jest w naszych czasach przeciwstawiany patriotyzmowi. Rzekoma r\u00f3\u017cnica polega na tym, \u017ce ten drugi jest rzekomo mniej toksyczny \u2013 patriota kocha sw\u00f3j kraj \u2013 podczas gdy nacjonalista kocha sw\u00f3j kraj kosztem innych kraj\u00f3w. Jednak to starsze s\u0142owo, \u201epatriotyzm\u201d, dr Johnson opisa\u0142 jako \u201eostatni bastion szubrawc\u00f3w\u201d.&nbsp;<a style=\"color: #000080;\" href=\"about:blank#_edn2\">[2]<\/a>&nbsp;Biograf Johnsona wyja\u015bni\u0142, \u017ce \u201e<em>nie mia\u0142 na my\u015bli prawdziwej i hojnej mi\u0142o\u015bci do naszego kraju, ale ten udawany patriotyzm, kt\u00f3ry tak wielu, we wszystkich epokach i krajach, uczyni\u0142o p\u0142aszczykiem dla w\u0142asnych interes\u00f3w\u201d.<\/em><\/span><\/p>\n<p style=\"text-align: left;\"><span style=\"color: #000080;\">Tak jak te dwa s\u0142owa s\u0105 czasami przeciwstawiane, a innym razem u\u017cywane zamiennie, tak wydaje si\u0119, \u017ce w naszych czasach istniej\u0105 dwa rodzaje nacjonalizmu \u2013 rodzaj, kt\u00f3ry jest uwa\u017cany za alarmuj\u0105cy i rodzaj, kt\u00f3ry na Zachodzie spotyka si\u0119 z oboj\u0119tno\u015bci\u0105, a nawet akceptacj\u0105.<\/span><\/p>\n<p style=\"text-align: left;\"><span style=\"color: #000080;\">\u201eZ\u0142y\u201d rodzaj wydaje si\u0119 by\u0107 mi\u0142o\u015bci\u0105 do kraju nale\u017c\u0105cego do Zachodu, jako poszczeg\u00f3lnych pa\u0144stw lub jako szerszej zbiorowo\u015bci, takiej jak cywilizacja zachodnia lub kultura zachodnia. Jest to cywilizacja, kt\u00f3ra d\u0142ugo rozkwita\u0142a w Europie i w\u015br\u00f3d jej bezpo\u015brednich c\u00f3rek (Ameryka P\u00f3\u0142nocna i Po\u0142udniowa, Australia) na ca\u0142ym \u015bwiecie, kt\u00f3ra czerpie ze staro\u017cytnego dziedzictwa Aten, Rzymu i Jerozolimy.<\/span><\/p>\n<p style=\"text-align: left;\"><span style=\"color: #000080;\">Czytaj\u0105c media g\u0142\u00f3wnego nurtu, mo\u017cna by pomy\u015ble\u0107, \u017ce niebezpiecze\u0144stwo pochodzi od tych, kt\u00f3rzy s\u0105&nbsp;<em>zbyt<\/em>&nbsp;przychylni Ameryce lub konkretnym krajom europejskim. A niekt\u00f3rzy z tych, kt\u00f3rzy podnosz\u0105 alarm w sprawie chrze\u015bcija\u0144skiego nacjonalizmu, wydaj\u0105 si\u0119 w rzeczywisto\u015bci m\u00f3wi\u0107 o jakiejkolwiek chrze\u015bcija\u0144skiej obecno\u015bci na arenie publicznej, kt\u00f3ra r\u00f3\u017cni si\u0119 od elitarnej opinii liberalnej.&nbsp;<a style=\"color: #000080;\" href=\"about:blank#_edn3\">[3]<\/a>&nbsp;\u201eDobry\u201d rodzaj nacjonalizmu wydaje si\u0119 pochodzi\u0107 z kraj\u00f3w niezachodnich, cz\u0119sto zaciekle sprzeciwiaj\u0105cych si\u0119 Zachodowi i przekazywany dzi\u0119ki szybkiemu wzrostowi diaspory imigrant\u00f3w, cz\u0119sto muzu\u0142ma\u0144skich, na Zachodzie. Zach\u00f3d jest dzi\u015b zalany nacjonalizmem, ale ten, kt\u00f3ry jest rozpieszczany i traktowany ze zbiorowym wzruszeniem ramion, to nacjonalizm \u201eanty-Zachodni\u201d.&nbsp;<a style=\"color: #000080;\" href=\"about:blank#_edn4\">[4]<\/a><\/span><\/p>\n<p style=\"text-align: left;\"><span style=\"color: #000080;\">Nie wszystkie nacjonalizmy wydaj\u0105 si\u0119 by\u0107 sobie r\u00f3wne. W dzisiejszej Europie obywatele lub mieszka\u0144cy maj\u0105cy powi\u0105zania z zdecydowanie szowinistycznymi pa\u0144stwami w Turcji, Algierii, Pakistanie i Egipcie mog\u0105 z dum\u0105 macha\u0107 swoimi symbolami narodowymi nie tylko na wydarzeniach sportowych, ale i politycznych. Czasami te dwie rzeczy s\u0105 ze sob\u0105 \u0142\u0105czone. Na pocz\u0105tku lipca 2024 r. tureccy kibice pi\u0142ki no\u017cnej nie tylko machali tureck\u0105 flag\u0105 i wykonywali nacjonalistyczny znak Szarego Wilka na meczu w Berlinie, ale tak\u017ce skandowali has\u0142a przeciwko (g\u0142\u00f3wnie syryjskim Arabom muzu\u0142ma\u0144skim) azylantom w&#8230; Turcji.&nbsp;<a style=\"color: #000080;\" href=\"about:blank#_edn5\">[5]<\/a>&nbsp;Lewicowe wiece polityczne podczas ostatniego okresu wyborczego we Francji w czerwcu i lipcu 2024 r. by\u0142y zalane flagami pa\u0144stw muzu\u0142ma\u0144skich z tu i \u00f3wdzie komunistycznymi banerami;&nbsp;<em>tr\u00f3jkolorowej flagi<\/em>&nbsp;Republiki Francuskiej nigdzie nie by\u0142o wida\u0107.<\/span><\/p>\n<\/div>\n<p><img decoding=\"async\" class=\"aligncenter\" src=\"https:\/\/pbs.twimg.com\/media\/GR4-7J6WgAA3gi-?format=jpg&amp;name=medium\" width=\"100%\"><\/p>\n<p style=\"text-align: center;\"><span style=\"color: #808080;\"><em>Aktywi\u015bci palesty\u0144scy (powi\u0105zani z PFLP Samidoun) promuj\u0105cy propagand\u0119 jeme\u0144skiego Huti (lipiec 2024 r.)<\/em><\/span><\/p>\n<p style=\"text-align: left;\"><span style=\"color: #000080;\">Ale przez wi\u0119kszo\u015b\u0107 ostatniego roku jeden nacjonalizm dominowa\u0142 na ulicach Zachodu, od Los Angeles po Berlin. Jego symbolami s\u0105 flaga palesty\u0144ska i arabska chusta,&nbsp;<em>kefija<\/em>, oba symbole arabskiego i palesty\u0144skiego nacjonalizmu&nbsp;<em>par excellence<\/em>. Te same symbole, kt\u00f3re kiedy\u015b oznacza\u0142y rewolucj\u0119 i wojn\u0119 na ulicach Ammanu i Bejrutu w latach 70., maj\u0105 teraz szerszy zasi\u0119g. Palesty\u0144ski nacjonalizm, kt\u00f3ry pewien pisarz nazwa\u0142 \u201eGlobalnym Imperium Palestyny\u201d, prze\u017cywa sw\u00f3j szczyt.&nbsp;<a style=\"color: #000080;\" href=\"about:blank#_edn6\">[6]<\/a>&nbsp;Aktywi\u015bci w Nowym Jorku i Filadelfii, nios\u0105cy palesty\u0144ski sztandar i z twarzami zas\u0142oni\u0119tymi kefij\u0105&nbsp;<em>lub<\/em>&nbsp;mask\u0105 KN95, spalili nawet ameryka\u0144sk\u0105 flag\u0119 w Dniu Niepodleg\u0142o\u015bci. \u201eZalewali Manhattan\u201d, przypominaj\u0105c operacj\u0119 terrorystyczn\u0105 Hamasu z 7 pa\u017adziernika, \u201ePotop Al-Aksa\u201d.&nbsp;<a style=\"color: #000080;\" href=\"about:blank#_edn7\">[7]<\/a>&nbsp;Gdziekolwiek si\u0119 znajduj\u0105, protesty pro-palesty\u0144skie s\u0105 zalane agresywn\u0105 antysemick\u0105 retoryk\u0105, cz\u0119sto po\u0142\u0105czon\u0105 z narracjami przeciwko gospodarzom (anty-USA, anty-Francja, itd.) i przeciwko policji. Na wiecach pojawiali si\u0119 nawet aktywi\u015bci Korei P\u00f3\u0142nocnej.&nbsp;<a style=\"color: #000080;\" href=\"about:blank#_edn8\">[8]<\/a>&nbsp;A przemoc nie ogranicza si\u0119 do s\u0142\u00f3w, ale cz\u0119sto przechodzi si\u0119 w czyny.&nbsp;<a style=\"color: #000080;\" href=\"about:blank#_edn9\">[9]<\/a>&nbsp;Palestyna jest tylko jednym ze sk\u0142adnik\u00f3w tej obiecanej rewolucji.&nbsp;<a style=\"color: #000080;\" href=\"about:blank#_edn10\">[10]<\/a><\/span><\/p>\n<p style=\"text-align: center;\"><img decoding=\"async\" src=\"https:\/\/pbs.twimg.com\/media\/GQHHiANa4AAZrTh?format=jpg&amp;name=900x900\" width=\"100%\"><span style=\"color: #808080;\"><em>Aktywi\u015bci palesty\u0144scy pal\u0105 ameryka\u0144sk\u0105 flag\u0119 (czerwiec 2024)<\/em><\/span><\/p>\n<p style=\"text-align: left;\"><span style=\"color: #000080;\">Je\u015bli przejawy palesty\u0144skiego nacjonalizmu s\u0105 widoczne, jego rywal w postaci nacjonalizmu \u017cydowskiego lub izraelskiego, znany r\u00f3wnie\u017c jako syjonizm, jest na Zachodzie celem bezprecedensowych atak\u00f3w. Trudno o wi\u0119ksz\u0105 ironi\u0119. W USA, pro-izraelskie demonstracje cz\u0119sto obejmuj\u0105 zar\u00f3wno flagi izraelskie, jak i ameryka\u0144skie. Propalesty\u0144skie wiece maj\u0105 flagi ameryka\u0144skie tylko po to, aby je spali\u0107. W Wielkiej Brytanii staro\u017cytny Krzy\u017c \u015awi\u0119tego Jerzego jest uwa\u017cany za prowokacyjny symbol nacjonalistyczny i jest traktowany z podejrzliwo\u015bci\u0105, podczas gdy ameryka\u0144ska flaga stworzona przez Waszyngtona w 1775 roku spotyka si\u0119 z podobnym pot\u0119pieniem.&nbsp;<a style=\"color: #000080;\" href=\"about:blank#_edn11\">[11]<\/a>&nbsp;Flagi Hamasu lub Hezbollahu s\u0105 natomiast &nbsp;mile widziane.<\/span><\/p>\n<p style=\"text-align: left;\">\n<span style=\"color: #000080;\">Dzisiaj wydaje si\u0119, \u017ce tak naprawd\u0119 ka\u017cdy jest typem patrioty lub ideologa \u2013 byle nie ci z zachodni\u0105 flag\u0105 lub chrze\u015bcija\u0144skim lub \u017cydowskim symbolem religijnym. Pi\u0105ta kolumna nacjonalizmu i religijny szowinizm antyzachodni, wewn\u0105trz Zachodu, sta\u0142y si\u0119 rutynowe i chronione. Pytania dla reszty z nas brzmi\u0105: Czy b\u0119dziemy broni\u0107 siebie i naszych symboli? I: czy w og\u00f3le wiemy, kim \u201emy\u201d dzi\u015b jeste\u015bmy?<\/span><\/p>\n<hr>\n<p><span style=\"color: #808080;\"><em>*<strong>Alberto M. Fernandez<\/strong> jest wiceprezesem MEMRI.<\/em><\/span><\/p>\n<hr style=\"height: 15px; background: #d0e6fa; width: 100%;\">\n<div id=\"content\" class=\"content-alignment\">\n<div id=\"watch-description\" class=\"yt-uix-button-panel\">\n<div id=\"watch-description-text\" style=\"text-align: center;\">\n<p><em>Zawarto\u015b\u0107 publikowanych artyku\u0142\u00f3w i materia\u0142\u00f3w nie reprezentuje pogl\u0105d\u00f3w ani opinii Reunion&#8217;68,<\/em><em><br \/>\nani te\u017c webmastera Blogu Reunion&#8217;68, chyba ze jest to wyra\u017anie zaznaczone.<br \/>\nTwoje uwagi, linki, w\u0142asne artyku\u0142y lub wiadomo\u015bci prze\u015blij na adres:<br \/>\n<\/em><span style=\"color: #000080;\"><strong><em><a style=\"color: #000080;\" href=\"mailto:webmaster@reunion68.com\"><span style=\"text-decoration: underline;\">webmaster@reunion68.com<\/span><\/a><\/em><\/strong><\/span><\/p>\n<\/div>\n<\/div>\n<\/div>\n<hr style=\"width: 100%;\">\n","protected":false},"excerpt":{"rendered":"<p>Protest \u201eZamknijmy ulice dla Palestyny\u201d w centrum Londynu (maj 2024) Nacjonalizm dla mnie, ale nie dla ciebie Alberto M. Fernandez T\u0142umaczenie: Ma\u0142gorzata Koraszewska Zwykle jest to dobry znak, gdy przyw\u00f3dca kraju chwali polityka za jego oddanie interesom narodu. Ale w tym przypadku przyw\u00f3dc\u0105 kraju by\u0142 by\u0142y premier Somalii Ali Hassan Khayre, a polityczk\u0105, kt\u00f3r\u0105 chwali\u0142, [&hellip;]<\/p>\n","protected":false},"author":1,"featured_media":0,"comment_status":"closed","ping_status":"closed","sticky":false,"template":"","format":"standard","meta":[],"categories":[6],"tags":[26,24],"_links":{"self":[{"href":"https:\/\/www.reunion68.se\/index.php?rest_route=\/wp\/v2\/posts\/114188"}],"collection":[{"href":"https:\/\/www.reunion68.se\/index.php?rest_route=\/wp\/v2\/posts"}],"about":[{"href":"https:\/\/www.reunion68.se\/index.php?rest_route=\/wp\/v2\/types\/post"}],"author":[{"embeddable":true,"href":"https:\/\/www.reunion68.se\/index.php?rest_route=\/wp\/v2\/users\/1"}],"replies":[{"embeddable":true,"href":"https:\/\/www.reunion68.se\/index.php?rest_route=%2Fwp%2Fv2%2Fcomments&post=114188"}],"version-history":[{"count":11,"href":"https:\/\/www.reunion68.se\/index.php?rest_route=\/wp\/v2\/posts\/114188\/revisions"}],"predecessor-version":[{"id":114203,"href":"https:\/\/www.reunion68.se\/index.php?rest_route=\/wp\/v2\/posts\/114188\/revisions\/114203"}],"wp:attachment":[{"href":"https:\/\/www.reunion68.se\/index.php?rest_route=%2Fwp%2Fv2%2Fmedia&parent=114188"}],"wp:term":[{"taxonomy":"category","embeddable":true,"href":"https:\/\/www.reunion68.se\/index.php?rest_route=%2Fwp%2Fv2%2Fcategories&post=114188"},{"taxonomy":"post_tag","embeddable":true,"href":"https:\/\/www.reunion68.se\/index.php?rest_route=%2Fwp%2Fv2%2Ftags&post=114188"}],"curies":[{"name":"wp","href":"https:\/\/api.w.org\/{rel}","templated":true}]}}