{"id":114190,"date":"2024-07-15T17:05:11","date_gmt":"2024-07-15T15:05:11","guid":{"rendered":"http:\/\/www.reunion68.se\/?p=114190"},"modified":"2024-07-15T09:05:33","modified_gmt":"2024-07-15T07:05:33","slug":"15-05-102","status":"publish","type":"post","link":"https:\/\/www.reunion68.se\/?p=114190","title":{"rendered":"IDF confirms death of Mohammed Deif\u2019s deputy in Gaza strike"},"content":{"rendered":"<h5 style=\"text-align: center;\"><a href=\"\/\/www.jns.org\/\" target=\"_blank\" rel=\"noopener noreferrer\"><img decoding=\"async\" class=\"center alignleft\" src=\"http:\/\/www.reunion68.com\/Biuletyn\/img\/jns-1.png\" alt=\"\" width=\"35%\" \/><\/a><span style=\"text-decoration: underline; color: #000080;\"><span><strong><a style=\"color: #000080; text-decoration: underline;\" href=\"https:\/\/www.jns.org\/idf-confirms-death-of-mohammed-deifs-deputy-in-saturday-strike\/\" target=\"_blank\" rel=\"noopener noreferrer\">IDF confirms death of Mohammed Deif\u2019s deputy in Gaza strike<\/a><\/strong><\/span><\/span><\/h5>\n<p style=\"text-align: center;\"><span style=\"color: #000000;\"><strong>UPDATE DESK | Israel At War<\/strong><\/span><\/p>\n<hr style=\"height: 15px; background: #d0e6fa; width: 100%;\" \/>\n<div>\n<h4 style=\"text-align: center;\"><strong>Rafa&#8217;a Salameh and terror master Mohammed Deif were targeted in the southern Gaza Strip.<\/strong><\/h4>\n<\/div>\n<p style=\"text-align: center;\"><img decoding=\"async\" class=\"aligncenter\" src=\"https:\/\/cdn.jns.org\/uploads\/2024\/07\/photo_2024-07-13_14-03-06-640x400-1-1024x640-1-1320x880.jpg\" width=\"100%\" \/><span style=\"color: #808080;\"><em>A photo of Hamas terrorists Mohammed Deif (left) and Rafa&#8217;a Salameh found on a laptop during Gaza operations and released by the IDF, Jan. 7, 2024. Credit: IDF<\/em><\/span><\/p>\n<p class=\"wp-block-paragraph\" style=\"text-align: left;\"><span style=\"color: #000080;\">The Israel Defense Forces confirmed on Sunday that Rafa\u2019a Salameh, the commander of Hamas\u2019s Khan Younis Brigade, was killed the previous day in a targeted airstrike on terrorist infrastructure in southern Gaza.<\/span><\/p>\n<p class=\"wp-block-paragraph\" style=\"text-align: left;\"><span style=\"color: #000080;\">\u201cActing upon information from the Military Intelligence Directorate and the Shin Bet, fighter jets yesterday attacked in the Khan Younis area and killed Rafa\u2019a Salameh, the commander of the Khan Younis Brigade of the Hamas terrorist organization,\u201d the military announced on X.<\/span><\/p>\n<p class=\"wp-block-paragraph\" style=\"text-align: left;\"><span style=\"color: #000080;\">\u201cSalameh was one of the close associates of Mohammed Deif, the head of the military wing of the Hamas terrorist organization, one of the planners and executors of the October 7 massacre,\u201d the IDF said in the post.<\/span><\/p>\n<p class=\"wp-block-paragraph\" style=\"text-align: left;\"><span style=\"color: #000080;\">The army noted that Salameh joined Hamas in the 1990s and played a central part in the kidnapping of IDF soldier Gilad Shalit in June 2006. He also played a significant role in Hamas\u2019s tunnel project and was responsible for rockets fired into the Jewish state from Khan Younis.<\/span><\/p>\n<p class=\"wp-block-paragraph\" style=\"text-align: left;\"><span style=\"color: #000080;\">Salameh\u2019s death \u201cconstitutes significant damage to the military capabilities of the Hamas terrorist organization,\u201d added the military.<\/span><\/p>\n<p class=\"wp-block-paragraph\" style=\"text-align: left;\"><span style=\"color: #000080;\">Salameh and terror master Mohammed Deif\u00a0were targeted\u00a0in a structure close to the Al-Mawasi humanitarian zone and Khan Younis.<\/span><\/p>\n<p class=\"wp-block-paragraph\" style=\"text-align: left;\"><span style=\"color: #000080;\">Israeli Prime Minister\u00a0<a style=\"color: #000080;\" href=\"https:\/\/www.jns.org\/netanyahu-deifs-death-in-gaza-strike-not-confirmed-yet\/\">Benjamin Netanyahu<\/a>\u00a0said on Saturday night that it could not yet be confirmed whether the two\u00a0men died in the strike.<\/span><\/p>\n<p class=\"wp-block-paragraph\" style=\"text-align: left;\"><span style=\"color: #000080;\">Speaking at a press conference from the Kirya military headquarters in Tel Aviv, the Israeli leader said that \u201cwhile there is no absolute certainty yet that\u00a0they were eliminated, I would like to assure you that one way or another, we will reach the entire\u00a0<a style=\"color: #000080;\" href=\"https:\/\/www.jns.org\/the-six-top-hamas-leaders-in-israels-sights\/\">Hamas leadership<\/a>.\u201d<\/span><\/p>\n<p class=\"wp-block-paragraph\" style=\"text-align: left;\"><span style=\"color: #000080;\">Hamas sources confirmed that Salameh was killed in the Israeli Air Force attack,\u00a0while refusing to confirm or deny Deif\u2019s death, according to a Sunday morning report in the pan-Arab daily newspaper\u00a0<em>Asharq Al-Awsat<\/em>.<\/span><\/p>\n<p class=\"wp-block-paragraph\" style=\"text-align: left;\"><span style=\"color: #000080;\">A top Hamas official told\u00a0<em>AFP<\/em>\u00a0on Sunday that Deif was \u201cfine\u201d despite the assassination attempt. \u201cCommander Mohammed Deif is well and directly overseeing\u201d the terror group\u2019s armed wing, the official said.\u00a0<\/span><\/p>\n<p class=\"wp-block-paragraph\" style=\"text-align: left;\"><span style=\"color: #000080;\">Israel\u2019s\u00a0<em>Kan News<\/em>\u00a0reported on Saturday that security officials told the political echelon during a situational assessment that Deif\u00a0was wounded\u00a0from the attack, and that they are waiting for final confirmation, which could take time. The officials also confirmed that Salameh\u00a0was killed.<\/span><\/p>\n<p class=\"wp-block-paragraph\" style=\"text-align: left;\"><span style=\"color: #000080;\"><em>Ynet<\/em>\u00a0on Sunday cited IDF intelligence that \u201cdozens\u201d of bodies were brought to Deir al-Balah\u2019s Al Aqsa Hospital following the strike. The center reportedly became a fortified Hamas base following the raid, making it difficult to identify the bodies, one of which may be Deif\u2019s.<\/span><\/p>\n<p class=\"wp-block-paragraph\" style=\"text-align: left;\"><span style=\"color: #000080;\"><a style=\"color: #000080;\" href=\"https:\/\/www.jns.org\/idf-targets-hamas-terror-master-mohammed-deif-in-gaza-strike\/\">Deif<\/a>\u00a0is the second in command in Gaza after Yahya Sinwar, the IDF\u2019s top target after the two men led the planning and execution of the Oct. 7 massacre of over a thousand people in southern Israel. Deif, 58, the head of Hamas\u2019s armed wing, the Qassam Brigades, is also responsible for planning several bus bombing attacks in the 1990s and 2000s.<\/span><\/p>\n<hr style=\"height: 15px; background: #d0e6fa; width: 100%;\" \/>\n<div id=\"content\" class=\"content-alignment\">\n<div id=\"watch-description\" class=\"yt-uix-button-panel\">\n<div id=\"watch-description-text\" style=\"text-align: center;\">\n<p><em>Zawarto\u015b\u0107 publikowanych artyku\u0142\u00f3w i materia\u0142\u00f3w nie reprezentuje pogl\u0105d\u00f3w ani opinii Reunion&#8217;68,<\/em><em><br \/>\nani te\u017c webmastera Blogu Reunion&#8217;68, chyba ze jest to wyra\u017anie zaznaczone.<br \/>\nTwoje uwagi, linki, w\u0142asne artyku\u0142y lub wiadomo\u015bci prze\u015blij na adres:<br \/>\n<\/em><span style=\"color: #000080;\"><strong><em><a style=\"color: #000080;\" href=\"mailto:webmaster@reunion68.com\"><span style=\"text-decoration: underline;\">webmaster@reunion68.com<\/span><\/a><\/em><\/strong><\/span><\/p>\n<\/div>\n<\/div>\n<\/div>\n<hr style=\"width: 100%;\" \/>\n","protected":false},"excerpt":{"rendered":"<p>IDF confirms death of Mohammed Deif\u2019s deputy in Gaza strike UPDATE DESK | Israel At War Rafa&#8217;a Salameh and terror master Mohammed Deif were targeted in the southern Gaza Strip. A photo of Hamas terrorists Mohammed Deif (left) and Rafa&#8217;a Salameh found on a laptop during Gaza operations and released by the IDF, Jan. 7, [&hellip;]<\/p>\n","protected":false},"author":1,"featured_media":0,"comment_status":"closed","ping_status":"closed","sticky":false,"template":"","format":"standard","meta":[],"categories":[3],"tags":[26,24],"_links":{"self":[{"href":"https:\/\/www.reunion68.se\/index.php?rest_route=\/wp\/v2\/posts\/114190"}],"collection":[{"href":"https:\/\/www.reunion68.se\/index.php?rest_route=\/wp\/v2\/posts"}],"about":[{"href":"https:\/\/www.reunion68.se\/index.php?rest_route=\/wp\/v2\/types\/post"}],"author":[{"embeddable":true,"href":"https:\/\/www.reunion68.se\/index.php?rest_route=\/wp\/v2\/users\/1"}],"replies":[{"embeddable":true,"href":"https:\/\/www.reunion68.se\/index.php?rest_route=%2Fwp%2Fv2%2Fcomments&post=114190"}],"version-history":[{"count":4,"href":"https:\/\/www.reunion68.se\/index.php?rest_route=\/wp\/v2\/posts\/114190\/revisions"}],"predecessor-version":[{"id":114206,"href":"https:\/\/www.reunion68.se\/index.php?rest_route=\/wp\/v2\/posts\/114190\/revisions\/114206"}],"wp:attachment":[{"href":"https:\/\/www.reunion68.se\/index.php?rest_route=%2Fwp%2Fv2%2Fmedia&parent=114190"}],"wp:term":[{"taxonomy":"category","embeddable":true,"href":"https:\/\/www.reunion68.se\/index.php?rest_route=%2Fwp%2Fv2%2Fcategories&post=114190"},{"taxonomy":"post_tag","embeddable":true,"href":"https:\/\/www.reunion68.se\/index.php?rest_route=%2Fwp%2Fv2%2Ftags&post=114190"}],"curies":[{"name":"wp","href":"https:\/\/api.w.org\/{rel}","templated":true}]}}