{"id":114272,"date":"2024-07-24T17:09:31","date_gmt":"2024-07-24T15:09:31","guid":{"rendered":"http:\/\/www.reunion68.se\/?p=114272"},"modified":"2024-07-22T11:48:37","modified_gmt":"2024-07-22T09:48:37","slug":"19-09-99","status":"publish","type":"post","link":"https:\/\/www.reunion68.se\/?p=114272","title":{"rendered":"Normalizacja terroryzmu i nienawi\u015bci do \u017byd\u00f3w"},"content":{"rendered":"<p style=\"text-align: center;\"><img decoding=\"async\" class=\"aligncenter\" src=\"https:\/\/www.gatestoneinstitute.org\/pics\/5071.jpg\" width=\"100%\"><span style=\"color: #808080;\"><em>Najwyra\u017aniej ani szefom ONZ, ani UE nigdy nie przysz\u0142o do g\u0142owy, \u017ce je\u015bli organizacja terrorystyczna pope\u0142nia zbrodnie wojenne, nie mo\u017ce wybiera\u0107, w jaki spos\u00f3b wojna, kt\u00f3r\u0105 rozpocz\u0119\u0142a, b\u0119dzie prowadzona przeciwko niej. Je\u015bli nie chcesz \u201ekrwawej \u0142a\u017ani\u201d, nie bierz zak\u0142adnik\u00f3w, nie ukrywaj ich w\u015br\u00f3d cywil\u00f3w, nie pr\u00f3buj zapobiec akcji ratunkowej, a je\u015bli zostan\u0105 uratowani, nie krzycz o zaszokowaniu skutkami twoich dzia\u0142a\u0144. Na zdj\u0119ciu: Naama Levy, Izraelka porwana i zabrana do Gazy przez terroryst\u00f3w z Hamasu 7 pa\u017adziernika 2023 r., gdy mia\u0142a 19 lat. Nadal jest przetrzymywana jako zak\u0142adniczka przez Hamas. (\u0179r\u00f3d\u0142o zdj\u0119cia: Hamas)<\/em><\/span><\/p>\n<hr>\n<h5 style=\"text-align: center;\"><a href=\"https:\/\/www.listyznaszegosadu.pl\/\" target=\"_blank\" rel=\"noopener noreferrer\"><img decoding=\"async\" class=\"center alignleft\" src=\"http:\/\/www.reunion68.com\/Biuletyn\/img\/z-naszego.jpg\" alt=\"\" width=\"50%\"><\/a><span style=\"text-decoration: underline; color: #000080;\"><span><strong><a style=\"color: #000080; text-decoration: underline;\" href=\"https:\/\/www.listyznaszegosadu.pl\/brunatna-fala\/normalizacja-terroryzmu-i-nienawisci-do-zydalw\" target=\"_blank\" rel=\"noopener noreferrer\">Normalizacja terroryzmu i nienawi\u015bci do \u017byd\u00f3w<\/a><\/strong><\/span><\/span><\/h5>\n<p style=\"text-align: center;\"><span style=\"color: #000000;\"><strong>Robert Williams<br \/>\n<\/strong><em><span style=\"color: #808080;\">T\u0142umaczenie: <\/span><\/em><strong>Ma\u0142gorzata Koraszewsk<\/strong><\/span><\/p>\n<hr style=\"height: 15px; background: #d0e6fa; width: 100%;\">\n<div class=\"templateArticleIngress\">\n<p style=\"text-align: left;\"><span style=\"color: #000080;\">Dziewi\u0119\u0107 miesi\u0119cy po zorganizowanej przez Hamas 7 pa\u017adziernika masakrze, w kt\u00f3rej zgin\u0119\u0142o 1200 cywil\u00f3w, g\u0142\u00f3wnie Izraelczyk\u00f3w, w Strefie Gazy nadal przetrzymywanych jest&nbsp;116 zak\u0142adnik\u00f3w, w tym co najmniej 42, kt\u00f3rzy wed\u0142ug szacunk\u00f3w&nbsp;izraelskich urz\u0119dnik\u00f3w zostali zamordowani przez Hamas po tym, jak do\u015bwiadczyli niewyobra\u017calnego zn\u0119cania si\u0119 psychicznego, fizycznego i seksualnego.<\/span><\/p>\n<p style=\"text-align: left;\">\n<span style=\"color: #000080;\">8 czerwca Izrael uwolni\u0142 czterech zak\u0142adnik\u00f3w w bohaterskiej misji, w ramach kt\u00f3rej izraelskie si\u0142y specjalne wkroczy\u0142y do prywatnych dom\u00f3w mieszka\u0144c\u00f3w Gazy, gdzie przetrzymywani byli czterej izraelscy zak\u0142adnicy \u2013 trzej m\u0119\u017cczy\u017ani i jedna m\u0142oda kobieta \u2013 przez \u201ezwyk\u0142ych\u201d cywil\u00f3w z Gazy, w tym \u201edziennikarza\u201d Al-D\u017caziry.<\/span><\/p>\n<\/div>\n<p style=\"text-align: left;\">\n<div class=\"templateArticleBrodtext\">\n<p style=\"text-align: left;\"><span style=\"color: #000080;\">To, co powinno zosta\u0107 okrzykni\u0119te na ca\u0142ym \u015bwiecie wspania\u0142\u0105 operacj\u0105 ratunkow\u0105, kt\u00f3ra w ko\u0144cu uwolni\u0142a zak\u0142adnik\u00f3w z codziennych tortur, zosta\u0142o zamiast tego&nbsp;<em>pot\u0119pione<\/em>&nbsp;jako \u201e<a style=\"color: #000080;\" href=\"https:\/\/blogs.timesofisrael.com\/was-the-hostage-rescue-disproportionate\/\" target=\"_blank\" rel=\"noopener noreferrer\">nieproporcjonalne<\/a>\u201d \u2013 kolejny dow\u00f3d na to, jak znormalizowana sta\u0142a si\u0119 nienawi\u015b\u0107 do \u017byd\u00f3w i poparcie dla terroryzmu, gdy elity polityczne i medialne kibicuj\u0105 organizacjom terrorystycznym, a nie zak\u0142adnikom. Szef polityki zagranicznej UE Josep Borrell nazwa\u0142 nawet izraelsk\u0105 operacj\u0119 ratowania porwanych ludzi, \u201ekrwaw\u0105 \u0142a\u017ani\u0105\u201d.<\/span><\/p>\n<p style=\"text-align: left;\">\n<span style=\"color: #000080;\">\u201eRaporty z Gazy o kolejnej masakrze cywil\u00f3w s\u0105 przera\u017caj\u0105ce. Pot\u0119piamy to najmocniej \u2013&nbsp;napisa\u0142&nbsp;Borrell na X. &#8211; Krwawa \u0142a\u017ania musi si\u0119 natychmiast zako\u0144czy\u0107\u201d.<\/span><\/p>\n<p style=\"text-align: left;\">\n<span style=\"color: #000080;\">Je\u015bli nie chcesz \u201ekrwawej \u0142a\u017ani\u201d, nie bierz zak\u0142adnik\u00f3w, nie ukrywaj ich w\u015br\u00f3d cywil\u00f3w, nie pr\u00f3buj zapobiec akcji ratunkowej, a je\u015bli zostan\u0105 uratowani, nie krzycz o zaszokowaniu skutkami twoich dzia\u0142a\u0144.<\/span><\/p>\n<p style=\"text-align: left;\">\n<span style=\"color: #000080;\">Sekretarz generalny ONZ Antonio Guterres wyrazi\u0142 \u201epot\u0119pienie\u201d za to, co uzna\u0142 za \u015bmier\u0107 \u201esetek palesty\u0144skich cywil\u00f3w\u201d \u2013 jak zwykle bezkrytycznie powtarzaj\u0105c liczby rzucane przez Hamas.<\/span><\/p>\n<p style=\"text-align: left;\">\n<span style=\"color: #000080;\">Genera\u0142 Onno Eichelsheim, szef holenderskich si\u0142 zbrojnych,&nbsp;powiedzia\u0142, \u017ce Izrael \u201epodczas operacji ratowania zak\u0142adnik\u00f3w\u201d u\u017cy\u0142 \u201enieproporcjonalnej si\u0142y, aby osi\u0105gn\u0105\u0107 swoje cele\u201d. Komentarz ten natychmiast spotka\u0142 si\u0119 z&nbsp;<a style=\"color: #000080;\" href=\"https:\/\/nltimes.nl\/2024\/06\/10\/wilders-criticizes-commander-dutch-army-calling-israel-hostage-rescue-complicated\" target=\"_blank\" rel=\"noopener noreferrer\">krytyk\u0105<\/a>&nbsp;ze strony Geerta Wildersa, lidera Partii Wolno\u015bci. Wilders na X nazwa\u0142 komentarze \u201eniezrozumia\u0142ymi, niew\u0142a\u015bciwymi, niepoprawnymi\u201d.<\/span><\/p>\n<p style=\"text-align: left;\">\n<span style=\"color: #000080;\">Jak to zwykle bywa w przypadku Hamasu, kt\u00f3ry wykorzystuje swoich cywil\u00f3w jako \u017cywe tarcze, uratowani izraelscy zak\u0142adnicy byli przetrzymywani w domach rodzinnych w wie\u017cowcach w g\u0119sto zaludnionej cz\u0119\u015bci Gazy. Najwyra\u017aniej ani szefom ONZ, ani UE nigdy nie przysz\u0142o do g\u0142owy, \u017ce je\u015bli organizacja terrorystyczna pope\u0142nia zbrodnie wojenne, nie mo\u017ce wybiera\u0107, w jaki spos\u00f3b wojna, kt\u00f3r\u0105 rozpocz\u0119\u0142a, b\u0119dzie prowadzona przeciwko niej.<\/span><\/p>\n<p style=\"text-align: left;\">\n<span style=\"color: #000080;\">Byli nawet tacy, kt\u00f3rzy uwa\u017cali, \u017ce Izrael powinien zosta\u0107 os\u0105dzony za ratowanie w\u0142asnych obywateli. \u201eMi\u0119dzynarodowy trybuna\u0142 karny powinien zbada\u0107 izraelski rajd ratunkowy zak\u0142adnik\u00f3w\u201d \u2013&nbsp;napisa\u0142&nbsp;by\u0142y dyrektor wykonawczy Human Rights Watch, a obecnie profesor w School of Public and International Affairs w Princeton, Kenneth Roth, jak pisze NGO-Monitor, cz\u0142owiek o \u201eniemoralnej obsesji antyizraelskiej\u201d.<\/span><\/p>\n<p style=\"text-align: left;\">\n<span style=\"color: #000080;\">Pojawi\u0142y si\u0119 r\u00f3wnie\u017c \u201epytania o konieczno\u015b\u0107\u201d tej akcji, doda\u0142 Roth. Och, wi\u0119c wed\u0142ug niego nie jest \u201ekonieczne\u201d ratowanie \u017byd\u00f3w, kt\u00f3rzy s\u0105 gwa\u0142ceni, g\u0142odzeni i torturowani od prawie roku. Dobrze wiedzie\u0107. Szacuje si\u0119, \u017ce jedna trzecia ze 120 zak\u0142adnik\u00f3w, kt\u00f3rzy pozostali w Gazie, ju\u017c nie \u017cyje.<\/span><\/p>\n<p style=\"text-align: left;\">\n<span style=\"color: #000080;\">Dziennikarka BBC News&nbsp;<a style=\"color: #000080;\" href=\"https:\/\/www.ynetnews.com\/culture\/article\/rjxkpwqbc\" target=\"_blank\" rel=\"noopener noreferrer\">zapyta\u0142a<\/a>&nbsp;z kamienn\u0105 twarz\u0105, czy Izrael wyda\u0142 ostrze\u017cenie przed rozpocz\u0119ciem operacji ratunkowej, aby oszcz\u0119dzi\u0107 \u017cycie \u201ecywilom\u201d z Gazy, kt\u00f3rzy przetrzymywali zak\u0142adnik\u00f3w w domach. Izraelski rzecznik, r\u00f3wnie\u017c zachowuj\u0105c kamienn\u0105 twarz, uprzejmie odpowiedzia\u0142, \u017ce ostrze\u017cenie mog\u0142oby narazi\u0107 zak\u0142adnik\u00f3w na niebezpiecze\u0144stwo i utrudni\u0107 akcj\u0119 ratunkow\u0105.<\/span><\/p>\n<p style=\"text-align: left;\">\n<span style=\"color: #000080;\">Ironia tego wszystkiego wydaje si\u0119 ca\u0142kowicie niezauwa\u017cona przez elity polityczne i medialne, kt\u00f3re wci\u0105\u017c&nbsp;upiera\u0142y si\u0119, \u017ce izraelska operacja ratunkowa by\u0142a w jaki\u015b spos\u00f3b niemoralna. Pot\u0119piaj\u0105c izraelsk\u0105 operacj\u0119 ratunkow\u0105, sugeruj\u0105, \u017ce masakra i porwanie 240 os\u00f3b&nbsp;<em>jest<\/em>&nbsp;moralne i nie powinno wymaga\u0107 reakcji militarnej.<\/span><\/p>\n<p style=\"text-align: left;\">\n<span style=\"color: #000080;\">Tymczasem zak\u0142adnicy, kt\u00f3rzy powr\u00f3cili do Izraela \u2013 ci, kt\u00f3rzy zostali uwolnieni w porozumieniu z Hamasem i ci, kt\u00f3rzy zostali uratowani \u2013 m\u00f3wili o&nbsp;<a style=\"color: #000080;\" href=\"https:\/\/nypost.com\/2024\/06\/11\/world-news\/rescued-israeli-hostages-were-starved-beaten-almost-every-day-in-hamas-captivity\/\" target=\"_blank\" rel=\"noopener noreferrer\">g\u0142odzie, biciu<\/a>,&nbsp;<a style=\"color: #000080;\" href=\"https:\/\/www.timesofisrael.com\/released-hostage-amit-soussana-reveals-she-was-sexually-assaulted-by-hamas-captor\/\" target=\"_blank\" rel=\"noopener noreferrer\">gwa\u0142tach<\/a>,&nbsp;<a style=\"color: #000080;\" href=\"https:\/\/nypost.com\/2024\/06\/14\/world-news\/female-hostages-are-being-held-as-slaves-in-gaza-rescued-captive-says\/\" target=\"_blank\" rel=\"noopener noreferrer\">niewolnictwie<\/a>&nbsp;i&nbsp;<a style=\"color: #000080;\" href=\"https:\/\/www.israelhayom.com\/2024\/05\/22\/chilling-footage-from-kidnapping-of-idf-female-troops-aired\/\" target=\"_blank\" rel=\"noopener noreferrer\">niewyobra\u017calnych torturach<\/a>.&nbsp;Wbrew konwencjom genewskim Hamas odm\u00f3wi\u0142&nbsp;Czerwonemu Krzy\u017cowi dost\u0119pu do zak\u0142adnik\u00f3w i sprawdzenia stanu ich zdrowia. Mo\u017cna sobie wyobrazi\u0107 dlaczego.<\/span><\/p>\n<p style=\"text-align: left;\">\n<span style=\"color: #000080;\">Do dzi\u015b dnia wydaje si\u0119, \u017ce nie ma zainteresowania losem lub stanem zak\u0142adnik\u00f3w wci\u0105\u017c przebywaj\u0105cych w Gazie. Zamiast tego&nbsp;<a style=\"color: #000080;\" href=\"https:\/\/www.haaretz.com\/israel-news\/2023-11-07\/ty-article\/.premium\/denial-of-hamas-october-7-massacre-is-gaining-pace-online\/0000018b-aa45-d5aa-a19f-afffabf10000\" target=\"_blank\" rel=\"noopener noreferrer\">zaprzecza si\u0119<\/a>, \u017ce okrucie\u0144stwa z 7 pa\u017adziernika w og\u00f3le mia\u0142y miejsce, w por\u00f3wnaniu z niemal obsesyjn\u0105 trosk\u0105 o bezpiecze\u0144stwo i pomoc humanitarn\u0105 dla mieszka\u0144c\u00f3w Gazy. Kiedy ONZ nie jest w stanie dostarczy\u0107 pomocy, obwinia si\u0119 Izrael, a nie ONZ.<\/span><\/p>\n<p style=\"text-align: left;\">\n<span style=\"color: #000080;\">Tymczasem g\u0142\u00f3wnym warunkiem uwolnienia zak\u0142adnik\u00f3w stawianym przez Hamas, Iran i Katar \u2013 opr\u00f3cz uwolnienia nieograniczonej liczby terroryst\u00f3w, kt\u00f3rych mog\u0105 wybra\u0107, z izraelskich wi\u0119zie\u0144 \u2013 jest \u201esta\u0142e zawieszenie broni\u201d i \u201esta\u0142e wycofanie si\u0119 Izraela z Gazy\u201d. Nowe domniemane porozumienie Hamasu o zawieszeniu broni najwyra\u017aniej wi\u0105\u017ce si\u0119&nbsp;z \u201epowa\u017cn\u0105 przeszkod\u0105: wspierana przez Iran grupa terrorystyczna \u017c\u0105da teraz \u2018pisemnych gwarancji\u2019, \u017ce mediatorzy b\u0119d\u0105 kontynuowa\u0107 negocjacje w sprawie sta\u0142ego rozejmu, gdy tylko pierwsza faza planu wejdzie w \u017cycie, powiedzia\u0142&nbsp;przedstawiciel Hamasu\u201d.<\/span><\/p>\n<p style=\"text-align: left;\">\n<span style=\"color: #000080;\">W istocie \u017c\u0105danie to oznacza, \u017ce Hamas i jego sponsorzy, Iran i Katar, chcieliby rozpoczyna\u0107 wojny, a potem zleci\u0107 komu\u015b innemu ich powstrzymanie, gdy nie b\u0119dzie im si\u0119 podoba\u0142 ich przebieg.<\/span><\/p>\n<p style=\"text-align: left;\">\n<span style=\"color: #000080;\">ONZ, na czele z g\u0142\u00f3wnym pod\u017cegaczem, Guterresem, jasno da\u0142a do zrozumienia, \u017ce Izrael zas\u0142u\u017cy\u0142 na t\u0119 rze\u017a. Powiedzia\u0142, \u017ce masakry z 7 pa\u017adziernika \u201enie wydarzy\u0142y si\u0119 w pr\u00f3\u017cni\u201d, w ten spos\u00f3b je usprawiedliwiaj\u0105c.<\/span><\/p>\n<p style=\"text-align: left;\">\n<span style=\"color: #000080;\">Czerwony Krzy\u017c, kt\u00f3ry nie pr\u00f3bowa\u0142&nbsp;uzyska\u0107 dost\u0119pu do zak\u0142adnik\u00f3w od chwili ich porwania, prawdopodobnie nie przejmuje si\u0119&nbsp;ich losem i jest&nbsp;<a style=\"color: #000080;\" href=\"https:\/\/www.newsweek.com\/israeli-hostages-sue-red-cross-abandoning-jews-1854661\" target=\"_blank\" rel=\"noopener noreferrer\">pozywany<\/a>&nbsp;przez rodziny porwanych przed s\u0105d z zarzutem o zaniedbanie wykonania obowi\u0105zk\u00f3w.<\/span><\/p>\n<p style=\"text-align: left;\">\n<span style=\"color: #000080;\">Morderstwa, gwa\u0142ty, palenie \u017cywcem niemowl\u0105t&nbsp;i&nbsp;porwania dokonywane przez Hamas \u2013 wszystkie powody, dla kt\u00f3rych Izrael by\u0142 zmuszony rozpocz\u0105\u0107 wojn\u0119 z Hamasem \u2013 zesz\u0142y na dalszy plan. Okrucie\u0144stwa z 7 pa\u017adziernika zosta\u0142y wci\u015bni\u0119te w ma\u0142y nawias, przez wiele miesi\u0119cy nie wspominane przez g\u0142\u00f3wne media i elity zachodnie. Zamiast tego wydaje si\u0119, \u017ce dla tych, kt\u00f3rzy ustalaj\u0105 polityczne i medialne agendy, liczy si\u0119 ponowne wykorzystanie wojny Hamasu do demonizowania \u017byd\u00f3w jako najbardziej nieludzkiego narodu \u015bwiata za to, \u017ce chce \u017cy\u0107 pokojowo na swojej historycznej ziemi bez codziennych masakr dokonywanych przez Iran i jego pe\u0142nomocnik\u00f3w \u2013 Hamas, Palesty\u0144ski Islamski D\u017cihad, Hezbollah i Huti \u2013 kt\u00f3rzy najwyra\u017aniej planuj\u0105 otoczy\u0107 ich \u201epier\u015bcieniem ognia\u201d \u2013 \u201esze\u015bcioma frontami agresji przeciwko Izraelowi\u201d \u2013 jako cz\u0119\u015b\u0107 ira\u0144skiej pr\u00f3by zdobycia hegemonii na Bliskim Wschodzie.<\/span><\/p>\n<p style=\"text-align: left;\">\n<span style=\"color: #000080;\">\u201eIzrael jest krajem, dla kt\u00f3rego nie ma miejsca na naszej ziemi\u201d \u2013 powiedzia\u0142&nbsp;Ghazi Hamad, czo\u0142owy terrorysta Hamasu, w wywiadzie dla liba\u0144skiej telewizji LBC.<\/span><\/p>\n<blockquote><p><strong>\u201eMusimy usun\u0105\u0107 ten kraj, poniewa\u017c stanowi on katastrof\u0119 bezpiecze\u0144stwa, militarn\u0105 i polityczn\u0105 dla narodu arabskiego i islamskiego i musi zosta\u0107 unicestwiony. Nie wstydzimy si\u0119 tego powiedzie\u0107 z ca\u0142\u0105 moc\u0105. Musimy da\u0107 Izraelowi nauczk\u0119 i b\u0119dziemy to robi\u0107 raz po raz. Potop Al-Aksa to tylko pierwszy raz, a b\u0119dzie drugi, trzeci, czwarty, poniewa\u017c mamy determinacj\u0119, zdecydowanie i mo\u017cliwo\u015bci walki\u201d.<\/strong><\/p><\/blockquote>\n<p style=\"text-align: left;\"><span style=\"color: #000080;\">Niedawno by\u0142y wysokiej rangi cz\u0142onek Ludowego Frontu Wyzwolenia Palestyny (LFWP), Chaled Barakat, napisa\u0142&nbsp;w liba\u0144skiej gazecie&nbsp;\u201eAl-Akhbar\u201d: \u201eWyga\u015bni\u0119cie projektu syjonistycznego jest tylko kwesti\u0105 czasu dzi\u0119ki zbrojnej walce, d\u017cihadowi w Palestynie, Libanie i Jemenie\u201d.<\/span><\/p>\n<p style=\"text-align: left;\">\n<span style=\"color: #000080;\">Zachodnie elity zdaj\u0105 si\u0119 ochoczo pomaga\u0107 im w tej walce.<\/span><\/p>\n<\/div>\n<hr style=\"height: 15px; background: #d0e6fa; width: 100%;\">\n<div id=\"content\" class=\"content-alignment\">\n<div id=\"watch-description\" class=\"yt-uix-button-panel\">\n<div id=\"watch-description-text\" style=\"text-align: center;\">\n<p><em>Zawarto\u015b\u0107 publikowanych artyku\u0142\u00f3w i materia\u0142\u00f3w nie reprezentuje pogl\u0105d\u00f3w ani opinii Reunion&#8217;68,<\/em><em><br \/>\nani te\u017c webmastera Blogu Reunion&#8217;68, chyba ze jest to wyra\u017anie zaznaczone.<br \/>\nTwoje uwagi, linki, w\u0142asne artyku\u0142y lub wiadomo\u015bci prze\u015blij na adres:<br \/>\n<\/em><span style=\"color: #000080;\"><strong><em><a style=\"color: #000080;\" href=\"mailto:webmaster@reunion68.com\"><span style=\"text-decoration: underline;\">webmaster@reunion68.com<\/span><\/a><\/em><\/strong><\/span><\/p>\n<\/div>\n<\/div>\n<\/div>\n<hr style=\"width: 100%;\">\n","protected":false},"excerpt":{"rendered":"<p>Najwyra\u017aniej ani szefom ONZ, ani UE nigdy nie przysz\u0142o do g\u0142owy, \u017ce je\u015bli organizacja terrorystyczna pope\u0142nia zbrodnie wojenne, nie mo\u017ce wybiera\u0107, w jaki spos\u00f3b wojna, kt\u00f3r\u0105 rozpocz\u0119\u0142a, b\u0119dzie prowadzona przeciwko niej. Je\u015bli nie chcesz \u201ekrwawej \u0142a\u017ani\u201d, nie bierz zak\u0142adnik\u00f3w, nie ukrywaj ich w\u015br\u00f3d cywil\u00f3w, nie pr\u00f3buj zapobiec akcji ratunkowej, a je\u015bli zostan\u0105 uratowani, nie krzycz [&hellip;]<\/p>\n","protected":false},"author":1,"featured_media":0,"comment_status":"closed","ping_status":"closed","sticky":false,"template":"","format":"standard","meta":[],"categories":[6],"tags":[26,24],"_links":{"self":[{"href":"https:\/\/www.reunion68.se\/index.php?rest_route=\/wp\/v2\/posts\/114272"}],"collection":[{"href":"https:\/\/www.reunion68.se\/index.php?rest_route=\/wp\/v2\/posts"}],"about":[{"href":"https:\/\/www.reunion68.se\/index.php?rest_route=\/wp\/v2\/types\/post"}],"author":[{"embeddable":true,"href":"https:\/\/www.reunion68.se\/index.php?rest_route=\/wp\/v2\/users\/1"}],"replies":[{"embeddable":true,"href":"https:\/\/www.reunion68.se\/index.php?rest_route=%2Fwp%2Fv2%2Fcomments&post=114272"}],"version-history":[{"count":7,"href":"https:\/\/www.reunion68.se\/index.php?rest_route=\/wp\/v2\/posts\/114272\/revisions"}],"predecessor-version":[{"id":114741,"href":"https:\/\/www.reunion68.se\/index.php?rest_route=\/wp\/v2\/posts\/114272\/revisions\/114741"}],"wp:attachment":[{"href":"https:\/\/www.reunion68.se\/index.php?rest_route=%2Fwp%2Fv2%2Fmedia&parent=114272"}],"wp:term":[{"taxonomy":"category","embeddable":true,"href":"https:\/\/www.reunion68.se\/index.php?rest_route=%2Fwp%2Fv2%2Fcategories&post=114272"},{"taxonomy":"post_tag","embeddable":true,"href":"https:\/\/www.reunion68.se\/index.php?rest_route=%2Fwp%2Fv2%2Ftags&post=114272"}],"curies":[{"name":"wp","href":"https:\/\/api.w.org\/{rel}","templated":true}]}}