{"id":11434,"date":"2014-12-26T19:04:03","date_gmt":"2014-12-26T17:04:03","guid":{"rendered":"http:\/\/www.reunion68.se\/?p=11434"},"modified":"2014-12-26T08:28:39","modified_gmt":"2014-12-26T06:28:39","slug":"11434","status":"publish","type":"post","link":"https:\/\/www.reunion68.se\/?p=11434","title":{"rendered":"Muzu\u0142manom nie potrzeba tolerancji"},"content":{"rendered":"<h5 style=\"text-align: center;\"><a href=\"http:\/\/www.krytykapolityczna.pl\/\" target=\"_blank\"><img decoding=\"async\" class=\"center alignleft\" src=\"http:\/\/www.reunion68.com\/Biuletyn\/img\/krytyka.png\" alt=\"\" \/><\/a><span style=\"text-decoration: underline; color: #000080;\"><span style=\"text-decoration: underline;\"><strong><a style=\"color: #000080; text-decoration: underline;\" href=\"http:\/\/www.krytykapolityczna.pl\/artykuly\/wybory-europy\/20141221\/scheffer-muzulmanom-w-europie-nie-potrzeba-tolerancji-tylko-praw\" target=\"_blank\">Muzu\u0142manom nie potrzeba tolerancji<\/a><\/strong><\/span><\/span><\/h5>\n<p style=\"text-align: center;\"><span style=\"color: #333333;\"><strong>Paul Scheffer<\/strong><\/span><\/p>\n<hr style=\"height: 15px; background: #d0e6fa; width: 710px;\" \/>\n<p><img decoding=\"async\" loading=\"lazy\" class=\"imagecache imagecache-story_main_photo alignright\" title=\"Fot. Chris JL, cc, Flickr.com\" src=\"http:\/\/www.krytykapolityczna.pl\/sites\/krytykapolityczna.pl\/files\/imagecache\/story_main_photo\/node\/24061\/field_story_temp\/5295718675_1a16cf07df_o.jpg\" alt=\"\" width=\"236\" height=\"176\" \/><\/p>\n<p style=\"text-align: left;\"><strong><span style=\"color: #333333;\">Nie chodzi o to, by wi\u0119kszo\u015b\u0107 \u0142askawie tolerowa\u0142a mniejszo\u015b\u0107.<\/span><\/strong><\/p>\n<p style=\"text-align: left;\"><strong><span style=\"color: #333333;\">Jakub Majmurek: W ostatnich wyborach europejskich mandaty i zaskakuj\u0105co dobre rezultaty osi\u0105gn\u0119\u0142y partie skrajnie prawicowe, populistyczne, antyeuropejskie i antyimigranckie \u2013 francuski Front Narodowy, holenderska Partia Wolno\u015bci czy Partia Niepodleg\u0142o\u015bci Zjednoczonego Kr\u00f3lestwa. Sk\u0105d ich sukces?<\/span><\/strong><\/p>\n<p><strong><span style=\"color: #333333;\">Paul Scheffer:<\/span><\/strong> <span style=\"color: #000080;\">Chcia\u0142bym na pocz\u0105tek uwa\u017cnie przyjrze\u0107 si\u0119 s\u0142owom, jakimi opisuje pan te partie: \u201eskrajnie prawicowe\u201d, \u201epopulistyczne\u201d, \u201eantyimigranckie\u201d. My\u015bl\u0119, \u017ce nazywanie tych partii \u201eskrajn\u0105 prawic\u0105\u201d wi\u0119cej nam zaciemnia, ni\u017c wyja\u015bnia. \u0141\u0105cz\u0105 one bowiem w swoich programach wiele postulat\u00f3w tradycyjnie prawicowych i lewicowych. Wiele z tych partii zg\u0142asza has\u0142a \u201eprotekcjonizmu spo\u0142ecznego\u201d \u2013 aktywnie zabieraj\u0105 g\u0142os w sprawie ochrony europejskiego pa\u0144stwa dobrobytu, podwy\u017cszenia wieku emerytalnego. Cz\u0119sto ich pomys\u0142y na polityk\u0119 spo\u0142eczn\u0105 bliskie s\u0105 stanowisku zwi\u0105zk\u00f3w zawodowych. To przekracza prosty podzia\u0142 na prawic\u0119 i lewic\u0119. Z drugiej strony partie te propaguj\u0105 tak\u017ce \u201ekulturowy protekcjonizm\u201d, co tradycyjnie kojarzymy z prawic\u0105. Dlatego bardziej ni\u017c jako \u201epartie populistyczne\u201d scharakteryzowa\u0142bym je jako \u201epartie protekcjonistyczne\u201d \u2013 z ca\u0142\u0105 wieloznaczno\u015bci\u0105, jak\u0105 zjawisko protekcjonizmu niesie ze sob\u0105. Partie te reaguj\u0105 na globalizacj\u0119, broni\u0105 status quo. Przedstawiaj\u0105 si\u0119 jako obro\u0144cy \u201ezwyk\u0142ych ludzi\u201d przed zepsutymi elitami, kt\u00f3re sprzeda\u0142y si\u0119 si\u0142om globalizacji i otwieraj\u0105 swoje pa\u0144stwa na zalew emigrant\u00f3w, kt\u00f3rzy podkopuj\u0105 pa\u0144stwo dobrobytu.<\/span><\/p>\n<p><span style=\"color: #000080;\">Dlaczego \u201ezwykli ludzie\u201d kupuj\u0105 t\u0119 narracj\u0119?<\/span><\/p>\n<p><span style=\"color: #000080;\">Bo partie centrowe, zw\u0142aszcza centrolewicowe, nie maj\u0105 odpowiedzi na ich problemy. M\u00f3wi\u0105: migracje i globalizacja to zjawiska, kt\u00f3rych nie jeste\u015bmy w stanie kontrolowa\u0107. Co nie jest prawd\u0105. Ka\u017cda migracja bierze si\u0119 z decyzji politycznych. Jakie s\u0105 korzenie obecnej imigracji w Europie? Odpowiada za ni\u0105 dekolonizacja oraz powojenna polityka rz\u0105d\u00f3w Europy Zachodniej. Rz\u0105dy Niemiec Zachodnich w Turcji czy Francji w Maroku aktywnie stara\u0142y si\u0119 przyci\u0105gn\u0105\u0107 migrant\u00f3w. Chodzi\u0142o o stworzenie nacisku na europejsk\u0105 si\u0142\u0119 robocz\u0105, na zwi\u0105zki zawodowe. Migracje nie s\u0105 czym\u015b, przed czym polityka powinna abdykowa\u0107. Tylko te partie, o kt\u00f3rych pan m\u00f3wi, rzeczywi\u015bcie tego pr\u00f3buj\u0105. Jakkolwiek \u017ale oceniamy ich konkretne pomys\u0142y.<\/span><\/p>\n<p><span style=\"color: #000080;\">Dlaczego jednak imigranci, kt\u00f3rzy budz\u0105 najwi\u0119ksz\u0105 niech\u0119\u0107 tych partii, to muzu\u0142manie?<\/span><\/p>\n<p><span style=\"color: #000080;\">Nie jest to takie trudne do zrozumienia. Je\u015bli przyjrzymy si\u0119 historiom migracji, zauwa\u017cymy, \u017ce r\u00f3\u017cnica religijno-kulturowa zawsze generowa\u0142a konflikty. We\u017amy migracje do Stan\u00f3w Zjednoczonych. Katoliccy migranci z Polski, W\u0142och, Irlandii wcale nie byli tam powszechnie witani z otwartymi r\u0119kami. Trzeba by\u0142o prawie p\u00f3\u0142 wieku konflikt\u00f3w, zanim Stany gotowe by\u0142y zmieni\u0107 sw\u00f3j obraz \u2013 przesta\u0107 postrzega\u0107 si\u0119 jako kraj w zasadzie wy\u0142\u0105cznie protestancki i zaakceptowa\u0107 katolik\u00f3w jako pe\u0142noprawnych obywateli. Z kolei katolicy tak\u017ce musieli wykona\u0107 prac\u0119 na swojej to\u017csamo\u015bci, na nowo okre\u015bli\u0107, co w\u0142a\u015bciwie znaczy by\u0107 katolikiem w kraju opartym na zasadzie religijnej wolno\u015bci, gdzie katolicyzm jest tylko jednym z wielu wyzna\u0144. Teraz to samo dzieje si\u0119 w Europie z islamem. Ten proces wymaga adaptacji po obu stronach.<\/span><\/p>\n<p style=\"text-align: right;\"><span style=\"color: #000080;\">Czytaj dalej tu: <span style=\"text-decoration: underline;\"><strong><a style=\"color: #000080; text-decoration: underline;\" href=\"http:\/\/www.krytykapolityczna.pl\/artykuly\/wybory-europy\/20141221\/scheffer-muzulmanom-w-europie-nie-potrzeba-tolerancji-tylko-praw\" target=\"_blank\">Muzu\u0142manom nie potrzeba tolerancji<\/a><\/strong><\/span><\/span><\/p>\n<hr style=\"height: 15px; background: #d0e6fa; width: 710px;\" \/>\n<div id=\"content\" class=\"  content-alignment&lt;br \/&gt;&lt;br \/&gt; \">\n<div id=\"watch-description\" class=\"yt-uix-button-panel\">\n<div id=\"watch-description-text\">\n<p style=\"text-align: center;\"><span style=\"color: #808080;\"> twoje uwagi, linki, wlasne artykuly, lub wiadomosci przeslij do: <strong><span style=\"text-decoration: underline;\"><span style=\"color: #808080; text-decoration: underline;\"><a href=\"mailto:webmaster@reunion68.com\">webmaster@reunion68.com<\/a><\/span><\/span><\/strong><\/span><\/p>\n<\/div>\n<\/div>\n<\/div>\n<p>&nbsp;<\/p>\n<hr style=\"width: 710px;\" \/>\n","protected":false},"excerpt":{"rendered":"<p>Muzu\u0142manom nie potrzeba tolerancji Paul Scheffer Nie chodzi o to, by wi\u0119kszo\u015b\u0107 \u0142askawie tolerowa\u0142a mniejszo\u015b\u0107. Jakub Majmurek: W ostatnich wyborach europejskich mandaty i zaskakuj\u0105co dobre rezultaty osi\u0105gn\u0119\u0142y partie skrajnie prawicowe, populistyczne, antyeuropejskie i antyimigranckie \u2013 francuski Front Narodowy, holenderska Partia Wolno\u015bci czy Partia Niepodleg\u0142o\u015bci Zjednoczonego Kr\u00f3lestwa. Sk\u0105d ich sukces? Paul Scheffer: Chcia\u0142bym na pocz\u0105tek uwa\u017cnie [&hellip;]<\/p>\n","protected":false},"author":1,"featured_media":0,"comment_status":"closed","ping_status":"closed","sticky":false,"template":"","format":"standard","meta":[],"categories":[6],"tags":[24],"_links":{"self":[{"href":"https:\/\/www.reunion68.se\/index.php?rest_route=\/wp\/v2\/posts\/11434"}],"collection":[{"href":"https:\/\/www.reunion68.se\/index.php?rest_route=\/wp\/v2\/posts"}],"about":[{"href":"https:\/\/www.reunion68.se\/index.php?rest_route=\/wp\/v2\/types\/post"}],"author":[{"embeddable":true,"href":"https:\/\/www.reunion68.se\/index.php?rest_route=\/wp\/v2\/users\/1"}],"replies":[{"embeddable":true,"href":"https:\/\/www.reunion68.se\/index.php?rest_route=%2Fwp%2Fv2%2Fcomments&post=11434"}],"version-history":[{"count":16,"href":"https:\/\/www.reunion68.se\/index.php?rest_route=\/wp\/v2\/posts\/11434\/revisions"}],"predecessor-version":[{"id":11450,"href":"https:\/\/www.reunion68.se\/index.php?rest_route=\/wp\/v2\/posts\/11434\/revisions\/11450"}],"wp:attachment":[{"href":"https:\/\/www.reunion68.se\/index.php?rest_route=%2Fwp%2Fv2%2Fmedia&parent=11434"}],"wp:term":[{"taxonomy":"category","embeddable":true,"href":"https:\/\/www.reunion68.se\/index.php?rest_route=%2Fwp%2Fv2%2Fcategories&post=11434"},{"taxonomy":"post_tag","embeddable":true,"href":"https:\/\/www.reunion68.se\/index.php?rest_route=%2Fwp%2Fv2%2Ftags&post=11434"}],"curies":[{"name":"wp","href":"https:\/\/api.w.org\/{rel}","templated":true}]}}