{"id":114394,"date":"2024-08-03T17:00:04","date_gmt":"2024-08-03T15:00:04","guid":{"rendered":"http:\/\/www.reunion68.se\/?p=114394"},"modified":"2024-08-01T10:21:29","modified_gmt":"2024-08-01T08:21:29","slug":"24-00-98","status":"publish","type":"post","link":"https:\/\/www.reunion68.se\/?p=114394","title":{"rendered":"Larry David, Alex Edelman, Maya Rudolph Among This Year\u2019s Jewish Emmy Nominees"},"content":{"rendered":"<h5 style=\"text-align: center;\"><a href=\"https:\/\/www.algemeiner.com\/\" target=\"_blank\" rel=\"noopener noreferrer\"><img decoding=\"async\" class=\"center alignleft\" src=\"http:\/\/www.reunion68.com\/Biuletyn\/img\/algem.png\" alt=\"\" width=\"35%\"><\/a><span style=\"text-decoration: underline; color: #000080;\"><span><strong><a style=\"color: #000080; text-decoration: underline;\" href=\"https:\/\/www.algemeiner.com\/2024\/07\/19\/larry-david-alex-edelman-maya-rudolph-among-this-years-jewish-emmy-nominees\/\" target=\"_blank\" rel=\"noopener noreferrer\">Larry David, Alex Edelman, Maya Rudolph Among This Year\u2019s Jewish Emmy Nominees<\/a><\/strong><\/span><\/span><\/h5>\n<p style=\"text-align: center;\"><span style=\"color: #000000;\"><strong>Shiryn Ghermezian<\/strong><\/span><\/p>\n<hr style=\"height: 15px; background: #d0e6fa; width: 100%;\">\n<p style=\"text-align: center;\"><img decoding=\"async\" class=\"aligncenter\" src=\"https:\/\/www.algemeiner.com\/wp-content\/uploads\/2024\/03\/e_richard_lewis_curb_02292024-Zg7U15-630x330-1.jpg\" width=\"100%\"><span style=\"color: #808080;\"><em>Richard Lewis and Larry David on \u201cCurb Your Enthusiasm.\u201d Photo: HBO.<\/em><\/span><\/p>\n<p style=\"text-align: left;\"><span style=\"color: #000080;\">Nominations for the 76th Emmy Awards were&nbsp;<a style=\"color: #000080;\" href=\"https:\/\/www.emmys.com\/awards\/nominees-winners\/2024\/outstanding-comedy-series\" target=\"_blank\" rel=\"noopener noreferrer\">announced<\/a>&nbsp;on Wednesday, and they include several Jewish nominees in a variety of categories.<\/span><\/p>\n<p style=\"text-align: left;\"><span style=\"color: #000080;\">The 12th and final season of HBO\u2019s \u201cCurb Your Enthusiasm,\u201d starring Larry David, was nominated for four Emmy awards, including best comedy series and best lead actor in a comedy series for the \u201cSeinfeld\u201d co-creator himself. The show has received a total of 55 Emmy nominations since premiering in 2000 but only two wins, for directing and editing.<\/span><\/p>\n<p style=\"text-align: left;\"><span style=\"color: #000080;\">Stand-up comic Alex Edelman received an Emmy nomination for writing for a variety special for his HBO comedy special \u201cJust For Us,\u201d which is a filmed version of his one-man show about covertly attending a white supremacist meeting in Queens, New York, as a way to understand antisemitic threats he\u2019s faced online.<\/span><\/p>\n<p style=\"text-align: left;\"><span style=\"color: #000080;\">Jon Stewart and his old late night program \u201cThe Daily Show,\u201d which he returned to in February to host once a week, garnered Emmy nominations for outstanding directing for a variety series and outstanding talk series. First-time Emmy nominee Tom Hollander, who is of Jewish origin on his father\u2019s side, was nominated for lead actor in a limited or anthology series or movie for his role in FX\u2019s \u201cFeud: Capote vs. The Swans.\u201d<\/span><\/p>\n<p style=\"text-align: left;\"><span style=\"color: #000080;\">The British actor&nbsp;<a style=\"color: #000080;\" href=\"https:\/\/www.dailymail.co.uk\/news\/article-6736895\/BBCs-Baptiste-star-Tom-Hollander-reveals-letter-saved-Czech-grandfather-Nazis.html\" target=\"_blank\" rel=\"noopener noreferrer\">talked<\/a>&nbsp;in 2019 about how his grandfather managed to escape Nazi persecution in the Czech Republic. He said his grandfather, who was a music critic, was given a \u201cpassport to freedom\u201d when he was invited to talk about the composer Leos Janacek on the BBC by one of the network\u2019s sound engineers. Hollander\u2019s grandfather escaped Prague by train with his wife and three-year-old son on the same day that Hitler\u2019s troops invaded the Czech Republic on March 15, 1939.<\/span><\/p>\n<p style=\"text-align: left;\"><span style=\"color: #000080;\">Maya Rudolph, who has&nbsp;<a style=\"color: #000080;\" href=\"https:\/\/www.algemeiner.com\/2017\/12\/21\/amy-schumer-discovers-shared-hebrew-name-with-jewish-ancestor-maya-rudolph-learns-about-lithuanian-jewish-roots\/\" target=\"_blank\" rel=\"noopener noreferrer\">Lithuanian Jewish roots<\/a>&nbsp;on her father\u2019s side of the family, was nominated for lead actress in a comedy series for the Apple TV+ show \u201cLoot.\u201d She also received four additional nominations \u2014 for performance, music and lyrics, and guest actress in a comedy series for her guest-hosting of \u201cSaturday Night Live,\u201d and one for her character voice-over work in Netflix\u2019s \u201cBig Mouth.\u201d Alex Borstein was nominated for her character voice-over performance in Fox\u2019s \u201cFamily Guy.\u201d<\/span><\/p>\n<p style=\"text-align: left;\"><span style=\"color: #000080;\">Jon Bernthal and&nbsp;<a style=\"color: #000080;\" href=\"https:\/\/www.algemeiner.com\/2021\/06\/08\/actress-jamie-lee-curtis-helps-raise-funds-to-restore-abandoned-synagogue-in-hungary-with-family-ties\/\" target=\"_blank\" rel=\"noopener noreferrer\">Jamie Lee Curtis<\/a>, who is the daughter of late Jewish actor Tony Curtis, were nominated for their guest appearances on \u201cThe Bear,\u201d and Matthew Broderick was nominated for guest actor in a comedy series for playing himself on \u201cOnly Murders in the Building.\u201d<\/span><\/p>\n<p style=\"text-align: left;\"><span style=\"color: #000080;\">Ebon Moss-Bachrach and first-time Emmy nominee Paul Rudd were both nominated for outstanding supporting actor in a comedy series for their roles in FX\u2019s \u201cThe Bear\u201d and Hulu\u2019s \u201cOnly Murders in the Building,\u201d respectively. Rudd was also nominated for narrating National Geographic\u2019s \u201cSecrets of the Octopus.\u201d<\/span><\/p>\n<p style=\"text-align: left;\"><span style=\"color: #000080;\">\u201cThe Bear\u201d set a new record for nominations in a single year in the comedy category with 23, a record previously held by \u201c30 Rock\u201d with 22 nominations in 2009.<\/span><\/p>\n<p style=\"text-align: left;\"><span style=\"color: #000080;\">Albert Brooks\u2019 HBO documentary \u201cDefending My Life,\u201d which was directed by Jewish filmmaker Rob Reiner, received a nomination for directing for a documentary\/non-fiction program, picture editing for a non-fiction program, and music composition for a documentary series or special (original dramatic score). Hannah Einbinder received a nomination for supporting actress in a comedy series for HBO\u2019s \u201cHacks.\u201d<\/span><\/p>\n<p style=\"text-align: left;\"><span style=\"color: #000080;\">Eugene Levy garnered a nomination for his Apple TV+ travel show \u201cThe Reluctant Traveler,\u201d first-time Emmy nominee Eric Andr\u00e9 was nominated for his Adult Swim series \u201cThe Eric Andr\u00e9 Show,\u201d and Trevor Noah, whose mother converted to Judaism, was nominated for his Netflix stand-up comedy special \u201cTrevor Noah: Where Was I.\u201d The Netflix special was also nominated for directing for a variety special.<\/span><\/p>\n<p style=\"text-align: left;\"><span style=\"color: #000080;\">The HBO documentary \u201cThe Jinx-Part Two,\u201d which is about the late Jewish convicted murderer Robert Durst, was nominated for picture editing and best documentary\/non-fiction series. \u201c<a style=\"color: #000080;\" href=\"https:\/\/www.algemeiner.com\/2024\/04\/11\/actress-in-new-series-tattooist-of-auschwitz-was-heartbroken-to-discover-she-doesnt-have-jewish-roots\/\" target=\"_blank\" rel=\"noopener noreferrer\">The Tattooist of Auschwitz<\/a>,\u201d a limited series on Peacock that is based on the best-selling novel of the same name, was nominated for original music and lyrics as well as music composition (original dramatic score) for its compositions by renowned German Jewish composer Hans Zimmer.<\/span><\/p>\n<p style=\"text-align: left;\"><span style=\"color: #000080;\">The Netflix limited series&nbsp;<a style=\"color: #000080;\" href=\"https:\/\/www.algemeiner.com\/2023\/09\/08\/all-light-we-cannot-see-reveals-glimpse-timeless-timely-new-netflix-series\/\" target=\"_blank\" rel=\"noopener noreferrer\">\u201cAll The Light We Cannot See,\u201d<\/a>&nbsp;which is set in Nazi-occupied France and based on the Pulitzer Prize-winning novel of the same name, was also nominated for music composition (original dramatic score).\u201dUnfrosted,\u201d a film co-produced by&nbsp;<a style=\"color: #000080;\" href=\"https:\/\/www.algemeiner.com\/2024\/06\/17\/jerry-seinfeld-ridicules-anti-israel-heckler-interrupting-his-show-in-australia-you-moron-get-out-of-here\/\" target=\"_blank\" rel=\"noopener noreferrer\">Jerry Seinfeld<\/a>&nbsp;about the creation of Pop-Tarts, was nominated for outstanding television movie.<\/span><\/p>\n<p style=\"text-align: left;\"><span style=\"color: #000080;\">The 76th Emmy Awards will broadcast live on Sept. 15 at 8 pm ET from the Peacock Theater in Los Angeles and will stream the following day on Hulu.<\/span><\/p>\n<hr style=\"height: 15px; background: #d0e6fa; width: 100%;\">\n<div id=\"content\" class=\"content-alignment\">\n<div id=\"watch-description\" class=\"yt-uix-button-panel\">\n<div id=\"watch-description-text\" style=\"text-align: center;\">\n<p><em>Zawarto\u015b\u0107 publikowanych artyku\u0142\u00f3w i materia\u0142\u00f3w nie reprezentuje pogl\u0105d\u00f3w ani opinii Reunion&#8217;68,<\/em><em><br \/>\nani te\u017c webmastera Blogu Reunion&#8217;68, chyba ze jest to wyra\u017anie zaznaczone.<br \/>\nTwoje uwagi, linki, w\u0142asne artyku\u0142y lub wiadomo\u015bci prze\u015blij na adres:<br \/>\n<\/em><span style=\"color: #000080;\"><strong><em><a style=\"color: #000080;\" href=\"mailto:webmaster@reunion68.com\"><span style=\"text-decoration: underline;\">webmaster@reunion68.com<\/span><\/a><\/em><\/strong><\/span><\/p>\n<\/div>\n<\/div>\n<\/div>\n<hr style=\"width: 100%;\">\n","protected":false},"excerpt":{"rendered":"<p>Larry David, Alex Edelman, Maya Rudolph Among This Year\u2019s Jewish Emmy Nominees Shiryn Ghermezian Richard Lewis and Larry David on \u201cCurb Your Enthusiasm.\u201d Photo: HBO. Nominations for the 76th Emmy Awards were&nbsp;announced&nbsp;on Wednesday, and they include several Jewish nominees in a variety of categories. The 12th and final season of HBO\u2019s \u201cCurb Your Enthusiasm,\u201d starring [&hellip;]<\/p>\n","protected":false},"author":1,"featured_media":0,"comment_status":"closed","ping_status":"closed","sticky":false,"template":"","format":"standard","meta":[],"categories":[6],"tags":[26,24],"_links":{"self":[{"href":"https:\/\/www.reunion68.se\/index.php?rest_route=\/wp\/v2\/posts\/114394"}],"collection":[{"href":"https:\/\/www.reunion68.se\/index.php?rest_route=\/wp\/v2\/posts"}],"about":[{"href":"https:\/\/www.reunion68.se\/index.php?rest_route=\/wp\/v2\/types\/post"}],"author":[{"embeddable":true,"href":"https:\/\/www.reunion68.se\/index.php?rest_route=\/wp\/v2\/users\/1"}],"replies":[{"embeddable":true,"href":"https:\/\/www.reunion68.se\/index.php?rest_route=%2Fwp%2Fv2%2Fcomments&post=114394"}],"version-history":[{"count":4,"href":"https:\/\/www.reunion68.se\/index.php?rest_route=\/wp\/v2\/posts\/114394\/revisions"}],"predecessor-version":[{"id":114521,"href":"https:\/\/www.reunion68.se\/index.php?rest_route=\/wp\/v2\/posts\/114394\/revisions\/114521"}],"wp:attachment":[{"href":"https:\/\/www.reunion68.se\/index.php?rest_route=%2Fwp%2Fv2%2Fmedia&parent=114394"}],"wp:term":[{"taxonomy":"category","embeddable":true,"href":"https:\/\/www.reunion68.se\/index.php?rest_route=%2Fwp%2Fv2%2Fcategories&post=114394"},{"taxonomy":"post_tag","embeddable":true,"href":"https:\/\/www.reunion68.se\/index.php?rest_route=%2Fwp%2Fv2%2Ftags&post=114394"}],"curies":[{"name":"wp","href":"https:\/\/api.w.org\/{rel}","templated":true}]}}