{"id":114506,"date":"2024-07-30T17:05:43","date_gmt":"2024-07-30T15:05:43","guid":{"rendered":"http:\/\/www.reunion68.se\/?p=114506"},"modified":"2024-07-28T09:14:39","modified_gmt":"2024-07-28T07:14:39","slug":"26-05-99","status":"publish","type":"post","link":"https:\/\/www.reunion68.se\/?p=114506","title":{"rendered":"My Son Was the First American Killed by Hamas"},"content":{"rendered":"<h5 style=\"text-align: center;\"><a href=\"https:\/\/www.tabletmag.com\/\" target=\"_blank\" rel=\"noopener noreferrer\"><img decoding=\"async\" class=\"center alignleft\" src=\"http:\/\/www.reunion68.com\/Biuletyn\/img\/tablet-1.png\" alt=\"\" width=\"35%\"><\/a><span style=\"text-decoration: underline; color: #000080;\"><span><strong><a style=\"color: #000080; text-decoration: underline;\" href=\"https:\/\/www.tabletmag.com\/sections\/news\/articles\/son-first-american-killed-hamas-david-boim\" target=\"_blank\" rel=\"noopener noreferrer\">My Son Was the First American Killed by Hamas<\/a><\/strong><\/span><\/span><\/h5>\n<p style=\"text-align: center;\"><span style=\"color: #000000;\"><strong><br \/>\nJOYCE BOIM<\/strong><\/span><\/p>\n<hr style=\"height: 15px; background: #d0e6fa; width: 100%;\">\n<div>\n<h4 style=\"text-align: center;\"><strong>I\u2019m here to make sure we take the fight against the terrorist organization seriously.<\/strong><\/h4>\n<\/div>\n<p style=\"text-align: center;\">.<br \/>\n<img decoding=\"async\" class=\"aligncenter\" src=\"https:\/\/tablet-mag-images.b-cdn.net\/production\/d8d88add587debe63081743fc441c3b30fba7a43-3500x2625.jpg?w=1300&amp;q=70&amp;auto=format&amp;dpr=1\" width=\"100%\"><span style=\"color: #808080;\"><em>A 2014 photo of the author holding up a photo of her son David Boim, who was murdered by Hamas terrorists at the age of 17 NIR ALON\/ALAMY<\/em><\/span><\/p>\n<div class=\"BlockContent col-12 lg:col-10 xl-wide:col-8 mxauto\">\n<p style=\"text-align: left;\"><span style=\"color: #000080;\">The recent news that a group called American Muslims for Palestine was ordered by a Virginia court to provide financial documentation to state Attorney General Jason Miyares as part of an&nbsp;<a style=\"color: #000080;\" href=\"https:\/\/www.oag.state.va.us\/media-center\/news-releases\/2630-october-31-2023-attorney-generals-office-opens-investigation-into-american-muslims-for-palestine-nonprofit\">investigation<\/a>&nbsp;into the group\u2019s funding sources and allegations it may have used funds for \u201cbenefitting or providing support to terrorist organizations,\u201d was another reminder of the need to shut down&nbsp;Hamas and its terror tentacles worldwide. But to me, the news hit particularly hard, because my son David Boim was the first American citizen killed by Hamas.<\/span><\/p>\n<\/div>\n<div class=\"BlockContent col-12 lg:col-10 xl-wide:col-8 mxauto\" style=\"text-align: left;\">\n<p><span style=\"color: #000080;\">It was Monday, May 13 of 1996, and David was 17. Although he was born in New York, he was studying at a yeshiva in Israel, and, that fateful morning, he was standing at a bus stop with his friends, chatting happily as he waited for his ride back home to Jerusalem.<\/span><\/p>\n<\/div>\n<div class=\"BlockContent col-12 lg:col-10 xl-wide:col-8 mxauto\" style=\"text-align: left;\">\n<p><span style=\"color: #000080;\">Tragically, Amjad Hinawi and Khalil Tawfiq Al-Sharif had other, evil plans. The two Hamas terrorists contemplated an attack on a nearby military base, but the sight of soldiers with guns made them lose heart. Better, they reasoned, to seek out more vulnerable targets. Driving around, they first shot at a bus, wounding two passengers. Then, they spotted the kids at the bus stop and opened fire.<\/span><\/p>\n<\/div>\n<div class=\"BlockContent col-12 lg:col-10 xl-wide:col-8 mxauto\">\n<p style=\"text-align: left;\"><span style=\"color: #000080;\">David\u2019s friend Yair Greenbaum was shot in the chest and later recovered. David wasn\u2019t so lucky: He was struck in the head and was pronounced dead within the hour. Hinawi and Al-Sharif fled to the Palestinian Authority and remained committed to murder and terrorism. A year after he had murdered my son, Al-Sharif blew himself up on Jerusalem\u2019s Ben Yehuda street, killing five and wounding 192 Israelis.<\/span><\/p>\n<\/div>\n<div class=\"PullQuote PullQuote--center flex flex-col items-center pt1_5 pb3 mt1_75 mb_75 border-bottom-black\">\n<blockquote>\n<p class=\"PullQuote__text PullQuote--center__text text-center\" style=\"text-align: left;\"><strong>The same newspapers that minimized our suffering as understandable collateral damage today continue to draw false equivalences. The same so-called defenders of human rights extend sympathy to everyone but Jews.<\/strong><\/p>\n<\/blockquote>\n<div class=\"ArticleView__content-switch bradford text-article-body-md font-300 mxauto\">\n<div class=\"BlockContent col-12 lg:col-10 xl-wide:col-8 mxauto\">\n<p style=\"text-align: left;\"><span style=\"color: #000080;\">Over the years since David was murdered, I have visited his grave hundreds of times. I told him about the lawsuit his father and I filed against American organizations we believed were fundraising fronts for Hamas. I shared with him the good news when we won that lawsuit in 2004 and were awarded a $156 million judgment. And I wept for him as the same organizations found guilty of providing material support to the terrorists quickly disbanded rather than comply with the court\u2019s ruling. Then I was told that many of the same terrorism supporters went on to play very similar roles in very similar organizations, only with different names.<\/span><\/p>\n<\/div>\n<div class=\"BlockContent col-12 lg:col-10 xl-wide:col-8 mxauto\" style=\"text-align: left;\">\n<p><span style=\"color: #000080;\">I\u2019m not a lawyer and not a legal expert, but I know a mockery of justice when I see one, which is why my husband and I decided to file another lawsuit and insist that justice prevail.<\/span><\/p>\n<\/div>\n<div class=\"BlockContent col-12 lg:col-10 xl-wide:col-8 mxauto\" style=\"text-align: left;\">\n<p><span style=\"color: #000080;\">But it\u2019s not the legal proceedings I\u2019ve been thinking about since Oct. 7. It\u2019s not even hearing that some of the very same people who provided support to my son\u2019s killers are now training young college students, not much older than David was when he was murdered, to once again hate and assault Jews. Rather, it\u2019s that so little seems to have changed since my son was shot for no other reason than being Jewish. The same terrorists who helped plan my son\u2019s execution are now overseeing the murder and kidnapping of other young Jews. The same newspapers that, back then, minimized our suffering as understandable collateral in a complicated conflict continue to draw false equivalences and refuse to condemn the murderers for what they are. The same so-called defenders of human rights and dignity seem to extend sympathy to all but the targeted Jews.<\/span><\/p>\n<\/div>\n<div class=\"BlockContent col-12 lg:col-10 xl-wide:col-8 mxauto\" style=\"text-align: left;\">\n<p><span style=\"color: #000080;\">You\u2019d think that all this causes me nothing but anguish. But that\u2019s not the case.<\/span><\/p>\n<\/div>\n<div class=\"BlockContent col-12 lg:col-10 xl-wide:col-8 mxauto\" style=\"text-align: left;\">\n<p><span style=\"color: #000080;\">When I lost David, I swore to myself that his death shall not be in vain. That even though I cannot bring him back to me, hold him once more in my arms, tell him again how proud I am of him and how much I love him, I can\u2014and will\u2014not only hold the perpetrators and their helpers accountable, but also continue to warn the world about what happens when we let evil men do evil things without standing up for what\u2019s right.<\/span><\/p>\n<\/div>\n<div class=\"BlockContent col-12 lg:col-10 xl-wide:col-8 mxauto\" style=\"text-align: left;\">\n<p><span style=\"color: #000080;\">And the horrors of Oct. 7 reminded me that my work here is far from done.<\/span><\/p>\n<\/div>\n<div class=\"BlockContent col-12 lg:col-10 xl-wide:col-8 mxauto\" style=\"text-align: left;\">\n<p><span style=\"color: #000080;\">I will continue to do whatever I can to remind anyone listening that Hamas is a murderous terrorist organization, not a legitimate national or religious group; that it is still holding American citizens hostage; and that it continues to murder innocent Israelis and Americans, just as it murdered my boy. And I will continue to remind them, too, that the Hamas terrorists who pull the trigger and plan attacks, are aided by men and women all over the world who raise funds, spread propaganda, and take other similar actions to support the killers in their work.<\/span><\/p>\n<\/div>\n<div class=\"BlockContent col-12 lg:col-10 xl-wide:col-8 mxauto\">\n<p style=\"text-align: left;\"><span style=\"color: #000080;\">My goal is as simple as it is sacred: to make sure no other mother ever goes through the same ordeal as me. I can think of no more worthy thing to do with my remaining years, and, since Oct. 7, as I watched protesters cheering for Hamas in American cities and colleges, my task, alas, has grown urgent.<\/span><\/p>\n<hr>\n<\/div>\n<\/div>\n<div class=\"AuthorBioBlock col-12 lg:col-10 xl-wide:col-8 w100 mt6 mxauto\">\n<div class=\"AuthorBioBlock__container graebenbach mt1_5 text-section-details-sm font-300 color-red\">\n<p style=\"text-align: left;\"><span style=\"color: #808080;\"><em><strong>Joyce Boim<\/strong> lost her son David to a Hamas terrorist attack in 1996.<\/em><\/span><\/p>\n<\/div>\n<\/div>\n<\/div>\n<hr style=\"height: 15px; background: #d0e6fa; width: 100%;\">\n<div id=\"content\" class=\"content-alignment\">\n<div id=\"watch-description\" class=\"yt-uix-button-panel\">\n<div id=\"watch-description-text\" style=\"text-align: center;\">\n<p><em>Zawarto\u015b\u0107 publikowanych artyku\u0142\u00f3w i materia\u0142\u00f3w nie reprezentuje pogl\u0105d\u00f3w ani opinii Reunion&#8217;68,<\/em><em><br \/>\nani te\u017c webmastera Blogu Reunion&#8217;68, chyba ze jest to wyra\u017anie zaznaczone.<br \/>\nTwoje uwagi, linki, w\u0142asne artyku\u0142y lub wiadomo\u015bci prze\u015blij na adres:<br \/>\n<\/em><span style=\"color: #000080;\"><strong><em><a style=\"color: #000080;\" href=\"mailto:webmaster@reunion68.com\"><span style=\"text-decoration: underline;\">webmaster@reunion68.com<\/span><\/a><\/em><\/strong><\/span><\/p>\n<\/div>\n<\/div>\n<\/div>\n<hr style=\"width: 100%;\">\n","protected":false},"excerpt":{"rendered":"<p>My Son Was the First American Killed by Hamas JOYCE BOIM I\u2019m here to make sure we take the fight against the terrorist organization seriously. . A 2014 photo of the author holding up a photo of her son David Boim, who was murdered by Hamas terrorists at the age of 17 NIR ALON\/ALAMY The [&hellip;]<\/p>\n","protected":false},"author":1,"featured_media":0,"comment_status":"closed","ping_status":"closed","sticky":false,"template":"","format":"standard","meta":[],"categories":[6],"tags":[26,24],"_links":{"self":[{"href":"https:\/\/www.reunion68.se\/index.php?rest_route=\/wp\/v2\/posts\/114506"}],"collection":[{"href":"https:\/\/www.reunion68.se\/index.php?rest_route=\/wp\/v2\/posts"}],"about":[{"href":"https:\/\/www.reunion68.se\/index.php?rest_route=\/wp\/v2\/types\/post"}],"author":[{"embeddable":true,"href":"https:\/\/www.reunion68.se\/index.php?rest_route=\/wp\/v2\/users\/1"}],"replies":[{"embeddable":true,"href":"https:\/\/www.reunion68.se\/index.php?rest_route=%2Fwp%2Fv2%2Fcomments&post=114506"}],"version-history":[{"count":5,"href":"https:\/\/www.reunion68.se\/index.php?rest_route=\/wp\/v2\/posts\/114506\/revisions"}],"predecessor-version":[{"id":114566,"href":"https:\/\/www.reunion68.se\/index.php?rest_route=\/wp\/v2\/posts\/114506\/revisions\/114566"}],"wp:attachment":[{"href":"https:\/\/www.reunion68.se\/index.php?rest_route=%2Fwp%2Fv2%2Fmedia&parent=114506"}],"wp:term":[{"taxonomy":"category","embeddable":true,"href":"https:\/\/www.reunion68.se\/index.php?rest_route=%2Fwp%2Fv2%2Fcategories&post=114506"},{"taxonomy":"post_tag","embeddable":true,"href":"https:\/\/www.reunion68.se\/index.php?rest_route=%2Fwp%2Fv2%2Ftags&post=114506"}],"curies":[{"name":"wp","href":"https:\/\/api.w.org\/{rel}","templated":true}]}}