{"id":114524,"date":"2024-07-25T17:05:40","date_gmt":"2024-07-25T15:05:40","guid":{"rendered":"http:\/\/www.reunion68.se\/?p=114524"},"modified":"2024-07-25T09:58:39","modified_gmt":"2024-07-25T07:58:39","slug":"27-05-99","status":"publish","type":"post","link":"https:\/\/www.reunion68.se\/?p=114524","title":{"rendered":"Netanyahu calls for \u2018deradicalized\u2019 Gaza, anti-Iran \u2018Abraham Alliance\u2019"},"content":{"rendered":"<h5 style=\"text-align: center;\"><a href=\"https:\/\/www.jns.org\/\" target=\"_blank\" rel=\"noopener noreferrer\"><img decoding=\"async\" class=\"center alignleft\" src=\"http:\/\/www.reunion68.com\/Biuletyn\/img\/jns-1.org\" alt=\"\" width=\"35%\" \/><\/a><span style=\"text-decoration: underline; color: #000080;\"><strong><a style=\"color: #000080; text-decoration: underline;\" href=\"https:\/\/www.jns.org\/netanyahu-calls-for-demilitarized-deradicalized-gaza-anti-iran-abraham-alliance\/\" target=\"_blank\" rel=\"noopener noreferrer\">Netanyahu calls for \u2018deradicalized\u2019 Gaza, anti-Iran \u2018Abraham Alliance\u2019<\/a><\/strong><\/span><\/h5>\n<p style=\"text-align: center;\"><span style=\"color: #000000;\"><strong>UPDATE DESK | Israel At War<\/strong><\/span><\/p>\n<hr style=\"height: 15px; background: #d0e6fa; width: 100%;\" \/>\n<div>\n<h4 style=\"text-align: center;\"><strong>The Israeli premier cited the examples of post-WWII Germany and Japan as a model for his vision of &#8220;peace, prosperity and security.&#8221;<\/strong><\/h4>\n<\/div>\n<p style=\"text-align: center;\">.<br \/>\n<img decoding=\"async\" class=\"aligncenter\" src=\"https:\/\/cdn.jns.org\/uploads\/2024\/07\/GettyImages-2163507044-1320x880.jpg\" width=\"100%\" \/><span style=\"color: #808080;\"><em>Israeli Prime Minister Benjamin Netanyahu addresses a joint meeting of Congress in the chamber of the House of Representatives at the U.S. Capitol on July 24, 2024 in Washington, DC. Photo by Kent Nishimura\/Getty Images.<\/em><\/span><\/p>\n<p class=\"wp-block-paragraph\" style=\"text-align: left;\"><span style=\"color: #000080;\">Israeli Prime Minister Benjamin Netanyahu on Wednesday laid out his vision for post-Hamas Gaza, calling for the enclave to be \u201cdemilitarized and deradicalized\u201d in a manner similar to Germany and Japan after World War II.<\/span><\/p>\n<p class=\"wp-block-paragraph\" style=\"text-align: left;\"><span style=\"color: #000080;\"><a style=\"color: #000080;\" href=\"https:\/\/www.jns.org\/full-text-of-netanyahus-speech-to-joint-session-of-congress\/\">Speaking<\/a>\u00a0to a joint session of Congress in the Capitol, Netanyahu also called for the establishment of a Middle Eastern defense alliance to confront the threat posed to the region by Iran.<\/span><\/p>\n<p class=\"wp-block-paragraph\" style=\"text-align: left;\"><span style=\"color: #000080;\">\u201cThe day after we defeat Hamas, a new Gaza can emerge. My vision for that day is of a demilitarized and deradicalized Gaza,\u201d said the Israeli premier. \u201cIsrael does not seek to resettle Gaza. But for the foreseeable future, we must retain overriding security control there to prevent the resurgence of terror, to ensure that Gaza never again poses a threat to Israel,\u201d he added.<\/span><\/p>\n<p>,<\/p>\n<div id=\"content\" class=\"content-alignment\">\n<div id=\"watch-description\" class=\"yt-uix-button-panel\">\n<div id=\"watch-description-text\" style=\"text-align: center;\">\n<p><iframe loading=\"lazy\" title=\"Israeli Prime Minister Addresses Joint Meeting of Congress\" src=\"https:\/\/www.youtube.com\/embed\/0wSttkKdkYg\" width=\"680\" height=\"400\" frameborder=\"0\" allowfullscreen=\"allowfullscreen\"><\/iframe><\/p>\n<\/div>\n<\/div>\n<\/div>\n<p>.<\/p>\n<p class=\"wp-block-paragraph\" style=\"text-align: left;\"><span style=\"color: #000080;\">He called for a Palestinian civilian administration in Gaza, on the condition that it not seek to destroy the Jewish state.<\/span><\/p>\n<p class=\"wp-block-paragraph\" style=\"text-align: left;\"><span style=\"color: #000080;\">\u201cThat\u2019s not too much to ask. It\u2019s a fundamental thing that we have a right to demand and to receive,\u201d he said.<\/span><\/p>\n<p class=\"wp-block-paragraph\" style=\"text-align: left;\"><span style=\"color: #000080;\">\u201cA new generation of Palestinians must no longer be taught to hate Jews but rather to live in peace with us. Those twin words, demilitarization and deradicalization, those two concepts were applied to Germany and Japan after World War II, and that led to decades of peace, prosperity and security.<\/span><\/p>\n<p class=\"wp-block-paragraph\" style=\"text-align: left;\"><span style=\"color: #000080;\">\u201cFollowing our victory, with the help of regional partners, the demilitarization and deradicalization of Gaza can also lead to a future of security, prosperity and peace. That\u2019s my vision for Gaza.\u201d<\/span><\/p>\n<p class=\"wp-block-paragraph\" style=\"text-align: left;\"><span style=\"color: #000080;\">According to a report by\u00a0<em>Axios<\/em>, citing Israeli officials, the United Arab Emirates hosted Israel and the United States in Abu Dhabi last week for a secret meeting to discuss plans for post-war\u00a0<a style=\"color: #000080;\" href=\"https:\/\/www.jns.org\/uae-hosts-israel-us-for-secret-talks-on-plans-for-post-war-gaza\/\">Gaza<\/a>. One of the scenarios discussed involved a temporary international mission deployed to the Strip, according to the report.<\/span><\/p>\n<p class=\"wp-block-paragraph\"><strong>\u2018NATO-style\u2019 regional \u2018Abraham Alliance\u2019<\/strong><\/p>\n<p class=\"wp-block-paragraph\" style=\"text-align: left;\"><span style=\"color: #000080;\">With regard to the regional\u00a0<a style=\"color: #000080;\" href=\"https:\/\/www.jns.org\/netanyahu-calls-for-nato-style-regional-abraham-alliance-to-confront-iran\/\">defense alliance<\/a>, which he proposed be called the \u201cAbraham Alliance,\u201d Netanyahu said it should include countries that \u201chave made peace with Israel and those that will make peace with Israel.\u201d<\/span><\/p>\n<p class=\"wp-block-paragraph\" style=\"text-align: left;\"><span style=\"color: #000080;\">The region had already seen \u201ca glimpse\u201d of that alliance on April 13, he said, when Iran launched more than 300 missiles and drones at Israel. A coalition of countries comprising the United States, Israel, Saudi Arabia, Jordan and Egypt successfully neutralized the threat.<\/span><\/p>\n<p class=\"wp-block-paragraph\" style=\"text-align: left;\"><span style=\"color: #000080;\">The Israeli prime minister thanked U.S. President Joe Biden \u201cfor bringing that alliance together.\u201d<\/span><\/p>\n<p class=\"wp-block-paragraph\" style=\"text-align: left;\"><span style=\"color: #000080;\">In a briefing with the Israeli press delegation following his speech, Netanyahu compared the proposed alliance to NATO. During the address, he said the unified group \u201cwould be a security coalition in every sense of the word.\u201d<\/span><\/p>\n<p class=\"wp-block-paragraph\" style=\"text-align: left;\"><span style=\"color: #000080;\">He said it would essentially be \u201can extension of the groundbreaking Abraham Accords,\u201d which included normalization agreements signed in the fall of 2020 between Israel, the United Arab Emirates, Bahrain, Morocco and Sudan. And he suggested that the pact be called the \u201cAbraham Alliance.\u201d<\/span><\/p>\n<p class=\"wp-block-paragraph\" style=\"text-align: left;\"><span style=\"color: #000080;\">Israel would likely attempt to recruit Saudi Arabia to join an alliance, whether or not Israel succeeds in signing a formal normalization agreement with the Sunni kingdom.<\/span><\/p>\n<p class=\"wp-block-paragraph\" style=\"text-align: left;\"><span style=\"color: #000080;\">In his address, Netanyahu noted that Israel is currently fighting a war on multiple fronts against Hamas, Hezbollah and Houthis, all terrorist proxies funded and armed by Tehran.<\/span><\/p>\n<p class=\"wp-block-paragraph\" style=\"text-align: left;\"><span style=\"color: #000080;\">\u201cIn the Middle East,\u201d Netanyahu said, \u201cIran is virtually behind all the terrorism, all the turmoil, all the chaos, all the killing.\u201d<\/span><\/p>\n<hr style=\"height: 15px; background: #d0e6fa; width: 100%;\" \/>\n<div id=\"content\" class=\"content-alignment\">\n<div id=\"watch-description\" class=\"yt-uix-button-panel\">\n<div id=\"watch-description-text\" style=\"text-align: center;\">\n<p><em>Zawarto\u015b\u0107 publikowanych artyku\u0142\u00f3w i materia\u0142\u00f3w nie reprezentuje pogl\u0105d\u00f3w ani opinii Reunion&#8217;68,<\/em><em><br \/>\nani te\u017c webmastera Blogu Reunion&#8217;68, chyba ze jest to wyra\u017anie zaznaczone.<br \/>\nTwoje uwagi, linki, w\u0142asne artyku\u0142y lub wiadomo\u015bci prze\u015blij na adres:<br \/>\n<\/em><span style=\"color: #000080;\"><strong><em><a style=\"color: #000080;\" href=\"mailto:webmaster@reunion68.com\"><span style=\"text-decoration: underline;\">webmaster@reunion68.com<\/span><\/a><\/em><\/strong><\/span><\/p>\n<\/div>\n<\/div>\n<\/div>\n<hr style=\"width: 100%;\" \/>\n","protected":false},"excerpt":{"rendered":"<p>Netanyahu calls for \u2018deradicalized\u2019 Gaza, anti-Iran \u2018Abraham Alliance\u2019 UPDATE DESK | Israel At War The Israeli premier cited the examples of post-WWII Germany and Japan as a model for his vision of &#8220;peace, prosperity and security.&#8221; . Israeli Prime Minister Benjamin Netanyahu addresses a joint meeting of Congress in the chamber of the House of [&hellip;]<\/p>\n","protected":false},"author":1,"featured_media":0,"comment_status":"closed","ping_status":"closed","sticky":false,"template":"","format":"standard","meta":[],"categories":[6],"tags":[26,24],"_links":{"self":[{"href":"https:\/\/www.reunion68.se\/index.php?rest_route=\/wp\/v2\/posts\/114524"}],"collection":[{"href":"https:\/\/www.reunion68.se\/index.php?rest_route=\/wp\/v2\/posts"}],"about":[{"href":"https:\/\/www.reunion68.se\/index.php?rest_route=\/wp\/v2\/types\/post"}],"author":[{"embeddable":true,"href":"https:\/\/www.reunion68.se\/index.php?rest_route=\/wp\/v2\/users\/1"}],"replies":[{"embeddable":true,"href":"https:\/\/www.reunion68.se\/index.php?rest_route=%2Fwp%2Fv2%2Fcomments&post=114524"}],"version-history":[{"count":6,"href":"https:\/\/www.reunion68.se\/index.php?rest_route=\/wp\/v2\/posts\/114524\/revisions"}],"predecessor-version":[{"id":114539,"href":"https:\/\/www.reunion68.se\/index.php?rest_route=\/wp\/v2\/posts\/114524\/revisions\/114539"}],"wp:attachment":[{"href":"https:\/\/www.reunion68.se\/index.php?rest_route=%2Fwp%2Fv2%2Fmedia&parent=114524"}],"wp:term":[{"taxonomy":"category","embeddable":true,"href":"https:\/\/www.reunion68.se\/index.php?rest_route=%2Fwp%2Fv2%2Fcategories&post=114524"},{"taxonomy":"post_tag","embeddable":true,"href":"https:\/\/www.reunion68.se\/index.php?rest_route=%2Fwp%2Fv2%2Ftags&post=114524"}],"curies":[{"name":"wp","href":"https:\/\/api.w.org\/{rel}","templated":true}]}}