{"id":114567,"date":"2024-07-27T17:09:11","date_gmt":"2024-07-27T15:09:11","guid":{"rendered":"http:\/\/www.reunion68.se\/?p=114567"},"modified":"2024-07-27T12:01:33","modified_gmt":"2024-07-27T10:01:33","slug":"29-09-84","status":"publish","type":"post","link":"https:\/\/www.reunion68.se\/?p=114567","title":{"rendered":"Podczas ataku na Chan Junis izraelska armia znalaz\u0142a cia\u0142a pi\u0119ciu zak\u0142adnik\u00f3w"},"content":{"rendered":"<p style=\"text-align: center;\"><img decoding=\"async\" class=\"aligncenter\" src=\"https:\/\/bi.im-g.pl\/im\/d4\/b3\/1d\/z31145172AMP,Chan-Junis.jpg\" width=\"100%\" \/><span style=\"color: #808080;\"><em>Chan Junis (Fot. REUTERS\/Hatem Khaled)<\/em><\/span><\/p>\n<hr \/>\n<h5 style=\"text-align: center;\"><a href=\"https:\/\/wyborcza.pl\/\" target=\"_blank\" rel=\"noopener noreferrer\"><img decoding=\"async\" class=\"center alignleft\" src=\"http:\/\/www.reunion68.com\/Biuletyn\/img\/wyborcza.png\" alt=\"\" width=\"35%\" \/><\/a><span style=\"text-decoration: underline; color: #000080;\"><strong><a style=\"color: #000080; text-decoration: underline;\" href=\"https:\/\/wyborcza.pl\/7,75399,31175976,podczas-ataku-na-chan-junis-izraelska-armia-znalazla-ciala-pieciu.html\" target=\"_blank\" rel=\"noopener noreferrer\">Podczas ataku na Chan Junis izraelska armia znalaz\u0142a cia\u0142a pi\u0119ciu zak\u0142adnik\u00f3w<\/a><\/strong><\/span><\/h5>\n<p style=\"text-align: center;\"><span style=\"color: #000000;\"><strong>Marta Urz\u0119dowska<\/strong><\/span><\/p>\n<hr style=\"height: 15px; background: #d0e6fa; width: 100%;\" \/>\n<div class=\"text--lead \" style=\"text-align: left;\" data-progress-bar-content=\"\"><span style=\"color: #000080;\">Do sytuacji w Strefie Gazy odnios\u0142a si\u0119 kandydatka na prezydentk\u0119 USA Kamala Harris.<\/span><\/div>\n<div class=\"article--content article--content-free  \">\n<p class=\"text--paragraph\" style=\"text-align: left;\"><span style=\"color: #000080;\">W czwartek (25.07) izraelska armia prowadz\u0105ca od kilku dni ofensyw\u0119 w mie\u015bcie Chan Junis na po\u0142udniu Strefy Gazy poinformowa\u0142a, \u017ce znalaz\u0142a cia\u0142a pi\u0119ciu zak\u0142adnik\u00f3w. Ofiary to Maya Goren, Ravid Aryeh Katz, Oren Goldin, Tomer Ahimas i Kiril Brodski. Wed\u0142ug BBC wszyscy m\u0119\u017cczy\u017ani byli \u017co\u0142nierzami, z kolei \u201eNew York Times&#8221; podaje, \u017ce dwaj z nich to cywile. Cia\u0142a znaleziono w tunelu Hamasu po\u0142o\u017conym w miejscowo\u015bci Al-Karara pod Chan Junis, na terenie uznanym za stref\u0119 humanitarn\u0105 dla palesty\u0144skich cywil\u00f3w, co \u2013 jak podkre\u015blaj\u0105 Izraelczycy &#8211; dowodzi, \u017ce Hamas cynicznie wykorzystuje tereny cywilne i traktuje Palesty\u0144czyk\u00f3w jak \u017cywe tarcze.<\/span><\/p>\n<p class=\"text--paragraph\" style=\"text-align: left;\"><span style=\"color: #000080;\"><a id=\"LinkArea:embed_link\" class=\"text--link \" style=\"color: #000080;\" title=\"Kiedy 24 lipca Benjamin Netanjahu przemawia\u0142 w Kongresie, zapewnia\u0142, \u017ce prowadzone s\u0105 dzia\u0142ania na rzecz uwolnienia zak\u0142adnik\u00f3w, jednak nie obieca\u0142 te\u017c dealu z Hamasem. \" href=\"https:\/\/wyborcza.pl\/7,75399,31170809,beniamin-netanjahu-w-kongresie-usa-to-historyczny-moment-zagraza.html#S.embed_link-K.C-B.1-L.1.zw\" rel=\"dofollow\" data-bd-viewability=\"1\" data-bd-viewability-id=\"embed_link\" data-bd-viewability-href=\"https:\/\/wyborcza.pl\/7,75399,31170809,beniamin-netanjahu-w-kongresie-usa-to-historyczny-moment-zagraza.html#S.embed_link-K.C-B.1-L.1.zw\">Kiedy 24 lipca Benjamin Netanjahu przemawia\u0142 w Kongresie, zapewnia\u0142, \u017ce prowadzone s\u0105 dzia\u0142ania na rzecz uwolnienia zak\u0142adnik\u00f3w, jednak nie obieca\u0142 te\u017c dealu z Hamasem.\u00a0<\/a>Dlatego przem\u00f3wienie ostro skrytykowali cz\u0142onkowie rodzin porwanych, czekaj\u0105cy na konkretne zapewnienia. Netanjahu, w swoim przem\u00f3wieniu stwierdzi\u0142 jedynie, \u017ce los negocjowanego ci\u0105gle rozejmu zale\u017cy wy\u0142\u0105cznie od Hamasu i nie odni\u00f3s\u0142 si\u0119 do projektu popieranego przez USA i ONZ, zgodnie z kt\u00f3rym Izrael zgodzi\u0142by si\u0119 na sta\u0142e zawieszenie broni i wycofanie z Gazy w zamian za uwolnienie wszystkich zak\u0142adnik\u00f3w.<\/span><\/p>\n<p class=\"text--paragraph\" style=\"text-align: left;\"><span style=\"color: #000080;\">Na razie nic nie wskazuje na rych\u0142y rozejm. Izraelska armia od poniedzia\u0142ku prowadzi w rejonie Chan Junis operacj\u0119, kt\u00f3rej celem s\u0105 \u201eterrory\u015bci i terrorystyczna infrastruktura&#8221;. Jednak ONZ alarmuje, \u017ce inwazja uderza te\u017c w cywil\u00f3w \u2013 od poniedzia\u0142ku zgin\u0119\u0142o ponad sto os\u00f3b, a co najmniej 150 tys. uciek\u0142o z miasta. Walki trwaj\u0105 g\u0142\u00f3wnie w mniejszych miejscowo\u015bciach pod miastem \u2013 w Bani Suajla, Az-Zanna i Al-Karara.<\/span><\/p>\n<p class=\"text--paragraph\" style=\"text-align: left;\"><span style=\"color: #000080;\">Uwolnienie zak\u0142adnik\u00f3w to jeden z najwa\u017cniejszych punkt\u00f3w negocjacji rozejmowych. Izraelczycy wyliczaj\u0105, \u017ce w r\u0119kach terroryst\u00f3w pozostaje 111 porwanych, spo\u015br\u00f3d kt\u00f3rych ok. czterdziestu os\u00f3b zapewne nie \u017cyje.<\/span><\/p>\n<h4 class=\"text--title font-head-700\"><strong>Airwars: S\u0142u\u017cby podlegaj\u0105ce Hamasowi precyzyjnie zlicza\u0142y ofiary na pocz\u0105tku wojny<\/strong><\/h4>\n<p class=\"text--paragraph\" style=\"text-align: left;\"><span style=\"color: #000080;\">Airwars, brytyjska organizacja zbieraj\u0105ca informacje o cywilach zabijanych w strefach konflikt\u00f3w, w ostatnich dniach potwierdzi\u0142a, \u017ce Hamas \u2013 przynajmniej w pierwszych tygodniach wojny \u2013 skrupulatnie zlicza\u0142 liczb\u0119 palesty\u0144skich ofiar.<\/span><\/p>\n<p class=\"text--paragraph\" style=\"text-align: left;\"><span style=\"color: #000080;\">Ta cz\u0119sto bywa podawana w w\u0105tpliwo\u015b\u0107. Izraelczycy argumentuj\u0105, \u017ce skoro miejscowe s\u0142u\u017cby medyczne i ministerstwo zdrowia podlegaj\u0105 hamasowcom, nie mo\u017cna wierzy\u0107 podawanym przez nie statystykom. Tak\u017ce\u00a0<a style=\"color: #000080;\" href=\"https:\/\/wyborcza.pl\/0,128956.html?tag=Joe+Biden#anchorLink\">Joe Biden<\/a>\u00a0na pocz\u0105tku wojny podkre\u015bla\u0142, \u017ce \u201enie wierzy w liczby wymieniane przez Palesty\u0144czyk\u00f3w&#8221;.<\/span><\/p>\n<p class=\"text--paragraph\" style=\"text-align: left;\"><span style=\"color: #000080;\">Jednak eksperci z Airwars uwa\u017cnie przeanalizowali dane z pierwszych siedemnastu dni wojny, kiedy zgin\u0119\u0142o \u2013 wed\u0142ug ministerstwa zdrowia Hamasu \u2013 ok. 7 tys. os\u00f3b. Cho\u0107 organizacja by\u0142a w stanie w niezale\u017cny spos\u00f3b zidentyfikowa\u0107 nieca\u0142\u0105 po\u0142ow\u0119 z nich &#8211; trzy tysi\u0105ce ofiar zabitych w 350 nalotach i eksplozjach, podkre\u015bla, \u017ce ok. 75 proc. potwierdzonych nazwisk odpowiada tym z listy ministerstwa, co oznacza, \u017ce miejscowe s\u0142u\u017cby zlicza\u0142y ofiary w spos\u00f3b rzetelny.<\/span><\/p>\n<p class=\"text--paragraph\" style=\"text-align: left;\"><span style=\"color: #000080;\">Jak przypomina \u201eNew York Times&#8221;, Airwars to nie wyj\u0105tek. Wielu zagranicznych urz\u0119dnik\u00f3w i ekspert\u00f3w, dobrze znaj\u0105cych spos\u00f3b, w jaki ministerstwo zdrowia w Strefie Gazy weryfikuje informacje o zgonach, polegaj\u0105c na danych z kostnic i szpitali, uwa\u017ca je za wiarygodne.<\/span><\/p>\n<p class=\"text--paragraph\" style=\"text-align: left;\"><span style=\"color: #000080;\">Jednocze\u015bnie analitycy z Airwars podkre\u015blaj\u0105, \u017ce w p\u00f3\u017aniejszych etapach wojny podawane przez miejscowe s\u0142u\u017cby statystyki sta\u0142y si\u0119 wyra\u017anie mniej precyzyjne, bo liczenie sta\u0142o si\u0119 trudniejsze \u2013 miejscowa infrastruktura i ca\u0142y system opieki zdrowotnej zosta\u0142 zniszczony. Organizacja potwierdza te\u017c, \u017ce na listach zabitych w ci\u0105gu pierwszych tygodni wojny, poza cywilami znalaz\u0142a si\u0119 te\u017c pewna liczba terroryst\u00f3w, cho\u0107 niemo\u017cliwe jest ustalenie, jaki odsetek ofiar stanowili.<\/span><\/p>\n<p class=\"text--paragraph\" style=\"text-align: left;\"><span style=\"color: #000080;\">Izraelczycy szacuj\u0105, \u017ce od pocz\u0105tku wojny zabili ok. 14 tys. \u00a0palesty\u0144skich terroryst\u00f3w.<\/span><\/p>\n<h4 class=\"text--title font-head-700\"><strong>Biden nie zabra\u0142 g\u0142osu po spotkaniu z Netanjahu. Harris: Nie odwracajmy si\u0119 od tragedii w Gazie<\/strong><\/h4>\n<blockquote class=\"text--quote font-quotation-500\"><p><strong>To, co dzieje si\u0119 w Gazie od dziewi\u0119ciu miesi\u0119cy, jest straszne. Te zdj\u0119cia zabitych dzieci i zdesperowanych, g\u0142odnych ludzi uciekaj\u0105cych w poszukiwaniu bezpiecze\u0144stwa, czasem po raz drugi, trzeci, czy czwarty<\/strong><\/p><\/blockquote>\n<p class=\"text--paragraph\" style=\"text-align: left;\"><span style=\"color: #000080;\">\u2013 wylicza\u0142a w czwartek (25.07)\u00a0<a style=\"color: #000080;\" href=\"https:\/\/wyborcza.pl\/7,75399,26207281,kim-jest-kamala-harris-kandydatka-na-wiceprezydentke-u-boku.html#anchorLink\">Kamala Harris<\/a>, niemal pewna kandydatka Demokrat\u00f3w w\u00a0<a style=\"color: #000080;\" href=\"https:\/\/wyborcza.pl\/0,128956.html?tag=wybory+prezydenckie+USA+2020#anchorLink\">wyborach prezydenckich w USA<\/a>.<\/span><\/p>\n<p class=\"text--paragraph\" style=\"text-align: left;\"><span style=\"color: #000080;\">Harris m\u00f3wi\u0142a o wojnie w Strefie Gazy, rozpocz\u0119tej 7 pa\u017adziernika ub. roku atakiem Hamasu na Izrael, w kt\u00f3rym palesty\u0144scy terrory\u015bci zabili 1,2 tys. os\u00f3b, a 250 porwali do Gazy. W odwecie izraelska armia prowadzi na miejscu naloty i inwazj\u0119 l\u0105dow\u0105, w kt\u00f3rej zgin\u0119\u0142o \u2013 wed\u0142ug miejscowych \u017ar\u00f3de\u0142, czyli Hamasu &#8211; ponad 39 tys. Palesty\u0144czyk\u00f3w.<\/span><\/p>\n<p class=\"text--paragraph\" style=\"text-align: left;\"><span style=\"color: #000080;\">Cho\u0107 sojusznicy przyznaj\u0105 Izraelczykom prawo do walki z terroryzmem i samoobrony, du\u017ca liczba ofiar \u015bmiertelnych w\u015br\u00f3d cywil\u00f3w i dramatyczna sytuacja humanitarna w enklawie, gdzie z powodu izraelsko-egipskiej blokady szerz\u0105 si\u0119 g\u0142\u00f3d i gro\u017ane choroby, budz\u0105 na \u015bwiecie rosn\u0105c\u0105 krytyk\u0119. Harris, uznawana za jedn\u0105 z bardziej propalesty\u0144skich os\u00f3b w administracji Joe Bidena, nie szcz\u0119dzi izraelskim w\u0142adzom mocnych s\u0142\u00f3w.<\/span><\/p>\n<p class=\"text--paragraph\" style=\"text-align: left;\"><span style=\"color: #000080;\">&#8211; Izrael ma prawo si\u0119 broni\u0107, ale ma znaczenie, jak to robi \u2013 przyznaje Amerykanka, jednocze\u015bnie ostro krytykuj\u0105c Hamas jako \u201ebrutaln\u0105 organizacj\u0119 terrorystyczn\u0105&#8221;, kt\u00f3ra dopuszcza\u0142a si\u0119 w Izraelu \u201ekoszmarnych akt\u00f3w przemocy seksualnej&#8221;.<\/span><\/p>\n<blockquote class=\"text--quote font-quotation-500\"><p><strong>Nie mo\u017cemy odwraca\u0107 si\u0119 od tragedii w Gazie. Nie mo\u017cemy sobie pozwoli\u0107 na zoboj\u0119tnienie wobec tego cierpienia, dlatego nie b\u0119d\u0119 milcza\u0142a<\/strong><\/p><\/blockquote>\n<p class=\"text--paragraph\" style=\"text-align: left;\"><span style=\"color: #000080;\">\u2013 zapewnia\u0142a po czwartkowym spotkaniu z izraelskim premierem Benjaminem Netanjahu, kt\u00f3ry w tym tygodniu odwiedzi\u0142 Waszyngton, gdzie spotka\u0142 si\u0119 te\u017c z Joe Bidenem i przem\u00f3wi\u0142 w Kongresie.<\/span><\/p>\n<p class=\"text--paragraph\" style=\"text-align: left;\"><span style=\"color: #000080;\">Harris wezwa\u0142a do wypracowania przez Izrael i Hamas rozejmu w Gazie i zako\u0144czenia wojny. \u2013 Powiedzia\u0142am premierowi Netanjahu: Najwy\u017cszy czas zawrze\u0107 ten deal \u2013 skwitowa\u0142a. Wezwa\u0142a te\u017c do \u00a0utworzenia palesty\u0144skiego pa\u0144stwa, zapewniaj\u0105c jednocze\u015bnie o swoim \u201eniezachwianym poparciu dla istnienia pa\u0144stwa Izrael&#8221;.<\/span><\/p>\n<p class=\"text--paragraph\" style=\"text-align: left;\"><span style=\"color: #000080;\">Biden, kt\u00f3ry w przeciwie\u0144stwie do Harris nie zabra\u0142 g\u0142osu po spotkaniu z Izraelczykiem, przyj\u0105\u0142 go zapewne \u017cyczliwiej, bo Netanjahu nie szcz\u0119dzi\u0142 mu ciep\u0142ych s\u0142\u00f3w.<\/span><\/p>\n<blockquote class=\"text--quote font-quotation-500\"><p><strong>Jako dumny \u017cydowski syjonista, dzi\u0119kuj\u0119 panu, dumnemu irlandzko-ameryka\u0144skiemu syjoni\u015bcie, za pi\u0119\u0107dziesi\u0105t lat publicznej s\u0142u\u017cby i pi\u0119\u0107dziesi\u0105t lat wspierania pa\u0144stwa Izrael<\/strong><\/p><\/blockquote>\n<p class=\"text--paragraph\" style=\"text-align: left;\"><span style=\"color: #000080;\">\u2013 perorowa\u0142.<\/span><\/p>\n<p class=\"text--paragraph\" style=\"text-align: left;\"><span style=\"color: #000080;\">Wed\u0142ug o\u015bwiadczenia Bia\u0142ego Domu, obaj przyw\u00f3dcy rozmawiali o ewentualnym rozejmie w Gazie, a Biden \u201ewyrazi\u0142 potrzeb\u0119 sfinalizowania tego dealu jak najszybciej, sprowadzenia do domu zak\u0142adnik\u00f3w i zapewnienia trwa\u0142ego zako\u0144czenia wojny&#8221;. W pi\u0105tek Netanjahu spotka si\u0119 te\u017c z kandydatem Republikan\u00f3w, Donaldem Trumpem, kt\u00f3ry r\u00f3wnie\u017c ma wezwa\u0107 do zako\u0144czenia wojny.<\/span><\/p>\n<\/div>\n<hr style=\"height: 15px; background: #d0e6fa; width: 100%;\" \/>\n<div id=\"content\" class=\"content-alignment\">\n<div id=\"watch-description\" class=\"yt-uix-button-panel\">\n<div id=\"watch-description-text\" style=\"text-align: center;\">\n<p><em>Zawarto\u015b\u0107 publikowanych artyku\u0142\u00f3w i materia\u0142\u00f3w nie reprezentuje pogl\u0105d\u00f3w ani opinii Reunion&#8217;68,<\/em><em><br \/>\nani te\u017c webmastera Blogu Reunion&#8217;68, chyba ze jest to wyra\u017anie zaznaczone.<br \/>\nTwoje uwagi, linki, w\u0142asne artyku\u0142y lub wiadomo\u015bci prze\u015blij na adres:<br \/>\n<\/em><span style=\"color: #000080;\"><strong><em><a style=\"color: #000080;\" href=\"mailto:webmaster@reunion68.com\"><span style=\"text-decoration: underline;\">webmaster@reunion68.com<\/span><\/a><\/em><\/strong><\/span><\/p>\n<\/div>\n<\/div>\n<\/div>\n<hr style=\"width: 100%;\" \/>\n","protected":false},"excerpt":{"rendered":"<p>Chan Junis (Fot. REUTERS\/Hatem Khaled) Podczas ataku na Chan Junis izraelska armia znalaz\u0142a cia\u0142a pi\u0119ciu zak\u0142adnik\u00f3w Marta Urz\u0119dowska Do sytuacji w Strefie Gazy odnios\u0142a si\u0119 kandydatka na prezydentk\u0119 USA Kamala Harris. W czwartek (25.07) izraelska armia prowadz\u0105ca od kilku dni ofensyw\u0119 w mie\u015bcie Chan Junis na po\u0142udniu Strefy Gazy poinformowa\u0142a, \u017ce znalaz\u0142a cia\u0142a pi\u0119ciu zak\u0142adnik\u00f3w. [&hellip;]<\/p>\n","protected":false},"author":1,"featured_media":0,"comment_status":"closed","ping_status":"closed","sticky":false,"template":"","format":"standard","meta":[],"categories":[6],"tags":[26,24],"_links":{"self":[{"href":"https:\/\/www.reunion68.se\/index.php?rest_route=\/wp\/v2\/posts\/114567"}],"collection":[{"href":"https:\/\/www.reunion68.se\/index.php?rest_route=\/wp\/v2\/posts"}],"about":[{"href":"https:\/\/www.reunion68.se\/index.php?rest_route=\/wp\/v2\/types\/post"}],"author":[{"embeddable":true,"href":"https:\/\/www.reunion68.se\/index.php?rest_route=\/wp\/v2\/users\/1"}],"replies":[{"embeddable":true,"href":"https:\/\/www.reunion68.se\/index.php?rest_route=%2Fwp%2Fv2%2Fcomments&post=114567"}],"version-history":[{"count":6,"href":"https:\/\/www.reunion68.se\/index.php?rest_route=\/wp\/v2\/posts\/114567\/revisions"}],"predecessor-version":[{"id":114577,"href":"https:\/\/www.reunion68.se\/index.php?rest_route=\/wp\/v2\/posts\/114567\/revisions\/114577"}],"wp:attachment":[{"href":"https:\/\/www.reunion68.se\/index.php?rest_route=%2Fwp%2Fv2%2Fmedia&parent=114567"}],"wp:term":[{"taxonomy":"category","embeddable":true,"href":"https:\/\/www.reunion68.se\/index.php?rest_route=%2Fwp%2Fv2%2Fcategories&post=114567"},{"taxonomy":"post_tag","embeddable":true,"href":"https:\/\/www.reunion68.se\/index.php?rest_route=%2Fwp%2Fv2%2Ftags&post=114567"}],"curies":[{"name":"wp","href":"https:\/\/api.w.org\/{rel}","templated":true}]}}