{"id":114639,"date":"2024-08-04T17:09:50","date_gmt":"2024-08-04T15:09:50","guid":{"rendered":"http:\/\/www.reunion68.se\/?p=114639"},"modified":"2024-08-02T10:50:19","modified_gmt":"2024-08-02T08:50:19","slug":"01-09-83","status":"publish","type":"post","link":"https:\/\/www.reunion68.se\/?p=114639","title":{"rendered":"Pa\u0144stwo \u201ePalestyna\u201d i marzenie o ostatecznym rozwi\u0105zaniu"},"content":{"rendered":"<p style=\"text-align: center;\"><img decoding=\"async\" class=\"aligncenter\" src=\"https:\/\/www.memri.org\/sites\/default\/files\/2024\/07\/mdb628.jpg\" width=\"100%\"><span style=\"color: #808080;\"><em>Image: MEMRI<\/em><\/span><\/p>\n<hr>\n<h5 style=\"text-align: center;\"><a href=\"https:\/\/www.listyznaszegosadu.pl\/\" target=\"_blank\" rel=\"noopener noreferrer\"><img decoding=\"async\" class=\"center alignleft\" src=\"http:\/\/www.reunion68.com\/Biuletyn\/img\/z-naszego.jpg\" alt=\"\" width=\"50%\"><\/a><span style=\"text-decoration: underline; color: #000080;\"><span><strong><a style=\"color: #000080; text-decoration: underline;\" href=\"https:\/\/www.listyznaszegosadu.pl\/notatki\/panstwo-a-palestyna-i-marzenie-o-ostatecznym-rozwiazaniu\" target=\"_blank\" rel=\"noopener noreferrer\">Pa\u0144stwo \u201ePalestyna\u201d i marzenie o ostatecznym rozwi\u0105zaniu<\/a><\/strong><\/span><\/span><\/h5>\n<p style=\"text-align: center;\"><span style=\"color: #000000;\"><strong>Andrzej Koraszewski<\/strong><\/span><\/p>\n<hr style=\"height: 15px; background: #d0e6fa; width: 100%;\">\n<div class=\"templateArticleIngress\" style=\"text-align: left;\"><span style=\"color: #000080;\">Polska uzna\u0142a \u201epa\u0144stwo palesty\u0144skie\u201d w 1988 roku. O ile mi wiadomo, po upadku komunizmu nikt nie proponowa\u0142 cofni\u0119cia tego kroku. Ponad 140 istniej\u0105cych pa\u0144stw uznaje nieistniej\u0105c\u0105 \u201ePalestyn\u0119\u201d, czasem dodaj\u0105c, \u017ce ma to by\u0107 pa\u0144stwo w granicach sprzed czerwca 1967 roku, a czasem nie precyzuj\u0105c, gdzie ta \u201ePalestyna\u201d w\u0142a\u015bciwie le\u017cy. Uznaj\u0105cy \u201ePalestyn\u0119\u201d to g\u0142\u00f3wnie by\u0142e kraje sowieckiego bloku i kraje, kt\u00f3re by\u0142y pod wp\u0142ywem ZSRR. Ostatnio do\u0142\u0105czy\u0142y do tego grona trzy kraje Europy Zachodniej maj\u0105ce w swojej historii szczeg\u00f3lnie silne karty w\u015bciek\u0142ego antysemityzmu \u2013 kraj Inkwizycji, kraj Quislinga i kraj \u015bwi\u0119tego Patryka.<\/span><\/div>\n<p style=\"text-align: left;\">\n<div class=\"templateArticleBrodtext\">\n<p style=\"text-align: left;\"><span style=\"color: #000080;\">Twierdzenie, \u017ce niemieckiego nazizmu i IRA (Irish Republican Army) nie \u0142\u0105czy\u0142o nic poza niech\u0119ci\u0105 do Anglik\u00f3w jest daleko id\u0105cym b\u0142\u0119dem. Poza ideologi\u0105 narodowego szowinizmu, \u0142\u0105czy\u0142 te kraje antysemityzm. Irlandia, aspiruj\u0105ca do roli pierwszej c\u00f3ry Watykanu, pi\u0142a kielich antysemickiego jadu przy ka\u017cdej mszy \u015bwi\u0119tej, a buntuj\u0105c si\u0119 w ko\u0144cu przeciw tyranii Ko\u015bcio\u0142a katolickiego, zr\u0119cznie zachowa\u0142a star\u0105 tradycj\u0119, zmieniaj\u0105c j\u0105 na wsp\u00f3\u0142czucie dla Palesty\u0144czyk\u00f3w, kt\u00f3rym Izraelczycy utrudniaj\u0105 zabijanie \u017byd\u00f3w.&nbsp; &nbsp; &nbsp;&nbsp;<\/span><\/p>\n<p style=\"text-align: left;\">\n<span style=\"color: #000080;\">Hiszpa\u0144skie \u201ewsp\u00f3\u0142czucie dla Palesty\u0144czyk\u00f3w\u201d ma wspania\u0142\u0105 i jak si\u0119 wydaje jeszcze silniejsz\u0105 tradycj\u0119, r\u00f3wnie\u017c solidnie zakotwiczon\u0105 w teologii katolickiej, kt\u00f3ra tak g\u0142adko przechodzi w marksistowsko-leninowsk\u0105 teori\u0119 wsp\u00f3\u0142czucia ubogim, kt\u00f3rych op\u00f3r nale\u017cy wzmocni\u0107 i wyposa\u017cy\u0107 w sprawiedliwo\u015b\u0107.&nbsp;&nbsp; &nbsp;&nbsp;<\/span><\/p>\n<p style=\"text-align: left;\">\n<span style=\"color: #000080;\">Norwegia jest protestancka, a dok\u0142adniej lutera\u0144sko-marksistowsk\u0105, dzi\u015b nawet bardziej marksistowska ni\u017c lutera\u0144ska, chocia\u017c niekt\u00f3rzy zauwa\u017caj\u0105, \u017ce w tym ich marksizmie jest sporo&nbsp; pozosta\u0142o\u015bci starej mi\u0142o\u015bci do nazizmu.&nbsp;<\/span><\/p>\n<p style=\"text-align: left;\">\n<span style=\"color: #000080;\">22 maja 2024 r.&nbsp;Norwegia, Irlandia i Hiszpania og\u0142osi\u0142y, \u017ce uznaj\u0105 Pa\u0144stwo Palesty\u0144skie. (Kilka innych kraj\u00f3w zachodnich daje do zrozumienia, \u017ce prawdopodobnie p\u00f3jd\u0105 w ich \u015blady.) &nbsp;&nbsp;&nbsp;&nbsp;&nbsp;<\/span><\/p>\n<p style=\"text-align: left;\"><span style=\"color: #000080;\">Jak&nbsp;&nbsp;<a style=\"color: #000080;\" href=\"https:\/\/www.memri.org\/reports\/pillar-hamas-foreign-policy-support-its-three-closest-western-allies-%E2%80%93-norway-ireland-and\">pisze Steven Stalinsky<\/a>:<\/span><\/p>\n<blockquote><p><strong>\u201eNorwescy politycy zacz\u0119li zaprasza\u0107 przedstawicieli Hamasu w 2006 r., nawet po 7 pa\u017adziernika 2023 Norwegia odm\u00f3wi\u0142a nazwania Hamasu organizacj\u0105 terrorystyczn\u0105. W Republice Irlandii Sinn Fein, kt\u00f3ra jest obecnie najwi\u0119ksz\u0105 parti\u0105 w Irlandii P\u00f3\u0142nocnej, utrzymuje od dziesi\u0119cioleci relacje z Hamasem. Ponadto wysocy rang\u0105 urz\u0119dnicy hiszpa\u0144scy wyrazili poparcie dla palesty\u0144skiego \u201eprawa do oporu\u201d i&nbsp;dla Palestyny \u2018od rzeki do morza\u2019.\u201d<\/strong><\/p><\/blockquote>\n<p><span style=\"color: #000080;\">Jest zupe\u0142nie zrozumia\u0142e, \u017ce Hamas ucieszy\u0142 si\u0119 z tego uznania \u201epa\u0144stwa Palestyna\u201d przez trzy zachodnie pa\u0144stwa i to bardziej ni\u017c go cieszy 140 pozosta\u0142ych uznaj\u0105cych to \u201epa\u0144stwo\u201d. W oficjalnym o\u015bwiadczeniu<a style=\"color: #000080;\" href=\"https:\/\/www.memri.org\/reports\/hamas-and-other-palestinian-factions-react-norway-ireland-and-spain-recognizing-palestinian\">Hamas powiedzia\u0142<\/a><\/span>:<\/p>\n<blockquote><p><strong>\u201eZ zadowoleniem przyjmujemy uznanie Pa\u0144stwa Palestyny przez Norwegi\u0119, Irlandi\u0119 i Hiszpani\u0119 i postrzegamy to jako wa\u017cny krok w kierunku realizacji naszych praw na naszej ziemi i ustanowienia naszego niepodleg\u0142ego pa\u0144stwa palesty\u0144skiego ze stolic\u0105 w Jerozolimie. Wzywamy kraje na ca\u0142ym \u015bwiecie do uznania naszych uzasadnionych praw narodowych i wsparcia walki naszego narodu palesty\u0144skiego o wyzwolenie i niepodleg\u0142o\u015b\u0107 oraz o zako\u0144czenie syjonistycznej okupacji naszych ziem\u201d.<\/strong><\/p><\/blockquote>\n<p style=\"text-align: left;\"><span style=\"color: #000080;\">Przedstawiciel Hamasu w Katarze, Husam Badran, nie kry\u0142 r\u00f3wnie\u017c, \u017ce on i jego towarzysze zdaj\u0105 sobie spraw\u0119, \u017ce to uznanie jest wynikiem operacji pod kryptonimem \u201ePotop Al-Aksa\u201d, czyli orgii barbarzy\u0144stwa 7 pa\u017adziernika 2023 r..&nbsp;&nbsp;&nbsp;&nbsp;&nbsp;<\/span><\/p>\n<p style=\"text-align: left;\">\n<span style=\"color: #000080;\">Steven Stalinsky pisze:<\/span><\/p>\n<blockquote><p><strong>W swoim wyst\u0105pieniu z okazji og\u0142oszenia uznania \u201epa\u0144stwa Palestyna\u201d 22 maja br. norweski premier Jonas Gahr St\u00f8re&nbsp;<a href=\"https:\/\/www.regjeringen.no\/en\/aktuelt\/norway-recognises-palestine-as-a-state\/id3040194\/#:~:text=Norway%E2%80%99s%20formal%20recognition%20of%20Palestine%20as%20a%20state,143%20countries%20have%20previously%20recognised%20the%20Palestinian%20state.\">nazwa\u0142<\/a>&nbsp;pa\u0144stwo palesty\u0144skie \u201ejedyn\u0105 alternatyw\u0105, kt\u00f3ra oferuje rozwi\u0105zanie polityczne zar\u00f3wno dla Izraelczyk\u00f3w, jak i Palesty\u0144czyk\u00f3w: dwa pa\u0144stwa \u017cyj\u0105ce obok siebie, w pokoju i bezpiecze\u0144stwie\u201d. Doda\u0142: \u201eTrwaj\u0105ca wojna w Strefie Gazy jasno pokaza\u0142a, \u017ce osi\u0105gni\u0119cie pokoju i stabilizacji musi opiera\u0107 si\u0119 na rozwi\u0105zaniu kwestii palesty\u0144skiej\u201d.<\/strong><\/p><\/blockquote>\n<p style=\"text-align: left;\"><span style=\"color: #000080;\">Czy jest mo\u017cliwe \u017ce norweski premier nie wie, co stanowi Karta Hamasu, czy mo\u017ce nie wiedzie\u0107 o wyp\u0142atach nagr\u00f3d za zabijanie \u017byd\u00f3w, kt\u00f3re poch\u0142aniaj\u0105 powa\u017cn\u0105 cz\u0119\u015b\u0107 bud\u017cetu Autonomii Palesty\u0144skiej Mahmouda Abbasa, czy mo\u017ce uczciwie wierzy\u0107, \u017ce Palesty\u0144czycy pod rz\u0105dami Hamasu i Fatahu chc\u0105 i mog\u0105 uzna\u0107 Izrael i \u017cy\u0107 w pokoju ze swoim izraelskim s\u0105siadem? Osobi\u015bcie wykluczam tak\u0105 mo\u017cliwo\u015b\u0107. Zdecydowanie bardziej prawdopodobne jest poparcie dla ostatecznego rozwi\u0105zania kwestii \u017cydowskiej przez tego polityka i jego koleg\u00f3w z norweskiego rz\u0105du.<\/span><\/p>\n<\/div>\n<div class=\"webnewsArticleImageContainer \">\n<div>\n<div class=\"webnewsArticleImage\"><img decoding=\"async\" loading=\"lazy\" class=\"aligncenter\" src=\"https:\/\/www.listyznaszegosadu.pl\/upload\/article\/bild\/3541\/1073487\/1-2_s.jpg\" alt=\"\" width=\"300\" height=\"314\" border=\"0\"><\/div>\n<\/div>\n<\/div>\n<div class=\"templateArticleBrodtext\">\n<p style=\"text-align: left;\"><span style=\"color: #000080;\">Warto zwr\u00f3ci\u0107 uwag\u0119 na fakt, \u017ce zar\u00f3wno norweski premier jak i norweska minister spraw zagranicznych po 7 pa\u017adziernika 23 r. odm\u00f3wili nazwania Hamasu organizacj\u0105 terrorystyczn\u0105, \u017ceby \u201epozostawi\u0107 otwarte drzwi do rozm\u00f3w z Hamasem\u201d.&nbsp;&nbsp;&nbsp;&nbsp;<\/span><\/p>\n<p style=\"text-align: left;\">\n<span style=\"color: #000080;\">Irlandzki premier, Simon Harris, og\u0142aszaj\u0105c decyzj\u0119 o uznaniu \u201epa\u0144stwa Palestyna\u201d&nbsp;<a style=\"color: #000080;\" href=\"https:\/\/www.gov.ie\/en\/press-release\/71936-ireland-recognises-the-state-of-palestine\/#:~:text=At%20a%20meeting%20of%20government%20today%20%28May%2028th%29,establish%20full%20diplomatic%20relations%20between%20Dublin%20and%20Ramallah.\">powiedzia\u0142<\/a>: \u201epodj\u0119li\u015bmy ten krok wraz z Hiszpani\u0105 i Norwegi\u0105, aby utrzyma\u0107 cud pokoju przy \u017cyciu\u201d. Wezwa\u0142 irlandzki premier premiera izraelskiego do powstrzymania katastrofy humanitarnej, a Uni\u0119 Europejsk\u0105 do na\u0142o\u017cenia sankcji na Izrael, za\u015b jego rz\u0105d przy\u0142\u0105czy\u0142 si\u0119 do wysuni\u0119tych przez RPA oskar\u017ce\u0144 Izraela o ludob\u00f3jstwo. Poprzedni premier Irlandii, Leo Varadkar 12 pa\u017adziernika 2023 r. o\u015bwiadczy\u0142, \u017ce Izrael stosuje \u201ekar\u0119 zbiorow\u0105\u201d w Strefie Gazy. &nbsp;&nbsp;&nbsp;&nbsp;<\/span><\/p>\n<p style=\"text-align: left;\">\n<span style=\"color: #000080;\">Rz\u0105dz\u0105ca w Irlandii partia Sinn&nbsp; Fein by\u0142a niegdy\u015b politycznym skrzyd\u0142em Irlandzkiej Armii Republika\u0144skiej, w wyniku porozumienia pokojowego wyrzek\u0142a si\u0119 przemocy, a IRA (dok\u0142adniej Prowizoryczna IRA) zosta\u0142a zlikwidowana w 1998 roku.<\/span><\/p>\n<p style=\"text-align: left;\">\n<span style=\"color: #000080;\">Sinn Fein od dziesi\u0119cioleci utrzymuje bardzo bliskie zwi\u0105zki z Hamasem. W 2006 roku \u00f3wczesny przyw\u00f3dca Sinn Fein Gerry Adams spotka\u0142 si\u0119 z liderami Hamasu w Gazie, a kolejne spotkanie z Hanij\u0105 by\u0142o w 2009 roku.&nbsp;&nbsp;&nbsp; &nbsp;<\/span><\/p>\n<\/div>\n<div class=\"webnewsArticleImageContainer \">\n<div>\n<div class=\"webnewsArticleImage\"><img decoding=\"async\" loading=\"lazy\" class=\"aligncenter\" src=\"https:\/\/www.listyznaszegosadu.pl\/upload\/article\/bild\/8943\/1073489\/2_1508833600541_Julia_Sebutinde2_s.jpg\" alt=\"\" width=\"300\" height=\"134\" border=\"0\"><\/div>\n<\/div>\n<\/div>\n<div class=\"templateArticleBrodtext\">\n<p style=\"text-align: left;\"><span style=\"color: #000080;\">Przedstawiciele Hamasu byli r\u00f3wnie\u017c wielokrotnie goszczeni w Irlandii. (Mniej oficjalna by\u0142a wsp\u00f3\u0142praca w zakresie szkole\u0144 terroryst\u00f3w Hamasu przez irlandzkich instruktor\u00f3w.) Na polu politycznym cz\u0119sto podkre\u015blano \u201ehistoryczne podobie\u0144stwo\u201d. &nbsp;<\/span><\/p>\n<p style=\"text-align: left;\">\n<span style=\"color: #000080;\">W&nbsp;<a style=\"color: #000080;\" href=\"https:\/\/www.anphoblacht.com\/contents\/26606\">grudniu 2016 roku<\/a>&nbsp;Declan Kearney, w\u00f3wczas cz\u0142onek parlamentu, sta\u0142 na czele delegacji parlamentarnej na spotkaniu z przyw\u00f3dcami Hamasu w Stambule. Z wdzi\u0119czno\u015bci\u0105 przyj\u0105\u0142 od reprezentuj\u0105cego Hamas Moussy Abu Marzouka, kefij\u0119 oraz map\u0119 Palestyny od rzeki do morza, jak r\u00f3wnie\u017c klucz b\u0119d\u0105cy symbolem&nbsp; palesty\u0144skiego prawa powrotu. &nbsp;<\/span><\/p>\n<p style=\"text-align: left;\">\n<span style=\"color: #000080;\">Jeszcze raz Stalinsky:<\/span><\/p>\n<blockquote><p><strong>\u201eZaraz po 7 pa\u017adziernika&nbsp;<a href=\"https:\/\/www.irishtimes.com\/politics\/2023\/10\/11\/sinn-fein-pressed-to-reconsider-position-on-palestine-by-scale-of-hamas-attack-on-israel\/\">przedstawiciele Sinn Fein<\/a>&nbsp;wyrazili solidarno\u015b\u0107 z Palesty\u0144czykami, a jednocze\u015bnie, (podobnie jak reszta lewicy w Irlandii), nie skrytykowali okrucie\u0144stwa Hamasu, pomimo nacisk\u00f3w na przemy\u015blenie swojego stanowiska.&nbsp;Rzecznik partii ds. zagranicznych Matt Carthy potrzebowa\u0142 tygodnia, aby wyda\u0107 o\u015bwiadczenie, w kt\u00f3rym stwierdzi\u0142, \u017ce nie ma uzasadnienia dla zabijania cywil\u00f3w po \u017cadnej ze stron, a liderce partii Mary Lou McDonald zaj\u0119\u0142o kilka dni, aby \u2018bezwarunkowo\u2019 pot\u0119pi\u0107 atak Hamasu.&nbsp;W lipcu 2024 r. pani McDonald nadal mia\u0142a palesty\u0144sk\u0105 flag\u0119 na swoim profilu X.\u201d<\/strong><\/p><\/blockquote>\n<p style=\"text-align: left;\"><span style=\"color: #000080;\">W Irlandii sympatie dla Hamasu wydaj\u0105 si\u0119 by\u0107 ponad podzia\u0142ami partyjnymi. By\u0107 mo\u017ce powinni\u015bmy si\u0119 dziwi\u0107, \u017ce czekali z uznaniem \u201epa\u0144stwa Palestyna\u201d na Potop Al-Aksa.&nbsp;&nbsp;&nbsp;<\/span><\/p>\n<p style=\"text-align: left;\">\n<span style=\"color: #000080;\">Hiszpania wydaje si\u0119 jednak jeszcze ciekawsza. Muzu\u0142manie nie kryj\u0105 swojego marzenia o powrocie do Andaluzji, ale Hiszpanie s\u0105 pe\u0142ni sympatii do imperialnych plan\u00f3w zar\u00f3wno szyit\u00f3w, jak i sunnit\u00f3w. Powiedzenie, \u017ce Niemcy nigdy nie wybacz\u0105 \u017bydom tego, co im zrobili w okresie nazizmu, w Hiszpanii nale\u017cy cofn\u0105\u0107 do czas\u00f3w Izabeli i Ferdynanda. (Kilka organizacji \u017cydowskich zwr\u00f3ci\u0142o si\u0119 niedawno z pro\u015bb\u0105 do w\u0142adz hiszpa\u0144skich, \u017ceby z oficjalnego s\u0142ownika wycofa\u0107 najbardziej antysemickie has\u0142a, np. takie jak okre\u015blenie \u017byda jako cz\u0142owieka chciwego, lichwiarza.) Dzi\u015b neonazizm wydaje si\u0119 w Hiszpanii od\u017cywa\u0107 szybciej ni\u017c w innych krajach, ale kr\u00f3luje marksistowska lewica. W\u0142adz\u0119 sprawuje Hiszpa\u0144ska Socjalistyczna Partia Robotnicza. W dniu og\u0142oszenia decyzji o uznaniu \u201ePa\u0144stwa Palestyna\u201d, hiszpa\u0144ska wicepremier og\u0142osi\u0142a, \u017ce \u201ePalestyna b\u0119dzie wolna od rzeki do morza\u201d, nie pozostawiaj\u0105c \u017cadnych w\u0105tpliwo\u015bci o jaki pok\u00f3j zabiega jej rz\u0105d.&nbsp; Premier og\u0142osi\u0142 to uznanie \u201ehistoryczn\u0105 decyzj\u0105\u201d,&nbsp; palesty\u0144skie flagi s\u0105 w tym kraju wszechobecne, zar\u00f3wno na zawodach sportowych, jak i podczas walk byk\u00f3w.<\/span><\/p>\n<blockquote>\n<p style=\"text-align: left;\"><strong>Niedawne badanie przeprowadzone przez hiszpa\u0144ski think tank wykaza\u0142o, \u017ce&nbsp;78% Hiszpan\u00f3w opowiada si\u0119 za uznaniem pa\u0144stwa palesty\u0144skiego.&nbsp;Nauczyciel UNRWA z Gazy powiedzia\u0142 Al-D\u017cazirze: \u201eSolidarno\u015b\u0107 Hiszpanii z nami by\u0142a niesamowita \u2013 czy to poprzez uznanie pa\u0144stwowo\u015bci Palestyny, czy wsparcie RPA w jej sprawie przeciwko Izraelowi przed Mi\u0119dzynarodowym Trybuna\u0142em Sprawiedliwo\u015bci\u201d. Doda\u0142: \u201eMo\u017cemy zobaczy\u0107, jak bardzo hiszpa\u0144scy kibice s\u0105 [w sprawie Gazy] zafascynowani, gdy machaj\u0105 palesty\u0144sk\u0105 flag\u0105 podczas mecz\u00f3w pi\u0142ki no\u017cnej\u201d.<\/strong><\/p>\n<\/blockquote>\n<p style=\"text-align: left;\"><span style=\"color: #000080;\">Dla marksistowskiej lewicy sojusz z islamistami jest sojuszem przeciw kapitalizmowi, dla islamist\u00f3w, to sojusz na rzecz niepodzielnej w\u0142adzy Allaha. Zar\u00f3wno w meczecie Al\u2013Aksa, jak i tysi\u0105cach innych meczet\u00f3w s\u0142yszymy wezwania do podboju Jerozolimy i reszty \u015bwiata. Tak, Izrael musi by\u0107 pierwszy, ale Al-Andalus, Rzym, Pary\u017c i Waszyngton s\u0105 w dalszej kolejno\u015bci. Jak m\u00f3wi\u0142 w listopadzie 2020 r. uczony w islamie szejk Ahmad Al-Chatwani, nadchodzi pa\u0144stwo islamskie, kt\u00f3re b\u0119dzie mobilizowa\u0107 swoje armie, by podbi\u0107 Rzym i odzyska\u0107 Al-Andalus, aby rz\u0105dzi\u0107 Ziemi\u0105 za pomoc\u0105 islamu.&nbsp;<\/span><\/p>\n<p style=\"text-align: left;\">\n<span style=\"color: #000080;\">Mo\u017ce to jaka\u015b donkiszoteria, ale premier Pedro S\u00e1nchez i jego towarzysze robi\u0105, co w ich mocy, by te marzenia nie by\u0142y tylko pustymi s\u0142owami.<strong> &nbsp;&nbsp;<\/strong><\/span><\/p>\n<\/div>\n<hr style=\"height: 15px; background: #d0e6fa; width: 100%;\">\n<div id=\"content\" class=\"content-alignment\">\n<div id=\"watch-description\" class=\"yt-uix-button-panel\">\n<div id=\"watch-description-text\" style=\"text-align: center;\">\n<p><em>Zawarto\u015b\u0107 publikowanych artyku\u0142\u00f3w i materia\u0142\u00f3w nie reprezentuje pogl\u0105d\u00f3w ani opinii Reunion&#8217;68,<\/em><em><br \/>\nani te\u017c webmastera Blogu Reunion&#8217;68, chyba ze jest to wyra\u017anie zaznaczone.<br \/>\nTwoje uwagi, linki, w\u0142asne artyku\u0142y lub wiadomo\u015bci prze\u015blij na adres:<br \/>\n<\/em><span style=\"color: #000080;\"><strong><em><a style=\"color: #000080;\" href=\"mailto:webmaster@reunion68.com\"><span style=\"text-decoration: underline;\">webmaster@reunion68.com<\/span><\/a><\/em><\/strong><\/span><\/p>\n<\/div>\n<\/div>\n<\/div>\n<hr style=\"width: 100%;\">\n","protected":false},"excerpt":{"rendered":"<p>Image: MEMRI Pa\u0144stwo \u201ePalestyna\u201d i marzenie o ostatecznym rozwi\u0105zaniu Andrzej Koraszewski Polska uzna\u0142a \u201epa\u0144stwo palesty\u0144skie\u201d w 1988 roku. O ile mi wiadomo, po upadku komunizmu nikt nie proponowa\u0142 cofni\u0119cia tego kroku. Ponad 140 istniej\u0105cych pa\u0144stw uznaje nieistniej\u0105c\u0105 \u201ePalestyn\u0119\u201d, czasem dodaj\u0105c, \u017ce ma to by\u0107 pa\u0144stwo w granicach sprzed czerwca 1967 roku, a czasem nie precyzuj\u0105c, [&hellip;]<\/p>\n","protected":false},"author":1,"featured_media":0,"comment_status":"closed","ping_status":"closed","sticky":false,"template":"","format":"standard","meta":[],"categories":[6],"tags":[26,24],"_links":{"self":[{"href":"https:\/\/www.reunion68.se\/index.php?rest_route=\/wp\/v2\/posts\/114639"}],"collection":[{"href":"https:\/\/www.reunion68.se\/index.php?rest_route=\/wp\/v2\/posts"}],"about":[{"href":"https:\/\/www.reunion68.se\/index.php?rest_route=\/wp\/v2\/types\/post"}],"author":[{"embeddable":true,"href":"https:\/\/www.reunion68.se\/index.php?rest_route=\/wp\/v2\/users\/1"}],"replies":[{"embeddable":true,"href":"https:\/\/www.reunion68.se\/index.php?rest_route=%2Fwp%2Fv2%2Fcomments&post=114639"}],"version-history":[{"count":6,"href":"https:\/\/www.reunion68.se\/index.php?rest_route=\/wp\/v2\/posts\/114639\/revisions"}],"predecessor-version":[{"id":114675,"href":"https:\/\/www.reunion68.se\/index.php?rest_route=\/wp\/v2\/posts\/114639\/revisions\/114675"}],"wp:attachment":[{"href":"https:\/\/www.reunion68.se\/index.php?rest_route=%2Fwp%2Fv2%2Fmedia&parent=114639"}],"wp:term":[{"taxonomy":"category","embeddable":true,"href":"https:\/\/www.reunion68.se\/index.php?rest_route=%2Fwp%2Fv2%2Fcategories&post=114639"},{"taxonomy":"post_tag","embeddable":true,"href":"https:\/\/www.reunion68.se\/index.php?rest_route=%2Fwp%2Fv2%2Ftags&post=114639"}],"curies":[{"name":"wp","href":"https:\/\/api.w.org\/{rel}","templated":true}]}}