{"id":114643,"date":"2024-07-30T17:00:50","date_gmt":"2024-07-30T15:00:50","guid":{"rendered":"http:\/\/www.reunion68.se\/?p=114643"},"modified":"2024-07-30T07:51:49","modified_gmt":"2024-07-30T05:51:49","slug":"01-00-90","status":"publish","type":"post","link":"https:\/\/www.reunion68.se\/?p=114643","title":{"rendered":"6 Israeli Foreign Minister Calls on NATO to Expel Turkey After Erdogan Threatens to Invade Israel"},"content":{"rendered":"<h5 style=\"text-align: center;\"><a href=\"https:\/\/www.algemeiner.com\/\" target=\"_blank\" rel=\"noopener noreferrer\"><img decoding=\"async\" class=\"center alignleft\" src=\"http:\/\/www.reunion68.com\/Biuletyn\/img\/algem.png\" alt=\"\" width=\"35%\"><\/a><span style=\"text-decoration: underline; color: #000080;\"><strong><a style=\"color: #000080; text-decoration: underline;\" href=\"https:\/\/www.algemeiner.com\/2024\/07\/29\/turkeys-foreign-ministry-compares-netanyahu-hitler-erdogan-threatens-invade-israel\/\" target=\"_blank\" rel=\"noopener noreferrer\">6<br \/>\nIsraeli Foreign Minister Calls on NATO to Expel Turkey After Erdogan Threatens to Invade Israel<\/a><\/strong><\/span><\/h5>\n<p style=\"text-align: center;\"><span style=\"color: #000000;\"><strong>Algemeiner Staff<\/strong><\/span><\/p>\n<hr style=\"height: 15px; background: #d0e6fa; width: 100%;\">\n<p style=\"text-align: center;\"><img decoding=\"async\" class=\"aligncenter\" src=\"https:\/\/www.algemeiner.com\/wp-content\/uploads\/2024\/05\/2024-05-02T203333Z_2_LYNXMPEK410S3_RTROPTP_4_ISRAEL-PALESTINIANS-TURKEY-TRADE1.jpg\" width=\"100%\"><span style=\"color: #808080;\"><em>Turkey\u2019s President Recep Tayyip Erdogan speaks during a joint statement to the media in Baghdad, Iraq, April 22, 2024. Photo: AHMAD AL-RUBAYE\/Pool via REUTERS<\/em><\/span><\/p>\n<p style=\"text-align: left;\"><span style=\"color: #000080;\">Israeli Foreign Minister Israel Katz on Monday urged NATO to expel Turkey after its&nbsp;<a style=\"color: #000080;\" href=\"https:\/\/www.algemeiner.com\/2024\/01\/12\/erdogan-attacks-us-britain-striking-houthis-says-turkey-providing-evidence-icj-against-israel\/\" target=\"_blank\" rel=\"noopener noreferrer\">President Recep Tayyip Erdogan<\/a>&nbsp;made an explicit threat to invade Israel.<\/span><\/p>\n<p style=\"text-align: left;\"><span style=\"color: #000080;\">\u201cIn light of Turkish President Erdogan\u2019s threats to invade<span class=\"highlight\" data-qa-component=\"highlight-text\">&nbsp;Israel&nbsp;<\/span>and his dangerous rhetoric, Foreign Minister<span class=\"highlight\" data-qa-component=\"highlight-text\">&nbsp;Israel&nbsp;<\/span>Katz instructed diplomats \u2026 to urgently engage with all NATO members, calling for the condemnation of Turkey and demanding its expulsion from the regional alliance,\u201d the foreign ministry said, according to Reuters.<\/span><\/p>\n<p style=\"text-align: left;\"><span style=\"color: #000080;\">\u201cTurkey, which hosts the Hamas headquarters responsible for terrorist attacks against<span class=\"highlight\" data-qa-component=\"highlight-text\">&nbsp;Israel<\/span>, has become a member of the Iranian axis of evil, alongside Hamas, Hezbollah, and the Houthis in Yemen,\u201d Katz said in the statement, listing Middle Eastern&nbsp;<a style=\"color: #000080;\" href=\"https:\/\/www.algemeiner.com\/2023\/12\/28\/hamas-hezbollah-houthis-multi-front-terror-assault-impacting-israeli-food-security-expert-warns\/\" target=\"_blank\" rel=\"noopener noreferrer\">terrorist groups backed by Iran<\/a>.<\/span><\/p>\n<p style=\"text-align: left;\"><span style=\"color: #000080;\">Erdogan, a fierce critic of Israel, on Sunday threatened that Turkey might invade the Jewish state in support of the Palestinians.<\/span><\/p>\n<p style=\"text-align: left;\"><span style=\"color: #000080;\">\u201cWe must be very strong so that Israel can\u2019t do these things to Palestine,\u201d Erdogan told a meeting of his Justice and Development Party (AKP) in his hometown of Rize, referring to Israel\u2019s war against the Palestinian terrorist group Hamas in Gaza.<\/span><\/p>\n<p style=\"text-align: left;\"><span style=\"color: #000080;\">\u201cJust as we entered Karabakh, just as we entered Libya, we might do the same to them,\u201d Erdogan continued. \u201cThere is nothing we can\u2019t do. We must only be strong.\u201d<\/span><\/p>\n<p style=\"text-align: left;\"><span style=\"color: #000080;\">The Turkish president appeared to be referring to some of his country\u2019s past military interventions.<\/span><\/p>\n<p style=\"text-align: left;\"><span style=\"color: #000080;\">In 2020, Turkey sent military personnel to support the UN-recognized Government of National Accord of Libya amid its civil war.<\/span><\/p>\n<p style=\"text-align: left;\"><span style=\"color: #000080;\">As for the Nagorno-Karabakh conflict between Azerbaijan and Armenia, Turkey has denied any direct military involvement to help the former. Last year, however, Ankara said it was using \u201call means,\u201d including military training, to support its Azerbaijani allies.<\/span><\/p>\n<p style=\"text-align: left;\"><span style=\"color: #000080;\">Turkey has the NATO alliance\u2019s second largest military.<\/span><\/p>\n<p style=\"text-align: left;\"><span style=\"color: #000080;\">Beyond the Israeli Foreign Ministry\u2019s statement, Katz responded with a veiled threat to Erdogan on X\/Twitter.<\/span><\/p>\n<p style=\"text-align: left;\"><span style=\"color: #000080;\">\u201cErdogan follows in the footsteps of [longtime Iraqi leader] Saddam Hussein and threatens to attack Israel. Just let him remember what happened there and how it ended,\u201d Katz wrote.<\/span><\/p>\n<hr>\n<p><iframe loading=\"lazy\" id=\"twitter-widget-0\" class=\"\" title=\"X Post\" src=\"https:\/\/platform.twitter.com\/embed\/Tweet.html?dnt=false&amp;embedId=twitter-widget-0&amp;features=eyJ0ZndfdGltZWxpbmVfbGlzdCI6eyJidWNrZXQiOltdLCJ2ZXJzaW9uIjpudWxsfSwidGZ3X2ZvbGxvd2VyX2NvdW50X3N1bnNldCI6eyJidWNrZXQiOnRydWUsInZlcnNpb24iOm51bGx9LCJ0ZndfdHdlZXRfZWRpdF9iYWNrZW5kIjp7ImJ1Y2tldCI6Im9uIiwidmVyc2lvbiI6bnVsbH0sInRmd19yZWZzcmNfc2Vzc2lvbiI6eyJidWNrZXQiOiJvbiIsInZlcnNpb24iOm51bGx9LCJ0ZndfZm9zbnJfc29mdF9pbnRlcnZlbnRpb25zX2VuYWJsZWQiOnsiYnVja2V0Ijoib24iLCJ2ZXJzaW9uIjpudWxsfSwidGZ3X21peGVkX21lZGlhXzE1ODk3Ijp7ImJ1Y2tldCI6InRyZWF0bWVudCIsInZlcnNpb24iOm51bGx9LCJ0ZndfZXhwZXJpbWVudHNfY29va2llX2V4cGlyYXRpb24iOnsiYnVja2V0IjoxMjA5NjAwLCJ2ZXJzaW9uIjpudWxsfSwidGZ3X3Nob3dfYmlyZHdhdGNoX3Bpdm90c19lbmFibGVkIjp7ImJ1Y2tldCI6Im9uIiwidmVyc2lvbiI6bnVsbH0sInRmd19kdXBsaWNhdGVfc2NyaWJlc190b19zZXR0aW5ncyI6eyJidWNrZXQiOiJvbiIsInZlcnNpb24iOm51bGx9LCJ0ZndfdXNlX3Byb2ZpbGVfaW1hZ2Vfc2hhcGVfZW5hYmxlZCI6eyJidWNrZXQiOiJvbiIsInZlcnNpb24iOm51bGx9LCJ0ZndfdmlkZW9faGxzX2R5bmFtaWNfbWFuaWZlc3RzXzE1MDgyIjp7ImJ1Y2tldCI6InRydWVfYml0cmF0ZSIsInZlcnNpb24iOm51bGx9LCJ0ZndfbGVnYWN5X3RpbWVsaW5lX3N1bnNldCI6eyJidWNrZXQiOnRydWUsInZlcnNpb24iOm51bGx9LCJ0ZndfdHdlZXRfZWRpdF9mcm9udGVuZCI6eyJidWNrZXQiOiJvbiIsInZlcnNpb24iOm51bGx9fQ%3D%3D&amp;frame=false&amp;hideCard=false&amp;hideThread=false&amp;id=1817655907343597720&amp;lang=en&amp;origin=https%3A%2F%2Fwww.algemeiner.com%2F2024%2F07%2F29%2Fturkeys-foreign-ministry-compares-netanyahu-hitler-erdogan-threatens-invade-israel%2F&amp;sessionId=a7fdcfe091a51c8e823b7e69b04a5adbc00ba0b7&amp;siteScreenName=Algemeiner&amp;theme=light&amp;widgetsVersion=2615f7e52b7e0%3A1702314776716&amp;width=550px\" width=\"650\" height=\"650\" frameborder=\"0\" scrolling=\"yes\" allowfullscreen=\"allowfullscreen\" data-tweet-id=\"1817655907343597720\" data-mce-fragment=\"1\"><\/iframe><\/p>\n<hr>\n<p style=\"text-align: left;\"><span style=\"color: #000080;\">Hussein was captured, convicted of crimes against humanity, and executed by fellow Iraqis following the US invasion of Iraq in 2003.<\/span><\/p>\n<p style=\"text-align: left;\"><span style=\"color: #000080;\">While Israeli Prime Minister Benjamin Netanyahu has so far been silent on&nbsp;<a style=\"color: #000080;\" href=\"https:\/\/www.algemeiner.com\/2023\/10\/27\/jews-not-allowed-nazi-style-sign-istanbul-store-signals-rising-antisemitism-turkey\/\" target=\"_blank\" rel=\"noopener noreferrer\">Erdogan\u2019s latest attacks,<\/a>&nbsp;Israeli opposition leader Yair Lapid has not.<\/span><\/p>\n<p style=\"text-align: left;\"><span style=\"color: #000080;\">\u201cPresident Erdogan is ranting and raving again. He is a danger to the Middle East,\u201d Lapid posted on social media. \u201cThe world, and especially NATO members, must strongly condemn his outrageous threats against Israel and force him to end his support for Hamas. We won\u2019t accept threats from a wannabe dictator.\u201d<\/span><\/p>\n<p style=\"text-align: left;\"><span style=\"color: #000080;\">Meanwhile, Turkish Foreign Minister Hakan Fidan praised Erdogan for his remarks on social media.<\/span><\/p>\n<p style=\"text-align: left;\"><span style=\"color: #000080;\">\u201cOur president has become the voice of humanity\u2019s conscience,\u201d Fidan tweeted. \u201cInternational Zionist circles, especially Israel, who want to suppress this righteous voice, are in great alarm. History ended the same way for all genociders and their supporters.\u201d (1)<\/span><\/p>\n<hr>\n<p><iframe loading=\"lazy\" id=\"twitter-widget-1\" class=\"\" title=\"X Post\" src=\"https:\/\/platform.twitter.com\/embed\/Tweet.html?dnt=false&amp;embedId=twitter-widget-1&amp;features=eyJ0ZndfdGltZWxpbmVfbGlzdCI6eyJidWNrZXQiOltdLCJ2ZXJzaW9uIjpudWxsfSwidGZ3X2ZvbGxvd2VyX2NvdW50X3N1bnNldCI6eyJidWNrZXQiOnRydWUsInZlcnNpb24iOm51bGx9LCJ0ZndfdHdlZXRfZWRpdF9iYWNrZW5kIjp7ImJ1Y2tldCI6Im9uIiwidmVyc2lvbiI6bnVsbH0sInRmd19yZWZzcmNfc2Vzc2lvbiI6eyJidWNrZXQiOiJvbiIsInZlcnNpb24iOm51bGx9LCJ0ZndfZm9zbnJfc29mdF9pbnRlcnZlbnRpb25zX2VuYWJsZWQiOnsiYnVja2V0Ijoib24iLCJ2ZXJzaW9uIjpudWxsfSwidGZ3X21peGVkX21lZGlhXzE1ODk3Ijp7ImJ1Y2tldCI6InRyZWF0bWVudCIsInZlcnNpb24iOm51bGx9LCJ0ZndfZXhwZXJpbWVudHNfY29va2llX2V4cGlyYXRpb24iOnsiYnVja2V0IjoxMjA5NjAwLCJ2ZXJzaW9uIjpudWxsfSwidGZ3X3Nob3dfYmlyZHdhdGNoX3Bpdm90c19lbmFibGVkIjp7ImJ1Y2tldCI6Im9uIiwidmVyc2lvbiI6bnVsbH0sInRmd19kdXBsaWNhdGVfc2NyaWJlc190b19zZXR0aW5ncyI6eyJidWNrZXQiOiJvbiIsInZlcnNpb24iOm51bGx9LCJ0ZndfdXNlX3Byb2ZpbGVfaW1hZ2Vfc2hhcGVfZW5hYmxlZCI6eyJidWNrZXQiOiJvbiIsInZlcnNpb24iOm51bGx9LCJ0ZndfdmlkZW9faGxzX2R5bmFtaWNfbWFuaWZlc3RzXzE1MDgyIjp7ImJ1Y2tldCI6InRydWVfYml0cmF0ZSIsInZlcnNpb24iOm51bGx9LCJ0ZndfbGVnYWN5X3RpbWVsaW5lX3N1bnNldCI6eyJidWNrZXQiOnRydWUsInZlcnNpb24iOm51bGx9LCJ0ZndfdHdlZXRfZWRpdF9mcm9udGVuZCI6eyJidWNrZXQiOiJvbiIsInZlcnNpb24iOm51bGx9fQ%3D%3D&amp;frame=false&amp;hideCard=false&amp;hideThread=false&amp;id=1817693460637356085&amp;lang=en&amp;origin=https%3A%2F%2Fwww.algemeiner.com%2F2024%2F07%2F29%2Fturkeys-foreign-ministry-compares-netanyahu-hitler-erdogan-threatens-invade-israel%2F&amp;sessionId=a7fdcfe091a51c8e823b7e69b04a5adbc00ba0b7&amp;siteScreenName=Algemeiner&amp;theme=light&amp;widgetsVersion=2615f7e52b7e0%3A1702314776716&amp;width=550px\" frameborder=\"0\" scrolling=\"yes\" width=\"650\" height=\"500\" allowfullscreen=\"allowfullscreen\" data-tweet-id=\"1817693460637356085\" data-mce-fragment=\"1\"><\/iframe><\/p>\n<hr>\n<p style=\"text-align: left;\"><span style=\"color: #000080;\">Hours after Erdogan\u2019s threat, Turkey\u2019s Foreign Ministry compared Netanyahu to Nazi leader Adolf Hitler.<\/span><\/p>\n<p style=\"text-align: left;\"><span style=\"color: #000080;\">\u201cJust as genocidal Hitler ended, so will genocidal Netanyahu,\u201d the foreign ministry posted on X\/Twitter. \u201cJust as the genocidal Nazis were held accountable, those who tried to destroy the Palestinians will also be held accountable. Humanity will stand with the Palestinians. You will not destroy the Palestinians.\u201d (2)<\/span><\/p>\n<hr>\n<p><iframe loading=\"lazy\" id=\"twitter-widget-2\" class=\"\" title=\"X Post\" src=\"https:\/\/platform.twitter.com\/embed\/Tweet.html?dnt=false&amp;embedId=twitter-widget-2&amp;features=eyJ0ZndfdGltZWxpbmVfbGlzdCI6eyJidWNrZXQiOltdLCJ2ZXJzaW9uIjpudWxsfSwidGZ3X2ZvbGxvd2VyX2NvdW50X3N1bnNldCI6eyJidWNrZXQiOnRydWUsInZlcnNpb24iOm51bGx9LCJ0ZndfdHdlZXRfZWRpdF9iYWNrZW5kIjp7ImJ1Y2tldCI6Im9uIiwidmVyc2lvbiI6bnVsbH0sInRmd19yZWZzcmNfc2Vzc2lvbiI6eyJidWNrZXQiOiJvbiIsInZlcnNpb24iOm51bGx9LCJ0ZndfZm9zbnJfc29mdF9pbnRlcnZlbnRpb25zX2VuYWJsZWQiOnsiYnVja2V0Ijoib24iLCJ2ZXJzaW9uIjpudWxsfSwidGZ3X21peGVkX21lZGlhXzE1ODk3Ijp7ImJ1Y2tldCI6InRyZWF0bWVudCIsInZlcnNpb24iOm51bGx9LCJ0ZndfZXhwZXJpbWVudHNfY29va2llX2V4cGlyYXRpb24iOnsiYnVja2V0IjoxMjA5NjAwLCJ2ZXJzaW9uIjpudWxsfSwidGZ3X3Nob3dfYmlyZHdhdGNoX3Bpdm90c19lbmFibGVkIjp7ImJ1Y2tldCI6Im9uIiwidmVyc2lvbiI6bnVsbH0sInRmd19kdXBsaWNhdGVfc2NyaWJlc190b19zZXR0aW5ncyI6eyJidWNrZXQiOiJvbiIsInZlcnNpb24iOm51bGx9LCJ0ZndfdXNlX3Byb2ZpbGVfaW1hZ2Vfc2hhcGVfZW5hYmxlZCI6eyJidWNrZXQiOiJvbiIsInZlcnNpb24iOm51bGx9LCJ0ZndfdmlkZW9faGxzX2R5bmFtaWNfbWFuaWZlc3RzXzE1MDgyIjp7ImJ1Y2tldCI6InRydWVfYml0cmF0ZSIsInZlcnNpb24iOm51bGx9LCJ0ZndfbGVnYWN5X3RpbWVsaW5lX3N1bnNldCI6eyJidWNrZXQiOnRydWUsInZlcnNpb24iOm51bGx9LCJ0ZndfdHdlZXRfZWRpdF9mcm9udGVuZCI6eyJidWNrZXQiOiJvbiIsInZlcnNpb24iOm51bGx9fQ%3D%3D&amp;frame=false&amp;hideCard=false&amp;hideThread=false&amp;id=1817681872236794106&amp;lang=en&amp;origin=https%3A%2F%2Fwww.algemeiner.com%2F2024%2F07%2F29%2Fturkeys-foreign-ministry-compares-netanyahu-hitler-erdogan-threatens-invade-israel%2F&amp;sessionId=a7fdcfe091a51c8e823b7e69b04a5adbc00ba0b7&amp;siteScreenName=Algemeiner&amp;theme=light&amp;widgetsVersion=2615f7e52b7e0%3A1702314776716&amp;width=550px\" frameborder=\"0\" scrolling=\"yes\" width=\"650\" height=\"500\" allowfullscreen=\"allowfullscreen\" data-tweet-id=\"1817681872236794106\" data-mce-fragment=\"1\"><\/iframe><\/p>\n<hr>\n<p style=\"text-align: left;\"><span style=\"color: #000080;\">Drawing comparisons of Israeli policy to that of the Nazis is antisemitic, according to the International Holocaust Remembrance Alliance\u2019s (IHRA)&nbsp;<a style=\"color: #000080;\" href=\"https:\/\/www.algemeiner.com\/2024\/03\/19\/indiana-governor-vetoes-bill-excluding-ihra-definition-antisemitism\/\" target=\"_blank\" rel=\"noopener noreferrer\">definition of antisemitism<\/a>, which has been adopted by over 1,000 global entities including dozens of governments.<\/span><\/p>\n<p style=\"text-align: left;\"><span style=\"color: #000080;\">The Turkish government\u2019s comments were the latest in a recent wave of hostile moves targeting Israel.<\/span><\/p>\n<p style=\"text-align: left;\"><span style=\"color: #000080;\">In May, for example, the Turkish trade ministry said it had&nbsp;<a style=\"color: #000080;\" href=\"https:\/\/www.algemeiner.com\/2024\/05\/02\/turkey-halts-trade-israel-continuing-pro-hamas-stance-since-outbreak-gaza-war\/\" target=\"_blank\" rel=\"noopener noreferrer\">ceased all exports and imports to and from Israel<\/a>. The announcement came after Turkey imposed trade restrictions on Israeli exports over Israel\u2019s ongoing war against Hamas in Gaza following the terrorist group\u2019s Oct. 7 invasion of and massacre across the southern region of the Jewish state.<\/span><\/p>\n<p style=\"text-align: left;\"><span style=\"color: #000080;\">Meanwhile, Turkey has also announced its intention to&nbsp;join&nbsp;<a style=\"color: #000080;\" href=\"https:\/\/www.algemeiner.com\/2024\/05\/01\/turkey-join-south-africa-genocide-case-against-israel-world-court\/\" target=\"_blank\" rel=\"noopener noreferrer\">South Africa\u2019s so-far-unsuccessful case<\/a>&nbsp;at the International Court of Justice accusing Israel of committing \u201cstate-led genocide\u201d in its defensive military operations in Gaza.<\/span><\/p>\n<p style=\"text-align: left;\"><span style=\"color: #000080;\">That came after Erdogan in March threatened to \u201csend Netanyahu to Allah to take care of him, make him miserable, and curse him.\u201d He previously accused Israel of&nbsp;<a style=\"color: #000080;\" href=\"https:\/\/www.algemeiner.com\/2023\/12\/27\/turkish-president-erdogan-calls-netanyahu-worse-than-hitler-angry-speech-attacking-israel\/\" target=\"_blank\" rel=\"noopener noreferrer\">operating \u201cNazi\u201d concentration camps&nbsp;<\/a>and compared Netanyahu with Hitler.<\/span><\/p>\n<p style=\"text-align: left;\"><span style=\"color: #000080;\">Weeks earlier, Erdogan said that Netanyahu was a \u201cbutcher\u201d who would be tried as a \u201cwar criminal\u201d over Israel\u2019s military operations in Gaza. He has also called Israel a \u201c<a style=\"color: #000080;\" href=\"https:\/\/www.algemeiner.com\/2023\/11\/15\/turkeys-president-erdogan-calls-israel-terror-state-latest-attack-amid-gaza-war\/\" target=\"_blank\" rel=\"noopener noreferrer\">terror state<\/a>.\u201d<\/span><\/p>\n<p style=\"text-align: left;\"><span style=\"color: #000080;\">Turkey hosts senior Hamas officials and, together with Iran and Qatar, has&nbsp;<a style=\"color: #000080;\" href=\"https:\/\/www.algemeiner.com\/2023\/10\/27\/us-sanctions-hamas-networks-iran-turkey\/\" target=\"_blank\" rel=\"noopener noreferrer\">provided a large portion<\/a>&nbsp;of the Palestinian terrorist group\u2019s budget.<\/span><\/p>\n<p style=\"text-align: left;\"><span style=\"color: #000080;\">Several Western and Arab states designate Hamas, an offshoot of the Islamist Muslim Brotherhood, as a terrorist group.<\/span><\/p>\n<p style=\"text-align: left;\"><span style=\"color: #000080;\">However, Erdogan has defended Hamas terrorists as \u201cresistance fighters\u201d against what he described as an Israeli occupation of Palestinian land.<\/span><\/p>\n<p style=\"text-align: left;\"><span style=\"color: #000080;\">Israel withdrew all its troops and civilian settlers from Gaza in 2005.<\/span><\/p>\n<p style=\"text-align: left;\"><span style=\"color: #000080;\">Turkish-Israeli diplomatic relations have&nbsp;<a style=\"color: #000080;\" href=\"https:\/\/www.algemeiner.com\/2024\/03\/22\/israeli-turkish-relations-nosedive-again-following-erdogans-threat-send-netanyahu-allah\/\" target=\"_blank\" rel=\"noopener noreferrer\">nosedived since the Hamas atrocities<\/a>&nbsp;of Oct. 7, when the terrorist group that rules Gaza murdered 1,200 people in southern Israel and kidnapped over 250 others as hostages, launching the ongoing war in the Palestinian enclave.<\/span><\/p>\n<hr style=\"height: 15px; background: #d0e6fa; width: 100%;\">\n<div id=\"content\" class=\"content-alignment\">\n<div id=\"watch-description\" class=\"yt-uix-button-panel\">\n<div id=\"watch-description-text\" style=\"text-align: center;\">\n<p><em>Zawarto\u015b\u0107 publikowanych artyku\u0142\u00f3w i materia\u0142\u00f3w nie reprezentuje pogl\u0105d\u00f3w ani opinii Reunion&#8217;68,<\/em><em><br \/>\nani te\u017c webmastera Blogu Reunion&#8217;68, chyba ze jest to wyra\u017anie zaznaczone.<br \/>\nTwoje uwagi, linki, w\u0142asne artyku\u0142y lub wiadomo\u015bci prze\u015blij na adres:<br \/>\n<\/em><span style=\"color: #000080;\"><strong><em><a style=\"color: #000080;\" href=\"mailto:webmaster@reunion68.com\"><span style=\"text-decoration: underline;\">webmaster@reunion68.com<\/span><\/a><\/em><\/strong><\/span><\/p>\n<\/div>\n<\/div>\n<\/div>\n<hr style=\"width: 100%;\">\n","protected":false},"excerpt":{"rendered":"<p>6 Israeli Foreign Minister Calls on NATO to Expel Turkey After Erdogan Threatens to Invade Israel Algemeiner Staff Turkey\u2019s President Recep Tayyip Erdogan speaks during a joint statement to the media in Baghdad, Iraq, April 22, 2024. Photo: AHMAD AL-RUBAYE\/Pool via REUTERS Israeli Foreign Minister Israel Katz on Monday urged NATO to expel Turkey after [&hellip;]<\/p>\n","protected":false},"author":1,"featured_media":0,"comment_status":"closed","ping_status":"closed","sticky":false,"template":"","format":"standard","meta":[],"categories":[3],"tags":[26,24],"_links":{"self":[{"href":"https:\/\/www.reunion68.se\/index.php?rest_route=\/wp\/v2\/posts\/114643"}],"collection":[{"href":"https:\/\/www.reunion68.se\/index.php?rest_route=\/wp\/v2\/posts"}],"about":[{"href":"https:\/\/www.reunion68.se\/index.php?rest_route=\/wp\/v2\/types\/post"}],"author":[{"embeddable":true,"href":"https:\/\/www.reunion68.se\/index.php?rest_route=\/wp\/v2\/users\/1"}],"replies":[{"embeddable":true,"href":"https:\/\/www.reunion68.se\/index.php?rest_route=%2Fwp%2Fv2%2Fcomments&post=114643"}],"version-history":[{"count":12,"href":"https:\/\/www.reunion68.se\/index.php?rest_route=\/wp\/v2\/posts\/114643\/revisions"}],"predecessor-version":[{"id":114666,"href":"https:\/\/www.reunion68.se\/index.php?rest_route=\/wp\/v2\/posts\/114643\/revisions\/114666"}],"wp:attachment":[{"href":"https:\/\/www.reunion68.se\/index.php?rest_route=%2Fwp%2Fv2%2Fmedia&parent=114643"}],"wp:term":[{"taxonomy":"category","embeddable":true,"href":"https:\/\/www.reunion68.se\/index.php?rest_route=%2Fwp%2Fv2%2Fcategories&post=114643"},{"taxonomy":"post_tag","embeddable":true,"href":"https:\/\/www.reunion68.se\/index.php?rest_route=%2Fwp%2Fv2%2Ftags&post=114643"}],"curies":[{"name":"wp","href":"https:\/\/api.w.org\/{rel}","templated":true}]}}