{"id":114718,"date":"2024-08-02T17:09:39","date_gmt":"2024-08-02T15:09:39","guid":{"rendered":"http:\/\/www.reunion68.se\/?p=114718"},"modified":"2024-08-02T10:49:30","modified_gmt":"2024-08-02T08:49:30","slug":"04-05-99","status":"publish","type":"post","link":"https:\/\/www.reunion68.se\/?p=114718","title":{"rendered":"Izraelczycy zabili Mohameda Deifa, szefa zbrojnego skrzyd\u0142a Hamasu"},"content":{"rendered":"<p style=\"text-align: center;\"><img decoding=\"async\" class=\"aligncenter\" src=\"https:\/\/bi.im-g.pl\/im\/a2\/bf\/1d\/z31193506AMP,Przywodca-wojskowego-skrzydla-Hamasu--Brygady-Al-K.jpg\" width=\"100%\" \/><span style=\"color: #808080;\"><em>Przyw\u00f3dca wojskowego skrzyd\u0142a Hamasu, Brygady Al-Kassam, Mohammed Deif (po prawej) w miejscu okre\u015blonym jako Strefa Gazy na zdj\u0119ciu opublikowanym 7 stycznia 2024 r. (Fot. REUTERS\/Israel Defense Forces)<\/em><\/span><\/p>\n<hr \/>\n<h5 style=\"text-align: center;\"><a href=\"https:\/\/wyborcza.pl\/\" target=\"_blank\" rel=\"noopener noreferrer\"><img decoding=\"async\" class=\"center alignleft\" src=\"http:\/\/www.reunion68.com\/Biuletyn\/img\/wyborcza.png\" alt=\"\" width=\"35%\" \/><\/a><span style=\"text-decoration: underline; color: #000080;\"><strong><a style=\"color: #000080; text-decoration: underline;\" href=\"https:\/\/wyborcza.pl\/7,75399,31193385,izraelczycy-zabili-mohameda-deifa-szefa-zbrojnego-skrzydla.html\" target=\"_blank\" rel=\"noopener noreferrer\">Izraelczycy zabili Mohameda Deifa, szefa zbrojnego skrzyd\u0142a Hamasu<\/a><\/strong><\/span><\/h5>\n<p style=\"text-align: center;\"><span style=\"color: #000000;\"><strong>Micha\u0142 Kokot<\/strong><\/span><\/p>\n<hr style=\"height: 15px; background: #d0e6fa; width: 100%;\" \/>\n<div class=\"text--lead \" style=\"text-align: left;\" data-progress-bar-content=\"\"><span style=\"color: #000080;\">Deif zgin\u0105\u0142 w nalocie rakietowym w Strefie Gazy w po\u0142owie lipca. Armia Izraela dopiero teraz potwierdzi\u0142a jego \u015bmier\u0107 i opublikowa\u0142a nagranie z atakiem na budynek, w kt\u00f3rym przebywa\u0142.<\/span><\/div>\n<div class=\"column-54\" style=\"text-align: left;\" data-position=\"54,4\"><\/div>\n<div class=\"article--underlead\" style=\"text-align: left;\"><span style=\"color: #000080;\">Do ataku dosz\u0142o 13. lipca w po\u0142udniowej cz\u0119\u015bci Gazy pomi\u0119dzy stref\u0105 al-Mawasi i miastem Chan Junis. Celem Izraelczyk\u00f3w by\u0142 w\u00f3wczas Rafa&#8217;a Salameh, dow\u00f3dca Brygad Chan Junis. By\u0142 jednym z najwa\u017cniejszych przyw\u00f3dc\u00f3w zbrojnych organizacji nale\u017c\u0105cych do Hamasu. Podlega\u0142 bezpo\u015brednio Deifowi.<\/span><\/div>\n<div class=\"article--content article--content-free  \" style=\"text-align: left;\">\n<p class=\"text--paragraph\"><span style=\"color: #000080;\">Izraelski wywiad wojskowy Szinbet mia\u0142 wed\u0142ug doniesie\u0144 Times Of Israel od pocz\u0105tku posiada\u0107 informacje, \u017ce obydwaj przebywaj\u0105 w jednym budynku. Deif ukrywa\u0142 si\u0119 od ataku Hamasu na Izrael w pa\u017adzierniku w podziemnych tunelach w Strefie Gazy kontrolowanej przez Hamas. Do wyj\u015bcia na powierzchni\u0119 mia\u0142a go zmusi\u0107 rosn\u0105ca presja ze strony izraelskiej armii, kt\u00f3ra przeczesywa\u0142a podziemne korytarze. Na kilkana\u015bcie godzin przed uderzeniem nad budynkiem przelecia\u0142 my\u015bliwiec, potwierdzaj\u0105c, \u017ce przebywaj\u0105 w nim obaj m\u0119\u017cczy\u017ani.<\/span><\/p>\n<\/div>\n<p style=\"text-align: left;\"><span style=\"color: #000080;\">Nast\u0119pnego dnia Izraelczycy uderzyli. Si\u0142a ataku by\u0142a tak du\u017ca, \u017ce ucierpia\u0142y s\u0105siednie zabudowania. Hamas twierdzi\u0142, \u017ce w ataku zgin\u0119\u0142o \u0142\u0105cznie 90 os\u00f3b, w wi\u0119kszo\u015bci cywil\u00f3w. Izraelczycy utrzymywali, \u017ce liczba ofiar postronnych by\u0142a \u201eniewielka&#8221;, pomimo \u017ce w s\u0105siedztwie mieszkali w namiotach palesty\u0144scy uchod\u017acy.<\/span><\/p>\n<h4 class=\"text--title font-head-700\"><strong>Kim by\u0142 Mohammed Deif? &#8220;Bin Laden Gazy&#8221;<\/strong><\/h4>\n<p class=\"text--paragraph\" style=\"text-align: left;\"><span style=\"color: #000080;\">\u015amier\u0107 Salameha zosta\u0142a potwierdzona natychmiast, ale co do Deifa armia nie mia\u0142a pewno\u015bci. Temu militarnemu przyw\u00f3dcy Hamasu dot\u0105d udawa\u0142o si\u0119 uj\u015b\u0107 \u017cyciem z izraelskich atak\u00f3w. By\u0142a to \u00f3sma pr\u00f3ba zabicia go przez Izrael od 2001 roku. W dw\u00f3ch z nich Deif zosta\u0142 ci\u0119\u017cko ranny.<\/span><\/p>\n<p class=\"text--paragraph\" style=\"text-align: left;\"><span style=\"color: #000080;\">Przez Izraelczyk\u00f3w by\u0142 uwa\u017cany za organizatora zamach\u00f3w autobusowych, do jakich dochodzi\u0142o w Izraelu w latach 90. i dwutysi\u0119cznych. Zamachowcy-samob\u00f3jcy wysadzali si\u0119 w\u00f3wczas w \u015brodkach komunikacji miejskiej. Skal\u0119 obra\u017ce\u0144 pot\u0119gowa\u0142y od\u0142amki z gwo\u017adzi i \u015brub, kt\u00f3re rozrzuca\u0142y eksploduj\u0105ce \u0142adunki.<\/span><\/p>\n<p class=\"text--paragraph\" style=\"text-align: left;\"><span style=\"color: #000080;\">Deif by\u0142 uwa\u017cany r\u00f3wnie\u017c za m\u00f3zg operacji z 7 pa\u017adziernika, w kt\u00f3rej zgin\u0119\u0142o 1,2 tys. Izraelczyk\u00f3w, a ponad 250 zosta\u0142o uprowadzonych przez Hamas.<\/span><\/p>\n<p class=\"text--paragraph\" style=\"text-align: left;\"><span style=\"color: #000080;\">Izrael poda\u0142 informacj\u0119 o jego \u015bmierci dopiero w czwartek, gdy uda\u0142o si\u0119 uzyska\u0107 ostatecznie potwierdzenie. Jego zast\u0119pca Marwan Issa, zosta\u0142 zabity w izraelskim nalocie w marcu.<\/span><\/p>\n<p class=\"text--paragraph\" style=\"text-align: left;\"><span style=\"color: #000080;\">Joaw Galant, izraelski minister obrony, nazwa\u0142 Deifa \u201eBin Ladenem Gazy&#8221;. W serwisie X napisa\u0142, \u017ce to \u201edu\u017cy krok na drodze do wyeliminowania Hamasu jako organizacji wojskowej i rz\u0105dowej oraz do osi\u0105gni\u0119cia cel\u00f3w wojny, kt\u00f3re wyznaczyli\u015bmy&#8221;. Sw\u00f3j wpis zilustrowa\u0142 zdj\u0119ciem &#8211; czarnym markerem przekre\u015bla zdj\u0119cie Deifa na schemacie struktury Hamasu.<\/span><\/p>\n<div class=\"header-sticky\">\n<div class=\"cap cap--small\">\n<div class=\"container\">\n<div class=\"cap--container\" style=\"text-align: left;\"><span style=\"color: #000080;\">\u015amier\u0107 Salameha zosta\u0142a potwierdzona natychmiast, ale co do Deifa armia nie mia\u0142a pewno\u015bci. Temu militarnemu przyw\u00f3dcy Hamasu dot\u0105d udawa\u0142o si\u0119 uj\u015b\u0107 \u017cyciem z izraelskich atak\u00f3w. By\u0142a to \u00f3sma pr\u00f3ba zabicia go przez Izrael od 2001 roku. W dw\u00f3ch z nich Deif zosta\u0142 ci\u0119\u017cko ranny.<\/span><\/div>\n<\/div>\n<\/div>\n<\/div>\n<div data-bd-scroll-viewability=\"1\">\n<div class=\"container pt+++\">\n<div id=\"wyborcza_article_body\" class=\"grid--r\">\n<div class=\"grid--c-6\">\n<div class=\"article--content article--content-paid \" data-progress-bar-content=\"\">\n<div class=\"paywall\">\n<p class=\"text--paragraph\" style=\"text-align: left;\"><span style=\"color: #000080;\">Przez Izraelczyk\u00f3w by\u0142 uwa\u017cany za organizatora zamach\u00f3w autobusowych, do jakich dochodzi\u0142o w Izraelu w latach 90. i dwutysi\u0119cznych. Zamachowcy-samob\u00f3jcy wysadzali si\u0119 w\u00f3wczas w \u015brodkach komunikacji miejskiej. Skal\u0119 obra\u017ce\u0144 pot\u0119gowa\u0142y od\u0142amki z gwo\u017adzi i \u015brub, kt\u00f3re rozrzuca\u0142y eksploduj\u0105ce \u0142adunki.<\/span><\/p>\n<p class=\"text--paragraph\" style=\"text-align: left;\"><span style=\"color: #000080;\">Deif by\u0142 uwa\u017cany r\u00f3wnie\u017c za m\u00f3zg operacji z 7 pa\u017adziernika, w kt\u00f3rej zgin\u0119\u0142o 1,2 tys. Izraelczyk\u00f3w, a ponad 250 zosta\u0142o uprowadzonych przez Hamas.<\/span><\/p>\n<p class=\"text--paragraph\" style=\"text-align: left;\"><span style=\"color: #000080;\">Izrael poda\u0142 informacj\u0119 o jego \u015bmierci dopiero w czwartek, gdy uda\u0142o si\u0119 uzyska\u0107 ostatecznie potwierdzenie. Jego zast\u0119pca Marwan Issa, zosta\u0142 zabity w izraelskim nalocie w marcu.<\/span><\/p>\n<p class=\"text--paragraph\" style=\"text-align: left;\"><span style=\"color: #000080;\">Joaw Galant, izraelski minister obrony, nazwa\u0142 Deifa \u201eBin Ladenem Gazy&#8221;. W serwisie X napisa\u0142, \u017ce to \u201edu\u017cy krok na drodze do wyeliminowania Hamasu jako organizacji wojskowej i rz\u0105dowej oraz do osi\u0105gni\u0119cia cel\u00f3w wojny, kt\u00f3re wyznaczyli\u015bmy&#8221;. Sw\u00f3j wpis zilustrowa\u0142 zdj\u0119ciem &#8211; czarnym markerem przekre\u015bla zdj\u0119cie Deifa na schemacie struktury Hamasu.<\/span><\/p>\n<hr \/>\n<p><iframe loading=\"lazy\" id=\"twitter-widget-0\" class=\"\" title=\"X Post\" src=\"https:\/\/platform.twitter.com\/embed\/Tweet.html?dnt=false&amp;embedId=twitter-widget-0&amp;features=eyJ0ZndfdGltZWxpbmVfbGlzdCI6eyJidWNrZXQiOltdLCJ2ZXJzaW9uIjpudWxsfSwidGZ3X2ZvbGxvd2VyX2NvdW50X3N1bnNldCI6eyJidWNrZXQiOnRydWUsInZlcnNpb24iOm51bGx9LCJ0ZndfdHdlZXRfZWRpdF9iYWNrZW5kIjp7ImJ1Y2tldCI6Im9uIiwidmVyc2lvbiI6bnVsbH0sInRmd19yZWZzcmNfc2Vzc2lvbiI6eyJidWNrZXQiOiJvbiIsInZlcnNpb24iOm51bGx9LCJ0ZndfZm9zbnJfc29mdF9pbnRlcnZlbnRpb25zX2VuYWJsZWQiOnsiYnVja2V0Ijoib24iLCJ2ZXJzaW9uIjpudWxsfSwidGZ3X21peGVkX21lZGlhXzE1ODk3Ijp7ImJ1Y2tldCI6InRyZWF0bWVudCIsInZlcnNpb24iOm51bGx9LCJ0ZndfZXhwZXJpbWVudHNfY29va2llX2V4cGlyYXRpb24iOnsiYnVja2V0IjoxMjA5NjAwLCJ2ZXJzaW9uIjpudWxsfSwidGZ3X3Nob3dfYmlyZHdhdGNoX3Bpdm90c19lbmFibGVkIjp7ImJ1Y2tldCI6Im9uIiwidmVyc2lvbiI6bnVsbH0sInRmd19kdXBsaWNhdGVfc2NyaWJlc190b19zZXR0aW5ncyI6eyJidWNrZXQiOiJvbiIsInZlcnNpb24iOm51bGx9LCJ0ZndfdXNlX3Byb2ZpbGVfaW1hZ2Vfc2hhcGVfZW5hYmxlZCI6eyJidWNrZXQiOiJvbiIsInZlcnNpb24iOm51bGx9LCJ0ZndfdmlkZW9faGxzX2R5bmFtaWNfbWFuaWZlc3RzXzE1MDgyIjp7ImJ1Y2tldCI6InRydWVfYml0cmF0ZSIsInZlcnNpb24iOm51bGx9LCJ0ZndfbGVnYWN5X3RpbWVsaW5lX3N1bnNldCI6eyJidWNrZXQiOnRydWUsInZlcnNpb24iOm51bGx9LCJ0ZndfdHdlZXRfZWRpdF9mcm9udGVuZCI6eyJidWNrZXQiOiJvbiIsInZlcnNpb24iOm51bGx9fQ%3D%3D&amp;frame=false&amp;hideCard=false&amp;hideThread=false&amp;id=1818930330230812684&amp;lang=pl&amp;origin=https%3A%2F%2Fwyborcza.pl%2F7%2C75399%2C31193385%2Cizraelczycy-zabili-mohameda-deifa-szefa-zbrojnego-skrzydla.html&amp;sessionId=5d630ec373366124ff63e791b3fcb6abb8bbe761&amp;theme=light&amp;widgetsVersion=2615f7e52b7e0%3A1702314776716&amp;width=550px\" width=\"650\" height=\"650\" frameborder=\"0\" scrolling=\"yes\" allowfullscreen=\"allowfullscreen\" data-tweet-id=\"1818930330230812684\" data-mce-fragment=\"1\"><\/iframe><\/p>\n<hr \/>\n<\/div>\n<\/div>\n<p style=\"text-align: left;\"><span style=\"color: #000080;\">W czwartek rano (01.08)\u00a0<a id=\"LinkArea:embed_link\" class=\"text--link \" style=\"color: #000080;\" title=\"w Teheranie trwa\u0142 pogrzeb Ismaila Hanii, politycznego przyw\u00f3dcy Hamasu w Iranie, zabitego przez Izraelczyk\u00f3w we wtorek\" href=\"https:\/\/wyborcza.pl\/7,75399,31187036,nie-zyje-przywodca-hamasu-zginal-w-teheranie.html#S.embed_link-K.C-B.1-L.1.zw\" rel=\"dofollow\" data-bd-viewability=\"1\" data-bd-viewability-id=\"embed_link\" data-bd-viewability-href=\"https:\/\/wyborcza.pl\/7,75399,31187036,nie-zyje-przywodca-hamasu-zginal-w-teheranie.html#S.embed_link-K.C-B.1-L.1.zw\">w Teheranie trwa\u0142 pogrzeb Ismaila Hanii, politycznego przyw\u00f3dcy Hamasu w Iranie, zabitego przez Izraelczyk\u00f3w we wtorek<\/a>. W uroczysto\u015bciach wzi\u0105\u0142 udzia\u0142 przyw\u00f3dca religijny Iranu ajatollah Chamenei oraz prezydent Masud Pezeszkian. Chamenei wezwa\u0142 w \u015brod\u0119 wieczorem do bezpo\u015bredniego ataku na Izrael w zwi\u0105zku z przeprowadzanym we wtorek atakiem Izraela.<\/span><\/p>\n<\/div>\n<div>\n<p class=\"text--paragraph\" style=\"text-align: left;\"><span style=\"color: #000080;\">Zabicie Hanii oceniane jest jako pogrzebanie szans na pok\u00f3j w Strefie Gazy (by\u0142 negocjatorem ze strony Hamasu). Eskalacj\u0105 konfliktu zaniepokojony jest Waszyngton. Otwart\u0105 kwesti\u0105 pozostaje, czy do wojny na pe\u0142n\u0105 skal\u0119 do\u0142\u0105czy teraz Iran.<\/span><\/p>\n<hr \/>\n<p class=\"text--paragraph\"><i>red. Micha\u0142 Olszewski<\/i><\/p>\n<\/div>\n<\/div>\n<\/div>\n<\/div>\n<hr style=\"height: 15px; background: #d0e6fa; width: 100%;\" \/>\n<div id=\"content\" class=\"content-alignment\">\n<div id=\"watch-description\" class=\"yt-uix-button-panel\">\n<div id=\"watch-description-text\" style=\"text-align: center;\">\n<p><em>Zawarto\u015b\u0107 publikowanych artyku\u0142\u00f3w i materia\u0142\u00f3w nie reprezentuje pogl\u0105d\u00f3w ani opinii Reunion&#8217;68,<\/em><em><br \/>\nani te\u017c webmastera Blogu Reunion&#8217;68, chyba ze jest to wyra\u017anie zaznaczone.<br \/>\nTwoje uwagi, linki, w\u0142asne artyku\u0142y lub wiadomo\u015bci prze\u015blij na adres:<br \/>\n<\/em><span style=\"color: #000080;\"><strong><em><a style=\"color: #000080;\" href=\"mailto:webmaster@reunion68.com\"><span style=\"text-decoration: underline;\">webmaster@reunion68.com<\/span><\/a><\/em><\/strong><\/span><\/p>\n<\/div>\n<\/div>\n<\/div>\n<hr style=\"width: 100%;\" \/>\n","protected":false},"excerpt":{"rendered":"<p>Przyw\u00f3dca wojskowego skrzyd\u0142a Hamasu, Brygady Al-Kassam, Mohammed Deif (po prawej) w miejscu okre\u015blonym jako Strefa Gazy na zdj\u0119ciu opublikowanym 7 stycznia 2024 r. (Fot. REUTERS\/Israel Defense Forces) Izraelczycy zabili Mohameda Deifa, szefa zbrojnego skrzyd\u0142a Hamasu Micha\u0142 Kokot Deif zgin\u0105\u0142 w nalocie rakietowym w Strefie Gazy w po\u0142owie lipca. Armia Izraela dopiero teraz potwierdzi\u0142a jego \u015bmier\u0107 [&hellip;]<\/p>\n","protected":false},"author":1,"featured_media":0,"comment_status":"closed","ping_status":"closed","sticky":false,"template":"","format":"standard","meta":[],"categories":[6],"tags":[26,24],"_links":{"self":[{"href":"https:\/\/www.reunion68.se\/index.php?rest_route=\/wp\/v2\/posts\/114718"}],"collection":[{"href":"https:\/\/www.reunion68.se\/index.php?rest_route=\/wp\/v2\/posts"}],"about":[{"href":"https:\/\/www.reunion68.se\/index.php?rest_route=\/wp\/v2\/types\/post"}],"author":[{"embeddable":true,"href":"https:\/\/www.reunion68.se\/index.php?rest_route=\/wp\/v2\/users\/1"}],"replies":[{"embeddable":true,"href":"https:\/\/www.reunion68.se\/index.php?rest_route=%2Fwp%2Fv2%2Fcomments&post=114718"}],"version-history":[{"count":6,"href":"https:\/\/www.reunion68.se\/index.php?rest_route=\/wp\/v2\/posts\/114718\/revisions"}],"predecessor-version":[{"id":114729,"href":"https:\/\/www.reunion68.se\/index.php?rest_route=\/wp\/v2\/posts\/114718\/revisions\/114729"}],"wp:attachment":[{"href":"https:\/\/www.reunion68.se\/index.php?rest_route=%2Fwp%2Fv2%2Fmedia&parent=114718"}],"wp:term":[{"taxonomy":"category","embeddable":true,"href":"https:\/\/www.reunion68.se\/index.php?rest_route=%2Fwp%2Fv2%2Fcategories&post=114718"},{"taxonomy":"post_tag","embeddable":true,"href":"https:\/\/www.reunion68.se\/index.php?rest_route=%2Fwp%2Fv2%2Ftags&post=114718"}],"curies":[{"name":"wp","href":"https:\/\/api.w.org\/{rel}","templated":true}]}}