{"id":114783,"date":"2024-08-05T17:05:00","date_gmt":"2024-08-05T15:05:00","guid":{"rendered":"http:\/\/www.reunion68.se\/?p=114783"},"modified":"2024-08-05T08:36:25","modified_gmt":"2024-08-05T06:36:25","slug":"07-05-102","status":"publish","type":"post","link":"https:\/\/www.reunion68.se\/?p=114783","title":{"rendered":"Iran tells Arab nations it will strike Israel despite war risk"},"content":{"rendered":"<h5 style=\"text-align: center;\"><a href=\"https:\/\/www.jns.org\/\" target=\"_blank\" rel=\"noopener noreferrer\"><img decoding=\"async\" class=\"center alignleft\" src=\"http:\/\/www.reunion68.com\/Biuletyn\/img\/jns-1.png\" alt=\"\" width=\"35%\" \/><\/a><span style=\"text-decoration: underline; color: #000080;\"><span style=\"text-decoration: underline;\"><strong><a style=\"color: #000080; text-decoration: underline;\" href=\"https:\/\/www.jns.org\/iran-tells-arab-nations-it-will-strike-israel-despite-war-risk\/\" target=\"_blank\" rel=\"noopener noreferrer\">Iran tells Arab nations it will strike Israel despite war risk<\/a><\/strong><\/span><\/span><\/h5>\n<p style=\"text-align: center;\"><span style=\"color: #000000;\"><strong>Akiva Van Koningsveld<\/strong><\/span><\/p>\n<hr style=\"height: 15px; background: #d0e6fa; width: 100%;\" \/>\n<div>\n<h4 style=\"text-align: center;\"><strong>The report came as Israeli Prime Minister Benjamin Netanyahu convened the chiefs of Israel&#8217;s security agencies for a situation assessment<\/strong><\/h4>\n<\/div>\n<p>.<\/p>\n<p style=\"text-align: center;\"><img decoding=\"async\" class=\"aligncenter\" src=\"https:\/\/cdn.jns.org\/uploads\/2024\/08\/GettyImages-2160735620-1320x880.jpg\" width=\"100%\" \/><span style=\"color: #808080;\"><em>Iranian Supreme Leader Ayatollah Ali Khamenei arrives to vote for the presidential runoff election on July 5, 2024 in Tehran, Iran. Photo by Majid Saeedi\/Getty Images.<\/em><\/span><\/p>\n<div style=\"text-align: left;\"><\/div>\n<div style=\"text-align: center;\">\n<p class=\"wp-block-paragraph\" style=\"text-align: left;\"><span style=\"color: #000080;\">Iranian officials have told Arab diplomats that Tehran is determined to strike Israel even if doing so sparks a regional war,\u00a0<em>The Wall Street Journal<\/em>\u00a0reported on Sunday.<\/span><\/p>\n<p class=\"wp-block-paragraph\" style=\"text-align: left;\"><span style=\"color: #000080;\">The United States has asked European nations and other allies to convey a message to Tehran not to escalate, the\u00a0<em>Journal<\/em>\u00a0said. U.S. officials have also\u00a0been pressing\u00a0Israel to lower tensions, according to the report.<\/span><\/p>\n<p class=\"wp-block-paragraph\" style=\"text-align: left;\"><span style=\"color: #000080;\">he Islamic Republic\u2019s\u00a0apparent\u00a0rejection of calls for restraint came as Jordanian Foreign Minister\u00a0<a style=\"color: #000080;\" href=\"https:\/\/www.jns.org\/jordanian-fm-in-iran-amid-mideast-tensions\/\">Ayman Safadi<\/a>\u00a0arrived in Tehran on a rare visit to meet with Iranian President Masoud Pezeshkian and other officials.<\/span><\/p>\n<p class=\"wp-block-paragraph\" style=\"text-align: left;\"><span style=\"color: #000080;\">The London-based Arabic-language\u00a0<em>Asharq Al-Awsat<\/em>\u00a0news site cited a Jordanian political source as saying on Sunday night that Safadi stressed to the Iranians the \u201cneutrality of Jordan\u2019s airspace.\u201d<\/span><\/p>\n<p class=\"wp-block-paragraph\" style=\"text-align: left;\"><span style=\"color: #000080;\">Amman\u2019s top diplomat reportedly noted that the Arab kingdom had condemned the alleged Israeli assassination of Hamas terrorist Ismail Haniyeh in Iran, claiming that the July 31 move was an attempt by Israeli Prime Minister Benjamin Netanyahu to \u201cspread conflict in the region.\u201d<\/span><\/p>\n<p class=\"wp-block-paragraph\" style=\"text-align: left;\"><span style=\"color: #000080;\">Pezeshkian was said to have told Safadi that \u201cthe Zionists\u2019 arrogance\u201d would not go unanswered, according to Tehran\u2019s official\u00a0<em>IRNA<\/em>\u00a0news agency.<\/span><\/p>\n<p class=\"wp-block-paragraph\" style=\"text-align: left;\"><span style=\"color: #000080;\">The Iranian regime has vowed revenge following last week\u2019s killing of\u00a0<a style=\"color: #000080;\" href=\"https:\/\/www.jns.org\/iran-says-ismail-haniyeh-assassinated-in-tehran\/\">Haniyeh<\/a>, Hamas\u2019s top political leader, who died in an explosion at his Islamic Revolutionary Guard Corps guesthouse in Tehran. Both Iran and Hamas have accused Jerusalem of carrying out the assassination.<\/span><\/p>\n<p class=\"wp-block-paragraph\" style=\"text-align: left;\"><span style=\"color: #000080;\">Iranian Supreme Leader Ali Khamenei has ordered a\u00a0<a style=\"color: #000080;\" href=\"https:\/\/www.jns.org\/khamenei-orders-attack-on-israel-for-haniyeh-killing\/\">direct attack<\/a>\u00a0on the Jewish state following the alleged bombing of the secure compound,\u00a0<em>The New York Times<\/em>\u00a0reported on Wednesday, citing Iranian officials.<\/span><\/p>\n<p class=\"wp-block-paragraph\" style=\"text-align: left;\"><span style=\"color: #000080;\">Israel has also been awaiting the response by Iran\u2019s terror proxies to its killing of top Hezbollah commander\u00a0<a style=\"color: #000080;\" href=\"https:\/\/www.jns.org\/idf-strikes-beirut-in-response-to-majdal-shams-attack\/\">Fuad Shukr<\/a>\u00a0in Beirut on July 30. Shukr was responsible for a recent rocket attack that killed 12 children in the Golan Heights, according to the IDF, and was also behind the 1983 bombing that killed 241 U.S. service members in Beirut.<\/span><\/p>\n<p class=\"wp-block-paragraph\" style=\"text-align: left;\"><span style=\"color: #000080;\">Three U.S. and Israeli officials who talked to\u00a0<em>Axios\u00a0<\/em>reporter Barak Ravid over the weekend said they expect Iran to attack as early as Monday.<\/span><\/p>\n<p class=\"wp-block-paragraph\" style=\"text-align: left;\"><span style=\"color: #000080;\">Speaking at a memorial service for revisionist Zionist leader Ze\u2019ev Jabotinsky in Jerusalem on Sunday, Netanyahu said that \u201cIran and its minions are looking to surround us in a stranglehold of terrorism.\u201d<\/span><\/p>\n<p class=\"wp-block-paragraph\" style=\"text-align: left;\"><span style=\"color: #000080;\">\u201cWe are determined to stand against them on every front and\u00a0in every\u00a0arena\u2014near and far. Whoever seeks to harm us will pay a hefty price,\u201d the prime minister added, according to a readout from his office.<\/span><\/p>\n<p class=\"wp-block-paragraph\" style=\"text-align: left;\"><span style=\"color: #000080;\">Netanyahu convened the chiefs of Israel\u2019s security agencies on Sunday evening for a situation assessment at the Kirya military headquarters in Tel Aviv,\u00a0<em>Channel 12 News<\/em>\u00a0reported, noting that the\u00a0government is still struggling to create a \u201cdefinitive picture\u201d of the assault it could be facing.<\/span><\/p>\n<p class=\"wp-block-paragraph\" style=\"text-align: left;\"><span style=\"color: #000080;\">The report said that Israel\u2019s defense establishment was considering the possibility of \u201cpreventive actions or attacks\u201d it could initiate to thwart Iran, \u201cin Lebanon or perhaps in other places where necessary.\u201d<\/span><\/p>\n<p class=\"wp-block-paragraph\" style=\"text-align: left;\"><span style=\"color: #000080;\">A source in Jerusalem told\u00a0<em>NBC News<\/em>\u00a0earlier on Sunday that the government is bracing for a combined attack by Iran and Hezbollah lasting \u201cseveral days,\u201d with missile attacks from the north and east.<\/span><\/p>\n<p class=\"wp-block-paragraph\" style=\"text-align: left;\"><span style=\"color: #000080;\">Gen.\u00a0<a style=\"color: #000080;\" href=\"https:\/\/www.jns.org\/centcom-chief-in-mideast-to-mobilize-against-iranian-attack\/\">Erik Kurilla<\/a>, commander of U.S. Central Command (CENTCOM), was scheduled to arrive in Israel on Monday as part of a pre-planned regional tour that\u00a0also\u00a0includes stops in Jordan and several Gulf states.<\/span><\/p>\n<p class=\"wp-block-paragraph\" style=\"text-align: left;\"><span style=\"color: #000080;\">Kurilla\u2019s visit will focus on building a multilateral defensive alliance similar to the one that fended off the vast majority of the more than 300 missiles and explosive drones Iran\u00a0<a style=\"color: #000080;\" href=\"https:\/\/www.jns.org\/top-iranian-general-next-attack-on-israel-will-lead-to-complete-victory\/\">fired at<\/a>\u00a0the Jewish state in mid-April.<\/span><\/p>\n<p class=\"wp-block-paragraph\" style=\"text-align: left;\"><span style=\"color: #000080;\">U.S. officials told\u00a0<em>CNN<\/em>\u00a0on Friday that it remains to\u00a0be seen\u00a0whether the\u00a0<a style=\"color: #000080;\" href=\"https:\/\/www.jns.org\/us-iranian-attack-on-israel-could-be-worse-than-april-assault\/\">coalition<\/a>\u00a0could be re-established before Iran attacks and whether all the countries that assisted the April effort are still willing to participate.<\/span><\/p>\n<p class=\"wp-block-paragraph\" style=\"text-align: left;\"><span style=\"color: #000080;\">Israeli military spokesperson Rear Adm. Daniel Hagari\u00a0in\u00a0televised remarks on\u00a0Thursday\u00a0announced that international partners would \u201cstrengthen their forces in the region\u201d\u00a0amid the looming\u00a0<a style=\"color: #000080;\" href=\"https:\/\/www.jns.org\/israel-ready-for-defense-immediate-offense-against-looming-iranian-attack\/\">Iran threat<\/a>.<\/span><\/p>\n<hr style=\"height: 15px; background: #d0e6fa; width: 100%;\" \/>\n<div id=\"content\" class=\"content-alignment\">\n<div id=\"watch-description\" class=\"yt-uix-button-panel\">\n<div id=\"watch-description-text\" style=\"text-align: center;\">\n<p><em>Zawarto\u015b\u0107 publikowanych artyku\u0142\u00f3w i materia\u0142\u00f3w nie reprezentuje pogl\u0105d\u00f3w ani opinii Reunion&#8217;68,<\/em><em><br \/>\nani te\u017c webmastera Blogu Reunion&#8217;68, chyba ze jest to wyra\u017anie zaznaczone.<br \/>\nTwoje uwagi, linki, w\u0142asne artyku\u0142y lub wiadomo\u015bci prze\u015blij na adres:<br \/>\n<\/em><span style=\"color: #000080;\"><strong><em><a style=\"color: #000080;\" href=\"mailto:webmaster@reunion68.com\"><span style=\"text-decoration: underline;\">webmaster@reunion68.com<\/span><\/a><\/em><\/strong><\/span><\/p>\n<\/div>\n<\/div>\n<\/div>\n<hr style=\"width: 100%;\" \/>\n<\/div>\n","protected":false},"excerpt":{"rendered":"<p>Iran tells Arab nations it will strike Israel despite war risk Akiva Van Koningsveld The report came as Israeli Prime Minister Benjamin Netanyahu convened the chiefs of Israel&#8217;s security agencies for a situation assessment . Iranian Supreme Leader Ayatollah Ali Khamenei arrives to vote for the presidential runoff election on July 5, 2024 in Tehran, [&hellip;]<\/p>\n","protected":false},"author":1,"featured_media":0,"comment_status":"closed","ping_status":"closed","sticky":false,"template":"","format":"standard","meta":[],"categories":[6],"tags":[26,24],"_links":{"self":[{"href":"https:\/\/www.reunion68.se\/index.php?rest_route=\/wp\/v2\/posts\/114783"}],"collection":[{"href":"https:\/\/www.reunion68.se\/index.php?rest_route=\/wp\/v2\/posts"}],"about":[{"href":"https:\/\/www.reunion68.se\/index.php?rest_route=\/wp\/v2\/types\/post"}],"author":[{"embeddable":true,"href":"https:\/\/www.reunion68.se\/index.php?rest_route=\/wp\/v2\/users\/1"}],"replies":[{"embeddable":true,"href":"https:\/\/www.reunion68.se\/index.php?rest_route=%2Fwp%2Fv2%2Fcomments&post=114783"}],"version-history":[{"count":8,"href":"https:\/\/www.reunion68.se\/index.php?rest_route=\/wp\/v2\/posts\/114783\/revisions"}],"predecessor-version":[{"id":114800,"href":"https:\/\/www.reunion68.se\/index.php?rest_route=\/wp\/v2\/posts\/114783\/revisions\/114800"}],"wp:attachment":[{"href":"https:\/\/www.reunion68.se\/index.php?rest_route=%2Fwp%2Fv2%2Fmedia&parent=114783"}],"wp:term":[{"taxonomy":"category","embeddable":true,"href":"https:\/\/www.reunion68.se\/index.php?rest_route=%2Fwp%2Fv2%2Fcategories&post=114783"},{"taxonomy":"post_tag","embeddable":true,"href":"https:\/\/www.reunion68.se\/index.php?rest_route=%2Fwp%2Fv2%2Ftags&post=114783"}],"curies":[{"name":"wp","href":"https:\/\/api.w.org\/{rel}","templated":true}]}}