{"id":114897,"date":"2024-08-11T17:00:15","date_gmt":"2024-08-11T15:00:15","guid":{"rendered":"http:\/\/www.reunion68.se\/?p=114897"},"modified":"2024-08-11T09:04:23","modified_gmt":"2024-08-11T07:04:23","slug":"12-05-102","status":"publish","type":"post","link":"https:\/\/www.reunion68.se\/?p=114897","title":{"rendered":"Report: Jordan to Allow Israel to Use Its Airspace Against Iran"},"content":{"rendered":"<h5 style=\"text-align: center;\"><a href=\"https:\/\/www.algemeiner.com\/\" target=\"_blank\" rel=\"noopener noreferrer\"><img decoding=\"async\" class=\"center alignleft\" src=\"http:\/\/www.reunion68.com\/Biuletyn\/img\/algem.png\" alt=\"\" width=\"35%\" \/><\/a><span style=\"text-decoration: underline; color: #000080;\"><span><strong><a style=\"color: #000080; text-decoration: underline;\" href=\"https:\/\/www.algemeiner.com\/2024\/08\/10\/report-jordan-to-allow-israel-to-use-its-airspace-against-iran\/\" target=\"_blank\" rel=\"noopener noreferrer\">Report: Jordan to Allow Israel to Use Its Airspace Against Iran<\/a><\/strong><\/span><\/span><\/h5>\n<p style=\"text-align: center;\"><span style=\"color: #000000;\"><strong>i24 News<\/strong> <span style=\"color: #808080;\"><em>and<\/em> <\/span><strong>Algemeiner Staff<\/strong><\/span><\/p>\n<hr style=\"height: 15px; background: #d0e6fa; width: 100%;\" \/>\n<p style=\"text-align: center;\"><img decoding=\"async\" class=\"aligncenter\" src=\"https:\/\/www.algemeiner.com\/wp-content\/uploads\/2024\/04\/2023-12-15T155310Z_49169229_RC2RX4AM2LR6_RTRMADP_3_ISRAEL-PALESTINIANS-DIPLOMACY1.jpg\" width=\"100%\" \/><span style=\"color: #808080;\"><em>Jordan\u2019s Foreign Minister Ayman Al Safadi attends a press conference after a meeting on the Gaza situation in the government\u2019s representation facility in Oslo, Norway, Dec. 15, 2023. Photo: NTB\/Stian Lysberg Solum via REUTERS<\/em><\/span><\/p>\n<p style=\"text-align: left;\"><span style=\"color: #000080;\">Jordan is reportedly permitting Israel to use its airspace to counter potential Iranian attacks, despite the official stance of the Jordanian government.<\/span><\/p>\n<p class=\"\" style=\"text-align: left;\" data-is=\"component-paragraph\"><span style=\"color: #000080;\">According to a high-ranking source in Amman cited by Israeli Channel 12, this decision aligns with Jordan\u2019s broader security interests and its policy of collaboration with Israel, as demonstrated in April when Jordan assisted in thwarting an Iranian attack.<\/span><\/p>\n<p class=\"\" style=\"text-align: left;\" data-is=\"component-paragraph\"><span style=\"color: #000080;\">The source emphasized that Jordan\u2019s actions are consistent with its strategic alliance with the United States, despite its public denials of such cooperation. This revelation comes amid heightened tensions following the recent killing of Hamas leader Ismail Haniyeh in Tehran, which Iran attributes to Israel, although Israel has not officially confirmed or denied involvement.<\/span><\/p>\n<p class=\"\" style=\"text-align: left;\" data-is=\"component-paragraph\"><span style=\"color: #000080;\">Reports suggest that Jordan had previously granted Israel similar permissions in April during an Iranian missile and drone attack. This latest development reflects the complex geopolitical dynamics in the region as Jordan navigates its alliances and security concerns amid ongoing regional conflicts.<\/span><\/p>\n<hr style=\"height: 15px; background: #d0e6fa; width: 100%;\" \/>\n<div id=\"content\" class=\"content-alignment\">\n<div id=\"watch-description\" class=\"yt-uix-button-panel\">\n<div id=\"watch-description-text\" style=\"text-align: center;\">\n<p><em>Zawarto\u015b\u0107 publikowanych artyku\u0142\u00f3w i materia\u0142\u00f3w nie reprezentuje pogl\u0105d\u00f3w ani opinii Reunion&#8217;68,<\/em><em><br \/>\nani te\u017c webmastera Blogu Reunion&#8217;68, chyba ze jest to wyra\u017anie zaznaczone.<br \/>\nTwoje uwagi, linki, w\u0142asne artyku\u0142y lub wiadomo\u015bci prze\u015blij na adres:<br \/>\n<\/em><span style=\"color: #000080;\"><strong><em><a style=\"color: #000080;\" href=\"mailto:webmaster@reunion68.com\"><span style=\"text-decoration: underline;\">webmaster@reunion68.com<\/span><\/a><\/em><\/strong><\/span><\/p>\n<\/div>\n<\/div>\n<\/div>\n<hr style=\"width: 100%;\" \/>\n","protected":false},"excerpt":{"rendered":"<p>Report: Jordan to Allow Israel to Use Its Airspace Against Iran i24 News and Algemeiner Staff Jordan\u2019s Foreign Minister Ayman Al Safadi attends a press conference after a meeting on the Gaza situation in the government\u2019s representation facility in Oslo, Norway, Dec. 15, 2023. Photo: NTB\/Stian Lysberg Solum via REUTERS Jordan is reportedly permitting Israel [&hellip;]<\/p>\n","protected":false},"author":1,"featured_media":0,"comment_status":"closed","ping_status":"closed","sticky":false,"template":"","format":"standard","meta":[],"categories":[6],"tags":[26,24],"_links":{"self":[{"href":"https:\/\/www.reunion68.se\/index.php?rest_route=\/wp\/v2\/posts\/114897"}],"collection":[{"href":"https:\/\/www.reunion68.se\/index.php?rest_route=\/wp\/v2\/posts"}],"about":[{"href":"https:\/\/www.reunion68.se\/index.php?rest_route=\/wp\/v2\/types\/post"}],"author":[{"embeddable":true,"href":"https:\/\/www.reunion68.se\/index.php?rest_route=\/wp\/v2\/users\/1"}],"replies":[{"embeddable":true,"href":"https:\/\/www.reunion68.se\/index.php?rest_route=%2Fwp%2Fv2%2Fcomments&post=114897"}],"version-history":[{"count":3,"href":"https:\/\/www.reunion68.se\/index.php?rest_route=\/wp\/v2\/posts\/114897\/revisions"}],"predecessor-version":[{"id":114912,"href":"https:\/\/www.reunion68.se\/index.php?rest_route=\/wp\/v2\/posts\/114897\/revisions\/114912"}],"wp:attachment":[{"href":"https:\/\/www.reunion68.se\/index.php?rest_route=%2Fwp%2Fv2%2Fmedia&parent=114897"}],"wp:term":[{"taxonomy":"category","embeddable":true,"href":"https:\/\/www.reunion68.se\/index.php?rest_route=%2Fwp%2Fv2%2Fcategories&post=114897"},{"taxonomy":"post_tag","embeddable":true,"href":"https:\/\/www.reunion68.se\/index.php?rest_route=%2Fwp%2Fv2%2Ftags&post=114897"}],"curies":[{"name":"wp","href":"https:\/\/api.w.org\/{rel}","templated":true}]}}