{"id":114914,"date":"2024-08-13T17:09:20","date_gmt":"2024-08-13T15:09:20","guid":{"rendered":"http:\/\/www.reunion68.se\/?p=114914"},"modified":"2024-08-12T11:27:23","modified_gmt":"2024-08-12T09:27:23","slug":"13-09-81","status":"publish","type":"post","link":"https:\/\/www.reunion68.se\/?p=114914","title":{"rendered":"Paradoksy o\u015bwieconego irracjonalizmu"},"content":{"rendered":"<p style=\"text-align: center;\"><img decoding=\"async\" class=\"aligncenter\" src=\"https:\/\/newsnotout.com\/wp-content\/uploads\/2024\/08\/WhatsApp-Image-2024-08-06-at-10.49.52-AM.jpeg\" width=\"100%\" \/><span style=\"color: #808080;\"><em>Zrzut z ekranu wideo. \/ Temples Burnt, Hindus under attack amid B&#8217;desh protests, clashes?<\/em><\/span><\/p>\n<hr \/>\n<h5 style=\"text-align: center;\"><a href=\"http:\/\/www.listyznaszegosadu.pl\/\" target=\"_blank\" rel=\"noopener noreferrer\"><img decoding=\"async\" class=\"center alignleft\" src=\"http:\/\/www.reunion68.com\/Biuletyn\/img\/z-naszego.jpg\" alt=\"\" width=\"50%\" \/><\/a><span style=\"text-decoration: underline; color: #000080;\"><span><strong><a style=\"color: #000080; text-decoration: underline;\" href=\"http:\/\/www.listyznaszegosadu.pl\/notatki\/paradoksy-oswieconego-irracjonalizmu\" target=\"_blank\" rel=\"noopener noreferrer\">Paradoksy o\u015bwieconego irracjonalizmu<\/a><\/strong><\/span><\/span><\/h5>\n<p style=\"text-align: center;\"><span style=\"color: #000000;\"><strong>Andrzej Koraszewski<\/strong><\/span><\/p>\n<hr style=\"height: 15px; background: #d0e6fa; width: 100%;\" \/>\n<div class=\"templateArticleIngress\">\n<p style=\"text-align: left;\"><span style=\"color: #000080;\">Chrze\u015bcijanie ju\u017c dawno przestali nawraca\u0107 mieczem; niekt\u00f3rzy twierdz\u0105, \u017ce \u017cyjemy w \u015bwiecie postchrze\u015bcija\u0144skim, kary \u015bmierci za bezbo\u017cno\u015b\u0107 to w naszej cz\u0119\u015bci \u015bwiata odleg\u0142a historia. Ko\u015bcio\u0142y chrze\u015bcija\u0144skie pr\u00f3buj\u0105 wp\u0142ywa\u0107 na polityk\u0119, na prawo, na \u017cycie codzienne zar\u00f3wno wierz\u0105cych, jak i niewierz\u0105cych, ale czas fizycznego terroru min\u0105\u0142, zosta\u0142 im terror psychiczny, na kt\u00f3ry wierni reaguj\u0105 opuszczaniem ko\u015bcio\u0142\u00f3w, a niewierz\u0105cy irytacj\u0105.<\/span><\/p>\n<p style=\"text-align: left;\">\n<span style=\"color: #000080;\">W por\u00f3wnaniu z islamem, chrze\u015bcija\u0144stwo jest religi\u0105 bezz\u0119bn\u0105, nadal pe\u0142n\u0105 hipokryzji, nadal zdominowan\u0105 przez postaci tak odrzucaj\u0105ce jak arcybiskup G\u0142\u00f3d\u017a, Rydzyk, czy arcybiskup J\u0119draszewski. Marzenia o Ko\u015bciele z ludzk\u0105 twarz\u0105 s\u0105 starsze od marze\u0144 o socjalizmie z ludzk\u0105 twarz\u0105 i obydwa okaza\u0142y si\u0119 utopi\u0105.<\/span><\/p>\n<\/div>\n<p style=\"text-align: left;\">\n<div class=\"templateArticleBrodtext\">\n<p style=\"text-align: left;\"><span style=\"color: #000080;\">Pi\u0119knie wierz\u0105cy byli, s\u0105 i b\u0119d\u0105. Czasem s\u0105 to kap\u0142ani pi\u0119tnuj\u0105cy sw\u00f3j Ko\u015bci\u00f3\u0142, czasem dziennikarze, lub pisarze. Chc\u0105 odnowy swojej religii, pot\u0119piaj\u0105 fa\u0142szywych pasterzy. Szeregowi wierz\u0105cy cz\u0119\u015bciej po prostu ignoruj\u0105 te nakazy swojej religii, kt\u00f3re uwa\u017caj\u0105 za amoralne lub tylko oderwane od rzeczywisto\u015bci. Czasem chc\u0105 wierzy\u0107, \u017ce ich religi\u0119 reprezentuj\u0105 pi\u0119kne puste s\u0142owa, kt\u00f3re znajduj\u0105 w religijnych ksi\u0105\u017ckach.<\/span><\/p>\n<p style=\"text-align: left;\">\n<span style=\"color: #000080;\">Cz\u0119sto przypominam zabawny incydent, kiedy zareagowa\u0142em na ateistycznym blogu na napa\u015b\u0107 na chrze\u015bcijan, pisz\u0105c o pi\u0119knie wierz\u0105cych. Internauta zapyta\u0142, gdzie ich spotykam. Odpowiedzia\u0142em, \u017ce najcz\u0119\u015bciej w mojej kuchni. W chwil\u0119 p\u00f3\u017aniej autor napa\u015bci przeprosi\u0142 swoich wierz\u0105cych przyjaci\u00f3\u0142, \u017ce o nich zapomnia\u0142.<\/span><\/p>\n<p style=\"text-align: left;\">\n<span style=\"color: #000080;\">Istnienie pi\u0119knie wierz\u0105cych jest pewne i to we wszystkich religiach. Mo\u017cemy si\u0119 d\u0142ugo zastanawia\u0107, czy to funkcja gen\u00f3w, osobowo\u015bci, wychowania w tej, a nie innej rodzinie, czy innych \u015brodowiskowych czynnik\u00f3w. Wiemy, \u017ce nie ma to wiele wsp\u00f3lnego z wykszta\u0142ceniem, \u017ce ci pi\u0119knie wierz\u0105cy trafiaj\u0105 si\u0119 we wszystkich grupach spo\u0142ecznych, jak r\u00f3wnie\u017c, \u017ce w tych samych rodzinach spotykamy religijnych fanatyk\u00f3w i ludzi odmawiaj\u0105cych nazbyt powa\u017cnego traktowania nakaz\u00f3w swoich kap\u0142an\u00f3w.<\/span><\/p>\n<p style=\"text-align: left;\">\n<span style=\"color: #000080;\">Jak to w\u0142a\u015bciwie jest z odpowiedzialno\u015bci\u0105 wiernych za jako\u015b\u0107 ich Ko\u015bcio\u0142\u00f3w? R\u00f3wnie dobrze mo\u017cemy zapyta\u0107, jak to jest z odpowiedzialno\u015bci\u0105 ateist\u00f3w za jako\u015b\u0107 partii politycznych maj\u0105cych ateizm na swoich sztandarach.<\/span><\/p>\n<p style=\"text-align: left;\">\n<span style=\"color: #000080;\">Sprawa tej odpowiedzialno\u015bci nabiera szczeg\u00f3lnej ostro\u015bci w przypadku islamu, kt\u00f3ry jest dzi\u015b najbardziej wojownicz\u0105 religi\u0105 motywuj\u0105c\u0105 do terroru i wspieraj\u0105c\u0105 terror. Czy\u00a0 mo\u017cna by\u0107 pi\u0119knie wierz\u0105cym muzu\u0142maninem bez jednoznacznego i publicznego odci\u0119cia si\u0119 od barbarzy\u0144stwa propagowanego przez islamskie instytucje i organizacje? Czy wolno nam ignorowa\u0107 niebezpiecze\u0144stwo, jakie zwi\u0105zane jest z takim g\u0142o\u015bnym odci\u0119ciem si\u0119 od tych, kt\u00f3rzy ze szczeg\u00f3ln\u0105 zawzi\u0119to\u015bci\u0105 \u015bcigaj\u0105 swoich heretyk\u00f3w? Mo\u017ce najpierw powinni\u015bmy nauczy\u0107 si\u0119 zauwa\u017ca\u0107 tych, kt\u00f3rzy mimo zagro\u017cenia podejmuj\u0105 otwart\u0105 walk\u0119. Domagaj\u0105 si\u0119 odebrania meczetom prawa do wychowywania ich dzieci na morderczych sadyst\u00f3w, domagaj\u0105 si\u0119 ingerencji rz\u0105d\u00f3w, aby przesta\u0142y zamyka\u0107 oczy na ideologi\u0119 i czyny religijnych fanatyk\u00f3w. Mo\u017cemy si\u0119 nie zgadza\u0107 z ich argumentacj\u0105, \u017ce ta ideologia nie jest prawdziwym islamem, mo\u017cemy uwa\u017ca\u0107 ich nadzieje na religi\u0119 z ludzk\u0105 twarz\u0105 za naiwne, ale ignorowanie ich okazuje si\u0119 nieodmiennie wsparciem terroryst\u00f3w nawo\u0142uj\u0105cych do walki z islamofobi\u0105.<\/span><\/p>\n<p style=\"text-align: left;\">\n<span style=\"color: #000080;\">Kiedy jeme\u0144ski dziennikarz pisze w wydawanej w Londynie po arabsku gazecie, \u017ce Hamas wykorzystuje mieszka\u0144c\u00f3w Gazy jako \u017cywe tarcze i pope\u0142nia zbrodnie przeciw ludzko\u015bci pod przykrywk\u0105 \u201eoporu\u201d, przy jednoczesnym wykorzystywaniu islamu do usprawiedliwiania swoich zbrodni, mo\u017cemy to uzna\u0107 za spraw\u0119 nie wart\u0105 wspomnienia i bez znaczenia.\u00a0\u00a0 \u00a0\u00a0\u00a0\u00a0\u00a0<\/span><\/p>\n<p style=\"text-align: left;\">\n<span style=\"color: #000080;\">Czy jednak s\u0142usznie? Czy zauwa\u017canie tych g\u0142os\u00f3w nie jest r\u00f3wnie\u017c sygna\u0142em dla naszych polityk\u00f3w, kt\u00f3rzy beztrosko stosuj\u0105\u00a0<em>outsourcing<\/em>, systematycznie przekazuj\u0105c pieni\u0105dze z naszych podatk\u00f3w, na fundusz nagr\u00f3d za zabijanie \u017byd\u00f3w, dla dziennikarzy systematycznie przekazuj\u0105cych propagand\u0119 Hamasu, udaj\u0105c, \u017ce nas informuj\u0105, i organizacji obrony praw cz\u0142owieka, kt\u00f3re tarzaj\u0105 si\u0119 we \u201ewsp\u00f3\u0142czuciu\u201d dla Palesty\u0144czyk\u00f3w, starannie ukrywaj\u0105c przed nami zbrodnie pope\u0142niane z okrzykiem Allahu Akbar na ustach.<\/span><\/p>\n<p style=\"text-align: left;\">\n<span style=\"color: #000080;\">Co ma do powiedzenia nasz jeme\u0144ski dziennikarz w wydawanej w Londynie gazecie? Hani Salem Maszour pisze:<\/span><\/p>\n<blockquote>\n<p style=\"text-align: left;\"><strong>\u201ePrzegl\u0105d historii przemocy i ekstremizmu wyra\u017anie ujawnia ideologiczne podej\u015bcie ekstremistycznych organizacji religijnych. Ludzie ci uznaj\u0105 za dozwolone przelewanie ludzkiej krwi i wykorzystuj\u0105 niewinnych cywil\u00f3w jako \u017cywe tarcze w konfliktach i d\u0105\u017ceniu do osi\u0105gni\u0119cia swoich konkretnych cel\u00f3w. Ich nikczemne ideologie usprawiedliwiaj\u0105 przemoc i wykorzystywanie niewinnych, nie przypisuj\u0105 warto\u015bci ludzkiemu \u017cyciu i uwa\u017caj\u0105 po\u015bwi\u0119cenie \u017cycia za \u015brodek do osi\u0105gni\u0119cia swoich politycznych i rzekomo religijnych cel\u00f3w.\u201d<\/strong><\/p>\n<\/blockquote>\n<p style=\"text-align: left;\"><span style=\"color: #000080;\">Maszur przypomina histori\u0119 D\u017cuhajmana ibn Muhammada ibn Sajf al-Otajbiego, cz\u0142onka Bractwa Muzu\u0142ma\u0144skiego, kt\u00f3ry w 1979 roku wzi\u0105\u0142 w Wielkim Meczecie w Mekce zak\u0142adnik\u00f3w i przetrzymywa\u0142 ich przez dwa tygodnie. (Za co zosta\u0142 wraz ze swoimi towarzyszami skazany na \u015bmier\u0107.) Motywowana religi\u0105 brutalna przemoc ma w islamie d\u0142ug\u0105 tradycj\u0119 i widzimy j\u0105 dzi\u015b w wielu miejscach na \u015bwiecie. Ekstremistyczne ideologie wykorzystuj\u0105 \u015bwi\u0119te miejsca i niewinnych ludzi do szerzenia terroru. Po Al-Otajbim, pojawi\u0142 si\u0119 Osama bin Laden, potem kolejny lider Al-Kaidy, Abu Mus&#8217;ab Al-Zarkawi, przyw\u00f3dca ISIS, Abu Bakr Al-Baghdadi, kt\u00f3ry wyr\u00f3\u017cnia\u0142 si\u0119 w u\u017cywaniu ludzi jako \u017cywych tarcz, gdy zamieni\u0142 Mosul w twierdz\u0119 terrorystyczn\u0105 i u\u017cywa\u0142 ludzi jako tarcz w swoich kampaniach przeciwko si\u0142om irackim i si\u0142om mi\u0119dzynarodowej koalicji.<\/span><\/p>\n<blockquote>\n<p style=\"text-align: left;\"><strong><span style=\"color: #000000;\">\u201eTe barbarzy\u0144skie czyny wyra\u017anie odzwierciedlaj\u0105 nikczemn\u0105 ideologi\u0119, kt\u00f3ra nie przypisuje \u017cadnej warto\u015bci ludzkiemu \u017cyciu i usprawiedliwia po\u015bwi\u0119canie niewinnych ludzi w celu urzeczywistnienia tak zwanego pa\u0144stwa kalifatu.\u201d\u00a0<\/span><\/strong><\/p>\n<\/blockquote>\n<p style=\"text-align: left;\"><span style=\"color: #000080;\">Jahja Sinwar, przyw\u00f3dca Hamasu w Gazie, jest tylko jednym z wielu. Pod pretekstem oporu wykorzystuje palesty\u0144skich cywil\u00f3w jako \u017cywe tarcze, nara\u017caj\u0105c ich w ten spos\u00f3b na niebezpiecze\u0144stwo i nasilaj\u0105c ich cierpienie. Wykorzystanie religii do usprawiedliwiania tych okrucie\u0144stw odzwierciedla stopie\u0144, w jakim te ekstremistyczne ideologie odbiegaj\u0105 od warto\u015bci humanistycznych i moralno\u015bci.<\/span><\/p>\n<p style=\"text-align: left;\">\n<span style=\"color: #000080;\">Jeme\u0144ski dziennikarz mo\u017ce nie mie\u0107 racji powtarzaj\u0105c star\u0105 mantr\u0119 \u0142\u0105cz\u0105c\u0105 bied\u0119 i bezrobocie z akceptacj\u0105 barbarzy\u0144skiej ideologii, ta ideologia pojawia si\u0119 cz\u0119sto w kr\u0119gach ludzi zamo\u017cnych i wykszta\u0142conych i przemawia do ludzi z r\u00f3\u017cnych warstw spo\u0142ecznych.\u00a0\u00a0\u00a0\u00a0\u00a0\u00a0\u00a0\u00a0<\/span><\/p>\n<p style=\"text-align: left;\">\n<span style=\"color: #000080;\">Hani Salem Maszour zauwa\u017ca, \u017ce wiele rz\u0105d\u00f3w arabskich podejmuje intensywne wysi\u0142ki w celu zwalczania tej ekstremistycznej religijnej ideologii. Tu pojawia si\u0119 utopia, wiara w skuteczno\u015b\u0107 \u0142agodnej perswazji, zmian w programach nauczania, bardziej otwartych medi\u00f3w i przedstawiania spo\u0142ecze\u0144stwu warto\u015bci tolerancji, umiarkowania i \u201eprawdziwego obrazu religii islamskiej\u201d.<\/span><\/p>\n<p style=\"text-align: left;\">\n<span style=\"color: #000080;\">Bez zdecydowanej kryminalizacji propagandy islamonazistowskiej przemocy takie dzia\u0142ania prawdopodobnie b\u0119d\u0105 mia\u0142y zerowy lub bardzo ograniczony wp\u0142yw. Tam gdzie islamofaszystowskie grupy maj\u0105 swobod\u0119 dzia\u0142ania, tam widzimy systematyczny wzrost radykalizmu (w szczeg\u00f3lno\u015bci w m\u0142odym pokoleniu).\u00a0\u00a0\u00a0<\/span><\/p>\n<p style=\"text-align: left;\">\n<span style=\"color: #000080;\">Apele tego i innych muzu\u0142ma\u0144skich dysydent\u00f3w, wzywaj\u0105ce rz\u0105dy i instytucje religijne do zmiany program\u00f3w nauczania religii, tak aby by\u0142y zgodne z nowoczesnymi warto\u015bciami i poszanowaniem praw cz\u0142owieka, s\u0105 cenne same w sobie, chocia\u017c prawdopodobnie nie spotkaj\u0105 si\u0119 z zainteresowaniem duchownych, natomiast stanowcze odrzucenie religijnego barbarzy\u0144stwa mo\u017ce zwi\u0119kszy\u0107 odwag\u0119 innych, a pokazywanie tych g\u0142os\u00f3w w krajach demokratycznych mo\u017ce sk\u0142oni\u0107 przynajmniej niekt\u00f3rych polityk\u00f3w zachodnich, by przestali bredzi\u0107 o islamofobii i zainteresowali si\u0119 tymi muzu\u0142manami, kt\u00f3rzy podzielaj\u0105 warto\u015bci demokracji.\u00a0\u00a0\u00a0\u00a0\u00a0\u00a0\u00a0\u00a0\u00a0<\/span><\/p>\n<p style=\"text-align: left;\">\n<span style=\"color: #000080;\">Jeste\u015bmy dzi\u015b \u015bwiadkami pot\u0119\u017cnych zamieszek w Wielkiej Brytanii. W\u015bciek\u0142o\u015b\u0107 na imigrant\u00f3w jest \u015blepa i bezmy\u015blna, ale mo\u017cemy i powinni\u015bmy zastanawia\u0107 si\u0119 w jakim stopniu jest ona efektem \u00a0nie tylko fatalnej polityki imigracyjnej, ale absurdalnej polityki integracyjnej z d\u0142ugotrwa\u0142\u0105 zaplanowan\u0105 tolerancj\u0105 dla nietolerancji. Zamykanie oczu na indoktrynacj\u0119 w meczetach, oszukiwanie w kwestii statystyk przest\u0119pczo\u015bci, wsp\u00f3\u0142praca z popieraj\u0105cymi terroryzm muzu\u0142ma\u0144skimi organizacjami jest dzi\u015b w spo\u0142ecze\u0144stwach zachodnich coraz cz\u0119\u015bciej zauwa\u017cana. Efektem s\u0105 wybuchowe reakcje spo\u0142eczne dalekie do racjonalno\u015bci. \u00a0<\/span><\/p>\n<p style=\"text-align: left;\">\n<span style=\"color: #000080;\">Nie jest to zjawisko ograniczone do Wielkiej Brytanii, tak jest na ca\u0142ym demokratycznym Zachodzie. Szczeg\u00f3lnie winne s\u0105 tu tak zwane liberalne media g\u0142\u00f3wnego nurtu, do kt\u00f3rych dysydenci muzu\u0142ma\u0144skiego \u015bwiata w zasadzie nie maj\u0105 wst\u0119pu, a kt\u00f3re z lubo\u015bci\u0105 zatrudniaj\u0105 zwolennik\u00f3w islamskiego terroru, (kt\u00f3rych powi\u0105zania wy\u0142a\u017c\u0105 zazwyczaj przez sprawdzanie ich tw\u00f3rczo\u015bci w mediach spo\u0142eczno\u015bciowych). \u00a0\u00a0\u00a0\u00a0\u00a0\u00a0\u00a0\u00a0\u00a0\u00a0<\/span><\/p>\n<p style=\"text-align: left;\">\n<span style=\"color: #000080;\">Najnowszy przyk\u0142ad tego skrzywienia medi\u00f3w widzimy w relacjach z Bangladeszu. Pe\u0142ne zachwyt\u00f3w, pomijaj\u0105ce doniesienia o paleniu hinduskich \u015bwi\u0105ty\u0144, o mordowaniu innowierc\u00f3w i licznych grabie\u017cach.<\/span><\/p>\n<p style=\"text-align: left;\">\n<span style=\"color: #000080;\">Trudno z naszych medi\u00f3w dowiedzie\u0107 si\u0119 o roli jak\u0105 w tym przewrocie odgrywa organizacja Hefazat-e-Islam, zindoktrynowani przez t\u0119 radykaln\u0105 organizacj\u0119 studenci i o wej\u015bciu przyw\u00f3dcy tej organizacji, szejka \u00a0Chalida Hossainiego do rz\u0105du tymczasowego. \u00a0\u00a0\u00a0\u00a0\u00a0\u00a0\u00a0\u00a0\u00a0<\/span><\/p>\n<p style=\"text-align: left;\">\n<span style=\"color: #000080;\">Czy powinni\u015bmy traktowa\u0107 powa\u017cnie ostrze\u017cenia, \u017ce Bangladesz idzie \u015bladami Afganistanu i szybkim krokiem zmierza do rz\u0105d\u00f3w szariatu? Mam zbyt ma\u0142\u0105 wiedz\u0119, ale z pewno\u015bci\u0105 budzi \u00a0niepok\u00f3j to systemowe ignorowanie g\u0142os\u00f3w ateist\u00f3w z muzu\u0142ma\u0144skiego \u015bwiata, prze\u015bladowanych w tym \u015bwiecie chrze\u015bcijan, hindus\u00f3w i buddyst\u00f3w, a wreszcie muzu\u0142man\u00f3w domagaj\u0105cych si\u0119 g\u0142\u0119bokiej reformy nauczania islamu. Coraz cz\u0119\u015bciej odnosi si\u0119 wra\u017cenie, \u017ce zlaicyzowane media i establishment polityczny niegdy\u015b chrze\u015bcija\u0144skiego \u015bwiata znajduj\u0105 dzi\u015b sojusznik\u00f3w w szeregach skrajnie prawicowych islamskich fanatyk\u00f3w, nie zdaj\u0105c sobie sprawy ze swojej zdrady w\u0142asnych idea\u0142\u00f3w.<\/span><\/p>\n<p style=\"text-align: left;\">\n<span style=\"color: #000080;\">Paradoks historii, z l\u0119ku przed mo\u017cliwo\u015bci\u0105, \u017ce mog\u0105 powt\u00f3rzy\u0107 co\u015b, co m\u00f3wi\u0105 nasi chrze\u015bcija\u0144scy fanatycy, dziennikarze wybieraj\u0105 dyskretne poparcie ideologii, z kt\u00f3r\u0105 rzekomo walcz\u0105.<\/span><\/p>\n<p style=\"text-align: left;\">\n<span style=\"color: #000080;\">Koszty tego zagubienia rosn\u0105 z dnia na dzie\u0144. W naszym za\u015bcianku to \u201ezaledwie\u201d wzrost zainteresowania ugrupowaniami takimi jak Konfederacja, w krajach takich jak Wielka Brytania czy Francja to zbli\u017canie si\u0119 do punktu wrzenia i gro\u017aba wojny domowej, w Ameryce wybory mi\u0119dzy jednym koszmarem a drugim, ze zniszczonym zaufaniem do medi\u00f3w, do polityk\u00f3w i do mo\u017cliwo\u015bci parlamentarnego rozstrzygania spor\u00f3w oraz osi\u0105gania racjonalnych kompromis\u00f3w.<\/span><\/p>\n<\/div>\n<hr style=\"height: 15px; background: #d0e6fa; width: 100%;\" \/>\n<div id=\"content\" class=\"content-alignment\">\n<div id=\"watch-description\" class=\"yt-uix-button-panel\">\n<div id=\"watch-description-text\" style=\"text-align: center;\">\n<p><em>Zawarto\u015b\u0107 publikowanych artyku\u0142\u00f3w i materia\u0142\u00f3w nie reprezentuje pogl\u0105d\u00f3w ani opinii Reunion&#8217;68,<\/em><em><br \/>\nani te\u017c webmastera Blogu Reunion&#8217;68, chyba ze jest to wyra\u017anie zaznaczone.<br \/>\nTwoje uwagi, linki, w\u0142asne artyku\u0142y lub wiadomo\u015bci prze\u015blij na adres:<br \/>\n<\/em><span style=\"color: #000080;\"><strong><em><a style=\"color: #000080;\" href=\"mailto:webmaster@reunion68.com\"><span style=\"text-decoration: underline;\">webmaster@reunion68.com<\/span><\/a><\/em><\/strong><\/span><\/p>\n<\/div>\n<\/div>\n<\/div>\n<hr style=\"width: 100%;\" \/>\n","protected":false},"excerpt":{"rendered":"<p>Zrzut z ekranu wideo. \/ Temples Burnt, Hindus under attack amid B&#8217;desh protests, clashes? Paradoksy o\u015bwieconego irracjonalizmu Andrzej Koraszewski Chrze\u015bcijanie ju\u017c dawno przestali nawraca\u0107 mieczem; niekt\u00f3rzy twierdz\u0105, \u017ce \u017cyjemy w \u015bwiecie postchrze\u015bcija\u0144skim, kary \u015bmierci za bezbo\u017cno\u015b\u0107 to w naszej cz\u0119\u015bci \u015bwiata odleg\u0142a historia. Ko\u015bcio\u0142y chrze\u015bcija\u0144skie pr\u00f3buj\u0105 wp\u0142ywa\u0107 na polityk\u0119, na prawo, na \u017cycie codzienne zar\u00f3wno [&hellip;]<\/p>\n","protected":false},"author":1,"featured_media":0,"comment_status":"closed","ping_status":"closed","sticky":false,"template":"","format":"standard","meta":[],"categories":[6],"tags":[26,24],"_links":{"self":[{"href":"https:\/\/www.reunion68.se\/index.php?rest_route=\/wp\/v2\/posts\/114914"}],"collection":[{"href":"https:\/\/www.reunion68.se\/index.php?rest_route=\/wp\/v2\/posts"}],"about":[{"href":"https:\/\/www.reunion68.se\/index.php?rest_route=\/wp\/v2\/types\/post"}],"author":[{"embeddable":true,"href":"https:\/\/www.reunion68.se\/index.php?rest_route=\/wp\/v2\/users\/1"}],"replies":[{"embeddable":true,"href":"https:\/\/www.reunion68.se\/index.php?rest_route=%2Fwp%2Fv2%2Fcomments&post=114914"}],"version-history":[{"count":5,"href":"https:\/\/www.reunion68.se\/index.php?rest_route=\/wp\/v2\/posts\/114914\/revisions"}],"predecessor-version":[{"id":114938,"href":"https:\/\/www.reunion68.se\/index.php?rest_route=\/wp\/v2\/posts\/114914\/revisions\/114938"}],"wp:attachment":[{"href":"https:\/\/www.reunion68.se\/index.php?rest_route=%2Fwp%2Fv2%2Fmedia&parent=114914"}],"wp:term":[{"taxonomy":"category","embeddable":true,"href":"https:\/\/www.reunion68.se\/index.php?rest_route=%2Fwp%2Fv2%2Fcategories&post=114914"},{"taxonomy":"post_tag","embeddable":true,"href":"https:\/\/www.reunion68.se\/index.php?rest_route=%2Fwp%2Fv2%2Ftags&post=114914"}],"curies":[{"name":"wp","href":"https:\/\/api.w.org\/{rel}","templated":true}]}}