{"id":114948,"date":"2024-08-15T17:09:45","date_gmt":"2024-08-15T15:09:45","guid":{"rendered":"http:\/\/www.reunion68.se\/?p=114948"},"modified":"2024-08-14T14:07:17","modified_gmt":"2024-08-14T12:07:17","slug":"14-09-98","status":"publish","type":"post","link":"https:\/\/www.reunion68.se\/?p=114948","title":{"rendered":"Wi\u0119kszym zagro\u017ceniem \u015bwiata s\u0105 ci, kt\u00f3rzy przyzwalaj\u0105"},"content":{"rendered":"<p><img decoding=\"async\" src=\"https:\/\/static.bonniernews.se\/bildix\/api\/images\/13df7a10-c146-56a7-9826-0a3853ab72f7.jpeg?fit=crop&amp;w=980&amp;h=551\" width=\"100%\">Warszawskie getto 1943. Fotograf nieznany. \/ foto: Wikipedia<\/p>\n<hr>\n<h5 style=\"text-align: center;\"><a href=\"https:\/\/www.listyznaszegosadu.pl\/\" target=\"_blank\" rel=\"noopener noreferrer\"><img decoding=\"async\" class=\"center alignleft\" src=\"http:\/\/www.reunion68.com\/Biuletyn\/img\/z-naszego.jpg\" alt=\"\" width=\"50%\"><\/a><span style=\"text-decoration: underline; color: #000080;\"><strong><a style=\"color: #000080; text-decoration: underline;\" href=\"https:\/\/www.listyznaszegosadu.pl\/brunatna-fala\/wiekszym-zagrozeniem-swiata-sa-ci-ktalrzy-przyzwalaja\" target=\"_blank\" rel=\"noopener noreferrer\">Wi\u0119kszym zagro\u017ceniem \u015bwiata s\u0105 ci, kt\u00f3rzy przyzwalaj\u0105<\/a><\/strong><\/span><\/h5>\n<p style=\"text-align: center;\"><span style=\"color: #000000;\"><strong>Paul Finlayson<br \/>\n<\/strong><span style=\"color: #808080;\"><em>T\u0142umaczenie:<\/em> <\/span><strong>Andrzej Koraszewski<\/strong><\/span><\/p>\n<hr style=\"height: 15px; background: #d0e6fa; width: 100%;\">\n<div class=\"templateArticleIngress\" style=\"text-align: left;\"><span style=\"color: #000080;\">Nie jestem \u017bydem, ale oczywi\u015bcie poszed\u0142em w zesz\u0142ym tygodniu na wiec przeciwko nienawi\u015bci, kt\u00f3ry mia\u0142 miejsce w synagodze Pride of Israel w Toronto. Nastr\u00f3j by\u0142 szokuj\u0105cy, pe\u0142en przera\u017cenia i gniewu. Protestuj\u0105cy na zewn\u0105trz, kt\u00f3rzy identyfikowali si\u0119 jako cz\u0142onkowie organizacji o nazwie \u201eJews Against Genocide\u201d, sk\u0142adaj\u0105cej si\u0119 najwyra\u017aniej g\u0142\u00f3wnie z nie-\u017byd\u00f3w, pr\u00f3bowali zablokowa\u0107 dost\u0119p na to spotkanie.<\/span><\/div>\n<p style=\"text-align: left;\">\n<div class=\"templateArticleBrodtext\">\n<p style=\"text-align: left;\"><span style=\"color: #000080;\">W\u0142adze tej synagogi by\u0142y przezorne; w budynku roi\u0142o si\u0119 od ochroniarzy, lokalnej policji i Kr\u00f3lewskiej Kanadyjskiej Policji Konnej, wi\u0119c protestuj\u0105cy nie mieli szans.&nbsp;<\/span><\/p>\n<p style=\"text-align: left;\">\n<span style=\"color: #000080;\">Politycy, federalni, prowincjonalni i lokalni kolejno zabierali g\u0142os. Niekt\u00f3rzy politycy byli oklaskiwani, inni wygwizdywani. Mistrz ceremonii mia\u0142 najtrudniejsze zadanie. Chwilami uczestnicy nie mogli powstrzyma\u0107 gniewu, wykrzykuj\u0105c wojownicze has\u0142a, a biedny mistrz ceremonii, pr\u00f3bowa\u0142 dawa\u0107 im kr\u00f3tkie lekcje prawdziwie obywatelskich postaw.<\/span><\/p>\n<p style=\"text-align: left;\">\n<span style=\"color: #000080;\">Konserwatywna wicepremier w gabinecie cieni, Melissa Lantsman, grzmia\u0142a gro\u017anie, domagaj\u0105c si\u0119 sko\u0144czenia z grzeczno\u015bciami i udawaniem, \u017ce je\u015bli b\u0119dziemy grzeczni, to \u0142ajdacy znikn\u0105. &nbsp;<\/span><\/p>\n<p style=\"text-align: left;\"><span style=\"color: #000080;\">Pami\u0119tacie s\u0142ynne zdj\u0119cie ch\u0142opca z Warszawskiego Getta, przera\u017cony, zdezorientowany, z podniesionymi w g\u00f3r\u0119 r\u0119kami. Czas podniesionych r\u0105k ju\u017c si\u0119 sko\u0144czy\u0142 i sko\u0144czy\u0142o si\u0119 powtarzanie przez \u017byd\u00f3w zdania, \u017ce \u201eje\u015bli b\u0119dziemy wystarczaj\u0105co grzeczni to zostawi\u0105 nas w spokoju\u201d.&nbsp; &nbsp;&nbsp;&nbsp;&nbsp;<\/span><\/p>\n<p style=\"text-align: left;\">\n<p style=\"text-align: left;\"><span style=\"color: #000080;\">Nar\u00f3d \u017cydowski jest zjednoczony, Izrael jest silny, a dzisiejsi \u017bydzi nie b\u0119d\u0105 tacy jak ci niemieccy \u017bydzi z pocz\u0105tku lat 30., kt\u00f3rzy nie mogli uwierzy\u0107, \u017ce to mo\u017ce si\u0119 wydarzy\u0107 i powtarzali sobie: \u201eJeste\u015bmy dobrymi Niemcami. Na pewno po nas nie przyjd\u0105\u201d.&nbsp;&nbsp;<\/span><\/p>\n<p style=\"text-align: left;\">\n<span style=\"color: #000080;\">Jednak w \u015brod\u0119 w synagodze Pride of Israel zapanowa\u0142 strach i ludzie zastanawiali si\u0119, czy jest mo\u017cliwe, aby TO wydarzy\u0142o si\u0119 ponownie?&nbsp;<\/span><\/p>\n<p style=\"text-align: left;\">\n<span style=\"color: #000080;\">Publiczno\u015b\u0107 na tym wiecu przeciw nienawi\u015bci wydawa\u0142a si\u0119 &#8211; niestety &#8211; sk\u0142ada\u0107 si\u0119 g\u0142\u00f3wnie z \u017byd\u00f3w; wielu by\u0142o w podesz\u0142ym wieku. Mimo, \u017ce nie by\u0142o to wydarzenie \u017cydowskie, ale obywatelskie, chocia\u017c odbywaj\u0105ce si\u0119 w synagodze.&nbsp;&nbsp;<\/span><\/p>\n<p style=\"text-align: left;\">\n<span style=\"color: #000080;\">Moje pytanie brzmi: \u201eGdzie s\u0105 goje? Gdzie s\u0105 nie-\u017bydzi? Dlaczego to jest &nbsp;nadal w du\u017cej mierze problem \u017cydowski? Jak podczas tego spotkania zauwa\u017cy\u0142 przedstawiciel policji, przest\u0119pstwa z nienawi\u015bci uderzaj\u0105 g\u0142\u00f3wnie w mniejszo\u015b\u0107 \u017cydowsk\u0105, 3,4% populacji do\u015bwiadcza 56% zg\u0142oszonych przest\u0119pstw z nienawi\u015bci.<\/span><\/p>\n<p style=\"text-align: left;\">\n<span style=\"color: #000080;\">Podczas gdy Uniwersytet Guelph i Humber College w Toronto kuli si\u0119 ze strachu i ust\u0119puje \u2013 a najwi\u0119kszym problemem tego uniwersytetu jest nadal \u201eislamofobia\u201d \u2013 cho\u0107 nikt jej nigdy na oczy nie widzia\u0142 \u2013 prawda jest taka, \u017ce w obliczu t\u0142um\u00f3w zbieraj\u0105cych si\u0119, by atakowa\u0107 \u017byd\u00f3w i syjonist\u00f3w, wielu \u017cydowskich student\u00f3w i wyk\u0142adowc\u00f3w ma dzi\u015b pow\u00f3d do strachu.&nbsp;&nbsp;<\/span><\/p>\n<p style=\"text-align: left;\">\n<span style=\"color: #000080;\">Zosta\u0142em zawieszony za zbrodni\u0119 popierania Izraela, ale nawet zwi\u0105zek zawodowy przyznaje, \u017ce administrator prowadzi osobist\u0105 wendet\u0119 przeciwko mnie i je\u015bli b\u0119dzie m\u00f3g\u0142, wyda dziesi\u0105tki tysi\u0119cy dolar\u00f3w podatnik\u00f3w, \u017ceby mnie wygna\u0107 na zawsze.<\/span><\/p>\n<p style=\"text-align: left;\">\n<span style=\"color: #000080;\">Zrani\u0142em uczucia zagorza\u0142ych nienawistnik\u00f3w \u017byd\u00f3w, poniewa\u017c powiedzia\u0142em obcemu cz\u0142owiekowi w Pakistanie, \u017ce popieram Izrael, mimo \u017ce oskar\u017cyciele, jeden z profesor\u00f3w, niekt\u00f3rzy studenci, a nawet najwy\u017cszy organ administracyjny uniwersytetu sk\u0142onili niekt\u00f3rych \u017cydowskich wyk\u0142adowc\u00f3w i student\u00f3w do ponownego podniesienia r\u0105k, maj\u0105c nadziej\u0119, \u017ce je\u015bli zmusz\u0105 ludzi do milczenia, wszystko przeminie.&nbsp;&nbsp;<\/span><\/p>\n<p style=\"text-align: left;\">\n<span style=\"color: #000080;\">Statystycznie rzecz bior\u0105c, grup\u0105, kt\u00f3ra ma najwy\u017cszy odsetek antysemit\u00f3w, s\u0105 muzu\u0142manie; tu\u017c za nimi znajduj\u0105 si\u0119 studenci uniwersytet\u00f3w, kt\u00f3rzy s\u0105 w du\u017cej mierze niereligijni i odnale\u017ali nowy kult w postaci nienawi\u015bci do \u017byd\u00f3w.&nbsp;&nbsp;<\/span><\/p>\n<p style=\"text-align: left;\">\n<span style=\"color: #000080;\">Tacy studenci twierdz\u0105, \u017ce s\u0105 tylko antysyjonistami i udaj\u0105, \u017ce istnieje magiczna granica mi\u0119dzy nawo\u0142ywaniem do zniszczenia \u017cydowskiego narodu, a antysemityzmem.&nbsp;<\/span><\/p>\n<p style=\"text-align: left;\">\n<span style=\"color: #000080;\">To po prostu tajemnicze stworzenia, kt\u00f3re kwacz\u0105, p\u0142ywaj\u0105 i chodz\u0105 jak kaczki, wygl\u0105daj\u0105 jak kaczki, ale twierdz\u0105, \u017ce kaczkami nie s\u0105.&nbsp;<\/span><\/p>\n<p style=\"text-align: left;\">\n<span style=\"color: #000080;\">Moje pytanie brzmi jednak, gdzie byli goje? Gdzie s\u0105? Dlaczego synagoga, jej rozbite okna i wisz\u0105cy w powietrzu strach przed Noc\u0105 Kryszta\u0142ow\u0105 wci\u0105\u017c w du\u017cej wywo\u0142uje panik\u0119 tylko w\u015br\u00f3d \u017byd\u00f3w?&nbsp;&nbsp;<\/span><\/p>\n<p style=\"text-align: left;\">\n<span style=\"color: #000080;\">Dlaczego tak wielu \u201echrze\u015bcijan\u201d jest tak cichych? Czy\u017c Jezus nie \u017cy\u0142 jako \u017byd?&nbsp;<\/span><\/p>\n<p style=\"text-align: left;\">\n<span style=\"color: #000080;\">Rozumiem \u017byd\u00f3w z mojego uniwersytetu, kt\u00f3rzy powiedzieli mi, \u017ce boj\u0105 si\u0119 mnie poprze\u0107, poniewa\u017c wiedz\u0105, jak g\u0142\u0119boko zakorzeniony jest antysemityzm na naszym uniwersytecie.&nbsp;&nbsp;<\/span><\/p>\n<p style=\"text-align: left;\">\n<span style=\"color: #000080;\">Wa\u017cne jest jednak, aby zauwa\u017cy\u0107, \u017ce w latach 30. nazi\u015bci skutecznie wykorzystali uniwersytety do szerzenia swojej ideologii &#8211; zar\u00f3wno w\u015br\u00f3d kadry, jak i w grupach studenckich. A kiedy zwolnili \u017cydowskich profesor\u00f3w, dobrzy Niemcy w du\u017cej mierze milczeli; oni r\u00f3wnie\u017c nie chcieli si\u0119 anga\u017cowa\u0107. To wydaje si\u0119 bardzo znajome.&nbsp;<\/span><\/p>\n<h4 style=\"text-align: left;\"><em><br \/>\n<strong>Gdzie s\u0105 goje?&nbsp;<\/strong><\/em><\/h4>\n<p style=\"text-align: left;\">\n<span style=\"color: #000080;\">Oczywi\u015bcie, wielu nie daje si\u0119 uciszy\u0107 \u2014 Douglas Murray, Terry Glavin, John Ivison i inni, wszyscy wybitni dziennikarze \u2014 ale moim zdaniem jest tu za ma\u0142o piekarzy, naukowc\u00f3w, \u015bmieciarzy, os\u00f3b wyprowadzaj\u0105cych psy, pracownik\u00f3w biurowych i pracownik\u00f3w budowlanych.&nbsp;&nbsp;<\/span><\/p>\n<h4><em><br \/>\n<strong>Gdzie s\u0105 chrze\u015bcijanie?&nbsp;<\/strong><\/em><\/h4>\n<p style=\"text-align: left;\">\n<span style=\"color: #000080;\">Czy to nie jest nar\u00f3d chrze\u015bcija\u0144ski? Najmniej antysemicki kraj na \u015bwiecie? Kanada? Daleko nam do tego. Wed\u0142ug Anti-Defamation League jeste\u015bmy o 50% bardziej antysemiccy ni\u017c Stany Zjednoczone. Najmniej antysemickimi krajami s\u0105 Laos, Filipiny, Wietnam i inne kraje; wiele z nich jest buddyjskich.&nbsp;<\/span><\/p>\n<p style=\"text-align: left;\">\n<span style=\"color: #000080;\">\u201ePo II wojnie \u015bwiatowej nazi\u015bcie \u0142atwiej by\u0142o dosta\u0107 si\u0119 do Kanady ni\u017c \u017bydowi\u201d \u2013 to s\u0142ynne powiedzenie by\u0142ego federalnego ministra sprawiedliwo\u015bci Irvinga Cotlera. Jednak \u00f3wczesny rz\u0105d nie waha\u0142 si\u0119 powo\u0142a\u0107 komisji, Komisji Desch\u00eanesa, kt\u00f3rej zapisy m\u00f3wi\u0105 o historii Kanady jako o \u201eci\u0105g\u0142ej pora\u017cce w stawianiu nazistowskich zbrodniarzy wojennych przed s\u0105dem\u201d.&nbsp;&nbsp;<\/span><\/p>\n<p style=\"text-align: left;\">\n<span style=\"color: #000080;\">Trudeau nadal jednak odmawia ujawnienia raportu tej komisji.&nbsp;&nbsp;<\/span><\/p>\n<p style=\"text-align: left;\">\n<span style=\"color: #000080;\">Irving Cotler niedawno potrzebowa\u0142 ochrony policyjnej, \u017ceby m\u00f3c porusza\u0107 si\u0119 bez obawy.&nbsp;&nbsp;<\/span><\/p>\n<p style=\"text-align: left;\">\n<span style=\"color: #000080;\">Tak, wszystko to znajduje si\u0119 w wielokulturowym raju Justina Trudeau.&nbsp;&nbsp;<\/span><\/p>\n<p style=\"text-align: left;\">\n<span style=\"color: #000080;\">Tak naprawd\u0119, to jest Justin.&nbsp;<\/span><\/p>\n<p style=\"text-align: left;\">\n<span style=\"color: #000080;\">Musimy porozmawia\u0107 o tym, kim jest Kanadyjczyk, i musimy porozmawia\u0107 o imigracji. Co? Chcesz rozmawia\u0107 o imigracji? Ty islamofobie! Ty rasisto! Alarm! Na barykady!<\/span><\/p>\n<p style=\"text-align: left;\">\n<span style=\"color: #000080;\">Kochamy t\u0119 multikulturowo\u015b\u0107 tak bardzo, \u017ce nie mamy problemu z przyjmowaniem imigrant\u00f3w, kt\u00f3rzy przybywaj\u0105 do Kanady marz\u0105c o prawie szariatu, nienawidz\u0105 \u017byd\u00f3w, chc\u0105, aby homoseksuali\u015bci byli zrzucani z dach\u00f3w i kt\u00f3rzy dzi\u015b wzywaj\u0105 do intifady na ulicach Toronto \u2013 miasta w kraju, kt\u00f3ry woli przyjemne mity i samouwielbienie od rzeczywisto\u015bci.<\/span><\/p>\n<p style=\"text-align: left;\">\n<span style=\"color: #000080;\">W Kanadzie najwyra\u017aniej panuje przekonanie, \u017ce nie ma czego\u015b takiego jak kanadyjskie warto\u015bci; wierz\u0105, \u017ce kiedy ludzie przekraczaj\u0105 granic\u0119, zostaje na nich posypany magiczny proszek asymilacyjny, kt\u00f3ry sprawia, \u017ce ceni\u0105 wszystkie religie i kultury i kibicuj\u0105 lokalnej dru\u017cynie NHL, ale miejmy nadziej\u0119, \u017ce nie dru\u017cynie Habs.&nbsp;&nbsp;<\/span><\/p>\n<p style=\"text-align: left;\">\n<span style=\"color: #000080;\">A gdzie s\u0105 nie \u017bydzi, kt\u00f3rzy staj\u0105 w obronie narodu \u017cydowskiego b\u0119d\u0105cego w stanie obl\u0119\u017cenia?&nbsp;<\/span><\/p>\n<p style=\"text-align: left;\">\n<span style=\"color: #000080;\">Kto\u015b chcia\u0142 ze mn\u0105 rozpocz\u0105\u0107 przedsi\u0119wzi\u0119cie biznesowe, ale sprzeciwi\u0142 si\u0119 temu, co napisa\u0142em na &nbsp;\u017cydowskiej grupie na Facebooku. Oczywi\u015bcie, on nie jest antysemit\u0105, ma swoj\u0105 kanadyjsk\u0105 kart\u0119 moralnej czysto\u015bci, samozadowolenia, kt\u00f3ra jest do\u0142\u0105czona do karty wsp\u00f3lnych przekona\u0144: \u201emamy najlepsz\u0105 opiek\u0119 zdrowotn\u0105 na \u015bwiecie\u201d i kanadyjskiego motta &#8211; \u201eje\u015bli wystarczaj\u0105co cz\u0119sto powtarzamy k\u0142amstwo lub mit, staje si\u0119 on prawd\u0105\u201d.&nbsp;&nbsp;<\/span><\/p>\n<p style=\"text-align: left;\">\n<span style=\"color: #000080;\">Ilu cz\u0142onk\u00f3w mojego wydzia\u0142u na Uniwersytecie w Guelph popar\u0142o mnie, gdy zosta\u0142em zawieszony za obron\u0119 \u017byd\u00f3w? Zero. Po cichu, dw\u00f3ch, ale pozostali krzycz\u0105: \u201eNie powinni\u015bmy z nim rozmawia\u0107\u201d \u2013 jakby jaki\u015b tyran na najwy\u017cszym pi\u0119trze mia\u0142 wizyt\u0119 wszechmog\u0105cego, kt\u00f3ry da\u0142 mu prawo do powiedzenia tysi\u0105com pracownik\u00f3w, student\u00f3w i wyk\u0142adowc\u00f3w, z kim wolno im rozmawia\u0107.&nbsp;&nbsp;<\/span><\/p>\n<p style=\"text-align: left;\">\n<span style=\"color: #000080;\">Co dziwne, to g\u0142\u00f3wnie moi karaibscy wsp\u00f3\u0142pracownicy wyrazili swoje zaniepokojenie.&nbsp;&nbsp;<\/span><\/p>\n<p style=\"text-align: left;\">\n<span style=\"color: #000080;\">Biali \u201echrze\u015bcijanie\u201d milcz\u0105, wydaj\u0105 si\u0119 m\u00f3wi\u0107: to nie moja sprawa, odwracaj\u0105 si\u0119, pewnie s\u0105dz\u0105, \u017ce je\u015bli zignorujemy niesprawiedliwo\u015b\u0107, to ona po prostu zniknie.&nbsp;&nbsp;<\/span><\/p>\n<p style=\"text-align: left;\">\n<span style=\"color: #000080;\">M\u00f3j szef postanowi\u0142 opr\u00f3\u017cni\u0107 moje biuro, zabieraj\u0105c papiery mojego zmar\u0142ego ojca, kartki od mojej c\u00f3rki, gdy dopiero uczy\u0142a si\u0119 pisa\u0107, i inne osobiste przedmioty. Po prostu najwyra\u017aniej wrzuci\u0142 je wszystkie do pud\u0142a i zabra\u0142 je bez pozwolenia. Jaki porz\u0105dny cz\u0142owiek m\u00f3g\u0142by to zrobi\u0107?<\/span><\/p>\n<p style=\"text-align: left;\">\n<span style=\"color: #000080;\">By\u0107 mo\u017ce b\u0119d\u0119 musia\u0142 zwr\u00f3ci\u0107 si\u0119 do policji, \u017ceby odzyska\u0107 moje rzeczy osobiste na tym moralnym uniwersytecie.&nbsp;<\/span><\/p>\n<p style=\"text-align: left;\">\n<span style=\"color: #000080;\">Ale m\u00f3j szef nie jest antysemit\u0105, bro\u0144 bo\u017ce.&nbsp;<\/span><\/p>\n<p style=\"text-align: left;\">\n<span style=\"color: #000080;\">Podpisa\u0142 pozew przeciwko mnie, bo podobno naruszy\u0142em prawa cz\u0142owieka. Uniwersytecka prawniczka, te\u017c nie jest antysemitk\u0105, ona tylko lubi grozi\u0107 tym, kt\u00f3rzy maj\u0105 czelno\u015b\u0107 stan\u0105\u0107 po stronie \u017byd\u00f3w.&nbsp;<\/span><\/p>\n<p style=\"text-align: left;\">\n<span style=\"color: #000080;\">Ale ma kanadyjsk\u0105 kart\u0119 wszelkich cn\u00f3t, wi\u0119c jest dobra.&nbsp;<\/span><\/p>\n<p style=\"text-align: left;\">\n<span style=\"color: #000080;\">Zwi\u0105zki zawodowe, z kt\u00f3rych jeden jest kierowany przez zwolennika Hamasu, a drugi przez grup\u0119, kt\u00f3ra uwa\u017ca, \u017ce ich zadaniem jest walka o sprawiedliwo\u015b\u0107 spo\u0142eczn\u0105 i kt\u00f3ra niedawno g\u0142osowa\u0142a za bojkotem Izraela, s\u0105 konsekwentne. Wyobra\u017a sobie, \u017ce palesty\u0144ski profesor zosta\u0142by zawieszony za krytyk\u0119 Izraela w rozmowie z nieznajomym w innym kraju. Wyobra\u017a sobie, \u017ce wy\u017csza administracja poprowadzi\u0142aby lub tolerowa\u0142a kampani\u0119 znies\u0142awiaj\u0105c\u0105 przeciwko temu profesorowi \u2013 zwi\u0105zki zawodowe walczy\u0142yby jak lwy. Zaoferowaliby pomoc prawn\u0105 swojemu poszkodowanemu cz\u0142onkowi i prawdopodobnie pikietowaliby biura administracji. Ale oni nie s\u0105 antysemitami.&nbsp;&nbsp;<\/span><\/p>\n<p style=\"text-align: left;\">\n<span style=\"color: #000080;\">Yeats w swoim s\u0142ynnym wierszu Drugie przyj\u015bcie, cytowanym przez osoby takie jak ja, kt\u00f3re niewiele wiedz\u0105 o poezji, powiedzia\u0142:&nbsp;<\/span><\/p>\n<p style=\"text-align: left;\">\n<span style=\"color: #000080;\">\u201eNajlepsi nie maj\u0105 \u017cadnych przekona\u0144, podczas gdy najgorsi<\/span><\/p>\n<p style=\"text-align: left;\"><span style=\"color: #000080;\">S\u0105 pe\u0142ni nami\u0119tnego \u017caru.\u201d<\/span><\/p>\n<h1 style=\"text-align: center;\">\u2026<\/h1>\n<p style=\"text-align: left;\"><span style=\"color: #000080;\">Sp\u00f3jrzmy na dwie grupy: jedni, Kanadyjczycy nieb\u0119d\u0105cy \u017bydami, kt\u00f3rzy czuj\u0105, \u017ce co\u015b jest nie tak, drudzy aktywi\u015bci rzucaj\u0105cy kamieniami w okna synagog, kt\u00f3rzy mog\u0105 liczy\u0107 na wyrozumia\u0142o\u015b\u0107 pracownik\u00f3w biur ds. praw cz\u0142owieka na uniwersytetach i uczelniach.&nbsp;<\/span><\/p>\n<p style=\"text-align: left;\">\n<span style=\"color: #000080;\">Pierwsi boj\u0105 si\u0119 skrytykowa\u0107 koleg\u0119 z pracy, kt\u00f3ry opowiada ohydne antysemickie dowcipy; boj\u0105 si\u0119, \u017ce mog\u0105 urazi\u0107 swojego koleg\u0119, profesora, kt\u00f3ry nie jest bia\u0142y, zauwa\u017caj\u0105c, \u017ce dostrzegaj\u0105 co\u015b niew\u0142a\u015bciwego w publikowaniu film\u00f3w komik\u00f3w \u201e\u017cartuj\u0105cych\u201d z \u017byd\u00f3w robi\u0105cych ubrania ze sk\u00f3r goj\u00f3w. Reaguj\u0105 obaw\u0105, \u017ce &nbsp;kto\u015b mo\u017ce pomy\u015ble\u0107, \u017ce jest rasist\u0105, o nie, lepiej si\u0119 w to nie miesza\u0107.&nbsp;&nbsp;<\/span><\/p>\n<p style=\"text-align: left;\">\n<span style=\"color: #000080;\">Oni po prostu nie chc\u0105 si\u0119 anga\u017cowa\u0107. (Mo\u017ce powinni\u015bmy umie\u015bci\u0107 to w naszym hymnie?) Ale prosz\u0119, nie m\u00f3w mi, \u017ce chocia\u017c teraz nie staniesz w obronie \u017byd\u00f3w, to zrobisz to, je\u015bli sprawy potocz\u0105 si\u0119 naprawd\u0119, naprawd\u0119 \u017ale.&nbsp;&nbsp;<\/span><\/p>\n<p style=\"text-align: left;\">\n<span style=\"color: #000080;\">Nie, nie zrobisz tego, m\u00f3j nie\u017cydowski rodaku.&nbsp;&nbsp;<\/span><\/p>\n<p style=\"text-align: left;\">\n<span style=\"color: #000080;\">S\u0142ysza\u0142em, jak pewna ocala\u0142a z Holokaustu opowiada\u0142a, \u017ce gdy jej siostra wygl\u0105da\u0142a przez okno, a ludzie rzucali kamieniami, odwr\u00f3ci\u0142a si\u0119 do matki i powiedzia\u0142a:&nbsp;<\/span><\/p>\n<p style=\"text-align: left;\"><span style=\"color: #000080;\"><em><br \/>\n\u201eAle mamo, to nasi s\u0105siedzi rzucaj\u0105 kamieniami\u201d.<\/em><\/span><\/p>\n<p style=\"text-align: left;\">\n<span style=\"color: #000080;\">Oni s\u0105 tymi, kt\u00f3rzy b\u0119d\u0105 rzuca\u0107 kamieniami. Jeszcze nie zacz\u0119li, ale duchem s\u0105 ju\u017c z tymi, kt\u00f3rzy to robi\u0105.&nbsp;<\/span><\/p>\n<p style=\"text-align: left;\"><span style=\"color: #000080;\">I dlatego Izrael musi by\u0107 silny.&nbsp;<\/span><\/p>\n<hr>\n<p style=\"text-align: left;\"><span style=\"color: #808080;\"><em><strong>Paul Finlayson<\/strong> \u2013 kanadyjski nauczyciel akademicki, wyk\u0142adowca marketingu na University of Guelph-Humber, obecnie zawieszony na sze\u015b\u0107 miesi\u0119cy w zwi\u0105zku z zarzutem uporczywego dementowania k\u0142amstw o Izraelu.&nbsp;<\/em><\/span><\/p>\n<\/div>\n<hr style=\"height: 15px; background: #d0e6fa; width: 100%;\">\n<div id=\"content\" class=\"content-alignment\">\n<div id=\"watch-description\" class=\"yt-uix-button-panel\">\n<div id=\"watch-description-text\" style=\"text-align: center;\">\n<p><em>Zawarto\u015b\u0107 publikowanych artyku\u0142\u00f3w i materia\u0142\u00f3w nie reprezentuje pogl\u0105d\u00f3w ani opinii Reunion&#8217;68,<\/em><em><br \/>\nani te\u017c webmastera Blogu Reunion&#8217;68, chyba ze jest to wyra\u017anie zaznaczone.<br \/>\nTwoje uwagi, linki, w\u0142asne artyku\u0142y lub wiadomo\u015bci prze\u015blij na adres:<br \/>\n<\/em><span style=\"color: #000080;\"><strong><em><a style=\"color: #000080;\" href=\"mailto:webmaster@reunion68.com\"><span style=\"text-decoration: underline;\">webmaster@reunion68.com<\/span><\/a><\/em><\/strong><\/span><\/p>\n<\/div>\n<\/div>\n<\/div>\n<hr style=\"width: 100%;\">\n","protected":false},"excerpt":{"rendered":"<p>Warszawskie getto 1943. Fotograf nieznany. \/ foto: Wikipedia Wi\u0119kszym zagro\u017ceniem \u015bwiata s\u0105 ci, kt\u00f3rzy przyzwalaj\u0105 Paul Finlayson T\u0142umaczenie: Andrzej Koraszewski Nie jestem \u017bydem, ale oczywi\u015bcie poszed\u0142em w zesz\u0142ym tygodniu na wiec przeciwko nienawi\u015bci, kt\u00f3ry mia\u0142 miejsce w synagodze Pride of Israel w Toronto. Nastr\u00f3j by\u0142 szokuj\u0105cy, pe\u0142en przera\u017cenia i gniewu. Protestuj\u0105cy na zewn\u0105trz, kt\u00f3rzy identyfikowali [&hellip;]<\/p>\n","protected":false},"author":1,"featured_media":0,"comment_status":"closed","ping_status":"closed","sticky":false,"template":"","format":"standard","meta":[],"categories":[6],"tags":[26,24],"_links":{"self":[{"href":"https:\/\/www.reunion68.se\/index.php?rest_route=\/wp\/v2\/posts\/114948"}],"collection":[{"href":"https:\/\/www.reunion68.se\/index.php?rest_route=\/wp\/v2\/posts"}],"about":[{"href":"https:\/\/www.reunion68.se\/index.php?rest_route=\/wp\/v2\/types\/post"}],"author":[{"embeddable":true,"href":"https:\/\/www.reunion68.se\/index.php?rest_route=\/wp\/v2\/users\/1"}],"replies":[{"embeddable":true,"href":"https:\/\/www.reunion68.se\/index.php?rest_route=%2Fwp%2Fv2%2Fcomments&post=114948"}],"version-history":[{"count":6,"href":"https:\/\/www.reunion68.se\/index.php?rest_route=\/wp\/v2\/posts\/114948\/revisions"}],"predecessor-version":[{"id":114977,"href":"https:\/\/www.reunion68.se\/index.php?rest_route=\/wp\/v2\/posts\/114948\/revisions\/114977"}],"wp:attachment":[{"href":"https:\/\/www.reunion68.se\/index.php?rest_route=%2Fwp%2Fv2%2Fmedia&parent=114948"}],"wp:term":[{"taxonomy":"category","embeddable":true,"href":"https:\/\/www.reunion68.se\/index.php?rest_route=%2Fwp%2Fv2%2Fcategories&post=114948"},{"taxonomy":"post_tag","embeddable":true,"href":"https:\/\/www.reunion68.se\/index.php?rest_route=%2Fwp%2Fv2%2Ftags&post=114948"}],"curies":[{"name":"wp","href":"https:\/\/api.w.org\/{rel}","templated":true}]}}