{"id":115076,"date":"2024-08-18T17:09:45","date_gmt":"2024-08-18T15:09:45","guid":{"rendered":"http:\/\/www.reunion68.se\/?p=115076"},"modified":"2024-08-17T20:56:33","modified_gmt":"2024-08-17T18:56:33","slug":"19-09-100","status":"publish","type":"post","link":"https:\/\/www.reunion68.se\/?p=115076","title":{"rendered":"Rze\u017a Ormian &#8211; zapomniane [prawdziwe Tureckie] ludob\u00f3jstwo"},"content":{"rendered":"<p style=\"text-align: center;\"><img decoding=\"async\" class=\"aligncenter\" src=\"https:\/\/ocdn.eu\/pulscms-transforms\/1\/n9Fk9kpTURBXy9lNGVjNGI0ZTUwNjBkMDkyYjJlODg0YTBlMmNkNmY1Yy5wbmeTlQMAzIvNC_XNBrmTBc0DFM0BvJMJpjIxMWRjMQbeAAGhMAY\/ormianscy-uchodzcy-1915-r.avif\" width=\"100%\" \/><span style=\"color: #808080;\"><em>Ormia\u0144scy uchod\u017acy, 1915 r<\/em><\/span>.<\/p>\n<hr \/>\n<h5 style=\"text-align: center;\"><a href=\"https:\/\/wiadomosci.onet.pl\/\" target=\"_blank\" rel=\"noopener noreferrer\"><img decoding=\"async\" class=\"center alignleft\" src=\"http:\/\/www.reunion68.com\/Biuletyn\/img\/onnet-1.png\" alt=\"\" width=\"35%\" \/><\/a><span style=\"text-decoration: underline; color: #000080;\"><strong><a style=\"color: #000080; text-decoration: underline;\" href=\"https:\/\/wiadomosci.onet.pl\/swiat\/ludobojstwo-ormian-niewyobrazalna-zbrodnia\/s97jy7j\" target=\"_blank\" rel=\"noopener noreferrer\">Rze\u017a Ormian &#8211; zapomniane [prawdziwe Tureckie] ludob\u00f3jstwo<\/a><\/strong><\/span><\/h5>\n<p style=\"text-align: center;\"><span style=\"color: #000000;\"><strong><img decoding=\"async\" src=\"https:\/\/ocdn.eu\/pulscms-transforms\/1\/UJIk9kpTURBXy9hMjdhNWE0YzZjZGRmNzg0YmFmYmVhMTc4MTUwYTQ0OC5wbmeRkwIAHt4AAaEwBg\" \/><\/strong><\/span><\/p>\n<hr style=\"height: 15px; background: #d0e6fa; width: 100%;\" \/>\n<h4 style=\"text-align: center;\"><strong>W trakcie I wojny \u015bwiatowej na terenie Imperium Osma\u0144skiego dosz\u0142o do niewyobra\u017calnej zbrodni, kt\u00f3rej turecka w\u0142adza dopu\u015bci\u0142a si\u0119 na ludno\u015bci ormia\u0144skiej. Wydarzenia te niemal doprowadzi\u0142y do eksterminacji potomk\u00f3w najstarszego chrze\u015bcija\u0144skiego pa\u0144stwa.<\/strong><\/h4>\n<p>.<\/p>\n<ul class=\"firstList narrow\" data-scroll=\"bullet\">\n<li><strong><span class=\"elementListWrapper\">W starciach z Rosj\u0105 Turcy ponie\u015bli pora\u017ck\u0119, a najdotkliwsza spotka\u0142a ich w styczniu 1915 r. pod Sarikamis.\u00a0Za t\u0119 kl\u0119sk\u0119 Osmanie nies\u0142usznie winili Ormian<\/span><\/strong><\/li>\n<li><strong><span class=\"elementListWrapper\">Akty prawne zatwierdzane w trybie pilnym pozwala\u0142y na aresztowania i deportacje Ormian ze wszystkich teren\u00f3w Imperium. Dzia\u0142ania te doprowadzi\u0142y do wysiedlania ca\u0142ych wsi i miasteczek<\/span><\/strong><\/li>\n<li><strong><span class=\"elementListWrapper\">Marsze \u015bmierci by\u0142y zaplanowane tak, by w ich trakcie zmar\u0142a jak najwi\u0119ksza ilo\u015b\u0107 ludzi. Istniej\u0105 dowody na to, i\u017c do Eufratu wrzucono tyle cia\u0142, \u017ce woda w rzece sta\u0142a si\u0119 czerwona od krwi<\/span><\/strong><\/li>\n<li><strong><span class=\"elementListWrapper\">Zdumiewa bestialstwo Turk\u00f3w wobec Ormian \u2013 wydaje si\u0119, \u017ce oprawcy planowo doprowadzali ich do stanu swoistego odcz\u0142owieczenia<\/span><\/strong><\/li>\n<\/ul>\n<h4 class=\"narrow\"><strong>Kim byli Ormianie?<\/strong><\/h4>\n<p class=\"hyphenate narrow  \" data-scroll=\"paragraph_3\"><span style=\"color: #000080;\">Swoj\u0105 ojczyzn\u0119 Ormianie nazywaj\u0105 Hajastanem, cho\u0107 my znamy j\u0105 pod nazw\u0105 Armenia. Historycznie kraj ten zajmowa\u0142 obszar wy\u017cyny mi\u0119dzy Kaukazem, Azj\u0105 Mniejsz\u0105 i Persj\u0105. Od zawsze znajduj\u0105ce si\u0119 na pograniczu Europy i Azji w 301 r. pa\u0144stwo to ustanowi\u0142o chrze\u015bcija\u0144stwo swoj\u0105 religi\u0105, staj\u0105c si\u0119 tym samym pierwszym schrystianizowanym krajem.<\/span><\/p>\n<aside class=\"intext adsContainer\" data-configuration=\"{&quot;extraData&quot;:{&quot;lazy&quot;:1},&quot;slotName&quot;:&quot;flat-link1&quot;,&quot;position&quot;:1}\" data-run-module=\"local\/main.intextAd\" data-run-module-isrun=\"1\">\n<div class=\"slotContainer\"><\/div>\n<\/aside>\n<p class=\"hyphenate narrow  \" data-scroll=\"paragraph_5\"><span style=\"color: #000080;\">Jednak wraz ze zmianami terytorialnym na obszarze Anatolii kraj Ormian zosta\u0142 ostatecznie wch\u0142oni\u0119ty przez Imperium Osma\u0144skie, kt\u00f3re w swoich szczytowych momentach rozci\u0105ga\u0142o si\u0119 od Morza Kaspijskiego po niemal\u017ce Wiede\u0144. \u017bycie w jego granicach by\u0142o wzgl\u0119dnie spokojnie dla mniejszo\u015bci narodowych, je\u015bli tylko zgadza\u0142y si\u0119 funkcjonowa\u0107 w my\u015bl narzuconych przez su\u0142tana zasad i regularnie p\u0142aci\u0107 na\u0142o\u017cone na nich podatki.<\/span><\/p>\n<p class=\"hyphenate narrow  \" data-scroll=\"paragraph_6\"><span style=\"color: #000080;\">Ten heterogeniczny kraj wypracowa\u0142 szereg praw stworzonych z my\u015bl\u0105 o bezpiecznym koegzystowaniu obywateli r\u00f3\u017cnych narodowo\u015bci, zamieszkuj\u0105cych jego granice. I cho\u0107 pocz\u0105tkowo sprawdza\u0142 on si\u0119 ca\u0142kiem dobrze, to wszystko zmieni\u0142o nadej\u015bcie XIX w. Wtedy to silnie zacz\u0119\u0142a si\u0119 rozwija\u0107 to\u017csamo\u015b\u0107 narodowa, a wraz z ni\u0105 pojawi\u0142y si\u0119 my\u015bli separatystyczne, w tym r\u00f3wnie\u017c po\u015br\u00f3d Ormian. Nastroje te nie spodoba\u0142y si\u0119 w\u0142adzy Imperium, co doprowadzi\u0142o do pierwszych pogrom\u00f3w ludno\u015bci ormia\u0144skiej wykonanych na rozkaz su\u0142tana Abd\u00fclhamida II.<\/span><\/p>\n<p class=\"hyphenate narrow  \" data-scroll=\"paragraph_7\"><span style=\"color: #000080;\">Wydarzenia te mia\u0142y miejsce w latach 1894-1896 i szacuje si\u0119, \u017ce w ich trakcie zgin\u0119\u0142o oko\u0142o 300 tys. Ormian. A by\u0142a to zapowied\u017a tragedii, kt\u00f3ra mia\u0142a dopiero nadej\u015b\u0107.<\/span><\/p>\n<h4 class=\"narrow\"><strong>M\u0142odoturcy<\/strong><\/h4>\n<p class=\"hyphenate narrow  \" style=\"text-align: left;\" data-scroll=\"paragraph_10\"><span style=\"color: #000080;\">W 1908 r. do w\u0142adzy w Imperium Osma\u0144skim doszed\u0142 nowy ruch polityczny \u2013 m\u0142odoturcy. Dokonali oni wojskowego zamachu stanu, zmuszaj\u0105c autokratycznego su\u0142tana Abd\u00fclhamida II do ust\u0105pienia.<\/span><\/p>\n<p class=\"hyphenate narrow  \" style=\"text-align: left;\" data-scroll=\"paragraph_11\"><span style=\"color: #000080;\">Ugrupowanie to by\u0142o okre\u015blane jako organizacja patronacka, posiadaj\u0105ca lepsz\u0105 wizj\u0119 kraju ni\u017c su\u0142tan. Uwa\u017cali, \u017ce bez konstytucji i parlamentu pa\u0144stwo nie mo\u017ce si\u0119 rozwija\u0107. Mieli by\u0107 r\u00f3wnie\u017c zapowiedzi\u0105 nowej epoki, zwiastuj\u0105cej zmian\u0119 podej\u015bcia do niewiernych. Odzwierciedla\u0142o si\u0119 to chocia\u017cby poprzez zgod\u0119 na wst\u0119powanie Ormian w wojskowe szeregi. Jednak rado\u015b\u0107 z tych zmian nie trwa\u0142a d\u0142ugo.<\/span><\/p>\n<p class=\"hyphenate narrow  \" style=\"text-align: left;\" data-scroll=\"paragraph_12\"><span style=\"color: #000080;\">W latach 1912 i 1913, w wyniku dw\u00f3ch wojen ba\u0142ka\u0144skich, Imperium Osma\u0144skie straci\u0142o ziemie na P\u00f3\u0142wyspie Ba\u0142ka\u0144skim, stanowi\u0105ce ponad 70 proc. jego europejskiego terytorium. By\u0142 to powa\u017cny cios, kt\u00f3ry dodatkowo pog\u0142\u0119bia\u0142y nap\u0142ywaj\u0105ce z tych teren\u00f3w fale tureckich uchod\u017ac\u00f3w.<\/span><\/p>\n<p class=\"hyphenate narrow  \" style=\"text-align: left;\" data-scroll=\"paragraph_13\"><span style=\"color: #000080;\">W Stambule w bardzo kr\u00f3tkim czasie pojawi\u0142o si\u0119 ponad 100 tys. wojennych emigrant\u00f3w. By\u0142y to t\u0142umy zgorzknia\u0142ych ludzi, kt\u00f3rych maj\u0105tki przepad\u0142y, a ich czeka\u0142 g\u0142\u00f3d na ulicach miasta, gdy\u017c rz\u0105d nie by\u0142 w stanie im pom\u00f3c. Opowiadane przez nich historie o tym, jaki los spotka\u0142 ich ze strony chrze\u015bcijan, umacnia\u0142y nacjonalistyczne nastroje oraz wewn\u0119trzne napi\u0119cia, skupiaj\u0105ce si\u0119 na niewiernych, pozosta\u0142ych na terenie Imperium Osma\u0144skiego.<\/span><\/p>\n<p class=\"hyphenate narrow  \" style=\"text-align: left;\" data-scroll=\"paragraph_16\"><span style=\"color: #000080;\">Przegrana na Ba\u0142kanach oraz obawa przed dalszymi powstaniami sta\u0142a si\u0119 g\u0142\u00f3wn\u0105 si\u0142\u0105 nap\u0119dow\u0105 tureckiego nacjonalizmu. W narodzie tureckim pojawi\u0142 si\u0119 strach przed utrat\u0105 Anatolii, a wraz z nim prze\u015bwiadczenie, \u017ce wszelkie metody jej obrony s\u0105 usprawiedliwione.<\/span><\/p>\n<p class=\"hyphenate narrow  \" style=\"text-align: left;\" data-scroll=\"paragraph_17\"><span style=\"color: #000080;\">Pod wp\u0142ywem tych wydarze\u0144, w 1913 r. radykalny, nacjonalistyczny oddzia\u0142 m\u0142odoturk\u00f3w uzyska\u0142 pe\u0142n\u0105 kontrol\u0119 w rz\u0105dzie. Na jego czele stan\u0105\u0142 Mehmet Talaat, kt\u00f3ry wraz z ministrem obrony, Ismailem Enverem, oraz Ahmedem Cemalem, ministrem marynarki, stworzyli &#8220;m\u0142odoturecki triumwirat&#8221;. U podstaw ich ideologii le\u017ca\u0142 turecki nacjonalizm, za\u015b g\u0142\u00f3wnym celem by\u0142o stworzenie ojczyzny dla Turk\u00f3w w Anatolii. Has\u0142em przy\u015bwiecaj\u0105cym ich dzia\u0142aniom by\u0142o: &#8220;Turcja dla Turk\u00f3w&#8221;.<\/span><\/p>\n<h4 class=\"narrow\"><strong>Wewn\u0119trzny wr\u00f3g<\/strong><\/h4>\n<p class=\"hyphenate narrow  \" data-scroll=\"paragraph_20\"><span style=\"color: #000080;\">Po wybuchu I wojny \u015bwiatowej Imperium Osma\u0144skie opowiedzia\u0142o si\u0119 po stronie Niemiec. Enver liczy\u0142 na wykorzystanie wp\u0142yw\u00f3w niemieckich w rozszerzaniu granic kraju na wsch\u00f3d. Planowa\u0142 podbi\u0107 Kaukaz i rosyjsk\u0105 cz\u0119\u015bci \u015brodkowej Azji, jednocz\u0105c tym samym Turk\u00f3w zamieszkuj\u0105cych tamte tereny. By\u0142 to kolejny etap na drodze do stworzenia wielkiego tureckiego pa\u0144stwa.<\/span><\/p>\n<p class=\"hyphenate narrow  \" data-scroll=\"paragraph_21\"><span style=\"color: #000080;\">Niestety ju\u017c w pierwszych starciach z Rosj\u0105 Turcy ponie\u015bli pora\u017ck\u0119, a najdotkliwsza spotka\u0142a ich w styczniu 1915 r. pod Sarikamis. I to w\u0142a\u015bnie za t\u0119 kl\u0119sk\u0119 Osmanie nies\u0142usznie winili Ormian.<\/span><\/p>\n<p class=\"hyphenate narrow  \" data-scroll=\"paragraph_22\"><span style=\"color: #000080;\">W rosyjskich szeregach znajdowa\u0142o si\u0119 wielu ormia\u0144skich \u017co\u0142nierzy. Pochodzili oni z carskich teren\u00f3w, ale po\u015br\u00f3d nich znajdowali si\u0119 r\u00f3wnie\u017c tureccy uchod\u017acy. I to w\u0142a\u015bnie ich obecno\u015b\u0107 w armii nieprzyjaciela rozw\u015bcieczy\u0142a osma\u0144skich dow\u00f3dc\u00f3w.<\/span><\/p>\n<p class=\"hyphenate narrow  \" data-scroll=\"paragraph_23\"><span style=\"color: #000080;\">W obawie przed wi\u0119ksz\u0105 liczb\u0105 Ormian przy\u0142\u0105czaj\u0105cych si\u0119 do wroga &#8220;m\u0142odoturecki triumwirat&#8221; uzna\u0142 nar\u00f3d ormia\u0144ski, znajduj\u0105cy si\u0119 w granicach pa\u0144stwa, za zagro\u017cenie. Pad\u0142a decyzja rozbrojenia wszystkich Ormian w szeregach tureckiej armii i zebrania ich w bataliony robocze, do kt\u00f3rych zada\u0144 nale\u017ca\u0142a m.in. budowa dr\u00f3g czy czyszczenie latryn, a po wykonanej pracy byli mordowani.<\/span><\/p>\n<p class=\"hyphenate narrow  \" data-scroll=\"paragraph_24\"><span style=\"color: #000080;\">Likwidacja m\u0142odych, silnych m\u0119\u017cczyzn by\u0142a pierwszym etapem ludob\u00f3jstwa Ormian.<\/span><\/p>\n<h4 class=\"narrow\"><strong>Marsze \u015bmierci<\/strong><\/h4>\n<p class=\"hyphenate narrow  \" style=\"text-align: left;\" data-scroll=\"paragraph_26\"><span style=\"color: #000080;\">24 kwietnia 1915 r. wydano rozkaz aresztowania ormia\u0144skiej inteligencji i przyw\u00f3dc\u00f3w duchowych. Zostali oni odizolowani od reszty spo\u0142eczno\u015bci i umieszczeni w wi\u0119zieniach w g\u0142\u0119bi kraju, gdzie byli poddawani torturom i mordowani. W sumie wybito praktycznie ca\u0142e pokolenie ormia\u0144skich intelektualist\u00f3w. Ten strategiczny ruch doprowadzi\u0142 do dezorientacji ludno\u015bci, czyni\u0105c j\u0105 bardziej podatn\u0105 na dzia\u0142ania maj\u0105ce na celu jej eksterminacj\u0119.<\/span><\/p>\n<p class=\"hyphenate narrow  \" style=\"text-align: left;\" data-scroll=\"paragraph_27\"><span style=\"color: #000080;\">Kolejnym aspektem by\u0142y akty prawne zatwierdzane w trybie pilnym, kt\u00f3re pozwala\u0142y na aresztowania i deportacje Ormian ze wszystkich teren\u00f3w Imperium. Dzia\u0142ania te doprowadzi\u0142y do wysiedlania ca\u0142ych wsi i miasteczek. Ludziom przekazano, \u017ce zostan\u0105 przesiedleni do bli\u017cej nieznanych osad w g\u0142\u0119bi kraju. W rzeczywisto\u015bci policja w towarzystwie \u017co\u0142nierzy p\u0119dzi\u0142a kolumny bezbronnych Ormian w kierunku pustyni Del-el-Dzor, znajduj\u0105cej si\u0119 terenach obecnej Syrii.<\/span><\/p>\n<p class=\"hyphenate narrow  \" style=\"text-align: left;\" data-scroll=\"paragraph_28\"><span style=\"color: #000080;\">Owe marsze \u015bmierci by\u0142y zaplanowane tak, by w ich trakcie zmar\u0142a jak najwi\u0119ksza ilo\u015b\u0107 ludzi. Skwar, brak wody, brak odpoczynku i regularne ataki ze strony oddzia\u0142\u00f3w specjalnych (utworzonych z by\u0142ych kryminalist\u00f3w), jak r\u00f3wnie\u017c Kurd\u00f3w oraz podburzanych lokalnych spo\u0142eczno\u015bci, doprowadzi\u0142y do \u015bmierci setek tysi\u0119cy Ormian.<\/span><\/p>\n<p class=\"hyphenate narrow  \" style=\"text-align: left;\" data-scroll=\"paragraph_29\"><span style=\"color: #000080;\">Trasy marszy prowadzi\u0142y najd\u0142u\u017cszymi szlakami przez g\u00f3ry. Bez postoj\u00f3w, jedzenia, wody i opieki medycznej ludzie umierali jeden po drugim. W pierwszej kolejno\u015bci odchodzili najs\u0142absi \u2013 chorzy, najstarsi, kobiety w ci\u0105\u017cy i dzieci. Osoby, kt\u00f3re nie by\u0142y w stanie nad\u0105\u017cy\u0107 za kolumn\u0105, by\u0142y zabijane na miejscu. Szlaki marszy \u015bmierci znaczy\u0142y cia\u0142a pozostawione na poboczach. Z ka\u017cdym dniem karawany kurczy\u0142y si\u0119 w oczach.<\/span><\/p>\n<p class=\"hyphenate narrow  \" style=\"text-align: left;\" data-scroll=\"paragraph_30\"><span style=\"color: #000080;\">Istniej\u0105 dowody na to, i\u017c do Eufratu wrzucono tyle cia\u0142, \u017ce woda w rzece sta\u0142a si\u0119 czerwona od krwi. Ludzie, kt\u00f3rzy nie wytrzymali b\u00f3lu i cierpienia, sami decydowali si\u0119 na skok i utoni\u0119cie, byle tylko zako\u0144czy\u0107 ten koszmarny marsz.<\/span><\/p>\n<p class=\"hyphenate narrow  \" style=\"text-align: left;\" data-scroll=\"paragraph_32\"><span style=\"color: #000080;\">Cz\u0119\u015b\u0107 Ormian by\u0142a przewo\u017cona w kierunku Del-el-Dzor kolej\u0105 w wagonach towarowych. Dla wielu z nich sama podr\u00f3\u017c okaza\u0142a si\u0119 \u015bmiertelna. St\u0142oczeni niczym byd\u0142o na rze\u017a umierali z pragnienia i braku dost\u0119pu do powietrza. Zatrwa\u017caj\u0105cym by\u0142 fakt, i\u017c ludno\u015b\u0107 ormia\u0144ska musia\u0142a sama op\u0142aci\u0107 bilet na t\u0119 podr\u00f3\u017c, co mia\u0142o stanowi\u0107 przykrywk\u0119 dla tureckiego rz\u0105du i jego dzia\u0142a\u0144.<\/span><\/p>\n<p class=\"hyphenate narrow  \" style=\"text-align: left;\" data-scroll=\"paragraph_33\"><span style=\"color: #000080;\">Zdumiewa bestialstwo Turk\u00f3w wobec Ormian \u2013 wydaje si\u0119, \u017ce oprawcy planowo doprowadzali ich do stanu swoistego odcz\u0142owieczenia. Wyrzuceni z w\u0142asnych dom\u00f3w, prowadzeni nie wiadomo dok\u0105d przez pustyni\u0119, a po drodze ograbiani i w okrutny spos\u00f3b u\u015bmiercani, w ko\u0144cu oszaleli z g\u0142odu i pragnienia \u2013 przestawali wykazywa\u0107 zwyk\u0142e ludzkie reakcje. Trudno sobie wyobrazi\u0107 cierpienie, jakiemu ich poddawano. Z pewno\u015bci\u0105 niewiele w tym pomo\u017ce przytoczenie cho\u0107by tylko niekt\u00f3rych, udokumentowanych przypadk\u00f3w, takich, jak chocia\u017cby podkuwanie ludzi, kt\u00f3rym zajmowa\u0142 si\u0119 D\u017cewded Pasza, znany jako &#8220;kowal z Bakchali&#8221;, albo zatapianie tratw z lud\u017ami w Tygrysie. Podpalanie, okaleczanie, zbiorowe gwa\u0142ty to zwyk\u0142e praktyki Turk\u00f3w wobec ludno\u015bci ormia\u0144skiej.<\/span><\/p>\n<p class=\"hyphenate narrow  \" style=\"text-align: left;\" data-scroll=\"paragraph_34\"><span style=\"color: #000080;\">Nieliczni, kt\u00f3rzy dotarli na pustyni\u0119, zasiedlili prowizoryczne obozy koncentracyjne. Wielu z nich umar\u0142o z g\u0142odu lub zosta\u0142o zamordowanych. Szacuje si\u0119, \u017ce w trakcie ca\u0142ego pogromu zgin\u0119\u0142o ponad milion Ormian. Wydarzenia z lat 1915\u20131916 by\u0142y obserwowane przez wielu zagranicznych dziennikarzy, misjonarzy, dyplomat\u00f3w i oficer\u00f3w wojskowych, kt\u00f3rzy wys\u0142ali do domu raporty o marszach i polach \u015bmierci. Najwi\u0119ksze archiwum licz\u0105ce oko\u0142o 4 tys. zezna\u0144 naocznych \u015bwiadk\u00f3w tych wydarze\u0144 znajduje si\u0119 obecnie w USA.<\/span><\/p>\n<h4 class=\"narrow\"><strong>Proces wypierania<\/strong><\/h4>\n<p class=\"hyphenate narrow  \" style=\"text-align: left;\" data-scroll=\"paragraph_36\"><span style=\"color: #000080;\">Pomimo i\u017c po I wojnie \u015bwiatowej zosta\u0142y wydane wyroki skazuj\u0105ce winnych tej zbrodni, to pa\u0144stwo tureckie po dzi\u015b dzie\u0144 odmawia nazwania tamtych wydarze\u0144 ludob\u00f3jstwem. Jednak w \u015bwietle tej polityki warto pami\u0119ta\u0107, \u017ce sam tw\u00f3rca terminu &#8220;ludob\u00f3jstwo&#8221;, Rafa\u0142 Lemkin, przytoczy\u0142 tragedi\u0119 Ormian jako jeden z koronnych przyk\u0142ad\u00f3w tego typu zbrodni przeciwko ludzko\u015bci.<\/span><\/p>\n<hr style=\"height: 15px; background: #d0e6fa; width: 100%;\" \/>\n<div id=\"content\" class=\"content-alignment\">\n<div id=\"watch-description\" class=\"yt-uix-button-panel\">\n<div id=\"watch-description-text\" style=\"text-align: center;\">\n<p><em>Zawarto\u015b\u0107 publikowanych artyku\u0142\u00f3w i materia\u0142\u00f3w nie reprezentuje pogl\u0105d\u00f3w ani opinii Reunion&#8217;68,<\/em><em><br \/>\nani te\u017c webmastera Blogu Reunion&#8217;68, chyba ze jest to wyra\u017anie zaznaczone.<br \/>\nTwoje uwagi, linki, w\u0142asne artyku\u0142y lub wiadomo\u015bci prze\u015blij na adres:<br \/>\n<\/em><span style=\"color: #000080;\"><strong><em><a style=\"color: #000080;\" href=\"mailto:webmaster@reunion68.com\"><span style=\"text-decoration: underline;\">webmaster@reunion68.com<\/span><\/a><\/em><\/strong><\/span><\/p>\n<\/div>\n<\/div>\n<\/div>\n<hr style=\"width: 100%;\" \/>\n","protected":false},"excerpt":{"rendered":"<p>Ormia\u0144scy uchod\u017acy, 1915 r. Rze\u017a Ormian &#8211; zapomniane [prawdziwe Tureckie] ludob\u00f3jstwo W trakcie I wojny \u015bwiatowej na terenie Imperium Osma\u0144skiego dosz\u0142o do niewyobra\u017calnej zbrodni, kt\u00f3rej turecka w\u0142adza dopu\u015bci\u0142a si\u0119 na ludno\u015bci ormia\u0144skiej. Wydarzenia te niemal doprowadzi\u0142y do eksterminacji potomk\u00f3w najstarszego chrze\u015bcija\u0144skiego pa\u0144stwa. . W starciach z Rosj\u0105 Turcy ponie\u015bli pora\u017ck\u0119, a najdotkliwsza spotka\u0142a ich w [&hellip;]<\/p>\n","protected":false},"author":1,"featured_media":0,"comment_status":"closed","ping_status":"closed","sticky":false,"template":"","format":"standard","meta":[],"categories":[6],"tags":[26,24],"_links":{"self":[{"href":"https:\/\/www.reunion68.se\/index.php?rest_route=\/wp\/v2\/posts\/115076"}],"collection":[{"href":"https:\/\/www.reunion68.se\/index.php?rest_route=\/wp\/v2\/posts"}],"about":[{"href":"https:\/\/www.reunion68.se\/index.php?rest_route=\/wp\/v2\/types\/post"}],"author":[{"embeddable":true,"href":"https:\/\/www.reunion68.se\/index.php?rest_route=\/wp\/v2\/users\/1"}],"replies":[{"embeddable":true,"href":"https:\/\/www.reunion68.se\/index.php?rest_route=%2Fwp%2Fv2%2Fcomments&post=115076"}],"version-history":[{"count":12,"href":"https:\/\/www.reunion68.se\/index.php?rest_route=\/wp\/v2\/posts\/115076\/revisions"}],"predecessor-version":[{"id":115082,"href":"https:\/\/www.reunion68.se\/index.php?rest_route=\/wp\/v2\/posts\/115076\/revisions\/115082"}],"wp:attachment":[{"href":"https:\/\/www.reunion68.se\/index.php?rest_route=%2Fwp%2Fv2%2Fmedia&parent=115076"}],"wp:term":[{"taxonomy":"category","embeddable":true,"href":"https:\/\/www.reunion68.se\/index.php?rest_route=%2Fwp%2Fv2%2Fcategories&post=115076"},{"taxonomy":"post_tag","embeddable":true,"href":"https:\/\/www.reunion68.se\/index.php?rest_route=%2Fwp%2Fv2%2Ftags&post=115076"}],"curies":[{"name":"wp","href":"https:\/\/api.w.org\/{rel}","templated":true}]}}