{"id":115108,"date":"2024-08-18T17:00:13","date_gmt":"2024-08-18T15:00:13","guid":{"rendered":"http:\/\/www.reunion68.se\/?p=115108"},"modified":"2024-08-18T11:37:10","modified_gmt":"2024-08-18T09:37:10","slug":"20-05-104","status":"publish","type":"post","link":"https:\/\/www.reunion68.se\/?p=115108","title":{"rendered":"Trump warns US Jews in most danger since Holocaust"},"content":{"rendered":"<h5 style=\"text-align: center;\"><a href=\"https:\/\/www.jns.org\/\" target=\"_blank\" rel=\"noopener noreferrer\"><img decoding=\"async\" class=\"center alignleft\" src=\"http:\/\/www.reunion68.com\/Biuletyn\/img\/jns-1.png\" alt=\"\" width=\"35%\"><\/a><span style=\"text-decoration: underline; color: #000080;\"><strong><a style=\"color: #000080; text-decoration: underline;\" href=\"https:\/\/www.jns.org\/trump-warns-us-jews-in-most-danger-since-holocaust\/\" target=\"_blank\" rel=\"noopener noreferrer\">Trump warns US Jews in most danger since Holocaust<\/a><\/strong><\/span><\/h5>\n<p style=\"text-align: center;\"><span style=\"color: #000000;\"><strong>Joshua Marks<\/strong><\/span><\/p>\n<hr style=\"height: 15px; background: #d0e6fa; width: 100%;\">\n<div>\n<h4 style=\"text-align: center;\"><strong>The Republican nominee for the White House also claimed that Kamala Harris snubbed Josh Shapiro because he is Jewish.<\/strong><\/h4>\n<\/div>\n<p style=\"text-align: center;\">.<br \/>\n<img decoding=\"async\" class=\"aligncenter\" src=\"https:\/\/cdn.jns.org\/uploads\/2024\/08\/GettyImages-2166239105-1320x880.jpg\" width=\"100%\"><span style=\"color: #808080;\"><em>Republican presidential candidate, former U.S. President Donald Trump holds a fighting anti-semitism event with Miriam Adelson at the Trump National Golf Club Bedminster on August 15, 2024 in Bedminster, New Jersey. Photo by Adam Gray\/Getty Images<\/em><\/span><\/p>\n<p class=\"wp-block-paragraph\" style=\"text-align: left;\"><span style=\"color: #000080;\">Republican presidential nominee Donald Trump said on Saturday that Jews in the United States are facing their greatest threat since World War II.<\/span><\/p>\n<p class=\"wp-block-paragraph\" style=\"text-align: left;\"><span style=\"color: #000080;\">\u201cWhat\u2019s happening with Israel and Jewish people, there has never been a more dangerous time since the Holocaust if you happen to be Jewish in America,\u201d the former president told supporters at a rally in Wilkes-Barre in northeastern Pennsylvania.<\/span><\/p>\n<p>.<\/p>\n<div id=\"content\" class=\"content-alignment\">\n<div id=\"watch-description\" class=\"yt-uix-button-panel\">\n<div id=\"watch-description-text\" style=\"text-align: center;\"><iframe loading=\"lazy\" title=\"WATCH LIVE: Trump speaks at campaign rally in Wilkes-Barre, Pennsylvania\" src=\"https:\/\/www.youtube.com\/embed\/c6DfJUw6Mm8\" width=\"680\" height=\"400\" frameborder=\"0\" allowfullscreen=\"allowfullscreen\"><\/iframe><\/p>\n<\/div>\n<\/div>\n<\/div>\n<p class=\"wp-block-paragraph\" style=\"text-align: left;\"><span style=\"color: #000080;\">He made similar remarks on Thursday at a \u201cFighting Antisemitism\u201d event with Miriam Adelson at the Trump National Golf Club in Bedminster, New Jersey.<\/span><\/p>\n<p class=\"wp-block-paragraph\" style=\"text-align: left;\"><span style=\"color: #000080;\">\u201cWhat\u2019s going on now is exactly what was going on before the Holocaust,\u201d he said.<\/span><\/p>\n<p class=\"wp-block-paragraph\" style=\"text-align: left;\"><span style=\"color: #000080;\">The New Jersey event, featuring prominent Jewish supporters, took place the day the Trump campaign launched an initiative to reach out to Jewish voters.<\/span><\/p>\n<p class=\"wp-block-paragraph\" style=\"text-align: left;\"><span style=\"color: #000080;\">The former president announced&nbsp;<a style=\"color: #000080;\" href=\"https:\/\/www.jns.org\/trump-announces-jewish-voices-for-trump-group\/\">Jewish Voices for Trump<\/a>, which the GOP campaign describes as \u201ca coalition of thought leaders, business trailblazers, former administration officials, authors, influencers and those within the Jewish community.\u201d<\/span><\/p>\n<p class=\"wp-block-paragraph\" style=\"text-align: left;\"><span style=\"color: #000080;\">According to the group\u2019s mission&nbsp;<a style=\"color: #000080;\" href=\"https:\/\/jewishvoices.donaldjtrump.com\/mission-statement\" target=\"_blank\" rel=\"noreferrer noopener\">statement<\/a>,&nbsp;it seeks to stand up against \u201cradical antisemitism.\u201d<\/span><\/p>\n<p class=\"wp-block-paragraph\" style=\"text-align: left;\"><span style=\"color: #000080;\">\u201cWhile the world has fallen into chaos with [presumptive Democratic presidential nominee Vice President Kamala] Harris, President Trump\u2019s Abraham Accords chartered new territory in regional stability, not just for Israel, but for the world,\u201d it states.&nbsp;<\/span><\/p>\n<p class=\"wp-block-paragraph\" style=\"text-align: left;\"><span style=\"color: #000080;\">At the Wilkes-Barre rally, Trump also accused his opponent of not choosing the governor of the Keystone State, Josh Shapiro, as her running mate because he is Jewish, a charge that Shapiro has denied.<\/span><\/p>\n<p class=\"wp-block-paragraph\" style=\"text-align: left;\"><span style=\"color: #000080;\">\u201cThey turned him down because he\u2019s Jewish,\u201d said Trump. \u201cThey turned him down for other reasons, but the primary reason is because he\u2019s Jewish.\u201d<\/span><\/p>\n<div id=\"banner-container-in_text_2\" class=\"container-wrap banner-container banner-in-text move-to-p10 moved\">\n<p class=\"wp-block-paragraph\" style=\"text-align: left;\"><span style=\"color: #000080;\">Trump also said during his nearly two-hour campaign event at Mohegan Arena at Casey Plaza that \u201cany Jewish person that votes for [Harris] or a Democrat has to go out and have their head examined.\u201d<\/span><\/p>\n<p class=\"wp-block-paragraph\" style=\"text-align: left;\"><span style=\"color: #000080;\">At the New Jersey event, Trump claimed that \u201cinstead of aggressively confronting these venomous antisemites in her party, Kamala Harris has maneuvered for their support.\u201d<\/span><\/p>\n<p class=\"wp-block-paragraph\" style=\"text-align: left;\"><span style=\"color: #000080;\">Pennsylvania is a critical swing state, with fierce competition to secure its 19 electoral college votes. The latest New York Times\/Siena and Quinnipiac polls show a slight lead for Harris and her running mate, Minnesota Gov. Tim Walz, who was announced in Philadelphia earlier this month.<\/span><\/p>\n<p class=\"wp-block-paragraph\" style=\"text-align: left;\"><span style=\"color: #000080;\">Trump tapped Ohio Sen. J.D. Vance for the vice presidential nominee at the Republican convention in Milwaukee last month. The Democratic convention takes place in Chicago from Monday to Thursday.<\/span><\/p>\n<p class=\"wp-block-paragraph\" style=\"text-align: left;\"><span style=\"color: #000080;\">The battleground states also include Arizona, North Carolina, Nevada and Georgia.<\/span><\/p>\n<p class=\"wp-block-paragraph\" style=\"text-align: left;\"><span style=\"color: #000080;\">Trump\u2019s comments come amid a surge in antisemitism in the United States and globally after Hamas started a war against Israel on Oct. 7, 2023. According to the&nbsp;<a style=\"color: #000080;\" href=\"https:\/\/www.jns.org\/world-antisemitism-report-oct-7-helped-spread-a-fire\/\" target=\"_blank\" rel=\"noreferrer noopener\">2023 Antisemitism Worldwide<\/a>&nbsp;report,&nbsp;released on May 1 by Tel Aviv University and the Anti-Defamation League, last year saw the highest number of antisemitic incidents in the United States ever recorded by the ADL.<\/span><\/p>\n<p class=\"wp-block-paragraph\" style=\"text-align: left;\"><span style=\"color: #000080;\">Antisemitism has run rampant on college campuses, including pro-Hamas rallies featuring calls for genocide against Jews.<\/span><\/p>\n<p class=\"wp-block-paragraph\" style=\"text-align: left;\"><span style=\"color: #000080;\">In the United States, the ADL recorded 7,523 incidents in 2023 compared to 3,697 in 2022. The number of assaults increased from 111 in 2022 to 161 in 2023, and incidents of vandalism rose from 1,288 to 2,106, per the ADL.<\/span><\/p>\n<p class=\"wp-block-paragraph\" style=\"text-align: left;\"><span style=\"color: #000080;\">In New York, the city with the largest Jewish population in the world, the New York Police Department recorded 325 anti-Jewish hate crimes in 2023 in comparison to 261 in 2022.<\/span><\/p>\n<p class=\"wp-block-paragraph\" style=\"text-align: left;\"><span style=\"color: #000080;\">In Los Angeles, the city\u2019s police department recorded 165 antisemitic incidents, up from 86, and in Chicago, there were 50 up from 39.<\/span><\/p>\n<\/div>\n<hr style=\"height: 15px; background: #d0e6fa; width: 100%;\">\n<div id=\"content\" class=\"content-alignment\">\n<div id=\"watch-description\" class=\"yt-uix-button-panel\">\n<div id=\"watch-description-text\" style=\"text-align: center;\">\n<p><em>Zawarto\u015b\u0107 publikowanych artyku\u0142\u00f3w i materia\u0142\u00f3w nie reprezentuje pogl\u0105d\u00f3w ani opinii Reunion&#8217;68,<\/em><em><br \/>\nani te\u017c webmastera Blogu Reunion&#8217;68, chyba ze jest to wyra\u017anie zaznaczone.<br \/>\nTwoje uwagi, linki, w\u0142asne artyku\u0142y lub wiadomo\u015bci prze\u015blij na adres:<br \/>\n<\/em><span style=\"color: #000080;\"><strong><em><a style=\"color: #000080;\" href=\"mailto:webmaster@reunion68.com\"><span style=\"text-decoration: underline;\">webmaster@reunion68.com<\/span><\/a><\/em><\/strong><\/span><\/p>\n<\/div>\n<\/div>\n<\/div>\n<hr style=\"width: 100%;\">\n","protected":false},"excerpt":{"rendered":"<p>Trump warns US Jews in most danger since Holocaust Joshua Marks The Republican nominee for the White House also claimed that Kamala Harris snubbed Josh Shapiro because he is Jewish. . Republican presidential candidate, former U.S. President Donald Trump holds a fighting anti-semitism event with Miriam Adelson at the Trump National Golf Club Bedminster on [&hellip;]<\/p>\n","protected":false},"author":1,"featured_media":0,"comment_status":"closed","ping_status":"closed","sticky":false,"template":"","format":"standard","meta":[],"categories":[6],"tags":[26,24],"_links":{"self":[{"href":"https:\/\/www.reunion68.se\/index.php?rest_route=\/wp\/v2\/posts\/115108"}],"collection":[{"href":"https:\/\/www.reunion68.se\/index.php?rest_route=\/wp\/v2\/posts"}],"about":[{"href":"https:\/\/www.reunion68.se\/index.php?rest_route=\/wp\/v2\/types\/post"}],"author":[{"embeddable":true,"href":"https:\/\/www.reunion68.se\/index.php?rest_route=\/wp\/v2\/users\/1"}],"replies":[{"embeddable":true,"href":"https:\/\/www.reunion68.se\/index.php?rest_route=%2Fwp%2Fv2%2Fcomments&post=115108"}],"version-history":[{"count":7,"href":"https:\/\/www.reunion68.se\/index.php?rest_route=\/wp\/v2\/posts\/115108\/revisions"}],"predecessor-version":[{"id":115125,"href":"https:\/\/www.reunion68.se\/index.php?rest_route=\/wp\/v2\/posts\/115108\/revisions\/115125"}],"wp:attachment":[{"href":"https:\/\/www.reunion68.se\/index.php?rest_route=%2Fwp%2Fv2%2Fmedia&parent=115108"}],"wp:term":[{"taxonomy":"category","embeddable":true,"href":"https:\/\/www.reunion68.se\/index.php?rest_route=%2Fwp%2Fv2%2Fcategories&post=115108"},{"taxonomy":"post_tag","embeddable":true,"href":"https:\/\/www.reunion68.se\/index.php?rest_route=%2Fwp%2Fv2%2Ftags&post=115108"}],"curies":[{"name":"wp","href":"https:\/\/api.w.org\/{rel}","templated":true}]}}