{"id":115133,"date":"2024-08-20T17:09:46","date_gmt":"2024-08-20T15:09:46","guid":{"rendered":"http:\/\/www.reunion68.se\/?p=115133"},"modified":"2024-08-19T15:32:41","modified_gmt":"2024-08-19T13:32:41","slug":"21-05-104","status":"publish","type":"post","link":"https:\/\/www.reunion68.se\/?p=115133","title":{"rendered":"Dlaczego Unia Europejska i Bank \u015awiatowy p\u0142ac\u0105 palesty\u0144skim terrorystom?"},"content":{"rendered":"<p style=\"text-align: center;\"><img decoding=\"async\" class=\"aligncenter\" src=\"https:\/\/www.gatestoneinstitute.org\/pics\/3860.jpg\" width=\"100%\"><span style=\"color: #808080;\"><em>Autonomia Palesty\u0144ska nie tylko nie zamierza rezygnowa\u0107 z systemu &#8220;p\u0142acy za zabijanie&#8221;, ale dodaje dziesi\u0105tki tysi\u0119cy terrorystycznych wi\u0119\u017ani\u00f3w i &#8220;m\u0119czennik\u00f3w&#8221;, kt\u00f3rzy maj\u0105 by\u0107 finansowani przez ten program. 23 lipca 2018 r. podczas ceremonii na cze\u015b\u0107 palesty\u0144skich terroryst\u00f3w prezydent Autonomii Palesty\u0144skiej Mahmud Abbas powiedzia\u0142: &#8220;Nie zmniejszymy ani nie wstrzymamy zasi\u0142k\u00f3w dla rodzin m\u0119czennik\u00f3w, wi\u0119\u017ani\u00f3w i uwolnionych wi\u0119\u017ani\u00f3w&#8230; je\u015bli pozostanie nam tylko jeden grosz, wydamy go na rodziny m\u0119czennik\u00f3w i wi\u0119\u017ani\u00f3w&#8221;. (\u0179r\u00f3d\u0142o zdj\u0119cia: MEMRI)<\/em><\/span><\/p>\n<hr>\n<h5 style=\"text-align: center;\"><a href=\"https:\/\/pl.gatestoneinstitute.org\/\" target=\"_blank\" rel=\"noopener noreferrer\"><img decoding=\"async\" class=\"center alignleft\" src=\"https:\/\/pl.gatestoneinstitute.org\/images\/gatestone-logo-1000.gif\" alt=\"\" width=\"50%\"><\/a><span style=\"text-decoration: underline; color: #000080;\"><span style=\"text-decoration: underline;\"><strong><a style=\"color: #000080; text-decoration: underline;\" href=\"https:\/\/pl.gatestoneinstitute.org\/20873\/unia-europejska-placa-palestynskim-terrorystom\" target=\"_blank\" rel=\"noopener noreferrer\"><br \/>\nDlaczego Unia Europejska i Bank \u015awiatowy p\u0142ac\u0105 palesty\u0144skim terrorystom?<\/a><\/strong><\/span><\/span><\/h5>\n<p style=\"text-align: center;\"><span style=\"color: #000000;\"><strong>Robert Williams<br \/>\n<\/strong><span style=\"color: #808080;\"><em>T\u0142umaczenie: <\/em><\/span><strong>Ma\u0142gorzata Koraszewska<\/strong><\/span><\/p>\n<hr style=\"height: 15px; background: #d0e6fa; width: 100%;\">\n<div class=\"article_body itemprop_articlebody\">\n<p style=\"text-align: left;\"><span style=\"color: #000080;\">W marcu administracja Bidena twierdzi\u0142a, \u017ce namawia Autonomi\u0119 Palesty\u0144sk\u0105 (AP) pod przewodnictwem Mahmuda Abbasa do zmiany polityki &#8220;p\u0142acy za zabijanie&#8221;. Terrory\u015bci, kt\u00f3rzy zostali uwi\u0119zieni w Izraelu za swoje zbrodnie, a tak\u017ce rodziny zmar\u0142ych lub rannych terroryst\u00f3w, otrzymuj\u0105 miesi\u0119czne wyp\u0142aty jako nagrod\u0119 za mordowanie \u017byd\u00f3w. Im d\u0142u\u017cszy wyrok wi\u0119zienia, tym wy\u017csza&nbsp;<a style=\"color: #000080;\" href=\"https:\/\/palwatch.org\/page\/35318\" target=\"_blank\" rel=\"noopener noreferrer\">miesi\u0119czna wyp\u0142ata<\/a>. M\u00f3wmy o bod\u017acach i zach\u0119caniu do terroryzmu.<\/span><\/p>\n<p style=\"text-align: left;\"><span style=\"color: #000080;\">&#8220;W tym zakresie wykonano wiele pracy za kulisami, a post\u0119p jest zach\u0119caj\u0105cy&#8221; \u2013&nbsp;<a style=\"color: #000080;\" href=\"https:\/\/www.politico.com\/news\/2024\/03\/29\/us-says-palestinians-are-close-to-changing-pay-for-slay-program-00149734\" target=\"_blank\" rel=\"noopener noreferrer\">powiedzia\u0142<\/a>&nbsp;anonimowy wysoki rang\u0105 urz\u0119dnik administracji Bidena w wywiadzie dla &#8220;Politico&#8221; w marcu, podczas gdy inny stwierdzi\u0142, \u017ce &#8220;wkr\u00f3tce spodziewane s\u0105 zmiany w systemie&#8221;.<\/span><\/p>\n<p style=\"text-align: left;\"><span style=\"color: #000080;\">Administracja Bidena ma w\u0142asne powody, by dawa\u0107 fa\u0142szywe wra\u017cenie, \u017ce AP si\u0119 reformuje. Administracja planuje nagrodzi\u0107 Iran i Palesty\u0144czyk\u00f3w za masakr\u0119 z 7 pa\u017adziernika i prawie 20 tysi\u0119cy rakiet wystrzelonych w izraelskie miasta, wymuszaj\u0105c na Izraelu rozwi\u0105zanie w postaci dw\u00f3ch pa\u0144stw. Takie pa\u0144stwo palesty\u0144skie, wed\u0142ug administracji Bidena, b\u0119dzie zarz\u0105dzane przez &#8220;rewitalizowan\u0105&#8221; Autonomi\u0119 Palesty\u0144sk\u0105, a w tym celu konieczne jest stwarzanie wra\u017cenia, \u017ce AP zacz\u0119\u0142a si\u0119 &#8220;reformowa\u0107&#8221;. Dlatego teraz wszyscy mamy udawa\u0107, \u017ce przyw\u00f3dcy AP, chwal\u0105c masakr\u0119 z 7 pa\u017adziernika \u2013&nbsp;<a style=\"color: #000080;\" href=\"https:\/\/www.jpost.com\/middle-east\/article-775236\" target=\"_blank\" rel=\"noopener noreferrer\">nazywaj\u0105c<\/a>&nbsp;j\u0105 &#8220;heroiczn\u0105&#8221; \u2013 nie promuj\u0105 ju\u017c ani nie nagradzaj\u0105 terroryzmu.<\/span><\/p>\n<p style=\"text-align: left;\"><span style=\"color: #000080;\">Autonomia Palesty\u0144ska nie tylko&nbsp;<i>nie<\/i>&nbsp;zacz\u0119\u0142a zmienia\u0107 systemu &#8220;p\u0142acy za zabijanie&#8221;, ale&nbsp;<i>dodaje<\/i>&nbsp;tysi\u0105ce terrorystycznych wi\u0119\u017ani\u00f3w i &#8220;m\u0119czennik\u00f3w&#8221;, kt\u00f3rzy maj\u0105 by\u0107 finansowani przez ten program, prawdopodobnie wliczaj\u0105c terroryst\u00f3w, kt\u00f3rzy aktywnie uczestniczyli w rzezi, porwaniach i masowych&nbsp;<a style=\"color: #000080;\" href=\"https:\/\/www.msn.com\/en-us\/news\/world\/graphic-report-details-new-evidence-of-rape-sexual-violence-during-october-7-rampage\/ar-AA1kVV3K\" target=\"_blank\" rel=\"noopener noreferrer\">gwa\u0142tach, torturach i morderstwach<\/a>&nbsp;izraelskich dzieci, kobiet i m\u0119\u017cczyzn 7 pa\u017adziernika.&nbsp;<a style=\"color: #000080;\" href=\"https:\/\/palwatch.org\/page\/35318\" target=\"_blank\" rel=\"noopener noreferrer\">Wed\u0142ug<\/a>&nbsp;Palestinian Media Watch:<\/span><\/p>\n<blockquote>\n<p style=\"text-align: left;\"><strong>&#8220;9750 wi\u0119\u017ani\u00f3w terroryst\u00f3w zosta\u0142o obecnie uznanych przez AP za uprawnionych do miesi\u0119cznych nagr\u00f3d za terroryzm, w por\u00f3wnaniu z 4300 przed 7 pa\u017adziernika. Oznacza to, \u017ce AP zobowi\u0105zuje si\u0119 do wyp\u0142acania prawie 60 milion\u00f3w szekli [16,4 miliona dolar\u00f3w] miesi\u0119cznie wi\u0119\u017aniom terrorystom. AP uzna\u0142a liczb\u0119 m\u0119czennik\u00f3w Hamasu, i \u0142\u0105cznie 38 983 nowych rodzin m\u0119czennik\u00f3w kwalifikuje si\u0119 obecnie do nagr\u00f3d za terroryzm. Oznacza to prawie 55 milion\u00f3w szekli [14,7 miliona dolar\u00f3w] dodatkowych miesi\u0119cznych p\u0142atno\u015bci dla rodzin m\u0119czennik\u00f3w&#8221;.<\/strong><\/p>\n<\/blockquote>\n<p style=\"text-align: left;\"><span style=\"color: #000080;\">Najnowsze zestawienie wi\u0119\u017ani\u00f3w terroryst\u00f3w, kt\u00f3rzy otrzymali zasi\u0142ki od PA, obejmuje&nbsp;<a style=\"color: #000080;\" href=\"https:\/\/www.msn.com\/en-sg\/news\/other\/pa-recognizes-899-terrorists-captured-in-gaza-as-pows-commits-to-pay-pensions-pmw-report-shows\/ar-BB1qzQl9\" target=\"_blank\" rel=\"noopener noreferrer\">899 terroryst\u00f3w<\/a>, kt\u00f3rzy zostali schwytani w trwaj\u0105cej wojnie w Strefie Gazy. To w dodatku do 661 schwytanych terroryst\u00f3w, o kt\u00f3rych og\u0142oszono w styczniu, \u017ce do\u0142\u0105czyli do programu &#8220;p\u0142ace m\u0119czennik\u00f3w&#8221;. Palestinian Media Watch&nbsp;<a style=\"color: #000080;\" href=\"https:\/\/palwatch.org\/page\/34924\" target=\"_blank\" rel=\"noopener noreferrer\">pisze<\/a>:<\/span><\/p>\n<blockquote>\n<p style=\"text-align: left;\"><strong>&#8220;Ka\u017cdy z nowych wi\u0119\u017ani\u00f3w-terroryst\u00f3w otrzyma pocz\u0105tkow\u0105 pensj\u0119 w wysoko\u015bci 1400 szekli miesi\u0119cznie (375 dolar\u00f3w miesi\u0119cznie), kt\u00f3ra b\u0119dzie wzrasta\u0107 wraz z d\u0142ugo\u015bci\u0105 pobytu wi\u0119\u017ania w wi\u0119zieniu, osi\u0105gaj\u0105c maksymalnie 12 tysi\u0119cy szekli miesi\u0119cznie (3215 dolar\u00f3w miesi\u0119cznie)&#8221;.<\/strong><\/p>\n<\/blockquote>\n<p style=\"text-align: left;\"><span style=\"color: #000080;\">Autonomia Palesty\u0144ska, jak zawsze, przechodzi powa\u017cny kryzys finansowy, cz\u0119\u015bciowo dlatego, \u017ce nie uda\u0142o si\u0119 jej zbudowa\u0107 produktywnej gospodarki \u2013 pora\u017cka ta sta\u0142a si\u0119 mo\u017cliwa dzi\u0119ki bezwarunkowym dotacjom ze strony spo\u0142eczno\u015bci mi\u0119dzynarodowej. Autonomia Palesty\u0144ska stawia na pierwszym miejscu terroryst\u00f3w kosztem w\u0142asnych pracownik\u00f3w, p\u0142ac\u0105c im tylko po\u0142ow\u0119 pensji, podczas gdy terrory\u015bci i ich rodziny otrzymuj\u0105 pe\u0142n\u0105 pensj\u0119. Innymi s\u0142owy, Autonomia Palesty\u0144ska uwa\u017ca si\u0119 przede wszystkim za pracodawc\u0119 terroryst\u00f3w.<\/span><\/p>\n<p style=\"text-align: left;\"><span style=\"color: #000080;\">Przyw\u00f3dca Autonomii Palesty\u0144skiej Mahmud Abbas&nbsp;<a style=\"color: #000080;\" href=\"https:\/\/palwatch.org\/page\/14492\" target=\"_blank\" rel=\"noopener noreferrer\">powiedzia\u0142<\/a>&nbsp;w telewizji w 2018 roku:<\/span><\/p>\n<blockquote>\n<p style=\"text-align: left;\"><strong>&#8220;Na Allaha, nawet je\u015bli zostanie nam tylko jeden grosz, wydamy go tylko na rodziny m\u0119czennik\u00f3w i wi\u0119\u017ani\u00f3w [terroryst\u00f3w], a dopiero potem to, co zostanie, wydamy na reszt\u0119 ludzi. To grupa, kt\u00f3r\u0105 cenimy i szanujemy, i uwa\u017camy, \u017ce to ona toruje drog\u0119 do niepodleg\u0142o\u015bci Palestyny dla przysz\u0142ych pokole\u0144&#8230; Postrzegamy m\u0119czennik\u00f3w i wi\u0119\u017ani\u00f3w jako gwiazdy na niebie narodu palesty\u0144skiego i na niebie walki narodu palesty\u0144skiego, a oni maj\u0105 pierwsze\u0144stwo we wszystkim&#8221;.<\/strong><\/p>\n<\/blockquote>\n<p style=\"text-align: left;\"><span style=\"color: #000080;\">Na szcz\u0119\u015bcie dla Abbasa i jego terroryst\u00f3w,&nbsp;<a style=\"color: #000080;\" href=\"https:\/\/www.gatestoneinstitute.org\/20811\/biden-administration-donates-to-hamas\" target=\"_blank\" rel=\"noopener noreferrer\">administracja Bidena<\/a>, Bank \u015awiatowy i UE s\u0105 gotowe dostarczy\u0107 finansowanie ze \u015brodk\u00f3w swoich podatnik\u00f3w, aby zapewni\u0107, \u017ce terrorystom nie zabraknie \u015brodk\u00f3w na zab\u00f3jstwa na zlecenie.<\/span><\/p>\n<p style=\"text-align: left;\"><span style=\"color: #000080;\">Bank \u015awiatowy faktycznie zdecydowa\u0142, \u017ce AP powinna otrzyma\u0107&nbsp;<i>wi\u0119cej pieni\u0119dzy.<\/i>&nbsp;W lipcu&nbsp;<a style=\"color: #000080;\" href=\"https:\/\/palwatch.org\/page\/35328\" target=\"_blank\" rel=\"noopener noreferrer\">og\u0142osi\u0142<\/a>, \u017ce jego zwyk\u0142a doroczna dotacja dla organizacji terrorystycznej w wysoko\u015bci 70 milion\u00f3w dolar\u00f3w zostanie podniesiona do osza\u0142amiaj\u0105cej kwoty 300 milion\u00f3w dolar\u00f3w, bez zadawania pyta\u0144. Bank \u015awiatowy \u015bwiadomie i dobrowolnie sta\u0142 si\u0119 aktywnym wsp\u00f3lnikiem terroryzmu. Nawet samo kierownictwo AP wydawa\u0142o si\u0119 by\u0107 zaskoczone t\u0105 kwot\u0105. Premier AP Muhammad Mustafa&nbsp;<a style=\"color: #000080;\" href=\"https:\/\/palwatch.org\/page\/35328\" target=\"_blank\" rel=\"noopener noreferrer\">powiedzia\u0142<\/a>:<\/span><\/p>\n<blockquote><p><strong>&#8220;Rada Dyrektor\u00f3w Banku \u015awiatowego podj\u0119\u0142a kilka dni temu decyzj\u0119 o zwi\u0119kszeniu dorocznej dotacji, kt\u00f3r\u0105 przekazuje Pa\u0144stwu Palestyna, z oko\u0142o 70 milion\u00f3w dolar\u00f3w do 300 milion\u00f3w dolar\u00f3w rocznie.&nbsp;Jest to bezprecedensowa suma&nbsp;w historii relacji Palestyny ze \u015awiatowym Bankiem&#8221;. [pogrubienie w oryginale]<\/strong><\/p><\/blockquote>\n<p style=\"text-align: left;\"><span style=\"color: #000080;\">R\u00f3wnie\u017c w lipcu Unia Europejska&nbsp;<a style=\"color: #000080;\" href=\"https:\/\/www.reuters.com\/world\/middle-east\/fearing-palestinian-authority-collapse-eu-promises-435-mln-aid-2024-07-19\/\" target=\"_blank\" rel=\"noopener noreferrer\">og\u0142osi\u0142a<\/a>, \u017ce w ci\u0105gu najbli\u017cszych dw\u00f3ch miesi\u0119cy przeka\u017ce Autonomii Palesty\u0144skiej 400 milion\u00f3w euro (435,5 miliona dolar\u00f3w) z pieni\u0119dzy podatnik\u00f3w UE w ramach dora\u017anego wsparcia finansowego &#8220;w obliczu obaw w UE, \u017ce w\u0142adza mo\u017ce si\u0119 za\u0142ama\u0107&#8221;. Jedynym powodem, dla kt\u00f3rego Autonomia Palesty\u0144ska jest w trakcie rozpadu, jest jej schemat &#8220;p\u0142acy za zabijanie&#8221;, ale najwyra\u017aniej UE w najmniejszym stopniu to nie przeszkadza: z rado\u015bci\u0105 nadal przekazuje pieni\u0105dze podatnik\u00f3w UE, aby umo\u017cliwi\u0107 palesty\u0144ski terroryzm.<\/span><\/p>\n<p style=\"text-align: left;\"><span style=\"color: #000080;\">&#8220;Pieni\u0105dze zostan\u0105 wyp\u0142acone w formie dotacji i po\u017cyczek w trzech ratach mi\u0119dzy lipcem a wrze\u015bniem, zale\u017cnie od post\u0119p\u00f3w we wdra\u017caniu programu reform Autonomii Palesty\u0144skiej&#8221; \u2013&nbsp;<a style=\"color: #000080;\" href=\"https:\/\/www.reuters.com\/world\/middle-east\/fearing-palestinian-authority-collapse-eu-promises-435-mln-aid-2024-07-19\/\" target=\"_blank\" rel=\"noopener noreferrer\">poinformowa\u0142a<\/a>&nbsp;Komisja Europejska w o\u015bwiadczeniu.<\/span><\/p>\n<p style=\"text-align: left;\"><span style=\"color: #000080;\">Jaki program reform?<\/span><\/p>\n<p style=\"text-align: left;\"><span style=\"color: #000080;\">Nawiasem m\u00f3wi\u0105c, te 400 milion\u00f3w euro stanowi dodatek do&nbsp;<a style=\"color: #000080;\" href=\"https:\/\/palwatch.org\/page\/35179\" target=\"_blank\" rel=\"noopener noreferrer\">25 milion\u00f3w euro,<\/a>&nbsp;kt\u00f3re UE og\u0142osi\u0142a w maju w ramach drugiej transzy pomocy przeznaczonej na wyp\u0142at\u0119 pensji i emerytur urz\u0119dnikom Autonomii Palesty\u0144skiej.<\/span><\/p>\n<p style=\"text-align: left;\"><span style=\"color: #000080;\">To nie wszystko. Pomimo g\u0142\u0119bokiego zaanga\u017cowania UNRWA w terroryzm Hamasu, UE r\u00f3wnie\u017c tam przeznacza wi\u0119cej pieni\u0119dzy podatnik\u00f3w: w marcu Komisja Europejska&nbsp;<a style=\"color: #000080;\" href=\"https:\/\/neighbourhood-enlargement.ec.europa.eu\/news\/commission-will-proceed-paying-eur-50-million-unrwa-and-increase-emergency-support-palestinians-eur-2024-03-01_en\" target=\"_blank\" rel=\"noopener noreferrer\">og\u0142osi\u0142a<\/a>:<\/span><\/p>\n<blockquote><p><strong>&#8220;Dzi\u015b Komisja podj\u0119\u0142a decyzj\u0119 o przeznaczeniu dodatkowych 68 mln EUR na wsparcie ludno\u015bci palesty\u0144skiej w ca\u0142ym regionie, kt\u00f3re ma zosta\u0107 wdro\u017cone za po\u015brednictwem partner\u00f3w mi\u0119dzynarodowych, takich jak Czerwony Krzy\u017c i Czerwony P\u00f3\u0142ksi\u0119\u017cyc. Jest to dodatek do przewidywanej pomocy w wysoko\u015bci 82 mln euro, kt\u00f3ra ma zosta\u0107 wdro\u017cona za po\u015brednictwem UNRWA w 2024 r., co daje \u0142\u0105cznie 150 mln euro&#8221;.<\/strong><\/p><\/blockquote>\n<p><span style=\"color: #000080;\">31 maja Komisja Europejska&nbsp;<a style=\"color: #000080;\" href=\"https:\/\/neighbourhood-enlargement.ec.europa.eu\/news\/commission-disburses-eu25-million-palestinian-authority-and-eu16-million-unrwa-2024-05-31_en\" target=\"_blank\" rel=\"noopener noreferrer\">chwali\u0142a si\u0119<\/a>:<\/span><\/p>\n<blockquote><p><strong>&#8220;Unia Europejska jest najwi\u0119kszym dostawc\u0105 zewn\u0119trznej pomocy dla Palesty\u0144czyk\u00f3w, kt\u00f3ra wynosi orientacyjnie prawie 1,2 mld euro [1,3 mld dolar\u00f3w] na lata 2021\u20132024 w ramach Wsp\u00f3lnej Strategii Europejskiej, z czego 809,4 mln euro zosta\u0142o ju\u017c przyj\u0119te&#8221;.<\/strong><\/p><\/blockquote>\n<p style=\"text-align: left;\"><span style=\"color: #000080;\">Nie spos\u00f3b wyobrazi\u0107 sobie, by europejscy przyw\u00f3dcy nie byli \u015bwiadomi sta\u0142ego zaanga\u017cowania Autonomii Palesty\u0144skiej w terroryzm i jej aprobaty dla okrucie\u0144stw Hamasu pope\u0142nionych 7 pa\u017adziernika. Po zabiciu przyw\u00f3dcy Hamasu Ismaila Hanijji 31 lipca Mahmud Abbas &#8220;og\u0142osi\u0142 dzie\u0144 \u017ca\u0142oby i opuszczenie flag do po\u0142owy masztu na ca\u0142y dzie\u0144 jako znak \u017ca\u0142oby po zab\u00f3jstwie by\u0142ego premiera Ismaila Hanijji&#8221;, jak&nbsp;<a style=\"color: #000080;\" href=\"https:\/\/www.algemeiner.com\/2024\/07\/31\/palestinian-authority-mourns-national-symbol-terrorist-leader-ismail-haniyeh\/\" target=\"_blank\" rel=\"noopener noreferrer\">podaje<\/a>&nbsp;WAFA, oficjalna agencja prasowa Autonomii Palesty\u0144skiej.<\/span><\/p>\n<p style=\"text-align: left;\"><span style=\"color: #000080;\">Wysoki rang\u0105 urz\u0119dnik PA i arcyterrorysta D\u017cibril Rad\u017coub, kt\u00f3ry pe\u0142ni wa\u017cn\u0105 funkcj\u0119 sekretarza generalnego Komitetu Centralnego Fatahu,&nbsp;<a style=\"color: #000080;\" href=\"https:\/\/www.algemeiner.com\/2024\/07\/31\/palestinian-authority-mourns-national-symbol-terrorist-leader-ismail-haniyeh\/\" target=\"_blank\" rel=\"noopener noreferrer\">wyg\u0142osi\u0142 mow\u0119 pochwaln\u0105 na cze\u015b\u0107<\/a>&nbsp;Hanijji, nazywaj\u0105c go &#8220;wielkim przyw\u00f3dc\u0105, drogim bratem, przyjacielem i niez\u0142omnym bojownikiem&#8221;. W pa\u017adzierniku Rad\u017coub&nbsp;<a style=\"color: #000080;\" href=\"https:\/\/www.timesofisrael.com\/senior-fatah-official-justifies-oct-7-massacre-as-defensive-war-against-israel\/\" target=\"_blank\" rel=\"noopener noreferrer\">uzasadnia\u0142<\/a>&nbsp;masakr\u0119 z 7 pa\u017adziernika: &#8220;Hamas jest cz\u0119\u015bci\u0105 naszej politycznej i spo\u0142ecznej tkanki oraz naszej walki, a ich zaanga\u017cowanie jest wa\u017cne&#8221;.<\/span><\/p>\n<p style=\"text-align: left;\"><span style=\"color: #000080;\">Nic z powy\u017cszego nie jest tajemnic\u0105. Wszystkie informacje s\u0105 \u0142atwo dost\u0119pne. Dlaczego wi\u0119c \u017caden europejski lider nie kwestionuje wykorzystania pieni\u0119dzy podatnik\u00f3w UE do wspierania re\u017cimu terrorystycznego i jego terroryst\u00f3w? Dlaczego UE&nbsp;<i>\u015bwiadomie<\/i> umo\u017cliwia terroryzm?<\/span><\/p>\n<\/div>\n<hr style=\"height: 15px; background: #d0e6fa; width: 100%;\">\n<div id=\"content\" class=\"content-alignment\">\n<div id=\"watch-description\" class=\"yt-uix-button-panel\">\n<div id=\"watch-description-text\" style=\"text-align: center;\">\n<p><em>Zawarto\u015b\u0107 publikowanych artyku\u0142\u00f3w i materia\u0142\u00f3w nie reprezentuje pogl\u0105d\u00f3w ani opinii Reunion&#8217;68,<\/em><em><br \/>\nani te\u017c webmastera Blogu Reunion&#8217;68, chyba ze jest to wyra\u017anie zaznaczone.<br \/>\nTwoje uwagi, linki, w\u0142asne artyku\u0142y lub wiadomo\u015bci prze\u015blij na adres:<br \/>\n<\/em><span style=\"color: #000080;\"><strong><em><a style=\"color: #000080;\" href=\"mailto:webmaster@reunion68.com\"><span style=\"text-decoration: underline;\">webmaster@reunion68.com<\/span><\/a><\/em><\/strong><\/span><\/p>\n<\/div>\n<\/div>\n<\/div>\n<hr style=\"width: 100%;\">\n","protected":false},"excerpt":{"rendered":"<p>Autonomia Palesty\u0144ska nie tylko nie zamierza rezygnowa\u0107 z systemu &#8220;p\u0142acy za zabijanie&#8221;, ale dodaje dziesi\u0105tki tysi\u0119cy terrorystycznych wi\u0119\u017ani\u00f3w i &#8220;m\u0119czennik\u00f3w&#8221;, kt\u00f3rzy maj\u0105 by\u0107 finansowani przez ten program. 23 lipca 2018 r. podczas ceremonii na cze\u015b\u0107 palesty\u0144skich terroryst\u00f3w prezydent Autonomii Palesty\u0144skiej Mahmud Abbas powiedzia\u0142: &#8220;Nie zmniejszymy ani nie wstrzymamy zasi\u0142k\u00f3w dla rodzin m\u0119czennik\u00f3w, wi\u0119\u017ani\u00f3w i uwolnionych [&hellip;]<\/p>\n","protected":false},"author":1,"featured_media":0,"comment_status":"closed","ping_status":"closed","sticky":false,"template":"","format":"standard","meta":[],"categories":[6],"tags":[26,24],"_links":{"self":[{"href":"https:\/\/www.reunion68.se\/index.php?rest_route=\/wp\/v2\/posts\/115133"}],"collection":[{"href":"https:\/\/www.reunion68.se\/index.php?rest_route=\/wp\/v2\/posts"}],"about":[{"href":"https:\/\/www.reunion68.se\/index.php?rest_route=\/wp\/v2\/types\/post"}],"author":[{"embeddable":true,"href":"https:\/\/www.reunion68.se\/index.php?rest_route=\/wp\/v2\/users\/1"}],"replies":[{"embeddable":true,"href":"https:\/\/www.reunion68.se\/index.php?rest_route=%2Fwp%2Fv2%2Fcomments&post=115133"}],"version-history":[{"count":4,"href":"https:\/\/www.reunion68.se\/index.php?rest_route=\/wp\/v2\/posts\/115133\/revisions"}],"predecessor-version":[{"id":115161,"href":"https:\/\/www.reunion68.se\/index.php?rest_route=\/wp\/v2\/posts\/115133\/revisions\/115161"}],"wp:attachment":[{"href":"https:\/\/www.reunion68.se\/index.php?rest_route=%2Fwp%2Fv2%2Fmedia&parent=115133"}],"wp:term":[{"taxonomy":"category","embeddable":true,"href":"https:\/\/www.reunion68.se\/index.php?rest_route=%2Fwp%2Fv2%2Fcategories&post=115133"},{"taxonomy":"post_tag","embeddable":true,"href":"https:\/\/www.reunion68.se\/index.php?rest_route=%2Fwp%2Fv2%2Ftags&post=115133"}],"curies":[{"name":"wp","href":"https:\/\/api.w.org\/{rel}","templated":true}]}}