{"id":115176,"date":"2024-08-23T17:09:26","date_gmt":"2024-08-23T15:09:26","guid":{"rendered":"http:\/\/www.reunion68.se\/?p=115176"},"modified":"2024-08-20T10:06:50","modified_gmt":"2024-08-20T08:06:50","slug":"23-09-99","status":"publish","type":"post","link":"https:\/\/www.reunion68.se\/?p=115176","title":{"rendered":"Jak to jest z tym narodem wybranym?"},"content":{"rendered":"<p style=\"text-align: center;\"><img decoding=\"async\" class=\"aligncenter\" src=\"https:\/\/www.murtaddtohuman.org\/content\/images\/size\/w2000\/2024\/06\/Regertfully-decides-to-withdraw.png\" width=\"100%\" \/><span style=\"color: #808080;\"><em>Kraje arabskie z wielu powod\u00f3w postanowi\u0142y wycofa\u0107 rezolucj\u0119 pot\u0119piaj\u0105c\u0105 Izrael. \/\u00a0 (\u0179r\u00f3d\u0142o zdj\u0119cia: https:\/\/www.youtube.com\/watch?v=vtrGUVFzO-Y)<\/em><\/span><\/p>\n<hr \/>\n<h5 style=\"text-align: center;\"><a href=\"https:\/\/studioopinii.pl\/\" target=\"_blank\" rel=\"noopener noreferrer\"><img decoding=\"async\" class=\"center alignleft\" src=\"http:\/\/www.reunion68.com\/Biuletyn\/img\/studio.png\" alt=\"\" width=\"35%\" \/><\/a><span style=\"text-decoration: underline; color: #000080;\"><strong><a style=\"color: #000080; text-decoration: underline;\" href=\"https:\/\/studioopinii.pl\/archiwa\/242379\" target=\"_blank\" rel=\"noopener noreferrer\">Jak to jest z tym narodem wybranym?<\/a><\/strong><\/span><\/h5>\n<p style=\"text-align: center;\"><span style=\"color: #000000;\"><strong>Andrzej Koraszewski<\/strong><\/span><\/p>\n<hr style=\"height: 15px; background: #d0e6fa; width: 100%;\" \/>\n<p style=\"text-align: left;\"><span style=\"color: #000080;\">Zn\u0119caj\u0105cy si\u0119 nad\u00a0Bibli\u0105 atei\u015bci z\u00a0najwy\u017csz\u0105 pogard\u0105 pisz\u0105 o\u00a0\u201enarodzie wybranym\u201d. Patrz\u0105 ze\u00a0zdumieniem i\u00a0oburzeniem, kiedy kto\u015b pr\u00f3buje im\u00a0u\u015bwiadomi\u0107, \u017ce\u00a0s\u0105\u00a0wiernymi dzie\u0107mi Ko\u015bcio\u0142a. Przyjaciel potkn\u0105\u0142 si\u0119 w\u00a0wojowniczej argumentacji, przywo\u0142uj\u0105c znanego autora, kt\u00f3ry\u00a0stwierdzi\u0142, \u017ce\u00a0wszystkie religie monoteistyczne uprawiaj\u0105 prozelityzm i\u00a0zmierzaj\u0105 do\u00a0podboju \u015bwiata. Oczywi\u015bcie \u00f3w\u00a0cytowany autorytet wymieni\u0142 na\u00a0pierwszym miejscu judaizm. Zapyta\u0142em o\u00a0\u017cydowskie zakony misjonarzy, o\u00a0narody podbite mieczem lub nawr\u00f3cone s\u0142owem na\u00a0judaizm. Okaza\u0142o si\u0119, \u017ce\u00a0przyjaciel by\u0142 \u015bwiadomy, \u017ce\u00a0nie\u00a0ma\u00a0niczego takiego jak \u017cydowski prozelityzm i\u00a0\u017ce\u00a0pr\u00f3by konwersji na\u00a0judaizm (w\u00a0odr\u00f3\u017cnieniu od\u00a0konwersji na\u00a0chrze\u015bcija\u0144stwo czy\u00a0islam) spotykaj\u0105 si\u0119 ze\u00a0zniech\u0119caniem i\u00a0pi\u0119trowymi trudno\u015bciami.<\/span><\/p>\n<p style=\"text-align: left;\"><span style=\"color: #000080;\">Na\u00a0czym zatem polega problem? Prosta sprawa. Chrze\u015bcijanie i\u00a0muzu\u0142manie s\u0105\u00a0bardzo zagniewani, \u017ce\u00a0ukradziony plemienny b\u00f3g wybra\u0142 ich, a\u00a0nie\u00a0nas. Staro\u017cytni plemienni bogowie mieli dziwny obyczaj wybierania swoich plemion. To\u00a0ich b\u00f3g\/bogowie stworzy\u0142 \u015bwiat i\u00a0ludzi i\u00a0im\u00a0zapewnia\u0142 opiek\u0119. Zwyci\u0119skie wojny ko\u0144czy\u0142y si\u0119 zazwyczaj upokorzeniem boga pokonanych wrog\u00f3w przez\u00a0palenie rze\u017ab, niszczenie \u015bwi\u0105ty\u0144 i\u00a0wy\u015bmiewanie niemocy boskiego opiekuna.\u00a0\u00a0\u00a0<\/span><\/p>\n<p style=\"text-align: left;\"><span style=\"color: #000080;\">Z\u00a0bezliku narod\u00f3w wybranych wybrano do\u00a0prze\u015bladowa\u0144 jeden, w\u00a0ramach sprzeciwu wobec straszliwej niesprawiedliwo\u015bci, \u017ce\u00a0my\u00a0porzucili\u015bmy naszych bog\u00f3w dla ich boga, kt\u00f3ry\u00a0zachowa\u0142 si\u0119 tak\u00a0samo jak nasi bogowie i\u00a0b\u00f3g jeden wie, dlaczego wybra\u0142 sobie tych, kt\u00f3rzy\u00a0go\u00a0sobie wymy\u015blili.\u00a0\u00a0\u00a0\u00a0 \u00a0\u00a0\u00a0<\/span><\/p>\n<p style=\"text-align: left;\"><span style=\"color: #000080;\">Sprawa by\u0142aby przezabawna, gdyby\u00a0nie\u00a0miliony trup\u00f3w. Chrze\u015bcijanie mordowali \u017byd\u00f3w w\u00a0ramach aspiracji do\u00a0bycia (wybranym przez\u00a0izraelskiego Boga) Izraelem. Ten uderzaj\u0105cy absurd powt\u00f3rzy\u0142 si\u0119, kiedy pojawi\u0142 si\u0119 \u201eostatni prorok\u201d czyli Mahomet, ponownie si\u0119gaj\u0105c po\u00a0cudz\u0105 ksi\u0119g\u0119 w\u00a0celu stworzenia w\u0142asnej religii maj\u0105cej podbi\u0107 i\u00a0podporz\u0105dkowa\u0107 sobie ca\u0142y \u015bwiat.\u00a0<\/span><\/p>\n<p style=\"text-align: left;\"><span style=\"color: #000080;\">Fakt, \u017ce\u00a0cudze legendy przej\u0119\u0142y nasze umys\u0142y, by\u0142by ma\u0142o znacz\u0105cy, gdyby\u00a0\u017bydzi wygin\u0119li tak, jak to\u00a0zrobili Sumerowie, czy\u00a0inne narody, kt\u00f3re w\u0142o\u017cy\u0142y sw\u00f3j wk\u0142ad w\u00a0pocz\u0105tki opartej na\u00a0rolnictwie i\u00a0pi\u015bmie cywilizacji. Ale\u00a0\u017bydzi trwali, nadal wierz\u0105c i\u00a0praktykuj\u0105c swoj\u0105 religi\u0119, kt\u00f3ra\u00a0jest kamieniem w\u0119gielnym dw\u00f3ch najbardziej krwawych religii monoteistycznych.<\/span><\/p>\n<p style=\"text-align: left;\"><span style=\"color: #000080;\">Przyprawianie g\u0119by judaizmowi sta\u0142o si\u0119 filarem teologii chrze\u015bcija\u0144skiej i\u00a0zmienia\u0142o najpi\u0119kniejsz\u0105 zasad\u0119 tej\u00a0religii \u2013 poszanowanie bli\u017aniego \u2013 w\u00a0po\u015bmiewisko. Zaszargany obraz \u017byda w\u00a0literaturze chrze\u015bcija\u0144skiej stanowi\u0142 bram\u0119 pozwalaj\u0105c\u0105 na\u00a0zawieszenie mi\u0142o\u015bci bli\u017aniego, na\u00a0gwa\u0142t, rabunek i\u00a0mord z\u00a0bosk\u0105 przychylno\u015bci\u0105 kap\u0142an\u00f3w. W\u00a0chrze\u015bcija\u0144stwie i\u00a0islamie \u017bydzi s\u0105\u00a0narodem wybranym do\u00a0nienawidzenia.<\/span><\/p>\n<p style=\"text-align: left;\"><span style=\"color: #000080;\">Czy\u00a0to\u00a0oznacza, \u017ce\u00a0sami \u017bydzi przestali wierzy\u0107, \u017ce\u00a0s\u0105\u00a0narodem wybranym? Judaizm ma\u00a0dziesi\u0105tki odmian (jako spo\u0142ecze\u0144stwo zar\u00f3wno w\u00a0Izraelu, jak i\u00a0w\u00a0diasporze nale\u017c\u0105 do\u00a0najbardziej zlaicyzowanych), w\u015br\u00f3d wierz\u0105cych interpretacja owego \u201ewybrania\u201d jest traktowana raczej jako jaki\u015b obowi\u0105zek ni\u017c pow\u00f3d do\u00a0dumy i\u00a0poczucia wy\u017cszo\u015bci. Moja, bardzo powierzchowna, obserwacja wskazuje na\u00a0absurdalno\u015b\u0107 zarzut\u00f3w o\u00a0rzekom\u0105 pogard\u0119 dla goj\u00f3w. Jako jednostki bywaj\u0105 aroganccy (r\u00f3wnie\u017c wzajemnie wobec siebie), ale\u00a0jako spo\u0142ecze\u0144stwo cechuje ich tolerancja i\u00a0\u017cyczliwo\u015b\u0107. (Co\u00a0najlepiej wida\u0107 po\u00a0stosunku do\u00a0ludzi innych wyzna\u0144 \u017cyj\u0105cych w\u00a0kraju, w\u00a0kt\u00f3rym\u00a0\u017bydzi s\u0105\u00a0wi\u0119kszo\u015bci\u0105.) Nie\u00a0bardzo interesuj\u0105 mnie ich interpretacje okre\u015blenia \u201enar\u00f3d wybrany\u201d, poniewa\u017c robakiem niszcz\u0105cym moj\u0105 kultur\u0119 s\u0105\u00a0chrze\u015bcija\u0144skie, islamskie, komunistyczne, ateistyczne, faszystowskie, drobnomieszcza\u0144skie i\u00a0akademickie pretensje do\u00a0\u201enarodu wybranego\u201d, a\u00a0pokraczne harce wok\u00f3\u0142 tego poj\u0119cia wskazuj\u0105 na\u00a0patologiczn\u0105 potrzeb\u0119 nienawi\u015bci, do\u00a0kt\u00f3rej\u00a0teologia zast\u0105pienia otwiera\u0142a bogato rze\u017abion\u0105 bram\u0119.<\/span><\/p>\n<p style=\"text-align: left;\"><span style=\"color: #000080;\">Twierdzenie, \u017ce\u00a0wszystkie drogi antysemit\u00f3w prowadz\u0105 do\u00a0Rzymu jest pewn\u0105 przesad\u0105. Moskwa jako \u201etrzeci Rzym\u201d znakomicie zda\u0142a egzamin, dzisiejsze korzenie antysemityzmu s\u0105\u00a0silnie splecione i\u00a0trudno odr\u00f3\u017cni\u0107, kt\u00f3re odruchy serca p\u0142yn\u0105 z\u00a0tradycji chrze\u015bcija\u0144skiej, a\u00a0kt\u00f3re z\u00a0tradycji laickiej (z\u00a0silnym rosyjskim akcentem).\u00a0\u00a0\u00a0<\/span><\/p>\n<p style=\"text-align: left;\"><span style=\"color: #000080;\">Kiedy czytam wpis na\u00a0koncie X\u00a0ameryka\u0144skiego profesora (specjalisty od\u00a0stosunk\u00f3w politycznych w\u00a0Ameryce \u0141aci\u0144skiej), zastanawiam si\u0119 nad\u00a0w\u0119dr\u00f3wk\u0105 idei, kt\u00f3re zrodzi\u0142y ten rodzaj zwierz\u0119cej, rasistowskiej nienawi\u015bci. Profesor Danny Shaw napisa\u0142:<\/span><\/p>\n<p style=\"text-align: left;\"><span style=\"color: #000080;\"><em>\u201cThese Zi^nists are straight Babylon swine. We\u00a0need to\u00a0protest their neighborhoods\u2026Why are you racist arrogant bullies?\u2026Zionism is beyond a\u00a0mental illness; it\u2019s genocidal disease.\u201d<\/em><\/span><\/p>\n<p style=\"text-align: left;\"><span style=\"color: #000080;\">[<em>Ci\u00a0syjoni\u015bci to\u00a0zwyk\u0142e babilo\u0144skie \u015bwinie. Musimy protestowa\u0107 przeciwko ich s\u0105siedztwu\u2026 Dlaczego jeste\u015bcie rasistowskimi, aroganckimi \u0142ajdakami?\u2026 Syjonizm jest gorszy od\u00a0choroby psychicznej, to\u00a0ludob\u00f3jcza choroba.<\/em>]<\/span><\/p>\n<p style=\"text-align: left;\"><span style=\"color: #000080;\">Je\u015bli masz trudno\u015bci z\u00a0dopatrzeniem si\u0119 antysemityzmu w\u00a0tym wpisie to\u00a0powiniene\u015b w\u00a0tym miejscu przerwa\u0107 lektur\u0119, je\u015bli wierzysz w\u00a0opowie\u015bci Hiszpan\u00f3w, Francuz\u00f3w, Portugalczyk\u00f3w, Belg\u00f3w, Holendr\u00f3w, Brytyjczyk\u00f3w, \u017ce\u00a0Izrael jest mocarstwem kolonialnym i\u00a0nie\u00a0wybuchasz \u015bmiechem, to\u00a0mo\u017cliwe, \u017ce\u00a0nie\u00a0masz poczucia humoru. W\u00a0Polsce do\u015bwiadczyli\u015bmy kolonializmu Rosji i\u00a0Niemiec, (sami wcze\u015bniej zaj\u0119li\u015bmy zachodni\u0105 Ukrain\u0119, Bia\u0142oru\u015b i\u00a0Litw\u0119, mieli\u015bmy szczer\u0105 ochot\u0119 na\u00a0kawa\u0142ek Afryki), szczycimy si\u0119, \u017ce\u00a0nasi odepchn\u0119li Turk\u00f3w spod Wiednia. Muzu\u0142manie zniewolili wi\u0119cej narod\u00f3w ni\u017c Brytyjczycy, ale\u00a0dzi\u015b Izrael jest uwa\u017cany za\u00a0mocarstwo kolonialne. Ile takich \u201emocarstw kolonialnych\u201d zmie\u015bci\u0142oby si\u0119 w\u00a0Polsce? 15? Czy\u00a0znasz imperium kolonialne, kt\u00f3re w\u00a0kolonii ma\u00a0groby swoich przodk\u00f3w sprzed podboju? To\u00a0du\u017ca sztuka.<\/span><\/p>\n<p style=\"text-align: left;\"><span style=\"color: #000080;\">Ameryka\u0144ski multimiliarder Mohamad Hadid stwierdzi\u0142 niedawno, \u017ce\u00a0izraelscy \u017bydzi nie\u00a0maj\u0105 genetycznego powi\u0105zania ze\u00a0staro\u017cytnymi Hebrajczykami. Nie\u00a0tylko\u00a0nie\u00a0przestudiowa\u0142 raport\u00f3w z\u00a0bada\u0144, ale\u00a0nawet nie\u00a0zajrza\u0142 do\u00a0Wikipedii. (Sam Hadid opowiada\u0142, \u017ce\u00a0jego ojciec uciek\u0142 w\u00a01948 roku z\u00a0teren\u00f3w dzisiejszego Izraela, bo\u00a0nie\u00a0chcia\u0142 \u017cy\u0107 pod\u00a0\u017cydowsk\u0105 okupacj\u0105.) Sprawa jest o\u00a0tyle jasna, \u017ce\u00a0muzu\u0142ma\u0144ski nar\u00f3d wybrany przez\u00a0Allaha ma\u00a0klarowny zakaz \u017cycia pod\u00a0niemuzu\u0142ma\u0144sk\u0105 w\u0142adz\u0105, a\u00a0szczeg\u00f3lnie pod\u00a0w\u0142adz\u0105 \u017cydowsk\u0105. \u0141ami\u0105 ten zakaz w\u00a0razie potrzeby, nie\u00a0trac\u0105c nadziei na\u00a0podbicie niewiernych.\u00a0\u00a0\u00a0\u00a0\u00a0 \u00a0\u00a0<\/span><\/p>\n<p style=\"text-align: left;\"><span style=\"color: #000080;\">Z\u00a0koncepcj\u0105 narodu wybranego do\u00a0nienawi\u015bci \u0142\u0105czy si\u0119 jaki\u015b paranoiczny l\u0119k. 15 maja 2024r. prezydent Turcji\u00a0<a class=\"extlink https\" style=\"color: #000080;\" href=\"https:\/\/elderofziyon.blogspot.com\/2024\/05\/the-sources-of-erdogans-conspiracy.html\">obwie\u015bci\u0142<\/a>, \u017ce\u00a0je\u015bli Izraelowi uda si\u0119 pokona\u0107 Hamas, to\u00a0potem \u201eskupi si\u0119\u201d na\u00a0Turcji.\u00a0<strong><a class=\"extlink https\" style=\"color: #000080;\" href=\"https:\/\/www.yenisafak.com\/en\/news\/turkiye-will-stand-by-hamas-which-is-fighting-for-independence-says-president-erdogan-3683524\">Erdogan powiedzia\u0142<\/a><\/strong>: \u201eIzrael nie\u00a0zatrzyma si\u0119 w\u00a0Gazie i\u00a0je\u015bli nie\u00a0zostanie zatrzymany,\u00a0<strong>to\u00a0zb\u00f3jeckie pa\u0144stwo w\u00a0ko\u0144cu obierze za\u00a0cel Anatoli\u0119 zgodnie ze\u00a0swoimi z\u0142udzeniami co\u00a0do\u00a0ziemi obiecanej<\/strong>\u201d. W\u00a0tej\u00a0sytuacji turecki prezydent zapewni\u0142, \u017ce\u00a0Turcja nadal b\u0119dzie wspiera\u0142a Hamas, \u201ekt\u00f3ry walczy o\u00a0niepodleg\u0142o\u015b\u0107 swojego kraju i\u00a0broni Anatolii\u201d.<\/span><\/p>\n<p style=\"text-align: left;\"><span style=\"color: #000080;\">Czy\u00a0Erdogan jest \u015bwiadomy absurdalno\u015bci tego co\u00a0plecie, czy\u00a0choroba zasz\u0142a ju\u017c tak\u00a0daleko, \u017ce\u00a0sam w\u00a0to\u00a0wierzy? Adolf Hitler prawdopodobnie rzeczywi\u015bcie wierzy\u0142 w\u00a0zagro\u017cenie ze\u00a0strony \u201enarodu wybranego\u201d. (Jorda\u0144czycy tak\u00a0bardzo wierzyli w\u00a0\u017cydowskie legendy, \u017ce\u00a0po\u00a0zaj\u0119ciu wschodniej Jerozolimy w\u00a01948 roku zamurowali bram\u0119 do\u00a0starego miasta, przez\u00a0kt\u00f3r\u0105 ma\u00a0podobno powr\u00f3ci\u0107 mesjasz.)\u00a0\u00a0\u00a0\u00a0\u00a0\u00a0\u00a0\u00a0\u00a0<\/span><\/p>\n<p style=\"text-align: left;\"><span style=\"color: #000080;\">\u015awiatli pracownicy carskiej Ochrany produkuj\u0105c fa\u0142szywk\u0119 pod\u00a0tytu\u0142em\u00a0<em>Protoko\u0142y m\u0119drc\u00f3w Syjonu<\/em>, byli bardziej \u015bwiadomi tego, \u017ce\u00a0k\u0142ami\u0105, ni\u017c Erdogan czy\u00a0Hitler. Umberto Ecco w\u00a0swojej znakomitej powie\u015bci\u00a0<em>Cmentarz w\u00a0Pradze<\/em>\u00a0przypisuje inicjatorowi\u00a0<em>Protoko\u0142\u00f3w m\u0119drc\u00f3w Syjonu\u00a0<\/em>(Piotrowi Iwanowiczowi Raczkowskiemu, kt\u00f3ry\u00a0nadzorowa\u0142 zagraniczne plac\u00f3wki Ochrany), nast\u0119puj\u0105ce s\u0142owa:<\/span><\/p>\n<p style=\"text-align: left;\"><span style=\"color: #000080;\"><em>\u201eLud jest niezadowolony i\u00a0kieruje sw\u0105 niech\u0119\u0107 przeciwko carowi. Potrzebuje wroga. Nie\u00a0ma\u00a0sensu szuka\u0107 wroga daleko. Wr\u00f3g, aby by\u0142 rozpoznawalny i\u00a0aby si\u0119 go\u00a0bano, musi by\u0107 w\u00a0domu, musi sta\u0107 na\u00a0progu. Oto dlaczego \u017bydzi. Boska opatrzno\u015b\u0107 da\u0142a nam ich, wi\u0119c\u00a0na\u00a0mi\u0142o\u015b\u0107 bosk\u0105 wykorzystajmy to\u00a0i\u00a0m\u00f3dlmy si\u0119, aby zawsze by\u0142 jaki\u015b \u017byd, aby si\u0119 go\u00a0ba\u0107 i\u00a0by\u00a0go\u00a0nienawidzi\u0107. Wr\u00f3g jest potrzebny, aby da\u0107 ludowi nadziej\u0119. Nikogo nie\u00a0kocha si\u0119 przez\u00a0ca\u0142e \u017cycie. Ale\u00a0nienawidzi\u0107 mo\u017cna. Nienawi\u015b\u0107 rozgrzewa serce\u201d.<\/em><\/span><\/p>\n<p style=\"text-align: left;\"><span style=\"color: #000080;\">Literacka fikcja? Z\u00a0pewno\u015bci\u0105, ale\u00a0intryga w\u00a0postaci wyprodukowania fa\u0142szywego dokumentu maj\u0105cego podburzy\u0107 antysemickie nastroje, wyra\u017anie wskazuje na\u00a0mocne osadzenie tego pogl\u0105du nadzorcy zagranicznych plac\u00f3wek Ochrany w\u00a0rzeczywisto\u015bci. \u00a0\u00a0\u00a0<\/span><\/p>\n<p style=\"text-align: left;\"><span style=\"color: #000080;\">Niemiecki historyk G\u00f6tz Aly z\u0142o\u015bliwie twierdzi, \u017ce\u00a0to\u00a0co\u00a0najbardziej ludzi u\u00a0diasporowych \u017byd\u00f3w dra\u017cni\u0142o, to\u00a0p\u0119d do\u00a0wiedzy i\u00a0pracowito\u015b\u0107. Pisa\u0142 o\u00a0niech\u0119ci gnu\u015bnych do\u00a0pracowitych wzmacniaj\u0105cej zarzuty o\u00a0pych\u0119 \u201enarodu wybranego\u201d. Pracowito\u015b\u0107 i\u00a0zaradno\u015b\u0107 Chi\u0144czyk\u00f3w i\u00a0Hindus\u00f3w mieszkaj\u0105cych w\u015br\u00f3d narod\u00f3w chrze\u015bcija\u0144skich i\u00a0islamskich r\u00f3wnie\u017c cz\u0119sto by\u0142a powodem rozruch\u00f3w, podpale\u0144, rabunk\u00f3w i\u00a0mord\u00f3w, ale\u00a0jak si\u0119 wydaje nie\u00a0towarzyszy\u0142a temu zakorzeniona w\u00a0kulturze ideologia nienawi\u015bci. Aly przypomina, \u017ce\u00a0rozpad wielonarodowych imperi\u00f3w w\u00a0Europie i\u00a0d\u0105\u017cenie do\u00a0odrodzenia pa\u0144stw narodowych z\u00a0konieczno\u015bci prowadzi\u0142o do\u00a0idei narodowej czysto\u015bci, prowadz\u0105cej cz\u0119sto do\u00a0ludob\u00f3jczej niech\u0119ci do\u00a0etnicznych mniejszo\u015bci, a\u00a0to\u00a0wzmacnia\u0142o istniej\u0105ce ju\u017c wcze\u015bniej zapotrzebowanie na\u00a0arcywroga, do\u00a0kt\u00f3rego\u00a0nienawi\u015b\u0107 mog\u0142a wzmocni\u0107 ide\u0119 etnicznej i\u00a0religijnej czysto\u015bci jako fundamentu pa\u0144stwa narodowego. \u00a0<\/span><\/p>\n<p style=\"text-align: left;\"><span style=\"color: #000080;\">Czy\u00a0mieli\u015bmy w\u00a0Polsce nasz\u0105 w\u0142asn\u0105 wersj\u0119\u00a0<em>Protoko\u0142\u00f3w m\u0119drc\u00f3w Syjonu?<\/em>\u00a0Mo\u017cna wskaza\u0107 kilku kandydat\u00f3w, w\u015br\u00f3d kt\u00f3rych\u00a0ciekawa jest broszura Andrzeja Niemojewskiego (wydana w\u00a01918 roku), pod\u00a0tytu\u0142em \u00a0<em>Prawo \u017cydowskie o\u00a0gojach<\/em>.<\/span><\/p>\n<div class=\"wp-block-image\">\n<figure class=\"aligncenter\"><img decoding=\"async\" loading=\"lazy\" class=\"wp-image-242381 aligncenter\" src=\"https:\/\/studioopinii.pl\/wp-content\/uploads\/2024\/06\/word-image-242379-2.png\" alt=\"\" width=\"300\" height=\"422\" \/><\/figure>\n<\/div>\n<p style=\"text-align: left;\"><span style=\"color: #000080;\">Andrzej Niemojewski, szlachcic, urodzony w\u00a01864 roku, prawnik, poeta, znany g\u0142\u00f3wnie jako wolnomy\u015bliciel i\u00a0antykleryka\u0142 (tw\u00f3rca teorii o\u00a0astrologicznym pochodzeniu chrze\u015bcija\u0144stwa), \u00a0pocz\u0105tkowo socjalista, ale\u00a0po\u00a0rewolucji pa\u017adziernikowej przeszed\u0142 do\u00a0obozu narodowc\u00f3w, a\u00a0uporczywy antysemityzm prze\u015bladowa\u0142 go\u00a0od\u00a0najm\u0142odszych lat.<\/span><\/p>\n<p style=\"text-align: left;\"><span style=\"color: #000080;\">W\u00a0swojej broszurce o\u00a0grozie istnienia \u017byd\u00f3w (ostatnie wznowienie w\u00a0wersji cyfrowej 2020\u00a0r.) Andrzej Niemojewski pisa\u0142, \u017ce\u00a0\u017bydzi s\u0105\u00a0spo\u0142ecze\u0144stwem zamkni\u0119tym, i\u00a0\u201enie wolno goja uczy\u0107 zakonu\u201d. \u017bydzi k\u0142ami\u0105, \u017bydzi oszukuj\u0105, \u017bydzi pogardzaj\u0105, morduj\u0105, maj\u0105 zakaz zwracania d\u0142ugu, o\u00a0kt\u00f3rym\u00a0wierzyciel zapomnia\u0142, w\u00a0stosunku do\u00a0goj\u00f3w mog\u0105 \u0142ama\u0107 wszystkie prawa. To\u00a0\u201edzie\u0142o\u201d nie\u00a0nabra\u0142o wielkiego rozg\u0142osu (chocia\u017c by\u0142o wznawiane przed\u00a0wojn\u0105), a\u00a0jest ciekawe ze\u00a0wzgl\u0119du na\u00a0fakt, \u017ce\u00a0jest jedn\u0105 z\u00a0pierwszych ateistycznych publikacji antysemickich, oczywi\u015bcie opieraj\u0105cych si\u0119 na\u00a0\u201e\u017ar\u00f3d\u0142ach\u201d katolickich, kt\u00f3re s\u0105\u00a0nie\u00a0tylko\u00a0k\u0142amliwe, ale\u00a0ra\u017c\u0105co sprzeczne z\u00a0duchem judaizmu. (Nawiasem m\u00f3wi\u0105c antysemickie wypowiedzi Stanis\u0142awa Staszica r\u00f3wnie\u017c nale\u017ca\u0142y ju\u017c raczej do\u00a0o\u015bwieceniowego, laickiego, nurtu. Staszic by\u0142 pod\u00a0silnym wp\u0142ywem Woltera i\u00a0pr\u00f3bowa\u0142 \u201enaukowo\u201d podbudowa\u0107 swoje uprzedzenia rasowe.)<\/span><\/p>\n<p style=\"text-align: left;\"><span style=\"color: #000080;\">Od\u00a0Niemojewskiego zdecydowanie bardziej popularnym piewc\u0105 rasowej i\u00a0religijnej nienawi\u015bci by\u0142 ksi\u0105dz Stanis\u0142aw Trzeciak, gor\u0105cy wielbiciel Hitlera, kt\u00f3ry\u00a0w\u00a0sierpniu 1944 roku zgin\u0105\u0142 z\u00a0r\u0105k hitlerowc\u00f3w. Jego s\u0142ynna rozprawa pod\u00a0tytu\u0142em\u00a0<em>Talmud o\u00a0gojach a\u00a0kwestia \u017cydowska w\u00a0Polsce<\/em>\u00a0w zasadzie zawiera\u0142a ten sam gatunek be\u0142kotu, te\u00a0same k\u0142amstwa i\u00a0t\u0119\u00a0sam\u0105 paranoiczn\u0105 trwog\u0119 przed\u00a0\u201enarodem wybranym\u201d jak\u0105 oferowa\u0142 swoim czytelnikom Niemojewski. \u00a0\u00a0<\/span><\/p>\n<div class=\"wp-block-image\" style=\"text-align: center;\">\n<figure class=\"aligncenter\"><img decoding=\"async\" loading=\"lazy\" class=\"wp-image-242382 aligncenter\" src=\"https:\/\/studioopinii.pl\/wp-content\/uploads\/2024\/06\/ksiazka-wznowiona-w-roku-2024-przez-capitalbook-r.jpeg\" alt=\"Ksi\u0105\u017cka wznowiona w roku 2024 przez CapitalBook, reklamuj\u0105cy si\u0119 jako \u201eimperium dobrych ksi\u0105\u017cek\u201d.\" width=\"300\" height=\"427\" data-hasqtip=\"1\" aria-describedby=\"qtip-1\" \/><em style=\"color: #808080; text-align: center;\">Ksi\u0105\u017cka wznowiona w roku 2024 przez CapitalBook, reklamuj\u0105cy si\u0119 jako \u201eimperium dobrych ksi\u0105\u017cek\u201d.<\/em><\/figure>\n<\/div>\n<p style=\"text-align: left;\"><span style=\"color: #000080;\">Oczywi\u015bcie ksi\u0105dz Trzeciak nie\u00a0zdoby\u0142 mi\u0119dzynarodowej s\u0142awy, a\u00a0nasi propagatorzy nienawi\u015bci z\u00a0konieczno\u015bci odsy\u0142ali czytelnik\u00f3w do\u00a0wielkiej literatury \u015bwiatowej takiej jak wspomniane\u00a0<em>Protoko\u0142y m\u0119drc\u00f3w Syjonu\u00a0<\/em>lub<em>\u00a0Mein Kampf,\u00a0<\/em>kt\u00f3re z\u00a0czasem mia\u0142y wzmacnia\u0107 pozycje z\u00a0antysyjonistycznej literatury radzieckiej.\u00a0\u00a0<\/span><\/p>\n<p style=\"text-align: left;\"><span style=\"color: #000080;\">Upadek Zwi\u0105zku Radzieckiego nie\u00a0zako\u0144czy\u0142 radzieckich wp\u0142yw\u00f3w. Mo\u017cna powiedzie\u0107,\u00a0 \u017ce\u00a0zgo\u0142a przeciwnie, teraz radzieckie idee uwolnione z\u00a0pi\u0119tna zimnowojennej propagandy nabra\u0142y wiatru w\u00a0\u017cagle, przybieraj\u0105c now\u0105 form\u0119 \u2013 nienawi\u015bci do\u00a0Izraela i\u00a0jego mieszka\u0144c\u00f3w, kt\u00f3r\u0105 mo\u017cna zgrabnie po\u0142\u0105czy\u0107 z\u00a0obchodami pami\u0119ci o\u00a0pomordowanych, ze\u00a0wsp\u00f3\u0142czuciem dla tych, kt\u00f3rym\u00a0\u017bydzi utrudniaj\u0105 mordowanie \u017byd\u00f3w, z\u00a0niech\u0119ci\u0105 do\u00a0kapitalizmu, wolno\u015bci i\u00a0demokracji.<\/span><\/p>\n<p style=\"text-align: left;\"><span style=\"color: #000080;\">Nowy antysemityzm jest r\u00f3wnie intersekcjonalny jak stary. Chimera karmionej k\u0142amstwami nienawi\u015bci jest doskona\u0142ym zwierz\u0119ciem poci\u0105gowym, kt\u00f3re mo\u017cna zaprz\u0105c do\u00a0ka\u017cdego wozu. (Tyle \u017ce\u00a0dzi\u015b s\u0105\u00a0to\u00a0chimery mechaniczne, wsparte silnikami nowoczesnych \u015brodk\u00f3w przekazu, Wikipediami, sztuczn\u0105 inteligencj\u0105 i\u00a0nieod\u0142\u0105cznym m\u0105drym telefonem, kt\u00f3ry\u00a0dostarcza w\u0142a\u015bciwych filmik\u00f3w w\u00a0domu, w\u00a0plenerze, w\u00a0szkole i\u00a0w\u00a0miejscu pracy.) \u00a0\u00a0\u00a0\u00a0\u00a0\u00a0\u00a0\u00a0\u00a0<\/span><\/p>\n<p style=\"text-align: left;\"><span style=\"color: #000080;\">Nar\u00f3d wybrany do\u00a0nienawi\u015bci jest jeden i\u00a0pokazuj\u0105 to\u00a0zar\u00f3wno statystyki rezolucji Organizacji Narod\u00f3w Zjednoczonych, badania aktywno\u015bci medi\u00f3w, kazania w\u00a0\u015bwi\u0105tyniach, literatura pi\u0119kna (w\u00a0kt\u00f3rej\u00a0czarne charaktery z\u00a0jakiego\u015b powodu niezwykle cz\u0119sto nazywaj\u0105 si\u0119 Frankenstein lub podobnie), literatura \u201enaukowa\u201d i\u00a0zwroty zakorzenione w\u00a0r\u00f3\u017cnych j\u0119zykach. Zasada jest prosta \u2013 Antychryst jest jeden i\u00a0nie\u00a0nale\u017cy si\u0119 rozprasza\u0107. \u00a0\u00a0\u00a0\u00a0\u00a0\u00a0\u00a0\u00a0\u00a0\u00a0\u00a0\u00a0<\/span><\/p>\n<p style=\"text-align: left;\"><span style=\"color: #000080;\">\u017byjemy w\u00a0czasach, w\u00a0kt\u00f3rych\u00a0studio telewizyjne jest ko\u015bcio\u0142em, a\u00a0media ambon\u0105. Wielu obserwator\u00f3w, (jak r\u00f3wnie\u017c badacze tre\u015bci przekazywanych przez\u00a0media), zwraca\u0142o uwag\u0119 na\u00a0fakt, \u017ce\u00a0male\u0144ki Izrael i\u00a0jeszcze\u00a0 mniejsza \u201ePalestyna\u201d, przebija w\u00a0mediach Rosj\u0119 i\u00a0Chiny, nie\u00a0wspominaj\u0105c o\u00a0Indiach i\u00a0ca\u0142ej Afryce. Ten apetyt na\u00a0wiadomo\u015bci o\u00a0\u201enarodzie wybranym\u201d jest jednoznacznie antyizraelski. Jest r\u00f3wnie\u017c zdecydowanie cz\u0119\u015bciej lewicowy ni\u017c prawicowy, chocia\u017c te\u00a0nurty w\u00a0wielu punktach si\u0119 zlewaj\u0105. \u00a0\u00a0\u00a0\u00a0\u00a0\u00a0\u00a0<\/span><\/p>\n<p style=\"text-align: left;\"><span style=\"color: #000080;\">\u201eWiadomo\u015bci\u201d o\u00a0Izraelu s\u0105\u00a0nieustann\u0105 inwersj\u0105 rzeczywisto\u015bci. Izrael oskar\u017cany jest dok\u0142adnie o\u00a0te\u00a0zbrodnie, kt\u00f3re s\u0105\u00a0pope\u0142niane wobec niego i\u00a0wobec innych. Na\u00a0forum mi\u0119dzynarodowym demokratyczne kraje popieraj\u0105 antyizraelskie oskar\u017cenia przedstawiane przez\u00a0tyranie takie jak Rosja i\u00a0Chiny, Republika Po\u0142udniowej Afryki, czy\u00a0Wenezuela, a\u00a0kiedy pr\u00f3buj\u0105 udawa\u0107 przyzwoito\u015b\u0107, wstrzymuj\u0105 si\u0119 od\u00a0g\u0142osu. \u00a0<\/span><\/p>\n<p style=\"text-align: left;\"><span style=\"color: #000080;\">Najnowsza sprawa jest nawet do\u015b\u0107 zabawna. Od\u00a0lat kraje arabskie zg\u0142aszaj\u0105 propozycje rezolucji\u00a0<span class=\"tooltipsall tooltipsincontent classtoolTips39\">WHO<\/span>\u00a0pot\u0119piaj\u0105cych Izrael za\u00a0rzekomo niedostatecznie dobr\u0105 opiek\u0119 zdrowotn\u0105 nad\u00a0izraelskimi Arabami i\u00a0za\u00a0niedostatecznie dobr\u0105 opiek\u0119 medyczn\u0105, kt\u00f3r\u0105 organizuj\u0105 sobie w\u00a0swojej Autonomii Palesty\u0144czycy. Rok po\u00a0roku zabawa udawa\u0142a si\u0119 bez\u00a0\u017cadnych niespodzianek, wi\u0119c\u00a0i\u00a0w\u00a0tym roku rutynowo kraje arabskie (z\u00a0poparciem Chin, Kuby i\u00a0Rosji) zg\u0142osi\u0142y potrzeb\u0119 takiej rezolucji. Przedstawiciel Izraela brzydko si\u0119 zachowa\u0142 i\u00a0<a class=\"extlink https\" style=\"color: #000080;\" href=\"https:\/\/unwatch.org\/arab-states-pull-who-resolution-condemning-israel-after-amendment-calling-for-release-of-hostages\/\">zaproponowa\u0142 \u00a0poprawk\u0119<\/a>, kt\u00f3ra\u00a0<em>\u201ewzywa do\u00a0natychmiastowego i\u00a0bezwarunkowego uwolnienia wszystkich zak\u0142adnik\u00f3w przetrzymywanych w\u00a0Gazie, w\u00a0tym dzieci, kobiet i\u00a0os\u00f3b starszych, oraz\u00a0pot\u0119pia wykorzystywania przez\u00a0grupy zbrojne obiekt\u00f3w s\u0142u\u017cby zdrowia, w\u00a0tym szpitali i\u00a0karetek pogotowia, co\u00a0zagra\u017ca ludno\u015bci cywilnej\u201d.<\/em><\/span><\/p>\n<p style=\"text-align: left;\"><span style=\"color: #000080;\">Poprawka przesz\u0142a wi\u0119kszo\u015bci\u0105 50 g\u0142os\u00f3w przeciw 44, (przy 31 wstrzymuj\u0105cych si\u0119), co\u00a0spowodowa\u0142o wycofanie rezolucji na\u00a0wniosek jej pierwotnych wnioskodawc\u00f3w. \u00a0\u00a0<\/span><\/p>\n<p style=\"text-align: left;\"><span style=\"color: #000080;\">Pot\u0119pienie narodu wybranego w\u00a0\u017cadnym przypadku nie\u00a0mo\u017ce narusza\u0107 zasady intersekcjonalnej wy\u0142\u0105czno\u015bci, tego bowiem wymaga tradycja i\u00a0braterstwo narod\u00f3w. \u00a0\u00a0<\/span><\/p>\n<p style=\"text-align: left;\"><span style=\"color: #000080;\">Paulina Celnik, izraelska socjolo\u017cka z\u00a0polskim korzeniami, napisa\u0142a ksi\u0105\u017ck\u0119 pod\u00a0znamiennym tytu\u0142em\u00a0<em>Nar\u00f3d nie\u00a0wybrany<\/em>. Stwierdza w\u00a0niej, \u017ce\u00a0to\u00a0w\u0142a\u015bnie \u015bwiecki syjonizm i\u00a0socjalizm umo\u017cliwi\u0142y powstanie nowoczesnego Izraela. Towarzyszy\u0142a temu nadzieja, \u017ce\u00a0\u017bydzi przestan\u0105 by\u0107 wreszcie narodem wybranym i\u00a0b\u0119d\u0105 traktowani jak ka\u017cdy innych nar\u00f3d. Okaza\u0142o si\u0119, \u017ce\u00a0takiej opcji nie\u00a0ma. Nar\u00f3d wybrany okaza\u0142 si\u0119 zbyt potrzebny, by\u00a0mo\u017cna by\u0142o zrezygnowa\u0107 z\u00a0wielowiekowej tradycji.<\/span><\/p>\n<hr \/>\n<div class=\"wp-block-image is-style-rounded\">\n<figure class=\"alignleft size-full is-resized\"><img decoding=\"async\" loading=\"lazy\" class=\"wp-image-180999 alignleft\" src=\"https:\/\/studioopinii.pl\/wp-content\/uploads\/2017\/06\/Koraszewski.jpg\" alt=\"\" width=\"142\" height=\"145\" \/><\/figure>\n<\/div>\n<h1 class=\"wp-block-heading has-luminous-vivid-amber-background-color has-background\">Andrzej Koraszewski<\/h1>\n<p><span style=\"color: #808080;\"><em>Publicysta i\u00a0pisarz ekonomiczno-spo\u0142eczny.<\/em><\/span><\/p>\n<p><span style=\"color: #808080;\"><em>Ur. 26 marca\u00a01940\u00a0w\u00a0Szymbarku, by\u0142y dziennikarz\u00a0<a class=\"extlink https\" style=\"color: #808080;\" href=\"https:\/\/www.wikiwand.com\/pl\/BBC\">BBC<\/a>, wiceszef polskiej sekcji BBC, i\u00a0publicysta paryskiej \u201e<a class=\"extlink https\" style=\"color: #808080;\" href=\"https:\/\/www.wikiwand.com\/pl\/Kultura_(miesi%C4%99cznik)\">Kultury<\/a>\u201d.\u00a0<a class=\"extlink https\" style=\"color: #808080;\" href=\"https:\/\/www.wikiwand.com\/pl\/Andrzej_Koraszewski\" target=\"_blank\" rel=\"noreferrer noopener\">Wi\u0119cej w\u00a0Wikipedii<\/a>. \u00a0<a class=\"extlink https\" style=\"color: #808080;\" href=\"https:\/\/www.facebook.com\/andrzej.koraszewski\" target=\"_blank\" rel=\"noreferrer noopener\">Facebook<\/a><\/em><\/span><\/p>\n<hr style=\"height: 15px; background: #d0e6fa; width: 100%;\" \/>\n<div id=\"content\" class=\"content-alignment\">\n<div id=\"watch-description\" class=\"yt-uix-button-panel\">\n<div id=\"watch-description-text\" style=\"text-align: center;\">\n<p><em>Zawarto\u015b\u0107 publikowanych artyku\u0142\u00f3w i materia\u0142\u00f3w nie reprezentuje pogl\u0105d\u00f3w ani opinii Reunion&#8217;68,<\/em><em><br \/>\nani te\u017c webmastera Blogu Reunion&#8217;68, chyba ze jest to wyra\u017anie zaznaczone.<br \/>\nTwoje uwagi, linki, w\u0142asne artyku\u0142y lub wiadomo\u015bci prze\u015blij na adres:<br \/>\n<\/em><span style=\"color: #000080;\"><strong><em><a style=\"color: #000080;\" href=\"mailto:webmaster@reunion68.com\"><span style=\"text-decoration: underline;\">webmaster@reunion68.com<\/span><\/a><\/em><\/strong><\/span><\/p>\n<\/div>\n<\/div>\n<\/div>\n<hr style=\"width: 100%;\" \/>\n","protected":false},"excerpt":{"rendered":"<p>Kraje arabskie z wielu powod\u00f3w postanowi\u0142y wycofa\u0107 rezolucj\u0119 pot\u0119piaj\u0105c\u0105 Izrael. \/\u00a0 (\u0179r\u00f3d\u0142o zdj\u0119cia: https:\/\/www.youtube.com\/watch?v=vtrGUVFzO-Y) Jak to jest z tym narodem wybranym? Andrzej Koraszewski Zn\u0119caj\u0105cy si\u0119 nad\u00a0Bibli\u0105 atei\u015bci z\u00a0najwy\u017csz\u0105 pogard\u0105 pisz\u0105 o\u00a0\u201enarodzie wybranym\u201d. Patrz\u0105 ze\u00a0zdumieniem i\u00a0oburzeniem, kiedy kto\u015b pr\u00f3buje im\u00a0u\u015bwiadomi\u0107, \u017ce\u00a0s\u0105\u00a0wiernymi dzie\u0107mi Ko\u015bcio\u0142a. Przyjaciel potkn\u0105\u0142 si\u0119 w\u00a0wojowniczej argumentacji, przywo\u0142uj\u0105c znanego autora, kt\u00f3ry\u00a0stwierdzi\u0142, \u017ce\u00a0wszystkie religie monoteistyczne uprawiaj\u0105 [&hellip;]<\/p>\n","protected":false},"author":1,"featured_media":0,"comment_status":"closed","ping_status":"closed","sticky":false,"template":"","format":"standard","meta":[],"categories":[1],"tags":[26,24],"_links":{"self":[{"href":"https:\/\/www.reunion68.se\/index.php?rest_route=\/wp\/v2\/posts\/115176"}],"collection":[{"href":"https:\/\/www.reunion68.se\/index.php?rest_route=\/wp\/v2\/posts"}],"about":[{"href":"https:\/\/www.reunion68.se\/index.php?rest_route=\/wp\/v2\/types\/post"}],"author":[{"embeddable":true,"href":"https:\/\/www.reunion68.se\/index.php?rest_route=\/wp\/v2\/users\/1"}],"replies":[{"embeddable":true,"href":"https:\/\/www.reunion68.se\/index.php?rest_route=%2Fwp%2Fv2%2Fcomments&post=115176"}],"version-history":[{"count":7,"href":"https:\/\/www.reunion68.se\/index.php?rest_route=\/wp\/v2\/posts\/115176\/revisions"}],"predecessor-version":[{"id":115187,"href":"https:\/\/www.reunion68.se\/index.php?rest_route=\/wp\/v2\/posts\/115176\/revisions\/115187"}],"wp:attachment":[{"href":"https:\/\/www.reunion68.se\/index.php?rest_route=%2Fwp%2Fv2%2Fmedia&parent=115176"}],"wp:term":[{"taxonomy":"category","embeddable":true,"href":"https:\/\/www.reunion68.se\/index.php?rest_route=%2Fwp%2Fv2%2Fcategories&post=115176"},{"taxonomy":"post_tag","embeddable":true,"href":"https:\/\/www.reunion68.se\/index.php?rest_route=%2Fwp%2Fv2%2Ftags&post=115176"}],"curies":[{"name":"wp","href":"https:\/\/api.w.org\/{rel}","templated":true}]}}