{"id":115302,"date":"2024-08-26T17:09:55","date_gmt":"2024-08-26T15:09:55","guid":{"rendered":"http:\/\/www.reunion68.se\/?p=115302"},"modified":"2024-08-26T10:05:41","modified_gmt":"2024-08-26T08:05:41","slug":"29-09-85","status":"publish","type":"post","link":"https:\/\/www.reunion68.se\/?p=115302","title":{"rendered":"Nie\u015bwi\u0119ty sojusz lewicy z faszyzmem"},"content":{"rendered":"<p style=\"text-align: center;\"><img decoding=\"async\" class=\"aligncenter\" src=\"https:\/\/pbs.twimg.com\/media\/GVrfpgHWAAAGtxM?format=jpg&amp;name=large\" width=\"100%\" \/><span style=\"color: #808080;\"><em>Sklep w Iraku. \u0179r\u00f3d\u0142o: Nioh Berg<\/em><\/span><\/p>\n<hr \/>\n<h5 style=\"text-align: center;\"><a href=\"https:\/\/www.listyznaszegosadu.pl\/\" target=\"_blank\" rel=\"noopener noreferrer\"><img decoding=\"async\" class=\"center alignleft\" src=\"http:\/\/www.reunion68.com\/Biuletyn\/img\/z-naszego.jpg\" alt=\"\" width=\"50%\" \/><\/a><span style=\"text-decoration: underline; color: #000080;\"><span style=\"text-decoration: underline;\"><strong><a style=\"color: #000080; text-decoration: underline;\" href=\"https:\/\/www.listyznaszegosadu.pl\/brunatna-fala\/nieswiety-sojusz-lewicy-z-faszyzmem\" target=\"_blank\" rel=\"noopener noreferrer\">Nie\u015bwi\u0119ty sojusz lewicy z faszyzmem<\/a><\/strong><\/span><\/span><\/h5>\n<p style=\"text-align: center;\"><span style=\"color: #000000;\"><strong><br \/>\nAndrzej Koraszewski<\/strong><\/span><\/p>\n<hr style=\"height: 15px; background: #d0e6fa; width: 100%;\" \/>\n<div class=\"templateArticleIngress\" style=\"text-align: left;\"><span style=\"color: #000080;\">Ilekro\u0107 u\u017cywam okre\u015blenia islamofaszyzm, rani\u0119 kilku osobom serca i wywo\u0142uj\u0119 oburzenie. Nie powinienem si\u0119 dziwi\u0107. Ludzie maj\u0105 zaufanie do medi\u00f3w i trudno im sobie wyobrazi\u0107 to, co jest starannie przed nimi ukrywane. Kurdyjski socjaldemokrata wyl\u0105dowa\u0142 kilka lat temu w Niemczech w g\u0142\u0119bokim przekonaniu, \u017ce tu znajdzie lewicowe \u015brodowisko walcz\u0105ce o lewicowe warto\u015bci. Zderzenie z dzisiejsz\u0105 zachodni\u0105 lewicow\u0105 mentalno\u015bci\u0105 by\u0142o bolesnym do\u015bwiadczeniem. Peshraw Mohammed\u00a0<a style=\"color: #000080;\" href=\"https:\/\/insights.telosinstitute.net\/p\/the-left-and-islamism-antisemitism\">opisuje<\/a>\u00a0sw\u00f3j szok, wskazuj\u0105c na zupe\u0142nie niepoj\u0119ty dla niego sojusz zachodniej lewicy z muzu\u0142ma\u0144sk\u0105 skrajn\u0105, faszystowsk\u0105 prawic\u0105.<\/span><\/div>\n<div>.<\/div>\n<div class=\"templateArticleBrodtext\">\n<blockquote>\n<p style=\"text-align: left;\"><strong>Kiedy pr\u00f3bowa\u0142em otwarcie przedstawi\u0107 swoje pogl\u0105dy na temat element\u00f3w faszystowskich w islamie i obecnego w nim antysemityzmu, nie tylko wielu nie chcia\u0142o tego s\u0142ucha\u0107, ale by\u0142em uwa\u017cany za kogo\u015b, kto albo nie nale\u017cy do lewicy (cz\u0119sto uwa\u017cano mnie za prawicowego ekstremist\u0119), albo kogo\u015b, kto nie rozumie islamu. Oczywiste by\u0142o, \u017ce nie na miejscu jest m\u00f3wienie o islamofaszyzmie. Ale nadszed\u0142 najwy\u017cszy czas, aby m\u00f3wi\u0107 o tej sprawie otwarcie i jednoznacznie.<\/strong><\/p>\n<\/blockquote>\n<p style=\"text-align: left;\"><span style=\"color: #000080;\">Kurdyjski badacz przypomina, \u017ce radykalni intelektuali\u015bci muzu\u0142ma\u0144scy byli zafascynowani faszyzmem co najmniej od 1935 roku, kiedy Hasan Al Bana, za\u0142o\u017cyciel Bractwa Muzu\u0142ma\u0144skiego, zapozna\u0142 si\u0119 z pismami Benito Mussoliniego. Co ciekawe, ta fascynacja by\u0142a wzajemna.\u00a0\u00a0<\/span><\/p>\n<p style=\"text-align: left;\">\n<span style=\"color: #000080;\">Julius Evola, w\u0142oski filozof, poeta i malarz, teoretyk faszyzmu, fetowany przez Himmlera, kt\u00f3ry do \u015bmierci w 1974 roku nie zmieni\u0142 swoich pogl\u0105d\u00f3w, po wojnie sze\u015bciodniowej w 1967 roku pisa\u0142:\u00a0<\/span><\/p>\n<blockquote>\n<p style=\"text-align: left;\"><strong>\u201eArabowie s\u0105 niew\u0105tpliwie wa\u017cnym narodem. Obecnie znajduj\u0105 si\u0119 w op\u0142akanym stanie. Arabski socjalizm im nie odpowiada. Globalny post\u0119p islamu nie zosta\u0142 jeszcze zatrzymany. Kiedy nadejdzie czas \u2014 a jestem pewien, \u017ce wkr\u00f3tce \u2014 b\u0119d\u0105 mogli przywr\u00f3ci\u0107 kalifat\u201d<\/strong><\/p>\n<\/blockquote>\n<p style=\"text-align: left;\"><span style=\"color: #000080;\">Nawiasem m\u00f3wi\u0105c (o czym Peshraw Mohammed nie wspomina), ponad dziesi\u0119\u0107 lat wcze\u015bniej, w 1956 roku Adolf Eichmann na\u00a0emigracji w\u00a0Argentynie, kierowa\u0142 swoje nadzieje raczej do\u00a0muzu\u0142man\u00f3w ni\u017c do\u00a0mieszka\u0144c\u00f3w Zachodu. Uwa\u017ca\u0142, \u017ce\u00a0to\u00a0muzu\u0142manie oceni\u0105 go\u00a0sprawiedliwie i\u00a0uznaj\u0105 szlachetno\u015b\u0107 jego plan\u00f3w ostatecznego rozwi\u0105zania kwestii \u017cydowskiej. Jak pisa\u0142:<\/span><\/p>\n<blockquote>\n<p style=\"text-align: left;\"><strong>\u201eWy, 360 milion\u00f3w mahometan, z\u00a0kt\u00f3rymi mam silny zwi\u0105zek wewn\u0119trzny od\u00a0dni mojej\u00a0wi\u0119zi z\u00a0waszym Wielkim Muftim Jerozolimy. Wy, kt\u00f3rzy\u00a0macie wi\u0119ksz\u0105 prawd\u0119 w\u00a0surach waszego Koranu, wzywam was, by\u015bcie mnie os\u0105dzili.\u201d<\/strong><\/p>\n<\/blockquote>\n<p style=\"text-align: left;\"><span style=\"color: #000080;\">W Islamskiej Republice Iranu intelektuali\u015bci r\u00f3wnie\u017c dzi\u015b uwa\u017caj\u0105 Evol\u0119 za wa\u017cnego filozofa. Skazany we Francji terrorysta Hezbollahu, Fouad Ali Saleh, kt\u00f3ry w po\u0142owie lat 80., by\u0142 odpowiedzialny za seri\u0119 atak\u00f3w na terenie Francji, podczas swojego procesu r\u00f3wnie\u017c cytowa\u0142 fragmenty dzie\u0142a Evoli\u00a0\u00a0<em>Revolt Against the Modern World<\/em>.<\/span><\/p>\n<p style=\"text-align: left;\">\n<span style=\"color: #000080;\">Na Zachodzie jest kilku badaczy, kt\u00f3rzy zajmuj\u0105 si\u0119 elementami faszystowskimi przeniesionymi do ideologii islamistycznej analizuj\u0105c polityczny islam jako nowoczesn\u0105 form\u0119 faszyzmu. Ameryka\u0144ski politolog Manfred Halpern by\u0142 jednym z pierwszych, kt\u00f3ry opisa\u0142 upolityczniony islam jako ruch faszystowski; w swoich prze\u0142omowych badaniach z 1963 r.\u00a0<em>The Politics of Social Change in the Middle East and North Africa\u00a0pisa\u0142\u00a0<\/em>o \u201eneo-islamskim totalitaryzmie\u201d.\u00a0Peshraw Mohammed wylicza tu r\u00f3wnie\u017c francuskiego marksist\u0119 Maxime Rodinsona, kt\u00f3ry opisa\u0142 ruchy islamskie, takie jak Bractwo Muzu\u0142ma\u0144skie, jako \u201epewien rodzaj archaicznego faszyzmu\u201d, kt\u00f3rego celem jest ustanowienie \u201epa\u0144stwa totalitarnego\u201d, w kt\u00f3rym \u201epolicja polityczna\u201d brutalnie egzekwuje porz\u0105dek moralny i spo\u0142eczny.<\/span><\/p>\n<blockquote>\n<p style=\"text-align: left;\"><strong>Bior\u0105c pod uwag\u0119 to t\u0142o, obecne zjawiska, takie jak ISIS, zdecydowanie zas\u0142uguj\u0105 na miano faszystowskich. Flagi talib\u00f3w i terroryst\u00f3w ISIS mo\u017cna by\u0142o r\u00f3wnie\u017c zobaczy\u0107 pod koniec 2023 r. na rzekomo propalesty\u0144skich demonstracjach w Essen i Hamburgu. \u015awieccy, liberalni i lewicowi emigranci z muzu\u0142ma\u0144skiego \u015bwiata od dawna ostrzegaj\u0105 niemieckie spo\u0142ecze\u0144stwo przed niebezpiecze\u0144stwami wzrostu islamizmu, ale s\u0105 ignorowani. Kiedy zwr\u00f3ci\u0142em uwag\u0119 na ten problem moim niemieckim lewicowym przyjacio\u0142om, szybko zosta\u0142em nazwany \u201eislamofobem\u201d, a w niekt\u00f3rych przypadkach rasist\u0105, wyst\u0119puj\u0105cym przeciwko muzu\u0142manom.<\/strong><\/p>\n<\/blockquote>\n<p style=\"text-align: left;\"><span style=\"color: #000080;\">Kurdyjski socjaldemokrata zastanawia si\u0119 nad paradoksem zaprzeczania przez znaczn\u0105 cz\u0119\u015b\u0107 zachodniej lewicy istnienia islamskiego faszyzmu i wszechobecnego w islamie antyjudaizmu. \u00a0<\/span><\/p>\n<blockquote>\n<p style=\"text-align: left;\"><strong>\u201eDoniesienia o antysemickich has\u0142ach na \u2018pro-palesty\u0144skich\u2019 demonstracjach w Europie nie s\u0105 zaskakuj\u0105ce z dw\u00f3ch powod\u00f3w: po pierwsze, ze wzgl\u0119du na stygmatyzacj\u0119 \u017byd\u00f3w w Koranie, przekazywan\u0105 od 1400 lat, a po drugie, ze wzgl\u0119du na wp\u0142yw wsp\u00f3\u0142czesnych ideologii na my\u015blicieli islamskich i \u015bwiat islamski.\u201d<\/strong><\/p>\n<\/blockquote>\n<p style=\"text-align: left;\"><span style=\"color: #000080;\">Peshraw Mohammed\u00a0 pisze, \u017ce za najwa\u017cniejszego nowo\u017cytnego anty\u017cydowskiego islamist\u0119 uwa\u017ca si\u0119 powszechnie Egipcjanina Sajjida Kutba (1906\u20131966), autora wp\u0142ywowego eseju z lat 50. zatytu\u0142owanego \u201eNasza walka z \u017bydami\u201d.\u00a0<\/span><\/p>\n<p style=\"text-align: left;\">\n<span style=\"color: #000080;\">Qutb jest uwa\u017cany za swego rodzaju g\u0142\u00f3wnego ideologa Bractwa Muzu\u0142ma\u0144skiego. Wydestylowa\u0142 specyficznie islamski antysemityzm z tradycji religijnej i zachodnich teorii spiskowych.<\/span><\/p>\n<p style=\"text-align: left;\">\n<span style=\"color: #000080;\">\u017bydzi, jak pisa\u0142 Kutb, rekrutuj\u0105 \u201es\u0142ugus\u00f3w\u201d, czyli wykszta\u0142conych na Zachodzie i zwesternizowanych muzu\u0142man\u00f3w lub \u201emuzu\u0142man\u00f3w pod wp\u0142ywem \u017byd\u00f3w\u201d, aby podkopa\u0107 islam i ducha walki muzu\u0142man\u00f3w.<\/span><\/p>\n<blockquote>\n<p style=\"text-align: left;\"><strong>Dlatego te\u017c nalega\u0142, aby muzu\u0142manie zawsze pami\u0119tali o nauce Koranu, \u017ce \u201enajgorszymi wrogami muzu\u0142man\u00f3w s\u0105 \u017bydzi\u201d i \u017ce \u201eB\u00f3g ich przekl\u0105\u0142\u201d. Przez stulecia B\u00f3g wysy\u0142a\u0142 \u201eswoje s\u0142ugi\u201d, aby ukara\u0107 \u017byd\u00f3w, wi\u0119c \u201esprawi\u0142, \u017ce Hitler b\u0119dzie nad nimi rz\u0105dzi\u0142\u201d. Kutb wierzy\u0142, \u017ce ich plan rozpocz\u0119cia \u201ewojny krzy\u017cowc\u00f3w-syjonist\u00f3w\u201d doprowadzi do tego, \u017ce Allah ponownie ich ukarze, niszcz\u0105c Izrael<\/strong>.<\/p>\n<\/blockquote>\n<p style=\"text-align: left;\"><span style=\"color: #000080;\">Kurdyjski autor nie porusza wp\u0142yw\u00f3w nazizmu na islam szyicki. Wszystkie milicje tworzone przez Islamsk\u0105 Republik\u0119 Iranu systematycznie pos\u0142uguj\u0105 si\u0119 nazistowskim salutem, odwo\u0142ania do Adolfa Hitlera spotykamy na ka\u017cdym kroku, Korpus Stra\u017cnik\u00f3w Rewolucji Islamskiej utworzony zosta\u0142 na wz\u00f3r SS. O jego pocz\u0105tkach\u00a0<a style=\"color: #000080;\" href=\"https:\/\/www.jpost.com\/mi\">opowiada\u0142 niedawno<\/a>\u00a0w wywiadzie dla \u201eJerusalem Post\u201d jego za\u0142o\u017cyciel Mohsen Sazegara, kt\u00f3ry popad\u0142 w nie\u0142ask\u0119 i od 20 lat przebywa na emigracji w USA. \u00a0\u00a0\u00a0\u00a0\u00a0\u00a0\u00a0<\/span><\/p>\n<p style=\"text-align: left;\">\n<span style=\"color: #000080;\">Sazegara m\u00f3wi: \u201eChocia\u017c wszystkie rewolucje s\u0105 z\u0142o\u017cone, t\u0119 w Iranie z 1979 r. cz\u0119sto przedstawia si\u0119 jako pewnego rodzaju rewolucj\u0119 klasy robotniczej \u2013 powstanie biednych przeciwko szachowi lub powstanie religijnych islamist\u00f3w przeciwko modernizacji i westernizacji.\u201d<\/span><\/p>\n<p style=\"text-align: left;\">\n<span style=\"color: #000080;\">Chomeiniego popiera\u0142a skrajna lewica (po zwyci\u0119stwie wymordowana) i skrajna prawica, pobo\u017cna wie\u015b i miejski proletariat. Przeciwna by\u0142a klasa \u015brednia. Korpus Stra\u017cnik\u00f3w Rewolucji Islamskiej powsta\u0142 jako przeciwwaga regularnej armii, bo nie ufano kadrze oficerskiej. Pierwszym zadaniem by\u0142 rozbrojenie ludu. Wszyscy musieli zda\u0107 bro\u0144. Jak m\u00f3wi Sazegara \u2013 IRGC by\u0142o \u201earmi\u0105 ludu\u201d.<\/span><\/p>\n<p style=\"text-align: left;\">\n<span style=\"color: #000080;\">W rzeczywisto\u015bci\u0105 by\u0142o pot\u0119\u017cnie uzbrojon\u0105 \u017candarmeri\u0105 z\u0142o\u017con\u0105 z fanatycznie oddanych rewolucji m\u0142odych ludzi indoktrynowanych do bezlitosnej walki z \u201ewrogami ludu i Allaha\u201d.<\/span><\/p>\n<p style=\"text-align: left;\">\n<span style=\"color: #000080;\">Sazegara daje do zrozumienia, \u017ce nadal jest wierny pierwotnym has\u0142om islamskiej rewolucji. Podkre\u015bla, \u017ce \u201eNasza idea Gwardii Rewolucyjnej nie by\u0142a ide\u0105 obecn\u0105\u201d. Kandydowa\u0142 na stanowisko prezydenta, a potem zosta\u0142 aresztowany. Trudno mie\u0107 do niego cie\u0144 zaufania, ale nadal to, co m\u00f3wi, jest interesuj\u0105ce:<\/span><\/p>\n<blockquote>\n<p style=\"text-align: left;\"><strong>\u201eTo jest teraz potw\u00f3r. IRGC nie jest zjednoczon\u0105 organizacj\u0105. Jest jak smok z siedmioma r\u00f3\u017cnymi g\u0142owami, kt\u00f3re s\u0105 niezale\u017cne od siebie. To jest armia, grupa terrorystyczna, machina t\u0142umienia [wszelkiego oporu], z wywiadem takim jak KGB, a jednocze\u015bnie jest jak zachodni kartel obejmuj\u0105cy setki firm i jak mafia, jest zamieszany w przemyt narkotyk\u00f3w, prowadzenie burdeli i dom\u00f3w hazardu. To zasadniczo r\u00f3\u017cni si\u0119 od pierwotnego pomys\u0142u\u201d.<\/strong><\/p>\n<\/blockquote>\n<p style=\"text-align: left;\"><span style=\"color: #000080;\">Zdaniem Sazegary \u00a0obecne przyw\u00f3dztwo Iranu \u201ejest teokracj\u0105, re\u017cimem totalitarnym, \u00a0dyktatur\u0105, ale g\u0142\u00f3wn\u0105 natur\u0105 tego re\u017cimu jest dzi\u015b kleptokracja\u201d. Szacuje, \u017ce nawet po\u0142owa ira\u0144skiej gospodarki mo\u017ce by\u0107 w jaki\u015b spos\u00f3b powi\u0105zana z osobistym maj\u0105tkiem obecnego Najwy\u017cszego Przyw\u00f3dcy Alego Chameneiego, czy to poprzez defraudacj\u0119, czy przyw\u0142aszczenie.<\/span><\/p>\n<p style=\"text-align: left;\">\n<span style=\"color: #000080;\">Sazegara nie m\u00f3wi o obecno\u015bci nazistowskiej ideologii w Iranie, ta jest jednak widoczna na ka\u017cdym kroku.\u00a0<em>Mein Kampf<\/em>\u00a0Hitlera widzimy w witrynach ksi\u0119gar\u0144, nazistowskie saluty s\u0105 obecne na defiladach, pochwa\u0142y nazizmu znajdujemy w tysi\u0105cach wpis\u00f3w w mediach spo\u0142eczno\u015bciowych, stylistyka karykatur w oczywisty spos\u00f3b nawi\u0105zuje do nazistowskiej tradycji, a eksterminacja \u017byd\u00f3w w Izraelu i wsz\u0119dzie indziej jest otwarcie prezentowanym, centralnym filarem ira\u0144skiej propagandy. \u00a0\u00a0\u00a0\u00a0\u00a0<\/span><\/p>\n<p style=\"text-align: left;\">\n<span style=\"color: #000080;\">Wr\u00f3\u0107my jednak do kurdyjskiego badacza, dla kt\u00f3rego szokiem by\u0142 nie tylko fakt sojuszu \u00a0zachodniej lewicy z islamofaszyzmem, ale r\u00f3wnie\u017c stanowcza odmowa zauwa\u017cenia islamskiego imperializmu.<\/span><\/p>\n<blockquote>\n<p style=\"text-align: left;\"><strong>\u201eBardziej ni\u017c kiedykolwiek lewicowcy, islam polityczny i intelektuali\u015bci postkolonialni po\u0142\u0105czyli si\u0142y w nie\u015bwi\u0119tym sojuszu. Nie rozumiej\u0105c historii ekspansjonizmu islamskiego, kolonializmu arabskiego i islamskiego antysemityzmu, cz\u0119\u015bci zachodniej lewicy zacz\u0119\u0142y postrzega\u0107 ka\u017cdy ruch kontruj\u0105cy Zach\u00f3d jako walk\u0119 z ameryka\u0144skim imperializmem\u201d \u2013 pisze Peshraw Mohammed.<\/strong><\/p>\n<\/blockquote>\n<p><span style=\"color: #000080;\">Postrzeganie Islamskiej Republiki Iranu, Hezbollahu, Huti, Hamasu jako cz\u0119\u015bci lewicy mo\u017ce szokowa\u0107, ale je\u015bli wrogiem jest zachodnia demokracja, a przede wszystkim Ameryka, to wszystko staje si\u0119 zrozumia\u0142e. Nawet kiedy Islamskie Pa\u0144stwo Iraku i Syrii atakowa\u0142o kurdyjskie miasto Kobane, znale\u017ali si\u0119 zachodni lewicowcy \u017c\u0105daj\u0105cy, aby ameryka\u0144skie i brytyjskie lotnictwo przesta\u0142o bombardowa\u0107 pozycje ISIS. Zachodnia lewica jest bardzo niech\u0119tna d\u0105\u017ceniu Kurd\u00f3w do niepodleg\u0142o\u015bci.<\/span><\/p>\n<p><span style=\"color: #000080;\">Pochodz\u0105cy z Iranu historyk kultury (profesor zwyczajny na Columbia University), Hamid Dabashi por\u00f3wnuje Kurd\u00f3w do \u017byd\u00f3w i widzi perspektyw\u0119 ustanowienia niepodleg\u0142ego Kurdystanu jako \u201edrugiego osadniczo-kolonialnego Izraela\u201d.<\/span><\/p>\n<blockquote>\n<p style=\"text-align: left;\"><strong>\u201eKoncentracja du\u017cej cz\u0119\u015bci lewicy na Stanach Zjednoczonych przy jednoczesnej oboj\u0119tno\u015bci na imperializm rosyjski, chi\u0144ski, ira\u0144ski lub turecki doprowadzi\u0142a do powa\u017cnych b\u0142\u0119dnych os\u0105d\u00f3w politycznych. Obejmuje to ide\u0119, \u017ce ka\u017cda forma zachodniej my\u015bli, sztuki lub literatury jest cz\u0119\u015bci\u0105 projektu kolonialnego \u2013 komentuje Peshraw Mohammed. [\u2026]<\/strong><\/p>\n<p style=\"text-align: left;\">\n<strong>Dlaczego europejska lewica bezwarunkowo popiera palesty\u0144ski ruch islamistyczny, ale znacznie mniej Kurd\u00f3w, mimo \u017ce ruch kurdyjski jest \u015bwiecki, lewicowy, liberalny, feministyczny i socjaldemokratyczny, a tak\u017ce wykazuje najmniejszy wp\u0142yw islamizmu? Troch\u0119 czasu zaj\u0119\u0142o mi zrozumienie odpowiedzi: selektywno\u015b\u0107 lewicy i antysemityzm s\u0105 nierozerwalnie ze sob\u0105 powi\u0105zane.\u201d<\/strong><\/p>\n<\/blockquote>\n<p style=\"text-align: left;\"><span style=\"color: #000080;\">Dabashi postrzega ustanowienie niepodleg\u0142ego Kurdystanu jako katastrof\u0119 dla Bliskiego Wschodu, r\u00f3wnocze\u015bnie widzi ustanowienie pa\u0144stwa palesty\u0144skiego i rozpad Izraela jako drog\u0119 do pokoju. Takie stanowisko podziela dzi\u015b r\u00f3wnie\u017c bardzo wielu lewicowc\u00f3w, kt\u00f3rzy nie pochodz\u0105 z muzu\u0142ma\u0144skiego \u015bwiata. Ci ludzie nies\u0142ychanie wzmocnili polityczny islam i wsparli imperialne ambicje islamist\u00f3w. \u00a0\u00a0<\/span><\/p>\n<p style=\"text-align: left;\">\n<span style=\"color: #000080;\">Ko\u0144cz\u0105c sw\u00f3j artyku\u0142 Peshraw Mohammed stwierdza, \u017ce stanowisko w \u201ekwestii \u017cydowskiej\u201d, cho\u0107 samo w sobie nie ma pierwszorz\u0119dnego znaczenia, sta\u0142o si\u0119 wska\u017anikiem przynale\u017cno\u015bci do wi\u0119kszego ruchu politycznego, przekona\u0144 politycznych i og\u00f3lnych wybor\u00f3w kulturowych.<\/span><\/p>\n<p style=\"text-align: left;\">\n<span style=\"color: #000080;\">Kurdyjski autor chcia\u0142by, \u017ceby zachodnia lewica wreszcie si\u0119 otrz\u0105sn\u0119\u0142a. Chwilowo nic takiego przebudzenia nie zapowiada. Wr\u0119cz przeciwnie.<\/span><\/p>\n<\/div>\n<hr style=\"height: 15px; background: #d0e6fa; width: 100%;\" \/>\n<div id=\"content\" class=\"content-alignment\">\n<div id=\"watch-description\" class=\"yt-uix-button-panel\">\n<div id=\"watch-description-text\" style=\"text-align: center;\">\n<p><em>Zawarto\u015b\u0107 publikowanych artyku\u0142\u00f3w i materia\u0142\u00f3w nie reprezentuje pogl\u0105d\u00f3w ani opinii Reunion&#8217;68,<\/em><em><br \/>\nani te\u017c webmastera Blogu Reunion&#8217;68, chyba ze jest to wyra\u017anie zaznaczone.<br \/>\nTwoje uwagi, linki, w\u0142asne artyku\u0142y lub wiadomo\u015bci prze\u015blij na adres:<br \/>\n<\/em><span style=\"color: #000080;\"><strong><em><a style=\"color: #000080;\" href=\"mailto:webmaster@reunion68.com\"><span style=\"text-decoration: underline;\">webmaster@reunion68.com<\/span><\/a><\/em><\/strong><\/span><\/p>\n<\/div>\n<\/div>\n<\/div>\n<hr style=\"width: 100%;\" \/>\n","protected":false},"excerpt":{"rendered":"<p>Sklep w Iraku. \u0179r\u00f3d\u0142o: Nioh Berg Nie\u015bwi\u0119ty sojusz lewicy z faszyzmem Andrzej Koraszewski Ilekro\u0107 u\u017cywam okre\u015blenia islamofaszyzm, rani\u0119 kilku osobom serca i wywo\u0142uj\u0119 oburzenie. Nie powinienem si\u0119 dziwi\u0107. Ludzie maj\u0105 zaufanie do medi\u00f3w i trudno im sobie wyobrazi\u0107 to, co jest starannie przed nimi ukrywane. Kurdyjski socjaldemokrata wyl\u0105dowa\u0142 kilka lat temu w Niemczech w g\u0142\u0119bokim [&hellip;]<\/p>\n","protected":false},"author":1,"featured_media":0,"comment_status":"closed","ping_status":"closed","sticky":false,"template":"","format":"standard","meta":[],"categories":[6],"tags":[26,24],"_links":{"self":[{"href":"https:\/\/www.reunion68.se\/index.php?rest_route=\/wp\/v2\/posts\/115302"}],"collection":[{"href":"https:\/\/www.reunion68.se\/index.php?rest_route=\/wp\/v2\/posts"}],"about":[{"href":"https:\/\/www.reunion68.se\/index.php?rest_route=\/wp\/v2\/types\/post"}],"author":[{"embeddable":true,"href":"https:\/\/www.reunion68.se\/index.php?rest_route=\/wp\/v2\/users\/1"}],"replies":[{"embeddable":true,"href":"https:\/\/www.reunion68.se\/index.php?rest_route=%2Fwp%2Fv2%2Fcomments&post=115302"}],"version-history":[{"count":5,"href":"https:\/\/www.reunion68.se\/index.php?rest_route=\/wp\/v2\/posts\/115302\/revisions"}],"predecessor-version":[{"id":115311,"href":"https:\/\/www.reunion68.se\/index.php?rest_route=\/wp\/v2\/posts\/115302\/revisions\/115311"}],"wp:attachment":[{"href":"https:\/\/www.reunion68.se\/index.php?rest_route=%2Fwp%2Fv2%2Fmedia&parent=115302"}],"wp:term":[{"taxonomy":"category","embeddable":true,"href":"https:\/\/www.reunion68.se\/index.php?rest_route=%2Fwp%2Fv2%2Fcategories&post=115302"},{"taxonomy":"post_tag","embeddable":true,"href":"https:\/\/www.reunion68.se\/index.php?rest_route=%2Fwp%2Fv2%2Ftags&post=115302"}],"curies":[{"name":"wp","href":"https:\/\/api.w.org\/{rel}","templated":true}]}}