{"id":115323,"date":"2024-08-27T17:09:39","date_gmt":"2024-08-27T15:09:39","guid":{"rendered":"http:\/\/www.reunion68.se\/?p=115323"},"modified":"2024-08-27T14:34:59","modified_gmt":"2024-08-27T12:34:59","slug":"30-09-84","status":"publish","type":"post","link":"https:\/\/www.reunion68.se\/?p=115323","title":{"rendered":"&#8220;Politycy&#8221; i terrory\u015bci Hamasu: nie ma mi\u0119dzy nimi r\u00f3\u017cnicy"},"content":{"rendered":"<p style=\"text-align: center;\"><img decoding=\"async\" class=\"aligncenter\" src=\"https:\/\/www.gatestoneinstitute.org\/pics\/4949.jpg\" width=\"100%\"><span style=\"color: #808080;\"><em>Wspierana przez Iran palesty\u0144ska grupa terrorystyczna Hamas wybra\u0142a arcyterroryst\u0119 Jahj\u0119 Sinwara, pomys\u0142odawc\u0119 okrucie\u0144stw z 7 pa\u017adziernika 2023 r. przeciwko tysi\u0105com Izraelczyk\u00f3w, na przewodnicz\u0105cego swojego &#8220;biura politycznego&#8221;. Teraz, gdy Sinwar do\u0142\u0105czy\u0142 do wewn\u0119trznego kr\u0119gu &#8220;politycznych&#8221; postaci Hamasu, mo\u017cna rozs\u0105dnie przypuszcza\u0107, \u017ce on r\u00f3wnie\u017c zostanie nazwany przez zachodnie media &#8220;umiarkowanym&#8221; i &#8220;pragmatycznym&#8221;. Na zdj\u0119ciu: Sinwar \u015bciska d\u0142o\u0144 zamaskowanego cz\u0142onka Brygad Al-Kassam Hamasu w mie\u015bcie Gaza 14 grudnia 2022 r. (Zdj\u0119cie: Mohammed Abed\/AFP via Getty Images)<\/em><\/span><\/p>\n<hr>\n<h5 style=\"text-align: center;\"><a href=\"https:\/\/pl.gatestoneinstitute.org\/\" target=\"_blank\" rel=\"noopener noreferrer\"><img decoding=\"async\" class=\"center alignleft\" src=\"https:\/\/pl.gatestoneinstitute.org\/images\/gatestone-logo-1000.gif\" alt=\"\" width=\"50%\"><\/a><span style=\"text-decoration: underline; color: #000080;\"><span><strong><a style=\"color: #000080; text-decoration: underline;\" href=\"https:\/\/pl.gatestoneinstitute.org\/20901\/politycy-i-terrorysci-hamasu\" target=\"_blank\" rel=\"noopener noreferrer\">&#8220;Politycy&#8221; i terrory\u015bci Hamasu: nie ma mi\u0119dzy nimi r\u00f3\u017cnicy<\/a><\/strong><\/span><\/span><\/h5>\n<p style=\"text-align: center;\"><span style=\"color: #000000;\"><strong>Bassam Tawil<br \/>\n<\/strong><span style=\"color: #808080;\"><em>T\u0142umaczenie: <\/em><\/span><strong>Ma\u0142gorzata Koraszewska<\/strong><\/span><\/p>\n<hr style=\"height: 15px; background: #d0e6fa; width: 100%;\">\n<p><span style=\"color: #000080;\">Wspierana przez Iran palesty\u0144ska grupa terrorystyczna Hamas&nbsp;<a style=\"color: #000080;\" href=\"https:\/\/www.aljazeera.com\/news\/2024\/8\/6\/who-is-yahya-sinwar-ismail-haniyehs-successor-as-hamas-chief\" target=\"_blank\" rel=\"noopener noreferrer\">wybra\u0142a<\/a>&nbsp;arcyterroryst\u0119 Jahj\u0119 Sinwara, pomys\u0142odawc\u0119 okrucie\u0144stw z 7 pa\u017adziernika 2023 r. wobec tysi\u0119cy Izraelczyk\u00f3w, na przewodnicz\u0105cego swojego &#8220;biura politycznego&#8221;. Sinwar, kt\u00f3ry ukrywa\u0142 si\u0119 w Strefie Gazy od czasu ataku przeprowadzonego przez Hamas, przejmie obowi\u0105zki po Ismailu Hanijji, by\u0142ym przewodnicz\u0105cym &#8220;biura politycznego&#8221; grupy, kt\u00f3ry zosta\u0142 zabity w stolicy Iranu, Teheranie, 31 lipca.<\/span><\/p>\n<p><span style=\"color: #000080;\">Fakt, \u017ce Sinwar zosta\u0142 wybrany, pokazuje, \u017ce polityczne i wojskowe ga\u0142\u0119zie Hamasu s\u0105 jedno\u015bci\u0105. Pokazuje r\u00f3wnie\u017c, \u017ce je\u015bli chodzi o islamistyczne organizacje terrorystyczne, nie ma r\u00f3\u017cnicy mi\u0119dzy przyw\u00f3dc\u0105 politycznym a wojskowym. Wybieraj\u0105c Sinwara na swojego &#8220;politycznego&#8221; przyw\u00f3dc\u0119, sam Hamas stwierdza, \u017ce nie rozr\u00f3\u017cnia polityka od terrorysty.<\/span><\/p>\n<p><span style=\"color: #000080;\">Czy kto\u015b kiedykolwiek rozwa\u017ca\u0142 nazwanie Osamy bin Ladena i Abu Bakra al-Bagdadiego, przyw\u00f3dc\u00f3w Al-Kaidy i Pa\u0144stwa Islamskiego (ISIS), &#8220;politycznymi liderami&#8221; tych organizacji?<\/span><\/p>\n<p><span style=\"color: #000080;\">Opr\u00f3cz Hanijji, &#8220;biuro polityczne&#8221; Hamasu sk\u0142ada si\u0119 z kilku postaci, takich jak Chalil al-Hajja, Chaled Maszaal, Musa Abu Marzouk, Ghazi Hamad i Taher al-Nunu, kt\u00f3rzy od dawna&nbsp;<a style=\"color: #000080;\" href=\"https:\/\/www.memri.org\/reports\/hamas-leader-ismail-haniyeh-calls-palestinians-jordan-syria-lebanon-and-elsewhere-mobilize\" target=\"_blank\" rel=\"noopener noreferrer\">opowiadaj\u0105 si\u0119<\/a>&nbsp;za zbrojn\u0105 walk\u0105 z Izraelem i gloryfikuj\u0105 akty terroryzmu przeciwko Izraelczykom.<\/span><\/p>\n<p><span style=\"color: #000080;\">W dniu ataku Hamasu na spo\u0142eczno\u015bci izraelskie, przyw\u00f3dcy ci odprawili specjaln\u0105&nbsp;<a style=\"color: #000080;\" href=\"https:\/\/www.wionews.com\/world\/ismail-haniyeh-assassinated-a-video-of-hamas-leader-watching-oct-7-attacks-on-israel-resurfces-745823\" target=\"_blank\" rel=\"noopener noreferrer\">modlitw\u0119<\/a>&nbsp;w biurze Hanijji w Doha w Katarze, \u017ceby podzi\u0119kowa\u0107 Bogu za zbrodnie pope\u0142nione przez ich terroryst\u00f3w i tysi\u0105ce &#8220;zwyk\u0142ych Palesty\u0144czyk\u00f3w&#8221;. Zbrodnie te doprowadzi\u0142y do zamordowania 1200 Izraelczyk\u00f3w i porwania ponad 240 innych do Strefy Gazy. Podczas ataku Izraelczycy i przebywaj\u0105cy tam cudzoziemcy byli \u015bcinani, gwa\u0142ceni, maltretowani seksualnie, paleni \u017cywcem i porwani.<\/span><\/p>\n<p><span style=\"color: #000080;\">Co wi\u0119cej, &#8220;polityczni&#8221; przyw\u00f3dcy Hamasu grozili ze swoich bezpiecznych willi i biur w Katarze, \u017ce planuj\u0105 kolejne okrucie\u0144stwa wobec Izraelczyk\u00f3w, i dodali, \u017ce ich ostatecznym celem jest zniszczenie Izraela. Jeden z nich, Ghazi Hamad,&nbsp;<a style=\"color: #000080;\" href=\"https:\/\/www.memri.org\/reports\/hamas-official-ghazi-hamad-we-will-repeat-october-7-attack-time-and-again-until-israel\" target=\"_blank\" rel=\"noopener noreferrer\">powiedzia\u0142<\/a>&nbsp;w wywiadzie dla liba\u0144skiej telewizji LBC, \u017ce Hamas jest gotowy powtarza\u0107 masakry z 7 pa\u017adziernika raz za razem, a\u017c Izrael zostanie unicestwiony:<\/span><\/p>\n<blockquote>\n<p style=\"text-align: left;\"><strong>&#8220;Izrael to kraj, dla kt\u00f3rego nie ma miejsca na naszej ziemi. Musimy usun\u0105\u0107 ten kraj&#8230; Potop Al-Aksa [nazwa, kt\u00f3r\u0105 Hamas nada\u0142 temu atakowi] to tylko pierwszy raz, a b\u0119dzie drugi, trzeci, czwarty&#8230; Czy b\u0119dziemy musieli zap\u0142aci\u0107 cen\u0119? Tak, i jeste\u015bmy gotowi j\u0105 zap\u0142aci\u0107. &#8230; wszystko, co robimy, jest uzasadnione&#8230;&#8221;<\/strong><\/p>\n<\/blockquote>\n<p style=\"text-align: left;\"><span style=\"color: #000080;\">Na kilka tygodni przed zamachem na Hanijj\u0119&nbsp;<a style=\"color: #000080;\" href=\"https:\/\/www.memri.org\/reports\/hamas-leader-ismail-haniyeh-calls-palestinians-jordan-syria-lebanon-and-elsewhere-mobilize\" target=\"_blank\" rel=\"noopener noreferrer\">wezwa\u0142<\/a>&nbsp;on Palesty\u0144czyk\u00f3w w Jordanii, Syrii, Libanie i gdzie indziej do mobilizacji i eskalacji konfrontacji z Izraelem:<\/span><\/p>\n<blockquote>\n<p style=\"text-align: left;\"><strong>&#8220;Musimy powsta\u0107 w obliczu [izraelskiego] wroga. Wolny nar\u00f3d palesty\u0144ski powinien zmobilizowa\u0107 si\u0119 na wszystkich frontach \u2013 w Jordanii, Syrii i Libanie&#8230; Musz\u0105 zaostrzy\u0107 starcia&#8230; aby zrealizowa\u0107 nasz plan wyzwolenia i powrotu uchod\u017ac\u00f3w&#8230; Musimy by\u0107 razem w tym i sta\u0107 jak jeden m\u0105\u017c, aby pokona\u0107 wroga. Musimy zewrze\u0107 szeregi razem z Gaz\u0105 i we wszystkich naszych miastach i wioskach na Zachodnim Brzegu oraz na okupowanych ziemiach wewn\u0105trz [Izraela]&#8221;.<\/strong><\/p>\n<\/blockquote>\n<p style=\"text-align: left;\"><span style=\"color: #000080;\">Kiedy Hamas m\u00f3wi o &#8220;wyzwoleniu&#8221;, ma na my\u015bli sw\u00f3j deklarowany cel wyeliminowania Izraela i zast\u0105pienia go pa\u0144stwem islamistycznym, co potwierdza w swojej&nbsp;<a style=\"color: #000080;\" href=\"https:\/\/avalon.law.yale.edu\/20th_century\/hamas.asp\" target=\"_blank\" rel=\"noopener noreferrer\">Karcie<\/a>:<\/span><\/p>\n<blockquote>\n<p style=\"text-align: left;\"><strong>&#8220;Izrael b\u0119dzie istnia\u0142, a\u017c Islam go unicestwi, tak jak unicestwi\u0142 innych przed nim&#8221;.<\/strong><\/p>\n<\/blockquote>\n<p style=\"text-align: left;\"><span style=\"color: #000080;\"><a style=\"color: #000080;\" href=\"https:\/\/avalon.law.yale.edu\/20th_century\/hamas.asp\" target=\"_blank\" rel=\"noopener noreferrer\">Karta<\/a>&nbsp;przypomina r\u00f3wnie\u017c muzu\u0142manom o znanym islamskim&nbsp;<a style=\"color: #000080;\" href=\"https:\/\/alsalafiyyah.github.io\/hadith-on-stones-will-speak\" target=\"_blank\" rel=\"noopener noreferrer\">hadisie<\/a>:<\/span><\/p>\n<blockquote>\n<p style=\"text-align: left;\"><strong>&#8220;Dzie\u0144 S\u0105du [Ostatecznego] nie nadejdzie, dop\u00f3ki muzu\u0142manie nie zaczn\u0105 walczy\u0107 z \u017bydami, kiedy to \u017bydzi b\u0119d\u0105 si\u0119 chowa\u0107 za kamieniami i drzewami. Kamienie i drzewa powiedz\u0105: O muzu\u0142manie, o Abdullahu, za mn\u0105 jest \u017byd, przyjd\u017a i zabij go&#8221;.<\/strong><\/p>\n<\/blockquote>\n<p style=\"text-align: left;\"><span style=\"color: #000080;\">Prosz\u0119 zauwa\u017cy\u0107 s\u0142owo \u017bydzi, nie Izraelczycy. W tej chwili mordowani s\u0105 r\u00f3wnie\u017c inni niemuzu\u0142manie, tacy jak&nbsp;<a style=\"color: #000080;\" href=\"https:\/\/www.vaticannews.va\/en\/church\/news\/2023-04\/over-50000-christians-killed-in-nigeria-by-islamist-extremists.html\" target=\"_blank\" rel=\"noopener noreferrer\">chrze\u015bcijanie w Nigerii<\/a>&nbsp;i innych cz\u0119\u015bciach Afryki oraz&nbsp;<a style=\"color: #000080;\" href=\"https:\/\/www.hrw.org\/report\/2024\/05\/09\/massalit-will-not-come-home\/ethnic-cleansing-and-crimes-against-humanity-el\" target=\"_blank\" rel=\"noopener noreferrer\">Masalici w Sudanie<\/a>.<\/span><\/p>\n<p style=\"text-align: left;\"><span style=\"color: #000080;\">&#8220;Powr\u00f3t uchod\u017ac\u00f3w&#8221; odnosi si\u0119 do palesty\u0144skiego \u017c\u0105dania, aby zala\u0107 Izrael milionami Palesty\u0144czyk\u00f3w w nadziei, \u017ce przekszta\u0142ci go to w kolejne pa\u0144stwo arabskie, w kt\u00f3rym kilku \u017byd\u00f3w mog\u0142oby \u017cy\u0107 jako &#8220;<a style=\"color: #000080;\" href=\"https:\/\/www.nytimes.com\/1986\/06\/15\/books\/the-rise-of-dhimmi.html\" target=\"_blank\" rel=\"noopener noreferrer\">tolerowana<\/a>&#8221; mniejszo\u015b\u0107.<\/span><\/p>\n<p style=\"text-align: left;\"><span style=\"color: #000080;\">Inny &#8220;polityczny&#8221; przyw\u00f3dca Hamasu, Chaled Maszaal,&nbsp;<a style=\"color: #000080;\" href=\"https:\/\/www.timesofisrael.com\/hamas-bigwig-rejects-2-state-solution-says-oct-7-revived-dream-to-free-palestine\/\" target=\"_blank\" rel=\"noopener noreferrer\">powiedzia\u0142<\/a>&nbsp;wcze\u015bniej w tym roku, \u017ce atak jego grupy na Izrael o\u017cywi\u0142 marzenie o zniszczeniu Izraela i &#8220;udowodni\u0142, \u017ce wyzwolenie Palestyny od rzeki [Jordan] do morza [\u015ar\u00f3dziemnego] jest realistycznym pomys\u0142em&#8221;. Zauwa\u017cy\u0142, \u017ce w\u015br\u00f3d Palesty\u0144czyk\u00f3w panuje &#8220;prawie jednomy\u015blno\u015b\u0107&#8221;, \u017ce nie zrezygnuj\u0105 ze swoich praw do ziemi rozci\u0105gaj\u0105cej si\u0119 &#8220;od rzeki Jordan do Morza \u015ar\u00f3dziemnego&#8221;.<\/span><\/p>\n<p style=\"text-align: left;\"><span style=\"color: #000080;\">Ostra retoryka i gro\u017aby zlikwidowania Izraela przez &#8220;politycznych&#8221; lider\u00f3w Hamasu nie powstrzyma\u0142y niekt\u00f3rych zachodnich medi\u00f3w przed&nbsp;<a style=\"color: #000080;\" href=\"https:\/\/www.newsweek.com\/ismail-haniyeh-hamas-moderate-iran-israel-palestine-1932708\" target=\"_blank\" rel=\"noopener noreferrer\">opisaniem<\/a>&nbsp;Hanijji jako &#8220;bardzo umiarkowanego lidera&#8221;. Agencja Reuters opisa\u0142a Haniyeha jako cz\u0142owieka o &#8220;twardej mowie&#8221;, kt\u00f3ry jednak pokazuje &#8220;bardziej umiarkowan\u0105 twarz Hamasu&#8221;, podczas gdy Sky News&nbsp;<a style=\"color: #000080;\" href=\"https:\/\/news.sky.com\/story\/ismail-haniyeh-was-the-pragmatic-face-of-hamas-his-death-is-a-major-blow-for-the-group-13187796\" target=\"_blank\" rel=\"noopener noreferrer\">nazwa\u0142a<\/a>&nbsp;go &#8220;pragmatyczn\u0105 twarz\u0105 Hamasu&#8221;.<\/span><\/p>\n<p style=\"text-align: left;\"><span style=\"color: #000080;\">W odpowiedzi Elon Levy, by\u0142y rzecznik izraelskiego rz\u0105du i by\u0142y doradca prezydenta Izraela ds. medi\u00f3w mi\u0119dzynarodowych,&nbsp;<a style=\"color: #000080;\" href=\"https:\/\/x.com\/EylonALevy\/status\/1818538008213144061\" target=\"_blank\" rel=\"noopener noreferrer\">zapyta\u0142<\/a>:<\/span><\/p>\n<blockquote>\n<p style=\"text-align: left;\"><strong>&#8220;Czym jest &#8216;bardzo umiarkowany przyw\u00f3dca&#8217; islamistycznego d\u017cihadystycznego kultu \u015bmierci, kt\u00f3ry 7 pa\u017adziernika dokona\u0142 najkrwawszego zamachu terrorystycznego od 11 wrze\u015bnia?&#8221;<\/strong><\/p>\n<\/blockquote>\n<p style=\"text-align: left;\"><span style=\"color: #000080;\">&#8220;Dla BBC Ismail Hanijja by\u0142 &#8216;umiarkowany i pragmatyczny&#8217;; dla reszty z nas by\u0142 potworem&#8221; \u2013&nbsp;<a style=\"color: #000080;\" href=\"https:\/\/www.thejc.com\/lets-talk\/for-the-bbc-haniyeh-was-moderate-and-pragmatic-j3if0gqh\" target=\"_blank\" rel=\"noopener noreferrer\">skomentowa\u0142<\/a>&nbsp;brytyjski autor i dziennikarz Stephen Pollard. Zwr\u00f3ci\u0142 uwag\u0119, \u017ce Hanijja nagra\u0142 nast\u0119puj\u0105c\u0105 wiadomo\u015b\u0107 do Palesty\u0144czyk\u00f3w ze swojego luksusowego domu w Katarze: &#8220;Potrzebujemy krwi kobiet, dzieci i starc\u00f3w z Gazy&#8230; aby obudzi\u0107 naszego ducha rewolucji&#8221;.<\/span><\/p>\n<p style=\"text-align: left;\"><span style=\"color: #000080;\">Pollard&nbsp;<a style=\"color: #000080;\" href=\"https:\/\/www.thejc.com\/lets-talk\/for-the-bbc-haniyeh-was-moderate-and-pragmatic-j3if0gqh\" target=\"_blank\" rel=\"noopener noreferrer\">doda\u0142<\/a>&nbsp;:<\/span><\/p>\n<blockquote>\n<p style=\"text-align: left;\"><strong>&#8220;Hanijja by\u0142 rzeczywi\u015bcie &#8216;umiarkowany&#8217;. Ca\u0142kowita liczba \u017byd\u00f3w zamordowanych przez Hamas nie zbli\u017ca si\u0119 do sze\u015bciu milion\u00f3w. Nie \u017ceby Hanijja uwa\u017ca\u0142 to za co\u015b innego ni\u017c rozczarowanie, bior\u0105c pod uwag\u0119, \u017ce przewodzi\u0142 organizacji, kt\u00f3rej celem by\u0142o wymazanie ka\u017cdego \u017byda z powierzchni ziemi.<\/strong><\/p>\n<p style=\"text-align: left;\"><strong>Je\u015bli chodzi o &#8216;pragmatyzm&#8217;: c\u00f3\u017c, by\u0142 gotowy pozwoli\u0107 innym do\u0142\u0105czy\u0107 do Hamasu w mordowaniu \u017byd\u00f3w. 7 pa\u017adziernika uczestniczy\u0142y w tym co najmniej cztery inne islamistyczne grupy terrorystyczne. Brawo dla Hanijji za to, \u017ce nie zachowa\u0142 ca\u0142ej chwa\u0142y dla Hamasu. To w\u0142a\u015bciwy pragmatyzm dla dobra sprawy&#8221;.<\/strong><\/p>\n<\/blockquote>\n<p style=\"text-align: left;\"><span style=\"color: #000080;\">Teraz, gdy Sinwar do\u0142\u0105czy\u0142 do wewn\u0119trznego kr\u0119gu postaci &#8220;politycznych&#8221; Hamasu, mo\u017cna za\u0142o\u017cy\u0107, \u017ce on r\u00f3wnie\u017c zostanie okre\u015blony przez zachodnie media jako &#8220;umiarkowany&#8221; i &#8220;pragmatyczny&#8221; przyw\u00f3dca palesty\u0144ski.<\/span><\/p>\n<p style=\"text-align: left;\"><span style=\"color: #000080;\">Co dalej? Czy administracja Bidena i inne zachodnie rz\u0105dy pospiesz\u0105 teraz, aby om\u00f3wi\u0107 z nowo wybranym palesty\u0144skim przyw\u00f3dc\u0105 i masowym morderc\u0105 utworzenie niepodleg\u0142ego pa\u0144stwa palesty\u0144skiego, kt\u00f3re zostanie wykorzystane przez re\u017cim ira\u0144ski i jego terrorystycznych pe\u0142nomocnik\u00f3w, w tym Hamas, do zniszczenia Izraela?<\/span><\/p>\n<hr style=\"height: 15px; background: #d0e6fa; width: 100%;\">\n<div id=\"content\" class=\"content-alignment\">\n<div id=\"watch-description\" class=\"yt-uix-button-panel\">\n<div id=\"watch-description-text\" style=\"text-align: center;\">\n<p><em>Zawarto\u015b\u0107 publikowanych artyku\u0142\u00f3w i materia\u0142\u00f3w nie reprezentuje pogl\u0105d\u00f3w ani opinii Reunion&#8217;68,<\/em><em><br \/>\nani te\u017c webmastera Blogu Reunion&#8217;68, chyba ze jest to wyra\u017anie zaznaczone.<br \/>\nTwoje uwagi, linki, w\u0142asne artyku\u0142y lub wiadomo\u015bci prze\u015blij na adres:<br \/>\n<\/em><span style=\"color: #000080;\"><strong><em><a style=\"color: #000080;\" href=\"mailto:webmaster@reunion68.com\"><span style=\"text-decoration: underline;\">webmaster@reunion68.com<\/span><\/a><\/em><\/strong><\/span><\/p>\n<\/div>\n<\/div>\n<\/div>\n<hr style=\"width: 100%;\">\n","protected":false},"excerpt":{"rendered":"<p>Wspierana przez Iran palesty\u0144ska grupa terrorystyczna Hamas wybra\u0142a arcyterroryst\u0119 Jahj\u0119 Sinwara, pomys\u0142odawc\u0119 okrucie\u0144stw z 7 pa\u017adziernika 2023 r. przeciwko tysi\u0105com Izraelczyk\u00f3w, na przewodnicz\u0105cego swojego &#8220;biura politycznego&#8221;. Teraz, gdy Sinwar do\u0142\u0105czy\u0142 do wewn\u0119trznego kr\u0119gu &#8220;politycznych&#8221; postaci Hamasu, mo\u017cna rozs\u0105dnie przypuszcza\u0107, \u017ce on r\u00f3wnie\u017c zostanie nazwany przez zachodnie media &#8220;umiarkowanym&#8221; i &#8220;pragmatycznym&#8221;. Na zdj\u0119ciu: Sinwar \u015bciska d\u0142o\u0144 [&hellip;]<\/p>\n","protected":false},"author":1,"featured_media":0,"comment_status":"closed","ping_status":"closed","sticky":false,"template":"","format":"standard","meta":[],"categories":[6],"tags":[26,24],"_links":{"self":[{"href":"https:\/\/www.reunion68.se\/index.php?rest_route=\/wp\/v2\/posts\/115323"}],"collection":[{"href":"https:\/\/www.reunion68.se\/index.php?rest_route=\/wp\/v2\/posts"}],"about":[{"href":"https:\/\/www.reunion68.se\/index.php?rest_route=\/wp\/v2\/types\/post"}],"author":[{"embeddable":true,"href":"https:\/\/www.reunion68.se\/index.php?rest_route=\/wp\/v2\/users\/1"}],"replies":[{"embeddable":true,"href":"https:\/\/www.reunion68.se\/index.php?rest_route=%2Fwp%2Fv2%2Fcomments&post=115323"}],"version-history":[{"count":4,"href":"https:\/\/www.reunion68.se\/index.php?rest_route=\/wp\/v2\/posts\/115323\/revisions"}],"predecessor-version":[{"id":115332,"href":"https:\/\/www.reunion68.se\/index.php?rest_route=\/wp\/v2\/posts\/115323\/revisions\/115332"}],"wp:attachment":[{"href":"https:\/\/www.reunion68.se\/index.php?rest_route=%2Fwp%2Fv2%2Fmedia&parent=115323"}],"wp:term":[{"taxonomy":"category","embeddable":true,"href":"https:\/\/www.reunion68.se\/index.php?rest_route=%2Fwp%2Fv2%2Fcategories&post=115323"},{"taxonomy":"post_tag","embeddable":true,"href":"https:\/\/www.reunion68.se\/index.php?rest_route=%2Fwp%2Fv2%2Ftags&post=115323"}],"curies":[{"name":"wp","href":"https:\/\/api.w.org\/{rel}","templated":true}]}}