{"id":115325,"date":"2024-08-27T17:05:20","date_gmt":"2024-08-27T15:05:20","guid":{"rendered":"http:\/\/www.reunion68.se\/?p=115325"},"modified":"2024-08-27T14:52:49","modified_gmt":"2024-08-27T12:52:49","slug":"30-05-92","status":"publish","type":"post","link":"https:\/\/www.reunion68.se\/?p=115325","title":{"rendered":"Antisemitic Incidents in France Up 200% This Year, Interior Minister Warns After Attempted Synagogue Arson"},"content":{"rendered":"<h5 style=\"text-align: center;\"><a href=\"https:\/\/www.algemeiner.com\/\" target=\"_blank\" rel=\"noopener noreferrer\"><img decoding=\"async\" class=\"center alignleft\" src=\"http:\/\/www.reunion68.com\/Biuletyn\/img\/algem.png\" alt=\"\" width=\"35%\" \/><\/a><span style=\"text-decoration: underline; color: #000080;\"><span><strong><a style=\"color: #000080; text-decoration: underline;\" href=\"https:\/\/www.algemeiner.com\/2024\/08\/26\/antisemitic-incidents-france-up-200-this-year-interior-minister-warns-attempted-synagogue-arson\/\" target=\"_blank\" rel=\"noopener noreferrer\">Antisemitic Incidents in France Up 200% This Year, Interior Minister Warns After Attempted Synagogue Arson<\/a><\/strong><\/span><\/span><\/h5>\n<p style=\"text-align: center;\"><span style=\"color: #000000;\"><strong>Algemeiner Staff<\/strong><\/span><\/p>\n<hr style=\"height: 15px; background: #d0e6fa; width: 100%;\" \/>\n<p style=\"text-align: center;\"><img decoding=\"async\" class=\"aligncenter\" src=\"https:\/\/www.algemeiner.com\/wp-content\/uploads\/2024\/08\/2024-08-24T164809Z_1650876611_RC2GM9A39BHQ_RTRMADP_3_FRANCE-SECURITY1.jpg\" width=\"100%\" \/><span style=\"color: #808080;\"><em>French Interior Minister Gerald Darmanin stands outside the city\u2019s synagogue, after cars were set on fire in front of the synagogue, in La Grande-Motte, France, Aug. 24, 2024. Photo: REUTERS\/Manon Cruz<\/em><\/span><\/p>\n<p style=\"text-align: left;\"><span style=\"color: #000080;\">There has been a \u201cvery significant increase\u201d in\u00a0<a style=\"color: #000080;\" href=\"https:\/\/www.algemeiner.com\/2023\/11\/29\/antisemitic-discrimination-painful-daily-reality-jews-france-newspaper-investigation-reveals\/\" target=\"_blank\" rel=\"noopener noreferrer\">antisemitic acts in France<\/a>\u00a0this year, according to outgoing French Interior Minister G\u00e9rald Darmanin, who on Sunday warned incidents targeting the country\u2019s Jewish community spiked by about 200 percent since Jan. 1.<\/span><\/p>\n<p style=\"text-align: left;\"><span style=\"color: #000080;\">Darmanin revealed the troubling surge in antisemitism one day after French police arrested a 33-year-old Algerian man suspected of trying to set a synagogue ablaze in the southern French city of la Grande-Motte.<\/span><\/p>\n<p style=\"text-align: left;\"><span style=\"color: #000080;\">The attacker had\u00a0<a style=\"color: #000080;\" href=\"https:\/\/www.algemeiner.com\/2024\/08\/25\/french-police-arrest-man-suspected-of-attempted-arson-against-synagogue\/\" target=\"_blank\" rel=\"noopener noreferrer\">set fire to several entry doors<\/a>\u00a0to the synagogue and cars nearby. One of the cars contained a gas canister that exploded, injuring a policeman who was securing the site. The rabbi and his family were inside the synagogue at the time of the attack but were unharmed.<\/span><\/p>\n<p style=\"text-align: left;\"><span style=\"color: #000080;\">\u201cDeliberately setting fire to a synagogue where the rabbi and his family live while waiting with an axe \u2026 is an antisemitic act, and it must be denounced as such,\u201d Darmanin said of the incident on French television, according to Euronews.<\/span><\/p>\n<p style=\"text-align: left;\"><span style=\"color: #000080;\">On Sunday, Darmanin continued to denounce what he described as a \u201cvile antisemitic act\u201d and the increase in anti-Jewish crimes across France more broadly.<\/span><\/p>\n<p style=\"text-align: left;\"><span style=\"color: #000080;\">\u201cTwo-thirds of anti-religious acts \u2026 are against Jews,\u201d the interior minister added, according to French broadcaster BFM TV.<\/span><\/p>\n<p style=\"text-align: left;\"><span style=\"color: #000080;\">Darmanin\u2019s comments came after he stated earlier this month that\u00a0<a style=\"color: #000080;\" href=\"https:\/\/www.algemeiner.com\/2024\/08\/12\/antisemitic-incidents-france-have-tripled-since-last-fall-interior-minister-warns\/\" target=\"_blank\" rel=\"noopener noreferrer\">antisemitic acts in France have tripled<\/a>\u00a0over the last year. In the first half of 2024, 887 such incidents were recorded, almost triple the 304 recorded in the same period last year, he said.<\/span><\/p>\n<p style=\"text-align: left;\"><span style=\"color: #000080;\">France has experienced a\u00a0<a style=\"color: #000080;\" href=\"https:\/\/www.algemeiner.com\/2023\/11\/29\/antisemitic-discrimination-painful-daily-reality-jews-france-newspaper-investigation-reveals\/\" target=\"_blank\" rel=\"noopener noreferrer\">record surge of antisemitism<\/a>\u00a0in the wake of the Palestinian terrorist group Hamas\u2019s Oct. 7 massacre across southern Israel, amid the ensuing war in Gaza. Antisemitic outrages\u00a0<a style=\"color: #000080;\" href=\"https:\/\/www.algemeiner.com\/2024\/03\/06\/french-cops-arrest-assailant-who-beat-abused-jewish-man-he-left-paris-synagogue\/\" target=\"_blank\" rel=\"noopener noreferrer\">rose by over 1,000 percent<\/a>\u00a0in the final three months of 2023 compared with the previous year, with over 1,200 incidents reported \u2014 greater than the total number of incidents in France for the previous three years combined.<\/span><\/p>\n<p style=\"text-align: left;\"><span style=\"color: #000080;\">Amid the wave of attacks, France held\u00a0<a style=\"color: #000080;\" href=\"https:\/\/www.algemeiner.com\/2024\/07\/08\/french-jews-sound-alarm-following-far-left-surge-elections-france-israel-relations-expected-plummet\/\" target=\"_blank\" rel=\"noopener noreferrer\">snap parliamentary elections<\/a>\u00a0last month which brought an anti-Israel leftist coalition to power, leading French Jews to express deep apprehension about their future status in the country.<\/span><\/p>\n<p style=\"text-align: left;\"><span style=\"color: #000080;\">\u201cIt seems France has no future for Jews,\u201d Rabbi Moshe Sebbag of Paris\u2019 Grand Synagogue told the\u00a0<em>Times of Israel<\/em>\u00a0following the ascension of the New Popular Front, a coalition of far-left parties. \u201cWe fear for the future of our children.\u201d<\/span><\/p>\n<p style=\"text-align: left;\"><span style=\"color: #000080;\">The largest member of the NFP is the far-left\u00a0<a style=\"color: #000080;\" href=\"https:\/\/www.algemeiner.com\/2024\/01\/03\/far-left-french-mp-hit-complaint-tweet-suggesting-global-jewish-conspiracy\/\" target=\"_blank\" rel=\"noopener noreferrer\">La France Insoumise<\/a>\u00a0(\u201cFrance Unbowed\u201d) party, whose leader, Jean-Luc Melenchon, has been lambasted by French Jews as a threat to their community as well as those who support Israel. Melenchon has a long history of pushing anti-Israel policies and, according to Jewish leaders, of making antisemitic comments \u2014 such as suggesting that Jews killed Jesus, echoing a false claim that was used to justify antisemitic violence and discrimination throughout the Middle Ages in Europe.<\/span><\/p>\n<p style=\"text-align: left;\"><span style=\"color: #000080;\">Darmanin appeared to call out the hard left for fostering a hostile environment for Jews during his remarks on Sunday.<\/span><\/p>\n<p style=\"text-align: left;\"><span style=\"color: #000080;\">\u201cThere is hateful political speech against the Jews of France and it must be denounced,\u201d he said, according to France Info. \u201cWe can clearly see that part of the left, unfortunately, is making this speech of encouragement of hatred toward our Jewish compatriots.\u201d<\/span><\/p>\n<p style=\"text-align: left;\"><span style=\"color: #000080;\">Shortly after the NFP\u2019s victory, Melenchon \u2014 who in a 2017 speech referred to the French Jewish community as \u201can arrogant minority that lectures to the rest\u201d \u2014 called for France to recognize a Palestinian state. Supporters of the hard-left coalition, which includes socialist and communist parties, poured into the streets of Paris waving Palestinian flags. French flags were largely absent from the celebrations.<\/span><\/p>\n<p style=\"text-align: left;\"><span style=\"color: #000080;\">Yonathan Arfi, president of the Representative Council of Jewish Institutions of France (CRIF), lambasted Melenchon for denouncing an \u201cintolerable crime\u201d without mentioning antisemitism while condemning Saturday\u2019s attack on the synagogue.<\/span><\/p>\n<p style=\"text-align: left;\"><span style=\"color: #000080;\">\u201cI do not believe in the sincerity of Jean-Luc Melenchon when he condemns this antisemitic act,\u201d Arfi told the French broadcaster RMC on Monday, referring to the far-left leader as a \u201cfirefighter-arsonist\u201d who incites hatred against Jews.<\/span><\/p>\n<p style=\"text-align: left;\"><span style=\"color: #000080;\">In the wake of the Hamas atrocities of Oct. 7, Melenchon and his party\u00a0<a style=\"color: #000080;\" href=\"https:\/\/www.algemeiner.com\/2023\/10\/09\/you-disgust-me-main-french-far-left-party-excoriated-for-response-to-hamas-invasion-of-israel\/\" target=\"_blank\" rel=\"noopener noreferrer\">issued a statement<\/a>\u00a0declaring the attacks \u201can armed offensive of Palestinian forces\u201d as a result of continued Israeli \u201coccupation.\u201d Melenchon also failed to condemn a deputy who\u00a0<a style=\"color: #000080;\" href=\"https:\/\/x.com\/SudRadio\/status\/1714172342421602780\" target=\"_blank\" rel=\"noopener noreferrer\">called<\/a>\u00a0Hamas a \u201cresistance movement.\u201d<\/span><\/p>\n<p style=\"text-align: left;\"><span style=\"color: #000080;\">Arfi referred to the synagogue attack over the weekend as a \u201csymbol of the antisemitism which has struck French society\u201d since October.<\/span><\/p>\n<p style=\"text-align: left;\"><span style=\"color: #000080;\">\u201cIt must be seen as such, as a tragic illustration of the new face that antisemitism has taken on in recent months,\u201d he added. \u201cIt misappropriates the Palestinian cause to designate Jews as legitimate targets. French Jews are today attacked in the name of the Israeli-Palestinian conflict, in the name of Gaza, by guilty shortcuts but also by a certain number of actors who fan this fire, in particular the political leaders of La France Insoumise who have contributed to the fact that today, these issues are inflammable. This unfortunately results in the fact that Jews are attacked.\u201d<\/span><\/p>\n<p style=\"text-align: left;\"><span style=\"color: #000080;\">Arfi and Darmanin\u2019s comments came about a month after an\u00a0<a style=\"color: #000080;\" href=\"https:\/\/www.algemeiner.com\/2024\/07\/04\/dirty-jew-this-is-what-you-deserve-elderly-french-jewish-woman-assaulted-paris-suburb\/\" target=\"_blank\" rel=\"noopener noreferrer\">elderly Jewish woman was attacked<\/a>\u00a0in a Paris suburb by two assailants who punched her in the face, pushed her to the ground, and kicked her while hurling antisemitic slurs, including \u201cdirty Jew, this is what you deserve.\u201d<\/span><\/p>\n<p style=\"text-align: left;\"><span style=\"color: #000080;\">In another egregious attack that garnered international headlines, a\u00a0<a style=\"color: #000080;\" href=\"https:\/\/www.algemeiner.com\/2024\/06\/19\/french-president-denounces-scourge-antisemitism-after-12-year-old-jewish-girl-raped\/\" target=\"_blank\" rel=\"noopener noreferrer\">12-year-old Jewish girl was raped<\/a>\u00a0by three Muslim boys in a different Paris suburb on June 15. The child told investigators that the assailants called her a \u201cdirty Jew\u201d and hurled other antisemitic comments at her during the attack. In response to the incident, French President Emmanuel Macron denounced the \u201cscourge of antisemitism\u201d plaguing his country.<\/span><\/p>\n<p style=\"text-align: left;\"><span style=\"color: #000080;\">Around the same time in June, an Israeli family visiting Paris was\u00a0<a style=\"color: #000080;\" href=\"https:\/\/www.algemeiner.com\/2024\/06\/25\/paris-hotel-refuses-serve-israeli-family-antisemitism-continues-spiral-france\/\" target=\"_blank\" rel=\"noopener noreferrer\">denied service at a hotel<\/a>\u00a0after an attendant noticed their Israeli passports.<\/span><\/p>\n<p style=\"text-align: left;\"><span style=\"color: #000080;\">In May, French\u00a0police\u00a0shot dead a knife-wielding\u00a0Algerian\u00a0man\u00a0who\u00a0<a style=\"color: #000080;\" href=\"https:\/\/www.algemeiner.com\/2024\/05\/17\/french-police-kill-algerian-who-set-fire-rouen-synagogue\/\" target=\"_blank\" rel=\"noopener noreferrer\">set\u00a0fire\u00a0to a\u00a0synagogue\u00a0<\/a>and threatened\u00a0law enforcement in the city of\u00a0Rouen.<\/span><\/p>\n<p style=\"text-align: left;\"><span style=\"color: #000080;\">One month earlier, a Jewish woman was\u00a0<a style=\"color: #000080;\" href=\"https:\/\/www.algemeiner.com\/2024\/04\/23\/france-man-suspected-of-abducting-raping-jewish-woman-to-avenge-palestine\/\" target=\"_blank\" rel=\"noopener noreferrer\">beaten and raped<\/a>\u00a0in a suburb of Paris as \u201cvengeance for Palestine.\u201d<\/span><\/p>\n<hr style=\"height: 15px; background: #d0e6fa; width: 100%;\" \/>\n<div id=\"content\" class=\"content-alignment\">\n<div id=\"watch-description\" class=\"yt-uix-button-panel\">\n<div id=\"watch-description-text\" style=\"text-align: center;\">\n<p><em>Zawarto\u015b\u0107 publikowanych artyku\u0142\u00f3w i materia\u0142\u00f3w nie reprezentuje pogl\u0105d\u00f3w ani opinii Reunion&#8217;68,<\/em><em><br \/>\nani te\u017c webmastera Blogu Reunion&#8217;68, chyba ze jest to wyra\u017anie zaznaczone.<br \/>\nTwoje uwagi, linki, w\u0142asne artyku\u0142y lub wiadomo\u015bci prze\u015blij na adres:<br \/>\n<\/em><span style=\"color: #000080;\"><strong><em><a style=\"color: #000080;\" href=\"mailto:webmaster@reunion68.com\"><span style=\"text-decoration: underline;\">webmaster@reunion68.com<\/span><\/a><\/em><\/strong><\/span><\/p>\n<\/div>\n<\/div>\n<\/div>\n<hr style=\"width: 100%;\" \/>\n","protected":false},"excerpt":{"rendered":"<p>Antisemitic Incidents in France Up 200% This Year, Interior Minister Warns After Attempted Synagogue Arson Algemeiner Staff French Interior Minister Gerald Darmanin stands outside the city\u2019s synagogue, after cars were set on fire in front of the synagogue, in La Grande-Motte, France, Aug. 24, 2024. Photo: REUTERS\/Manon Cruz There has been a \u201cvery significant increase\u201d [&hellip;]<\/p>\n","protected":false},"author":1,"featured_media":0,"comment_status":"closed","ping_status":"closed","sticky":false,"template":"","format":"standard","meta":[],"categories":[6],"tags":[26,24],"_links":{"self":[{"href":"https:\/\/www.reunion68.se\/index.php?rest_route=\/wp\/v2\/posts\/115325"}],"collection":[{"href":"https:\/\/www.reunion68.se\/index.php?rest_route=\/wp\/v2\/posts"}],"about":[{"href":"https:\/\/www.reunion68.se\/index.php?rest_route=\/wp\/v2\/types\/post"}],"author":[{"embeddable":true,"href":"https:\/\/www.reunion68.se\/index.php?rest_route=\/wp\/v2\/users\/1"}],"replies":[{"embeddable":true,"href":"https:\/\/www.reunion68.se\/index.php?rest_route=%2Fwp%2Fv2%2Fcomments&post=115325"}],"version-history":[{"count":5,"href":"https:\/\/www.reunion68.se\/index.php?rest_route=\/wp\/v2\/posts\/115325\/revisions"}],"predecessor-version":[{"id":115342,"href":"https:\/\/www.reunion68.se\/index.php?rest_route=\/wp\/v2\/posts\/115325\/revisions\/115342"}],"wp:attachment":[{"href":"https:\/\/www.reunion68.se\/index.php?rest_route=%2Fwp%2Fv2%2Fmedia&parent=115325"}],"wp:term":[{"taxonomy":"category","embeddable":true,"href":"https:\/\/www.reunion68.se\/index.php?rest_route=%2Fwp%2Fv2%2Fcategories&post=115325"},{"taxonomy":"post_tag","embeddable":true,"href":"https:\/\/www.reunion68.se\/index.php?rest_route=%2Fwp%2Fv2%2Ftags&post=115325"}],"curies":[{"name":"wp","href":"https:\/\/api.w.org\/{rel}","templated":true}]}}